{"id":244318,"date":"2025-08-24T15:33:25","date_gmt":"2025-08-24T19:33:25","guid":{"rendered":"https:\/\/www.manaus.am.gov.br\/semcom\/visita-area-atingida-incendio-morro-da-liberdade\/"},"modified":"2025-08-24T15:33:25","modified_gmt":"2025-08-24T19:33:25","slug":"visita-area-atingida-incendio-morro-da-liberdade","status":"publish","type":"post","link":"https:\/\/www.manaus.am.gov.br\/semcom\/visita-area-atingida-incendio-morro-da-liberdade\/","title":{"rendered":"Prefeito David Almeida visita \u00e1rea atingida por inc\u00eandio no Morro da Liberdade e aciona programa \u2018Casa Manauara\u2019 para reparos"},"content":{"rendered":"\n<p>O prefeito de Manaus, David Almeida, acompanhado do vice-prefeito Renato Junior e do secret\u00e1rio-executivo de Prote\u00e7\u00e3o e Defesa Civil de Manaus, coronel Lima J\u00fanior, esteve, na manh\u00e3 deste domingo, 24\/8, na avenida S\u00e3o Pedro, no bairro Morro da Liberdade, zona Sul, para verificar de perto a situa\u00e7\u00e3o das fam\u00edlias afetadas pelo inc\u00eandio registrado no local neste s\u00e1bado, 23\/8.<\/p>\n\n\n\n<p>De acordo com informa\u00e7\u00f5es da Defesa Civil, o fogo atingiu uma vila de quitinetes e destruiu seis unidades de madeira, deixando outras resid\u00eancias vizinhas com danos parciais. N\u00e3o houve v\u00edtimas fatais. Tr\u00eas pessoas receberam atendimento por inala\u00e7\u00e3o de fuma\u00e7a e passam bem.<\/p>\n\n\n\n<p>No local, o prefeito reafirmou o compromisso da gest\u00e3o em garantir dignidade \u00e0s fam\u00edlias. \u201cEstive aqui hoje para ver de perto a situa\u00e7\u00e3o e prestar solidariedade \u00e0s fam\u00edlias do Morro da Liberdade. Determinei que, al\u00e9m do apoio emergencial que j\u00e1 est\u00e1 sendo feito, a prefeitura entre com o programa \u2018Casa Manauara\u2019 para realizar os reparos e reformas necess\u00e1rios, garantindo que essas pessoas n\u00e3o fiquem desamparadas\u201d, destacou.<\/p>\n\n\n\n<p>Desde ontem, as equipes da prefeitura prestam suporte emergencial por meio da Secretaria Municipal da Mulher, Assist\u00eancia Social e Cidadania (Semasc) e da Defesa Civil de Manaus, com o cadastro das fam\u00edlias, entrega de cestas b\u00e1sicas, kits de higiene, colch\u00f5es e len\u00e7\u00f3is, al\u00e9m de inscri\u00e7\u00e3o para o Aux\u00edlio Aluguel \u00e0s fam\u00edlias diretamente afetadas.<\/p>\n\n\n\n<p>O vice-prefeito Renato Junior destacou a import\u00e2ncia da atua\u00e7\u00e3o imediata da prefeitura diante do inc\u00eandio. \u201cD\u00f3i ver o Morro da Liberdade passando por isso. Fam\u00edlias perderam casas, mem\u00f3rias, um peda\u00e7o de vida. A Prefeitura de Manaus est\u00e1 mobilizada e \u00e0 disposi\u00e7\u00e3o para contribuir com o que for preciso, acompanhando cada passo para garantir seguran\u00e7a, reconstru\u00e7\u00e3o e dignidade. Ningu\u00e9m ficar\u00e1 para tr\u00e1s\u201d, afirmou.<\/p>\n\n\n\n<p>A Defesa Civil tamb\u00e9m orientou os moradores sobre a formaliza\u00e7\u00e3o de Boletim de Ocorr\u00eancia e solicita\u00e7\u00e3o de vistoria t\u00e9cnica para avalia\u00e7\u00e3o estrutural dos im\u00f3veis pr\u00f3ximos, que apresentaram rachaduras e danos em forros.<\/p>\n\n\n\n<p>\u201cHoje, estou muito feliz e emocionada. Receber o apoio emergencial com colch\u00e3o, cesta b\u00e1sica e kits de higiene j\u00e1 foi uma grande ajuda, mas saber que na segunda-feira, dia 25, vou receber um fog\u00e3o e uma geladeira novos \u00e9 uma b\u00ean\u00e7\u00e3o. S\u00f3 tenho a agradecer \u00e0 prefeitura pelo cuidado e aten\u00e7\u00e3o com a gente\u201d, disse Maria Cruz, uma das inquilinas beneficiadas.<\/p>\n\n\n\n<p><strong>Programa \u2018Casa Manauara\u2019<\/strong><\/p>\n\n\n\n<p>O programa \u201cCasa Manauara\u201d \u00e9 uma iniciativa da Prefeitura de Manaus, coordenada pela Secretaria Municipal de Habita\u00e7\u00e3o e Assuntos Fundi\u00e1rios (Semhaf), que visa promover a dignidade e melhorar a qualidade de vida de fam\u00edlias de baixa renda por meio da realiza\u00e7\u00e3o de reformas habitacionais.<\/p>\n\n\n\n<p>Lan\u00e7ado em 2023, o programa tem como objetivo revitalizar resid\u00eancias em condi\u00e7\u00f5es prec\u00e1rias, oferecendo melhorias estruturais como substitui\u00e7\u00e3o de telhado, forro, pintura, revestimentos, al\u00e9m de ajustes nas redes el\u00e9trica e hidr\u00e1ulica. Cada reforma pode alcan\u00e7ar at\u00e9 R$ 27 mil por im\u00f3vel, sendo que os beneficiados pagam apenas 10% desse valor, podendo parcelar o restante em at\u00e9 60 vezes com car\u00eancia de seis meses. A sele\u00e7\u00e3o das fam\u00edlias \u00e9 realizada por meio de levantamentos socioecon\u00f4micos em bairros em processo de regulariza\u00e7\u00e3o fundi\u00e1ria, como Col\u00f4nia Ant\u00f4nio Aleixo, Puraquequara e Zumbi dos Palmares.&nbsp;&nbsp;<\/p>\n\n\n\n<p>At\u00e9 junho deste ano, mais de 400 fam\u00edlias j\u00e1 foram beneficiadas pelo programa, com reformas realizadas em bairros como Col\u00f4nia Ant\u00f4nio Aleixo, Puraquequara, Zumbi dos Palmares, Morro da Liberdade, Rio Piorini e S\u00e3o Jos\u00e9.<\/p>\n\n\n\n<p>A meta da Prefeitura de Manaus \u00e9 reformar 4 mil casas at\u00e9 dezembro de 2028, com foco em fam\u00edlias de baixa renda, idosos, Pessoas com Defici\u00eancia (PcDs), m\u00e3es solo e moradores de \u00e1reas com alta vulnerabilidade social. O programa representa um dos maiores investimentos em habita\u00e7\u00e3o da gest\u00e3o municipal, consolidando-se como uma pol\u00edtica p\u00fablica integrada de moradia digna, alinhada a outras a\u00e7\u00f5es como o programa \u201cManaus Legal\u201d de regulariza\u00e7\u00e3o fundi\u00e1ria e o \u201cMinha Casa, Minha Vida\u201d.<\/p>\n\n\n\n<figure class=\"wp-block-image size-large\"><img loading=\"lazy\" decoding=\"async\" width=\"1024\" height=\"683\" src=\"https:\/\/www.manaus.am.gov.br\/semcom\/wp-content\/uploads\/sites\/5\/2025\/08\/54741901921_b13660ff65_k-1024x683.jpg\" alt=\"\" class=\"wp-image-244320\" srcset=\"https:\/\/www.manaus.am.gov.br\/semcom\/wp-content\/uploads\/sites\/5\/2025\/08\/54741901921_b13660ff65_k-1024x683.jpg 1024w, https:\/\/www.manaus.am.gov.br\/semcom\/wp-content\/uploads\/sites\/5\/2025\/08\/54741901921_b13660ff65_k-300x200.jpg 300w, https:\/\/www.manaus.am.gov.br\/semcom\/wp-content\/uploads\/sites\/5\/2025\/08\/54741901921_b13660ff65_k-768x512.jpg 768w, https:\/\/www.manaus.am.gov.br\/semcom\/wp-content\/uploads\/sites\/5\/2025\/08\/54741901921_b13660ff65_k-1536x1024.jpg 1536w, https:\/\/www.manaus.am.gov.br\/semcom\/wp-content\/uploads\/sites\/5\/2025\/08\/54741901921_b13660ff65_k.jpg 2048w\" sizes=\"(max-width: 1024px) 100vw, 1024px\" \/><\/figure>\n\n\n\n<p>&#8212; &#8212; &#8212;<\/p>\n\n\n\n<p><strong>Texto &#8211; <\/strong>Emanuelle Baires\/Semcom-Prefeito<\/p>\n\n\n\n<p><strong>Fotos &#8211;<\/strong> Antonio Pereira\/Semcom-Prefeito <\/p>\n\n\n\n<p><strong>Dispon\u00edveis em &#8211; <\/strong><a href=\"https:\/\/flic.kr\/s\/aHBqjCrRkN\">https:\/\/flic.kr\/s\/aHBqjCrRkN<\/a><\/p>\n","protected":false},"excerpt":{"rendered":"","protected":false},"author":39,"featured_media":244319,"comment_status":"closed","ping_status":"closed","sticky":false,"template":"","format":"standard","meta":{"footnotes":""},"categories":[41],"tags":[16473,5496,35,77,15094,611],"acf":[],"yoast_head":"<!-- This site is optimized with the Yoast SEO plugin v23.0 - https:\/\/yoast.com\/wordpress\/plugins\/seo\/ -->\n<title>Prefeito visita \u00e1rea atingida por inc\u00eandio no Morro da Liberdade<\/title>\n<meta name=\"description\" content=\"Prefeito David Almeida visita \u00e1rea atingida por inc\u00eandio no Morro da Liberdade e aciona programa \u2018Casa Manauara\u2019 para reparos.\" \/>\n<meta name=\"robots\" content=\"index, follow, max-snippet:-1, max-image-preview:large, max-video-preview:-1\" \/>\n<link rel=\"canonical\" href=\"https:\/\/www.manaus.am.gov.br\/semcom\/visita-area-atingida-incendio-morro-da-liberdade\/\" \/>\n<meta property=\"og:locale\" content=\"pt_BR\" \/>\n<meta property=\"og:type\" content=\"article\" \/>\n<meta property=\"og:title\" content=\"Prefeito visita \u00e1rea atingida por inc\u00eandio no Morro da Liberdade\" \/>\n<meta property=\"og:description\" content=\"Prefeito David Almeida visita \u00e1rea atingida por inc\u00eandio no Morro da Liberdade e aciona programa \u2018Casa Manauara\u2019 para reparos.\" \/>\n<meta property=\"og:url\" content=\"https:\/\/www.manaus.am.gov.br\/semcom\/visita-area-atingida-incendio-morro-da-liberdade\/\" \/>\n<meta property=\"og:site_name\" content=\"SEMCOM\" \/>\n<meta property=\"article:published_time\" content=\"2025-08-24T19:33:25+00:00\" \/>\n<meta property=\"og:image\" content=\"https:\/\/www.manaus.am.gov.br\/semcom\/wp-content\/uploads\/sites\/5\/2025\/08\/54742258200_1a46ef44b7_k.jpg\" \/>\n\t<meta property=\"og:image:width\" content=\"2048\" \/>\n\t<meta property=\"og:image:height\" content=\"1365\" \/>\n\t<meta property=\"og:image:type\" content=\"image\/jpeg\" \/>\n<meta name=\"author\" content=\"Bruna Greco\" \/>\n<meta name=\"twitter:card\" content=\"summary_large_image\" \/>\n<meta name=\"twitter:label1\" content=\"Written by\" \/>\n\t<meta name=\"twitter:data1\" content=\"Bruna Greco\" \/>\n\t<meta name=\"twitter:label2\" content=\"Est. reading time\" \/>\n\t<meta name=\"twitter:data2\" content=\"4 minutos\" \/>\n<script type=\"application\/ld+json\" class=\"yoast-schema-graph\">{\"@context\":\"https:\/\/schema.org\",\"@graph\":[{\"@type\":\"WebPage\",\"@id\":\"https:\/\/www.manaus.am.gov.br\/semcom\/visita-area-atingida-incendio-morro-da-liberdade\/\",\"url\":\"https:\/\/www.manaus.am.gov.br\/semcom\/visita-area-atingida-incendio-morro-da-liberdade\/\",\"name\":\"Prefeito visita \u00e1rea atingida por inc\u00eandio no Morro da Liberdade\",\"isPartOf\":{\"@id\":\"https:\/\/www.manaus.am.gov.br\/semcom\/#website\"},\"primaryImageOfPage\":{\"@id\":\"https:\/\/www.manaus.am.gov.br\/semcom\/visita-area-atingida-incendio-morro-da-liberdade\/#primaryimage\"},\"image\":{\"@id\":\"https:\/\/www.manaus.am.gov.br\/semcom\/visita-area-atingida-incendio-morro-da-liberdade\/#primaryimage\"},\"thumbnailUrl\":\"https:\/\/www.manaus.am.gov.br\/semcom\/wp-content\/uploads\/sites\/5\/2025\/08\/54742258200_1a46ef44b7_k.jpg\",\"datePublished\":\"2025-08-24T19:33:25+00:00\",\"dateModified\":\"2025-08-24T19:33:25+00:00\",\"author\":{\"@id\":\"https:\/\/www.manaus.am.gov.br\/semcom\/#\/schema\/person\/05d223aea2bf115f9883a6ff3683d81b\"},\"description\":\"Prefeito David Almeida visita \u00e1rea atingida por inc\u00eandio no Morro da Liberdade e aciona programa \u2018Casa Manauara\u2019 para reparos.\",\"inLanguage\":\"pt-BR\",\"potentialAction\":[{\"@type\":\"ReadAction\",\"target\":[\"https:\/\/www.manaus.am.gov.br\/semcom\/visita-area-atingida-incendio-morro-da-liberdade\/\"]}]},{\"@type\":\"ImageObject\",\"inLanguage\":\"pt-BR\",\"@id\":\"https:\/\/www.manaus.am.gov.br\/semcom\/visita-area-atingida-incendio-morro-da-liberdade\/#primaryimage\",\"url\":\"https:\/\/www.manaus.am.gov.br\/semcom\/wp-content\/uploads\/sites\/5\/2025\/08\/54742258200_1a46ef44b7_k.jpg\",\"contentUrl\":\"https:\/\/www.manaus.am.gov.br\/semcom\/wp-content\/uploads\/sites\/5\/2025\/08\/54742258200_1a46ef44b7_k.jpg\",\"width\":2048,\"height\":1365,\"caption\":\"#paratodosverem - Prefeito de Manaus, David Almeida, e vice-prefeito Renato Junior, acompanhando \u00e1rea atingida por inc\u00eandio no bairro Morro da Liberdade\"},{\"@type\":\"WebSite\",\"@id\":\"https:\/\/www.manaus.am.gov.br\/semcom\/#website\",\"url\":\"https:\/\/www.manaus.am.gov.br\/semcom\/\",\"name\":\"SEMCOM\",\"description\":\"Secretaria Municipal de Comunica\u00e7\u00e3o\",\"potentialAction\":[{\"@type\":\"SearchAction\",\"target\":{\"@type\":\"EntryPoint\",\"urlTemplate\":\"https:\/\/www.manaus.am.gov.br\/semcom\/?s={search_term_string}\"},\"query-input\":\"required name=search_term_string\"}],\"inLanguage\":\"pt-BR\"},{\"@type\":\"Person\",\"@id\":\"https:\/\/www.manaus.am.gov.br\/semcom\/#\/schema\/person\/05d223aea2bf115f9883a6ff3683d81b\",\"name\":\"Bruna Greco\",\"image\":{\"@type\":\"ImageObject\",\"inLanguage\":\"pt-BR\",\"@id\":\"https:\/\/www.manaus.am.gov.br\/semcom\/#\/schema\/person\/image\/\",\"url\":\"https:\/\/secure.gravatar.com\/avatar\/9c877d1a6adc2a055330e5c09a8653ce?s=96&d=mm&r=g\",\"contentUrl\":\"https:\/\/secure.gravatar.com\/avatar\/9c877d1a6adc2a055330e5c09a8653ce?s=96&d=mm&r=g\",\"caption\":\"Bruna Greco\"}}]}<\/script>\n<!-- \/ Yoast SEO plugin. -->","yoast_head_json":{"title":"Prefeito visita \u00e1rea atingida por inc\u00eandio no Morro da Liberdade","description":"Prefeito David Almeida visita \u00e1rea atingida por inc\u00eandio no Morro da Liberdade e aciona programa \u2018Casa Manauara\u2019 para reparos.","robots":{"index":"index","follow":"follow","max-snippet":"max-snippet:-1","max-image-preview":"max-image-preview:large","max-video-preview":"max-video-preview:-1"},"canonical":"https:\/\/www.manaus.am.gov.br\/semcom\/visita-area-atingida-incendio-morro-da-liberdade\/","og_locale":"pt_BR","og_type":"article","og_title":"Prefeito visita \u00e1rea atingida por inc\u00eandio no Morro da Liberdade","og_description":"Prefeito David Almeida visita \u00e1rea atingida por inc\u00eandio no Morro da Liberdade e aciona programa \u2018Casa Manauara\u2019 para reparos.","og_url":"https:\/\/www.manaus.am.gov.br\/semcom\/visita-area-atingida-incendio-morro-da-liberdade\/","og_site_name":"SEMCOM","article_published_time":"2025-08-24T19:33:25+00:00","og_image":[{"width":2048,"height":1365,"url":"https:\/\/www.manaus.am.gov.br\/semcom\/wp-content\/uploads\/sites\/5\/2025\/08\/54742258200_1a46ef44b7_k.jpg","type":"image\/jpeg"}],"author":"Bruna Greco","twitter_card":"summary_large_image","twitter_misc":{"Written by":"Bruna Greco","Est. reading time":"4 minutos"},"schema":{"@context":"https:\/\/schema.org","@graph":[{"@type":"WebPage","@id":"https:\/\/www.manaus.am.gov.br\/semcom\/visita-area-atingida-incendio-morro-da-liberdade\/","url":"https:\/\/www.manaus.am.gov.br\/semcom\/visita-area-atingida-incendio-morro-da-liberdade\/","name":"Prefeito visita \u00e1rea atingida por inc\u00eandio no Morro da Liberdade","isPartOf":{"@id":"https:\/\/www.manaus.am.gov.br\/semcom\/#website"},"primaryImageOfPage":{"@id":"https:\/\/www.manaus.am.gov.br\/semcom\/visita-area-atingida-incendio-morro-da-liberdade\/#primaryimage"},"image":{"@id":"https:\/\/www.manaus.am.gov.br\/semcom\/visita-area-atingida-incendio-morro-da-liberdade\/#primaryimage"},"thumbnailUrl":"https:\/\/www.manaus.am.gov.br\/semcom\/wp-content\/uploads\/sites\/5\/2025\/08\/54742258200_1a46ef44b7_k.jpg","datePublished":"2025-08-24T19:33:25+00:00","dateModified":"2025-08-24T19:33:25+00:00","author":{"@id":"https:\/\/www.manaus.am.gov.br\/semcom\/#\/schema\/person\/05d223aea2bf115f9883a6ff3683d81b"},"description":"Prefeito David Almeida visita \u00e1rea atingida por inc\u00eandio no Morro da Liberdade e aciona programa \u2018Casa Manauara\u2019 para reparos.","inLanguage":"pt-BR","potentialAction":[{"@type":"ReadAction","target":["https:\/\/www.manaus.am.gov.br\/semcom\/visita-area-atingida-incendio-morro-da-liberdade\/"]}]},{"@type":"ImageObject","inLanguage":"pt-BR","@id":"https:\/\/www.manaus.am.gov.br\/semcom\/visita-area-atingida-incendio-morro-da-liberdade\/#primaryimage","url":"https:\/\/www.manaus.am.gov.br\/semcom\/wp-content\/uploads\/sites\/5\/2025\/08\/54742258200_1a46ef44b7_k.jpg","contentUrl":"https:\/\/www.manaus.am.gov.br\/semcom\/wp-content\/uploads\/sites\/5\/2025\/08\/54742258200_1a46ef44b7_k.jpg","width":2048,"height":1365,"caption":"#paratodosverem - Prefeito de Manaus, David Almeida, e vice-prefeito Renato Junior, acompanhando \u00e1rea atingida por inc\u00eandio no bairro Morro da Liberdade"},{"@type":"WebSite","@id":"https:\/\/www.manaus.am.gov.br\/semcom\/#website","url":"https:\/\/www.manaus.am.gov.br\/semcom\/","name":"SEMCOM","description":"Secretaria Municipal de Comunica\u00e7\u00e3o","potentialAction":[{"@type":"SearchAction","target":{"@type":"EntryPoint","urlTemplate":"https:\/\/www.manaus.am.gov.br\/semcom\/?s={search_term_string}"},"query-input":"required name=search_term_string"}],"inLanguage":"pt-BR"},{"@type":"Person","@id":"https:\/\/www.manaus.am.gov.br\/semcom\/#\/schema\/person\/05d223aea2bf115f9883a6ff3683d81b","name":"Bruna Greco","image":{"@type":"ImageObject","inLanguage":"pt-BR","@id":"https:\/\/www.manaus.am.gov.br\/semcom\/#\/schema\/person\/image\/","url":"https:\/\/secure.gravatar.com\/avatar\/9c877d1a6adc2a055330e5c09a8653ce?s=96&d=mm&r=g","contentUrl":"https:\/\/secure.gravatar.com\/avatar\/9c877d1a6adc2a055330e5c09a8653ce?s=96&d=mm&r=g","caption":"Bruna Greco"}}]}},"_links":{"self":[{"href":"https:\/\/www.manaus.am.gov.br\/semcom\/wp-json\/wp\/v2\/posts\/244318"}],"collection":[{"href":"https:\/\/www.manaus.am.gov.br\/semcom\/wp-json\/wp\/v2\/posts"}],"about":[{"href":"https:\/\/www.manaus.am.gov.br\/semcom\/wp-json\/wp\/v2\/types\/post"}],"author":[{"embeddable":true,"href":"https:\/\/www.manaus.am.gov.br\/semcom\/wp-json\/wp\/v2\/users\/39"}],"replies":[{"embeddable":true,"href":"https:\/\/www.manaus.am.gov.br\/semcom\/wp-json\/wp\/v2\/comments?post=244318"}],"version-history":[{"count":1,"href":"https:\/\/www.manaus.am.gov.br\/semcom\/wp-json\/wp\/v2\/posts\/244318\/revisions"}],"predecessor-version":[{"id":244321,"href":"https:\/\/www.manaus.am.gov.br\/semcom\/wp-json\/wp\/v2\/posts\/244318\/revisions\/244321"}],"wp:featuredmedia":[{"embeddable":true,"href":"https:\/\/www.manaus.am.gov.br\/semcom\/wp-json\/wp\/v2\/media\/244319"}],"wp:attachment":[{"href":"https:\/\/www.manaus.am.gov.br\/semcom\/wp-json\/wp\/v2\/media?parent=244318"}],"wp:term":[{"taxonomy":"category","embeddable":true,"href":"https:\/\/www.manaus.am.gov.br\/semcom\/wp-json\/wp\/v2\/categories?post=244318"},{"taxonomy":"post_tag","embeddable":true,"href":"https:\/\/www.manaus.am.gov.br\/semcom\/wp-json\/wp\/v2\/tags?post=244318"}],"curies":[{"name":"wp","href":"https:\/\/api.w.org\/{rel}","templated":true}]}}