{"id":244314,"date":"2025-08-24T15:22:03","date_gmt":"2025-08-24T19:22:03","guid":{"rendered":"https:\/\/www.manaus.am.gov.br\/semcom\/inicio-inscricoes-pcd-soumanaus-2025\/"},"modified":"2025-08-24T15:22:03","modified_gmt":"2025-08-24T19:22:03","slug":"inicio-inscricoes-pcd-soumanaus-2025","status":"publish","type":"post","link":"https:\/\/www.manaus.am.gov.br\/semcom\/inicio-inscricoes-pcd-soumanaus-2025\/","title":{"rendered":"Prefeito David Almeida anuncia in\u00edcio das inscri\u00e7\u00f5es para PcD no festival \u2018#SouManaus 2025\u2019"},"content":{"rendered":"\n<p>O prefeito de Manaus, David Almeida, anunciou, na manh\u00e3 deste domingo, 24\/8, no coreto da pra\u00e7a Dom Pedro 2\u00ba, no centro da cidade, o in\u00edcio das inscri\u00e7\u00f5es para Pessoas com Defici\u00eancia (PcDs) no festival \u201c#SouManaus Passo a Pa\u00e7o 2025\u201d. A divulga\u00e7\u00e3o foi feita ao lado do vice-prefeito Renato J\u00fanior e do diretor-presidente da Funda\u00e7\u00e3o Municipal de Cultura, Turismo e Eventos (Manauscult), Jender Lobato, refor\u00e7ando o cuidado da gest\u00e3o com a acessibilidade e o acolhimento desse p\u00fablico.<\/p>\n\n\n\n<p>As inscri\u00e7\u00f5es come\u00e7am neste domingo, \u00e0s 19h, pelo site https:\/\/soumanaus.com.br\/, e s\u00e3o exclusivas para PcD. No momento da retirada das pulseiras, ser\u00e1 necess\u00e1rio apresentar laudo m\u00e9dico e carteirinha de PcD, garantindo que as vagas sejam destinadas apenas a quem realmente precisa.<\/p>\n\n\n\n<p>\u201cEstamos trabalhando para que cada detalhe do festival seja acess\u00edvel e seguro. Queremos que todos possam aproveitar a cultura, a gastronomia e as atra\u00e7\u00f5es do \u2018#SouManaus\u2019 com conforto e inclus\u00e3o\u201d, afirmou o prefeito David Almeida.<\/p>\n\n\n\n<p>Jender Lobato tamb\u00e9m refor\u00e7ou a import\u00e2ncia da iniciativa. \u201cA acessibilidade n\u00e3o \u00e9 apenas uma exig\u00eancia, \u00e9 um compromisso com todos os manauaras. Garantir que as pessoas com defici\u00eancia tenham espa\u00e7o e aten\u00e7\u00e3o no festival \u00e9 prioridade para a Manauscult\u201d, enfatizou.<\/p>\n\n\n\n<p>A gest\u00e3o municipal reafirma seu compromisso com a valoriza\u00e7\u00e3o da diversidade cultural e a inclus\u00e3o social no festival \u201c#SouManaus 2025\u201d, que re\u00fane gastronomia, artesanato, cultura e atra\u00e7\u00f5es para todas as idades.<\/p>\n\n\n\n<figure class=\"wp-block-image size-large\"><img loading=\"lazy\" decoding=\"async\" width=\"1024\" height=\"682\" src=\"https:\/\/www.manaus.am.gov.br\/semcom\/wp-content\/uploads\/sites\/5\/2025\/08\/WhatsApp-Image-2023-09-05-at-20.25.12-1536x1023-1-1024x682.jpeg\" alt=\"\" class=\"wp-image-244316\" srcset=\"https:\/\/www.manaus.am.gov.br\/semcom\/wp-content\/uploads\/sites\/5\/2025\/08\/WhatsApp-Image-2023-09-05-at-20.25.12-1536x1023-1-1024x682.jpeg 1024w, https:\/\/www.manaus.am.gov.br\/semcom\/wp-content\/uploads\/sites\/5\/2025\/08\/WhatsApp-Image-2023-09-05-at-20.25.12-1536x1023-1-300x200.jpeg 300w, https:\/\/www.manaus.am.gov.br\/semcom\/wp-content\/uploads\/sites\/5\/2025\/08\/WhatsApp-Image-2023-09-05-at-20.25.12-1536x1023-1-768x512.jpeg 768w, https:\/\/www.manaus.am.gov.br\/semcom\/wp-content\/uploads\/sites\/5\/2025\/08\/WhatsApp-Image-2023-09-05-at-20.25.12-1536x1023-1.jpeg 1536w\" sizes=\"(max-width: 1024px) 100vw, 1024px\" \/><\/figure>\n\n\n\n<p>&#8212; &#8212; &#8212;<\/p>\n\n\n\n<p><strong>Texto &#8211;<\/strong> Emanuelle Baires\/Semcom-Prefeito<\/p>\n\n\n\n<p><strong>Fotos<\/strong> \u2013 Arquivo\/Semcom<\/p>\n","protected":false},"excerpt":{"rendered":"","protected":false},"author":39,"featured_media":244315,"comment_status":"closed","ping_status":"closed","sticky":false,"template":"","format":"standard","meta":{"footnotes":""},"categories":[1669],"tags":[15305,35,16472,307,77],"acf":[],"yoast_head":"<!-- This site is optimized with the Yoast SEO plugin v23.0 - https:\/\/yoast.com\/wordpress\/plugins\/seo\/ -->\n<title>Prefeito anuncia in\u00edcio das inscri\u00e7\u00f5es para PcD no #SouManaus<\/title>\n<meta name=\"description\" content=\"Prefeito de Manaus, David Almeida, anuncia in\u00edcio das inscri\u00e7\u00f5es para PcD no festival \u2018#SouManaus Passo a Pa\u00e7o 2025\u2019.\" \/>\n<meta name=\"robots\" content=\"index, follow, max-snippet:-1, max-image-preview:large, max-video-preview:-1\" \/>\n<link rel=\"canonical\" href=\"https:\/\/www.manaus.am.gov.br\/semcom\/inicio-inscricoes-pcd-soumanaus-2025\/\" \/>\n<meta property=\"og:locale\" content=\"pt_BR\" \/>\n<meta property=\"og:type\" content=\"article\" \/>\n<meta property=\"og:title\" content=\"Prefeito anuncia in\u00edcio das inscri\u00e7\u00f5es para PcD no #SouManaus\" \/>\n<meta property=\"og:description\" content=\"Prefeito de Manaus, David Almeida, anuncia in\u00edcio das inscri\u00e7\u00f5es para PcD no festival \u2018#SouManaus Passo a Pa\u00e7o 2025\u2019.\" \/>\n<meta property=\"og:url\" content=\"https:\/\/www.manaus.am.gov.br\/semcom\/inicio-inscricoes-pcd-soumanaus-2025\/\" \/>\n<meta property=\"og:site_name\" content=\"SEMCOM\" \/>\n<meta property=\"article:published_time\" content=\"2025-08-24T19:22:03+00:00\" \/>\n<meta property=\"og:image\" content=\"https:\/\/www.manaus.am.gov.br\/semcom\/wp-content\/uploads\/sites\/5\/2025\/08\/54645097294_8e7273ffde_k.jpg\" \/>\n\t<meta property=\"og:image:width\" content=\"2048\" \/>\n\t<meta property=\"og:image:height\" content=\"1365\" \/>\n\t<meta property=\"og:image:type\" content=\"image\/jpeg\" \/>\n<meta name=\"author\" content=\"Bruna Greco\" \/>\n<meta name=\"twitter:card\" content=\"summary_large_image\" \/>\n<meta name=\"twitter:label1\" content=\"Written by\" \/>\n\t<meta name=\"twitter:data1\" content=\"Bruna Greco\" \/>\n\t<meta name=\"twitter:label2\" content=\"Est. reading time\" \/>\n\t<meta name=\"twitter:data2\" content=\"2 minutos\" \/>\n<script type=\"application\/ld+json\" class=\"yoast-schema-graph\">{\"@context\":\"https:\/\/schema.org\",\"@graph\":[{\"@type\":\"WebPage\",\"@id\":\"https:\/\/www.manaus.am.gov.br\/semcom\/inicio-inscricoes-pcd-soumanaus-2025\/\",\"url\":\"https:\/\/www.manaus.am.gov.br\/semcom\/inicio-inscricoes-pcd-soumanaus-2025\/\",\"name\":\"Prefeito anuncia in\u00edcio das inscri\u00e7\u00f5es para PcD no #SouManaus\",\"isPartOf\":{\"@id\":\"https:\/\/www.manaus.am.gov.br\/semcom\/#website\"},\"primaryImageOfPage\":{\"@id\":\"https:\/\/www.manaus.am.gov.br\/semcom\/inicio-inscricoes-pcd-soumanaus-2025\/#primaryimage\"},\"image\":{\"@id\":\"https:\/\/www.manaus.am.gov.br\/semcom\/inicio-inscricoes-pcd-soumanaus-2025\/#primaryimage\"},\"thumbnailUrl\":\"https:\/\/www.manaus.am.gov.br\/semcom\/wp-content\/uploads\/sites\/5\/2025\/08\/54645097294_8e7273ffde_k.jpg\",\"datePublished\":\"2025-08-24T19:22:03+00:00\",\"dateModified\":\"2025-08-24T19:22:03+00:00\",\"author\":{\"@id\":\"https:\/\/www.manaus.am.gov.br\/semcom\/#\/schema\/person\/05d223aea2bf115f9883a6ff3683d81b\"},\"description\":\"Prefeito de Manaus, David Almeida, anuncia in\u00edcio das inscri\u00e7\u00f5es para PcD no festival \u2018#SouManaus Passo a Pa\u00e7o 2025\u2019.\",\"inLanguage\":\"pt-BR\",\"potentialAction\":[{\"@type\":\"ReadAction\",\"target\":[\"https:\/\/www.manaus.am.gov.br\/semcom\/inicio-inscricoes-pcd-soumanaus-2025\/\"]}]},{\"@type\":\"ImageObject\",\"inLanguage\":\"pt-BR\",\"@id\":\"https:\/\/www.manaus.am.gov.br\/semcom\/inicio-inscricoes-pcd-soumanaus-2025\/#primaryimage\",\"url\":\"https:\/\/www.manaus.am.gov.br\/semcom\/wp-content\/uploads\/sites\/5\/2025\/08\/54645097294_8e7273ffde_k.jpg\",\"contentUrl\":\"https:\/\/www.manaus.am.gov.br\/semcom\/wp-content\/uploads\/sites\/5\/2025\/08\/54645097294_8e7273ffde_k.jpg\",\"width\":2048,\"height\":1365,\"caption\":\"#paratodosverem - Prefeito de Manaus, David Almeida, e diretor-presidente da Manauscult, Jender Lobato, durante lan\u00e7amento do #SouManaus Passo a Pa\u00e7o 2025\"},{\"@type\":\"WebSite\",\"@id\":\"https:\/\/www.manaus.am.gov.br\/semcom\/#website\",\"url\":\"https:\/\/www.manaus.am.gov.br\/semcom\/\",\"name\":\"SEMCOM\",\"description\":\"Secretaria Municipal de Comunica\u00e7\u00e3o\",\"potentialAction\":[{\"@type\":\"SearchAction\",\"target\":{\"@type\":\"EntryPoint\",\"urlTemplate\":\"https:\/\/www.manaus.am.gov.br\/semcom\/?s={search_term_string}\"},\"query-input\":\"required name=search_term_string\"}],\"inLanguage\":\"pt-BR\"},{\"@type\":\"Person\",\"@id\":\"https:\/\/www.manaus.am.gov.br\/semcom\/#\/schema\/person\/05d223aea2bf115f9883a6ff3683d81b\",\"name\":\"Bruna Greco\",\"image\":{\"@type\":\"ImageObject\",\"inLanguage\":\"pt-BR\",\"@id\":\"https:\/\/www.manaus.am.gov.br\/semcom\/#\/schema\/person\/image\/\",\"url\":\"https:\/\/secure.gravatar.com\/avatar\/9c877d1a6adc2a055330e5c09a8653ce?s=96&d=mm&r=g\",\"contentUrl\":\"https:\/\/secure.gravatar.com\/avatar\/9c877d1a6adc2a055330e5c09a8653ce?s=96&d=mm&r=g\",\"caption\":\"Bruna Greco\"}}]}<\/script>\n<!-- \/ Yoast SEO plugin. -->","yoast_head_json":{"title":"Prefeito anuncia in\u00edcio das inscri\u00e7\u00f5es para PcD no #SouManaus","description":"Prefeito de Manaus, David Almeida, anuncia in\u00edcio das inscri\u00e7\u00f5es para PcD no festival \u2018#SouManaus Passo a Pa\u00e7o 2025\u2019.","robots":{"index":"index","follow":"follow","max-snippet":"max-snippet:-1","max-image-preview":"max-image-preview:large","max-video-preview":"max-video-preview:-1"},"canonical":"https:\/\/www.manaus.am.gov.br\/semcom\/inicio-inscricoes-pcd-soumanaus-2025\/","og_locale":"pt_BR","og_type":"article","og_title":"Prefeito anuncia in\u00edcio das inscri\u00e7\u00f5es para PcD no #SouManaus","og_description":"Prefeito de Manaus, David Almeida, anuncia in\u00edcio das inscri\u00e7\u00f5es para PcD no festival \u2018#SouManaus Passo a Pa\u00e7o 2025\u2019.","og_url":"https:\/\/www.manaus.am.gov.br\/semcom\/inicio-inscricoes-pcd-soumanaus-2025\/","og_site_name":"SEMCOM","article_published_time":"2025-08-24T19:22:03+00:00","og_image":[{"width":2048,"height":1365,"url":"https:\/\/www.manaus.am.gov.br\/semcom\/wp-content\/uploads\/sites\/5\/2025\/08\/54645097294_8e7273ffde_k.jpg","type":"image\/jpeg"}],"author":"Bruna Greco","twitter_card":"summary_large_image","twitter_misc":{"Written by":"Bruna Greco","Est. reading time":"2 minutos"},"schema":{"@context":"https:\/\/schema.org","@graph":[{"@type":"WebPage","@id":"https:\/\/www.manaus.am.gov.br\/semcom\/inicio-inscricoes-pcd-soumanaus-2025\/","url":"https:\/\/www.manaus.am.gov.br\/semcom\/inicio-inscricoes-pcd-soumanaus-2025\/","name":"Prefeito anuncia in\u00edcio das inscri\u00e7\u00f5es para PcD no #SouManaus","isPartOf":{"@id":"https:\/\/www.manaus.am.gov.br\/semcom\/#website"},"primaryImageOfPage":{"@id":"https:\/\/www.manaus.am.gov.br\/semcom\/inicio-inscricoes-pcd-soumanaus-2025\/#primaryimage"},"image":{"@id":"https:\/\/www.manaus.am.gov.br\/semcom\/inicio-inscricoes-pcd-soumanaus-2025\/#primaryimage"},"thumbnailUrl":"https:\/\/www.manaus.am.gov.br\/semcom\/wp-content\/uploads\/sites\/5\/2025\/08\/54645097294_8e7273ffde_k.jpg","datePublished":"2025-08-24T19:22:03+00:00","dateModified":"2025-08-24T19:22:03+00:00","author":{"@id":"https:\/\/www.manaus.am.gov.br\/semcom\/#\/schema\/person\/05d223aea2bf115f9883a6ff3683d81b"},"description":"Prefeito de Manaus, David Almeida, anuncia in\u00edcio das inscri\u00e7\u00f5es para PcD no festival \u2018#SouManaus Passo a Pa\u00e7o 2025\u2019.","inLanguage":"pt-BR","potentialAction":[{"@type":"ReadAction","target":["https:\/\/www.manaus.am.gov.br\/semcom\/inicio-inscricoes-pcd-soumanaus-2025\/"]}]},{"@type":"ImageObject","inLanguage":"pt-BR","@id":"https:\/\/www.manaus.am.gov.br\/semcom\/inicio-inscricoes-pcd-soumanaus-2025\/#primaryimage","url":"https:\/\/www.manaus.am.gov.br\/semcom\/wp-content\/uploads\/sites\/5\/2025\/08\/54645097294_8e7273ffde_k.jpg","contentUrl":"https:\/\/www.manaus.am.gov.br\/semcom\/wp-content\/uploads\/sites\/5\/2025\/08\/54645097294_8e7273ffde_k.jpg","width":2048,"height":1365,"caption":"#paratodosverem - Prefeito de Manaus, David Almeida, e diretor-presidente da Manauscult, Jender Lobato, durante lan\u00e7amento do #SouManaus Passo a Pa\u00e7o 2025"},{"@type":"WebSite","@id":"https:\/\/www.manaus.am.gov.br\/semcom\/#website","url":"https:\/\/www.manaus.am.gov.br\/semcom\/","name":"SEMCOM","description":"Secretaria Municipal de Comunica\u00e7\u00e3o","potentialAction":[{"@type":"SearchAction","target":{"@type":"EntryPoint","urlTemplate":"https:\/\/www.manaus.am.gov.br\/semcom\/?s={search_term_string}"},"query-input":"required name=search_term_string"}],"inLanguage":"pt-BR"},{"@type":"Person","@id":"https:\/\/www.manaus.am.gov.br\/semcom\/#\/schema\/person\/05d223aea2bf115f9883a6ff3683d81b","name":"Bruna Greco","image":{"@type":"ImageObject","inLanguage":"pt-BR","@id":"https:\/\/www.manaus.am.gov.br\/semcom\/#\/schema\/person\/image\/","url":"https:\/\/secure.gravatar.com\/avatar\/9c877d1a6adc2a055330e5c09a8653ce?s=96&d=mm&r=g","contentUrl":"https:\/\/secure.gravatar.com\/avatar\/9c877d1a6adc2a055330e5c09a8653ce?s=96&d=mm&r=g","caption":"Bruna Greco"}}]}},"_links":{"self":[{"href":"https:\/\/www.manaus.am.gov.br\/semcom\/wp-json\/wp\/v2\/posts\/244314"}],"collection":[{"href":"https:\/\/www.manaus.am.gov.br\/semcom\/wp-json\/wp\/v2\/posts"}],"about":[{"href":"https:\/\/www.manaus.am.gov.br\/semcom\/wp-json\/wp\/v2\/types\/post"}],"author":[{"embeddable":true,"href":"https:\/\/www.manaus.am.gov.br\/semcom\/wp-json\/wp\/v2\/users\/39"}],"replies":[{"embeddable":true,"href":"https:\/\/www.manaus.am.gov.br\/semcom\/wp-json\/wp\/v2\/comments?post=244314"}],"version-history":[{"count":1,"href":"https:\/\/www.manaus.am.gov.br\/semcom\/wp-json\/wp\/v2\/posts\/244314\/revisions"}],"predecessor-version":[{"id":244317,"href":"https:\/\/www.manaus.am.gov.br\/semcom\/wp-json\/wp\/v2\/posts\/244314\/revisions\/244317"}],"wp:featuredmedia":[{"embeddable":true,"href":"https:\/\/www.manaus.am.gov.br\/semcom\/wp-json\/wp\/v2\/media\/244315"}],"wp:attachment":[{"href":"https:\/\/www.manaus.am.gov.br\/semcom\/wp-json\/wp\/v2\/media?parent=244314"}],"wp:term":[{"taxonomy":"category","embeddable":true,"href":"https:\/\/www.manaus.am.gov.br\/semcom\/wp-json\/wp\/v2\/categories?post=244314"},{"taxonomy":"post_tag","embeddable":true,"href":"https:\/\/www.manaus.am.gov.br\/semcom\/wp-json\/wp\/v2\/tags?post=244314"}],"curies":[{"name":"wp","href":"https:\/\/api.w.org\/{rel}","templated":true}]}}