{"id":244265,"date":"2025-08-23T13:30:37","date_gmt":"2025-08-23T17:30:37","guid":{"rendered":"https:\/\/www.manaus.am.gov.br\/semcom\/recuperacao-caixas-coletoras-centro\/"},"modified":"2025-08-23T13:30:37","modified_gmt":"2025-08-23T17:30:37","slug":"recuperacao-caixas-coletoras-centro","status":"publish","type":"post","link":"https:\/\/www.manaus.am.gov.br\/semcom\/recuperacao-caixas-coletoras-centro\/","title":{"rendered":"Prefeitura refor\u00e7a drenagem e combate alagamentos no Centro com recupera\u00e7\u00e3o de caixas coletoras"},"content":{"rendered":"\n<p>A Prefeitura de Manaus, por meio da Secretaria Municipal de Infraestrutura (Seminf), segue avan\u00e7ando com o programa \u201cMutir\u00e3o no Centro\u201d, que tem transformado a regi\u00e3o hist\u00f3rica da capital com servi\u00e7os de revitaliza\u00e7\u00e3o e obras de infraestrutura. Neste s\u00e1bado, 23\/8, equipes da pasta atuam na recupera\u00e7\u00e3o completa de uma caixa coletora de \u00e1guas pluviais na avenida Louren\u00e7o da Silva Braga, pr\u00f3ximo \u00e0 feira da Manaus Moderna.<\/p>\n\n\n\n<p>O ponto estava deteriorado e obstru\u00eddo, causando alagamentos frequentes em per\u00edodos de chuva. Ap\u00f3s solicita\u00e7\u00e3o dos feirantes, o Distrito de Obras da Seminf iniciou a revitaliza\u00e7\u00e3o da estrutura, devolvendo seguran\u00e7a e melhores condi\u00e7\u00f5es de tr\u00e1fego para comerciantes e moradores da \u00e1rea.<\/p>\n\n\n\n<p>O vice-prefeito e secret\u00e1rio de Obras, Renato J\u00fanior, destacou que o mutir\u00e3o tem levado solu\u00e7\u00f5es pr\u00e1ticas e imediatas ao cora\u00e7\u00e3o da cidade. \u201cEstamos devolvendo ao Centro de Manaus a infraestrutura que a popula\u00e7\u00e3o merece. Cada obra que entregamos significa mais qualidade de vida, seguran\u00e7a e dignidade para comerciantes, moradores e visitantes. Esse \u00e9 o compromisso do prefeito David Almeida e estamos firmes em cumpri-lo\u201d, afirmou.<\/p>\n\n\n\n<p>Al\u00e9m da recupera\u00e7\u00e3o desta caixa coletora, mais de 50 pontos de bueiros j\u00e1 foram desobstru\u00eddos com apoio de caminh\u00f5es hidrojato, garantindo o escoamento adequado das \u00e1guas pluviais e evitando transtornos para quem circula pela regi\u00e3o.<\/p>\n\n\n\n<p>Comerciante h\u00e1 mais de tr\u00eas d\u00e9cadas no entorno da feira, Jos\u00e9 Carlos Rebou\u00e7as, de 65 anos, aprovou a a\u00e7\u00e3o. \u201cO mutir\u00e3o veio em boa hora. Antes era uma verdadeira bagun\u00e7a e hoje j\u00e1 vemos a diferen\u00e7a. A presen\u00e7a da prefeitura aqui trouxe ordem e melhorias que est\u00e1vamos esperando h\u00e1 anos\u201d, comentou.<\/p>\n\n\n\n<p>O \u201cMutir\u00e3o no Centro\u201d contempla a\u00e7\u00f5es de drenagem, manuten\u00e7\u00e3o de lumin\u00e1rias, recupera\u00e7\u00e3o de cal\u00e7adas, meio-fio e sarjetas, al\u00e9m de recapeamentos asf\u00e1lticos. O objetivo \u00e9 reestruturar o Centro Hist\u00f3rico de Manaus, tornando-o mais seguro, moderno e preparado para receber moradores, comerciantes e turistas.<\/p>\n\n\n\n<figure class=\"wp-block-image size-large\"><img loading=\"lazy\" decoding=\"async\" width=\"1024\" height=\"682\" src=\"https:\/\/www.manaus.am.gov.br\/semcom\/wp-content\/uploads\/sites\/5\/2025\/08\/Revitalizacao-3-1024x682.jpeg\" alt=\"\" class=\"wp-image-244267\" srcset=\"https:\/\/www.manaus.am.gov.br\/semcom\/wp-content\/uploads\/sites\/5\/2025\/08\/Revitalizacao-3-1024x682.jpeg 1024w, https:\/\/www.manaus.am.gov.br\/semcom\/wp-content\/uploads\/sites\/5\/2025\/08\/Revitalizacao-3-300x200.jpeg 300w, https:\/\/www.manaus.am.gov.br\/semcom\/wp-content\/uploads\/sites\/5\/2025\/08\/Revitalizacao-3-768x512.jpeg 768w, https:\/\/www.manaus.am.gov.br\/semcom\/wp-content\/uploads\/sites\/5\/2025\/08\/Revitalizacao-3-1536x1023.jpeg 1536w, https:\/\/www.manaus.am.gov.br\/semcom\/wp-content\/uploads\/sites\/5\/2025\/08\/Revitalizacao-3.jpeg 1600w\" sizes=\"(max-width: 1024px) 100vw, 1024px\" \/><\/figure>\n\n\n\n<p>&#8212; &#8212; &#8212;<\/p>\n\n\n\n<p><strong>Texto<\/strong> &#8211; Eduarda Lira\/Seminf<\/p>\n\n\n\n<p><strong>Fotos &#8211;<\/strong> M\u00e1rcio Melo\/Seminf<\/p>\n","protected":false},"excerpt":{"rendered":"","protected":false},"author":39,"featured_media":244266,"comment_status":"closed","ping_status":"closed","sticky":false,"template":"","format":"standard","meta":{"footnotes":""},"categories":[2504],"tags":[496,16454,77,16455,33],"acf":[],"yoast_head":"<!-- This site is optimized with the Yoast SEO plugin v23.0 - https:\/\/yoast.com\/wordpress\/plugins\/seo\/ -->\n<title>Prefeitura refor\u00e7a drenagem e combate alagamentos no Centro<\/title>\n<meta name=\"description\" content=\"Prefeitura de Manaus, por meio da Seminf, refor\u00e7a drenagem e combate alagamentos no Centro com recupera\u00e7\u00e3o de caixas coletoras.\" \/>\n<meta name=\"robots\" content=\"index, follow, max-snippet:-1, max-image-preview:large, max-video-preview:-1\" \/>\n<link rel=\"canonical\" href=\"https:\/\/www.manaus.am.gov.br\/semcom\/recuperacao-caixas-coletoras-centro\/\" \/>\n<meta property=\"og:locale\" content=\"pt_BR\" \/>\n<meta property=\"og:type\" content=\"article\" \/>\n<meta property=\"og:title\" content=\"Prefeitura refor\u00e7a drenagem e combate alagamentos no Centro\" \/>\n<meta property=\"og:description\" content=\"Prefeitura de Manaus, por meio da Seminf, refor\u00e7a drenagem e combate alagamentos no Centro com recupera\u00e7\u00e3o de caixas coletoras.\" \/>\n<meta property=\"og:url\" content=\"https:\/\/www.manaus.am.gov.br\/semcom\/recuperacao-caixas-coletoras-centro\/\" \/>\n<meta property=\"og:site_name\" content=\"SEMCOM\" \/>\n<meta property=\"article:published_time\" content=\"2025-08-23T17:30:37+00:00\" \/>\n<meta property=\"og:image\" content=\"https:\/\/www.manaus.am.gov.br\/semcom\/wp-content\/uploads\/sites\/5\/2025\/08\/Revitalizacao-1-1.jpeg\" \/>\n\t<meta property=\"og:image:width\" content=\"1600\" \/>\n\t<meta property=\"og:image:height\" content=\"1066\" \/>\n\t<meta property=\"og:image:type\" content=\"image\/jpeg\" \/>\n<meta name=\"author\" content=\"Bruna Greco\" \/>\n<meta name=\"twitter:card\" content=\"summary_large_image\" \/>\n<meta name=\"twitter:label1\" content=\"Written by\" \/>\n\t<meta name=\"twitter:data1\" content=\"Bruna Greco\" \/>\n\t<meta name=\"twitter:label2\" content=\"Est. reading time\" \/>\n\t<meta name=\"twitter:data2\" content=\"3 minutos\" \/>\n<script type=\"application\/ld+json\" class=\"yoast-schema-graph\">{\"@context\":\"https:\/\/schema.org\",\"@graph\":[{\"@type\":\"WebPage\",\"@id\":\"https:\/\/www.manaus.am.gov.br\/semcom\/recuperacao-caixas-coletoras-centro\/\",\"url\":\"https:\/\/www.manaus.am.gov.br\/semcom\/recuperacao-caixas-coletoras-centro\/\",\"name\":\"Prefeitura refor\u00e7a drenagem e combate alagamentos no Centro\",\"isPartOf\":{\"@id\":\"https:\/\/www.manaus.am.gov.br\/semcom\/#website\"},\"primaryImageOfPage\":{\"@id\":\"https:\/\/www.manaus.am.gov.br\/semcom\/recuperacao-caixas-coletoras-centro\/#primaryimage\"},\"image\":{\"@id\":\"https:\/\/www.manaus.am.gov.br\/semcom\/recuperacao-caixas-coletoras-centro\/#primaryimage\"},\"thumbnailUrl\":\"https:\/\/www.manaus.am.gov.br\/semcom\/wp-content\/uploads\/sites\/5\/2025\/08\/Revitalizacao-1-1.jpeg\",\"datePublished\":\"2025-08-23T17:30:37+00:00\",\"dateModified\":\"2025-08-23T17:30:37+00:00\",\"author\":{\"@id\":\"https:\/\/www.manaus.am.gov.br\/semcom\/#\/schema\/person\/05d223aea2bf115f9883a6ff3683d81b\"},\"description\":\"Prefeitura de Manaus, por meio da Seminf, refor\u00e7a drenagem e combate alagamentos no Centro com recupera\u00e7\u00e3o de caixas coletoras.\",\"inLanguage\":\"pt-BR\",\"potentialAction\":[{\"@type\":\"ReadAction\",\"target\":[\"https:\/\/www.manaus.am.gov.br\/semcom\/recuperacao-caixas-coletoras-centro\/\"]}]},{\"@type\":\"ImageObject\",\"inLanguage\":\"pt-BR\",\"@id\":\"https:\/\/www.manaus.am.gov.br\/semcom\/recuperacao-caixas-coletoras-centro\/#primaryimage\",\"url\":\"https:\/\/www.manaus.am.gov.br\/semcom\/wp-content\/uploads\/sites\/5\/2025\/08\/Revitalizacao-1-1.jpeg\",\"contentUrl\":\"https:\/\/www.manaus.am.gov.br\/semcom\/wp-content\/uploads\/sites\/5\/2025\/08\/Revitalizacao-1-1.jpeg\",\"width\":1600,\"height\":1066,\"caption\":\"#paratodosverem - Servidores da Seminf realizando a desobstru\u00e7\u00e3o de caixas coletoras no centro de Manaus\"},{\"@type\":\"WebSite\",\"@id\":\"https:\/\/www.manaus.am.gov.br\/semcom\/#website\",\"url\":\"https:\/\/www.manaus.am.gov.br\/semcom\/\",\"name\":\"SEMCOM\",\"description\":\"Secretaria Municipal de Comunica\u00e7\u00e3o\",\"potentialAction\":[{\"@type\":\"SearchAction\",\"target\":{\"@type\":\"EntryPoint\",\"urlTemplate\":\"https:\/\/www.manaus.am.gov.br\/semcom\/?s={search_term_string}\"},\"query-input\":\"required name=search_term_string\"}],\"inLanguage\":\"pt-BR\"},{\"@type\":\"Person\",\"@id\":\"https:\/\/www.manaus.am.gov.br\/semcom\/#\/schema\/person\/05d223aea2bf115f9883a6ff3683d81b\",\"name\":\"Bruna Greco\",\"image\":{\"@type\":\"ImageObject\",\"inLanguage\":\"pt-BR\",\"@id\":\"https:\/\/www.manaus.am.gov.br\/semcom\/#\/schema\/person\/image\/\",\"url\":\"https:\/\/secure.gravatar.com\/avatar\/9c877d1a6adc2a055330e5c09a8653ce?s=96&d=mm&r=g\",\"contentUrl\":\"https:\/\/secure.gravatar.com\/avatar\/9c877d1a6adc2a055330e5c09a8653ce?s=96&d=mm&r=g\",\"caption\":\"Bruna Greco\"}}]}<\/script>\n<!-- \/ Yoast SEO plugin. -->","yoast_head_json":{"title":"Prefeitura refor\u00e7a drenagem e combate alagamentos no Centro","description":"Prefeitura de Manaus, por meio da Seminf, refor\u00e7a drenagem e combate alagamentos no Centro com recupera\u00e7\u00e3o de caixas coletoras.","robots":{"index":"index","follow":"follow","max-snippet":"max-snippet:-1","max-image-preview":"max-image-preview:large","max-video-preview":"max-video-preview:-1"},"canonical":"https:\/\/www.manaus.am.gov.br\/semcom\/recuperacao-caixas-coletoras-centro\/","og_locale":"pt_BR","og_type":"article","og_title":"Prefeitura refor\u00e7a drenagem e combate alagamentos no Centro","og_description":"Prefeitura de Manaus, por meio da Seminf, refor\u00e7a drenagem e combate alagamentos no Centro com recupera\u00e7\u00e3o de caixas coletoras.","og_url":"https:\/\/www.manaus.am.gov.br\/semcom\/recuperacao-caixas-coletoras-centro\/","og_site_name":"SEMCOM","article_published_time":"2025-08-23T17:30:37+00:00","og_image":[{"width":1600,"height":1066,"url":"https:\/\/www.manaus.am.gov.br\/semcom\/wp-content\/uploads\/sites\/5\/2025\/08\/Revitalizacao-1-1.jpeg","type":"image\/jpeg"}],"author":"Bruna Greco","twitter_card":"summary_large_image","twitter_misc":{"Written by":"Bruna Greco","Est. reading time":"3 minutos"},"schema":{"@context":"https:\/\/schema.org","@graph":[{"@type":"WebPage","@id":"https:\/\/www.manaus.am.gov.br\/semcom\/recuperacao-caixas-coletoras-centro\/","url":"https:\/\/www.manaus.am.gov.br\/semcom\/recuperacao-caixas-coletoras-centro\/","name":"Prefeitura refor\u00e7a drenagem e combate alagamentos no Centro","isPartOf":{"@id":"https:\/\/www.manaus.am.gov.br\/semcom\/#website"},"primaryImageOfPage":{"@id":"https:\/\/www.manaus.am.gov.br\/semcom\/recuperacao-caixas-coletoras-centro\/#primaryimage"},"image":{"@id":"https:\/\/www.manaus.am.gov.br\/semcom\/recuperacao-caixas-coletoras-centro\/#primaryimage"},"thumbnailUrl":"https:\/\/www.manaus.am.gov.br\/semcom\/wp-content\/uploads\/sites\/5\/2025\/08\/Revitalizacao-1-1.jpeg","datePublished":"2025-08-23T17:30:37+00:00","dateModified":"2025-08-23T17:30:37+00:00","author":{"@id":"https:\/\/www.manaus.am.gov.br\/semcom\/#\/schema\/person\/05d223aea2bf115f9883a6ff3683d81b"},"description":"Prefeitura de Manaus, por meio da Seminf, refor\u00e7a drenagem e combate alagamentos no Centro com recupera\u00e7\u00e3o de caixas coletoras.","inLanguage":"pt-BR","potentialAction":[{"@type":"ReadAction","target":["https:\/\/www.manaus.am.gov.br\/semcom\/recuperacao-caixas-coletoras-centro\/"]}]},{"@type":"ImageObject","inLanguage":"pt-BR","@id":"https:\/\/www.manaus.am.gov.br\/semcom\/recuperacao-caixas-coletoras-centro\/#primaryimage","url":"https:\/\/www.manaus.am.gov.br\/semcom\/wp-content\/uploads\/sites\/5\/2025\/08\/Revitalizacao-1-1.jpeg","contentUrl":"https:\/\/www.manaus.am.gov.br\/semcom\/wp-content\/uploads\/sites\/5\/2025\/08\/Revitalizacao-1-1.jpeg","width":1600,"height":1066,"caption":"#paratodosverem - Servidores da Seminf realizando a desobstru\u00e7\u00e3o de caixas coletoras no centro de Manaus"},{"@type":"WebSite","@id":"https:\/\/www.manaus.am.gov.br\/semcom\/#website","url":"https:\/\/www.manaus.am.gov.br\/semcom\/","name":"SEMCOM","description":"Secretaria Municipal de Comunica\u00e7\u00e3o","potentialAction":[{"@type":"SearchAction","target":{"@type":"EntryPoint","urlTemplate":"https:\/\/www.manaus.am.gov.br\/semcom\/?s={search_term_string}"},"query-input":"required name=search_term_string"}],"inLanguage":"pt-BR"},{"@type":"Person","@id":"https:\/\/www.manaus.am.gov.br\/semcom\/#\/schema\/person\/05d223aea2bf115f9883a6ff3683d81b","name":"Bruna Greco","image":{"@type":"ImageObject","inLanguage":"pt-BR","@id":"https:\/\/www.manaus.am.gov.br\/semcom\/#\/schema\/person\/image\/","url":"https:\/\/secure.gravatar.com\/avatar\/9c877d1a6adc2a055330e5c09a8653ce?s=96&d=mm&r=g","contentUrl":"https:\/\/secure.gravatar.com\/avatar\/9c877d1a6adc2a055330e5c09a8653ce?s=96&d=mm&r=g","caption":"Bruna Greco"}}]}},"_links":{"self":[{"href":"https:\/\/www.manaus.am.gov.br\/semcom\/wp-json\/wp\/v2\/posts\/244265"}],"collection":[{"href":"https:\/\/www.manaus.am.gov.br\/semcom\/wp-json\/wp\/v2\/posts"}],"about":[{"href":"https:\/\/www.manaus.am.gov.br\/semcom\/wp-json\/wp\/v2\/types\/post"}],"author":[{"embeddable":true,"href":"https:\/\/www.manaus.am.gov.br\/semcom\/wp-json\/wp\/v2\/users\/39"}],"replies":[{"embeddable":true,"href":"https:\/\/www.manaus.am.gov.br\/semcom\/wp-json\/wp\/v2\/comments?post=244265"}],"version-history":[{"count":1,"href":"https:\/\/www.manaus.am.gov.br\/semcom\/wp-json\/wp\/v2\/posts\/244265\/revisions"}],"predecessor-version":[{"id":244269,"href":"https:\/\/www.manaus.am.gov.br\/semcom\/wp-json\/wp\/v2\/posts\/244265\/revisions\/244269"}],"wp:featuredmedia":[{"embeddable":true,"href":"https:\/\/www.manaus.am.gov.br\/semcom\/wp-json\/wp\/v2\/media\/244266"}],"wp:attachment":[{"href":"https:\/\/www.manaus.am.gov.br\/semcom\/wp-json\/wp\/v2\/media?parent=244265"}],"wp:term":[{"taxonomy":"category","embeddable":true,"href":"https:\/\/www.manaus.am.gov.br\/semcom\/wp-json\/wp\/v2\/categories?post=244265"},{"taxonomy":"post_tag","embeddable":true,"href":"https:\/\/www.manaus.am.gov.br\/semcom\/wp-json\/wp\/v2\/tags?post=244265"}],"curies":[{"name":"wp","href":"https:\/\/api.w.org\/{rel}","templated":true}]}}