{"id":244261,"date":"2025-08-23T10:48:22","date_gmt":"2025-08-23T14:48:22","guid":{"rendered":"https:\/\/www.manaus.am.gov.br\/semcom\/revitalizacao-calcadas-centro\/"},"modified":"2025-08-23T10:48:22","modified_gmt":"2025-08-23T14:48:22","slug":"revitalizacao-calcadas-centro","status":"publish","type":"post","link":"https:\/\/www.manaus.am.gov.br\/semcom\/revitalizacao-calcadas-centro\/","title":{"rendered":"Prefeitura revitaliza mais de mil metros de cal\u00e7adas e transforma acessibilidade no Centro Hist\u00f3rico de Manaus"},"content":{"rendered":"\n<p>Dando continuidade \u00e0s a\u00e7\u00f5es do \u201cMutir\u00e3o no Bairro\u201d, a Prefeitura de Manaus, por meio da Secretaria Municipal de Infraestrutura (Seminf), j\u00e1 contabiliza a revitaliza\u00e7\u00e3o de mais de mil metros de cal\u00e7adas no centro hist\u00f3rico da cidade. Em apenas 15 dias, \u00e1reas de grande circula\u00e7\u00e3o como a orla da avenida Louren\u00e7o da Silva Braga e a feira da Manaus Moderna receberam manuten\u00e7\u00e3o completa, garantindo mais seguran\u00e7a e acessibilidade para a popula\u00e7\u00e3o.<\/p>\n\n\n\n<p>Os trabalhos contemplam desde a recupera\u00e7\u00e3o de passeios p\u00fablicos at\u00e9 a implanta\u00e7\u00e3o de rampas para Pessoas com Defici\u00eancia (PcDs), al\u00e9m da reestrutura\u00e7\u00e3o de meios-fios e sarjetas. Ao todo, foram recuperados 1.845 metros de drenagem superficial em vias como a Louren\u00e7o da Silva Braga, rua dos Bar\u00e9s e rua Bar\u00e3o de S\u00e3o Domingos. Na avenida Get\u00falio Vargas, mais de 380 metros de cal\u00e7adas foram revitalizados e outros 150 metros de meio-fio implantados.<\/p>\n\n\n\n<p>O vice-prefeito e secret\u00e1rio de Obras, Renato Junior, destacou a relev\u00e2ncia da a\u00e7\u00e3o. \u201cRevitalizar o centro hist\u00f3rico \u00e9 devolver dignidade e qualidade de vida para quem vive, trabalha e visita essa regi\u00e3o. A manuten\u00e7\u00e3o das cal\u00e7adas pode parecer simples, mas \u00e9 fundamental para a mobilidade urbana e para a valoriza\u00e7\u00e3o do patrim\u00f4nio hist\u00f3rico da nossa cidade. O prefeito David Almeida tem nos orientado a intensificar essas obras e n\u00f3s estamos firmes nesse compromisso\u201d, afirmou.<\/p>\n\n\n\n<p>A professora de inform\u00e1tica, Viviane Gomes, de 53 anos, moradora da avenida Get\u00falio Vargas, ressaltou a import\u00e2ncia das melhorias. \u201cTemos um carinho especial pelo centro da cidade. Ver a prefeitura atuando aqui nos enche de alegria. Esse trabalho \u00e9 essencial e chega em boa hora\u201d, disse.<\/p>\n\n\n\n<p>A Prefeitura de Manaus segue com o cronograma de recupera\u00e7\u00e3o de passeios p\u00fablicos em v\u00e1rias zonas da capital, com aten\u00e7\u00e3o especial ao centro hist\u00f3rico, \u00e1rea de intensa movimenta\u00e7\u00e3o de comerciantes, clientes e turistas. O objetivo \u00e9 revitalizar o cora\u00e7\u00e3o da cidade, tornando-o mais acess\u00edvel, seguro e acolhedor para todos.<\/p>\n\n\n\n<figure class=\"wp-block-image size-large\"><img loading=\"lazy\" decoding=\"async\" width=\"1024\" height=\"682\" src=\"https:\/\/www.manaus.am.gov.br\/semcom\/wp-content\/uploads\/sites\/5\/2025\/08\/Mutirao-no-Centro-2-1024x682.jpeg\" alt=\"\" class=\"wp-image-244263\" srcset=\"https:\/\/www.manaus.am.gov.br\/semcom\/wp-content\/uploads\/sites\/5\/2025\/08\/Mutirao-no-Centro-2-1024x682.jpeg 1024w, https:\/\/www.manaus.am.gov.br\/semcom\/wp-content\/uploads\/sites\/5\/2025\/08\/Mutirao-no-Centro-2-300x200.jpeg 300w, https:\/\/www.manaus.am.gov.br\/semcom\/wp-content\/uploads\/sites\/5\/2025\/08\/Mutirao-no-Centro-2-768x512.jpeg 768w, https:\/\/www.manaus.am.gov.br\/semcom\/wp-content\/uploads\/sites\/5\/2025\/08\/Mutirao-no-Centro-2-1536x1023.jpeg 1536w, https:\/\/www.manaus.am.gov.br\/semcom\/wp-content\/uploads\/sites\/5\/2025\/08\/Mutirao-no-Centro-2.jpeg 1600w\" sizes=\"(max-width: 1024px) 100vw, 1024px\" \/><\/figure>\n\n\n\n<p>&#8212; &#8212; &#8212;<\/p>\n\n\n\n<p><strong>Texto <\/strong>&#8211; Eduarda Lira\/Seminf<\/p>\n\n\n\n<p><strong>Fotos &#8211;<\/strong> M\u00e1rcio Melo\/Seminf<\/p>\n","protected":false},"excerpt":{"rendered":"","protected":false},"author":39,"featured_media":244262,"comment_status":"closed","ping_status":"closed","sticky":false,"template":"","format":"standard","meta":{"footnotes":""},"categories":[2504],"tags":[661,3146,15027,77,16453,33],"acf":[],"yoast_head":"<!-- This site is optimized with the Yoast SEO plugin v23.0 - https:\/\/yoast.com\/wordpress\/plugins\/seo\/ -->\n<title>Prefeitura revitaliza mais de mil metros de cal\u00e7adas no Centro<\/title>\n<meta name=\"description\" content=\"Prefeitura revitaliza mais de mil metros de cal\u00e7adas e transforma acessibilidade no Centro Hist\u00f3rico de Manaus.\" \/>\n<meta name=\"robots\" content=\"index, follow, max-snippet:-1, max-image-preview:large, max-video-preview:-1\" \/>\n<link rel=\"canonical\" href=\"https:\/\/www.manaus.am.gov.br\/semcom\/revitalizacao-calcadas-centro\/\" \/>\n<meta property=\"og:locale\" content=\"pt_BR\" \/>\n<meta property=\"og:type\" content=\"article\" \/>\n<meta property=\"og:title\" content=\"Prefeitura revitaliza mais de mil metros de cal\u00e7adas no Centro\" \/>\n<meta property=\"og:description\" content=\"Prefeitura revitaliza mais de mil metros de cal\u00e7adas e transforma acessibilidade no Centro Hist\u00f3rico de Manaus.\" \/>\n<meta property=\"og:url\" content=\"https:\/\/www.manaus.am.gov.br\/semcom\/revitalizacao-calcadas-centro\/\" \/>\n<meta property=\"og:site_name\" content=\"SEMCOM\" \/>\n<meta property=\"article:published_time\" content=\"2025-08-23T14:48:22+00:00\" \/>\n<meta property=\"og:image\" content=\"https:\/\/www.manaus.am.gov.br\/semcom\/wp-content\/uploads\/sites\/5\/2025\/08\/Mutirao-no-Centro-1.jpeg\" \/>\n\t<meta property=\"og:image:width\" content=\"1600\" \/>\n\t<meta property=\"og:image:height\" content=\"1066\" \/>\n\t<meta property=\"og:image:type\" content=\"image\/jpeg\" \/>\n<meta name=\"author\" content=\"Bruna Greco\" \/>\n<meta name=\"twitter:card\" content=\"summary_large_image\" \/>\n<meta name=\"twitter:label1\" content=\"Written by\" \/>\n\t<meta name=\"twitter:data1\" content=\"Bruna Greco\" \/>\n\t<meta name=\"twitter:label2\" content=\"Est. reading time\" \/>\n\t<meta name=\"twitter:data2\" content=\"3 minutos\" \/>\n<script type=\"application\/ld+json\" class=\"yoast-schema-graph\">{\"@context\":\"https:\/\/schema.org\",\"@graph\":[{\"@type\":\"WebPage\",\"@id\":\"https:\/\/www.manaus.am.gov.br\/semcom\/revitalizacao-calcadas-centro\/\",\"url\":\"https:\/\/www.manaus.am.gov.br\/semcom\/revitalizacao-calcadas-centro\/\",\"name\":\"Prefeitura revitaliza mais de mil metros de cal\u00e7adas no Centro\",\"isPartOf\":{\"@id\":\"https:\/\/www.manaus.am.gov.br\/semcom\/#website\"},\"primaryImageOfPage\":{\"@id\":\"https:\/\/www.manaus.am.gov.br\/semcom\/revitalizacao-calcadas-centro\/#primaryimage\"},\"image\":{\"@id\":\"https:\/\/www.manaus.am.gov.br\/semcom\/revitalizacao-calcadas-centro\/#primaryimage\"},\"thumbnailUrl\":\"https:\/\/www.manaus.am.gov.br\/semcom\/wp-content\/uploads\/sites\/5\/2025\/08\/Mutirao-no-Centro-1.jpeg\",\"datePublished\":\"2025-08-23T14:48:22+00:00\",\"dateModified\":\"2025-08-23T14:48:22+00:00\",\"author\":{\"@id\":\"https:\/\/www.manaus.am.gov.br\/semcom\/#\/schema\/person\/05d223aea2bf115f9883a6ff3683d81b\"},\"description\":\"Prefeitura revitaliza mais de mil metros de cal\u00e7adas e transforma acessibilidade no Centro Hist\u00f3rico de Manaus.\",\"inLanguage\":\"pt-BR\",\"potentialAction\":[{\"@type\":\"ReadAction\",\"target\":[\"https:\/\/www.manaus.am.gov.br\/semcom\/revitalizacao-calcadas-centro\/\"]}]},{\"@type\":\"ImageObject\",\"inLanguage\":\"pt-BR\",\"@id\":\"https:\/\/www.manaus.am.gov.br\/semcom\/revitalizacao-calcadas-centro\/#primaryimage\",\"url\":\"https:\/\/www.manaus.am.gov.br\/semcom\/wp-content\/uploads\/sites\/5\/2025\/08\/Mutirao-no-Centro-1.jpeg\",\"contentUrl\":\"https:\/\/www.manaus.am.gov.br\/semcom\/wp-content\/uploads\/sites\/5\/2025\/08\/Mutirao-no-Centro-1.jpeg\",\"width\":1600,\"height\":1066,\"caption\":\"#paratodosverem - Equipe da Seminf realizando a revitaliza\u00e7\u00e3o de cal\u00e7adas no Centro como parte das a\u00e7\u00f5es do \\\"Mutir\u00e3o no Bairro\\\"\"},{\"@type\":\"WebSite\",\"@id\":\"https:\/\/www.manaus.am.gov.br\/semcom\/#website\",\"url\":\"https:\/\/www.manaus.am.gov.br\/semcom\/\",\"name\":\"SEMCOM\",\"description\":\"Secretaria Municipal de Comunica\u00e7\u00e3o\",\"potentialAction\":[{\"@type\":\"SearchAction\",\"target\":{\"@type\":\"EntryPoint\",\"urlTemplate\":\"https:\/\/www.manaus.am.gov.br\/semcom\/?s={search_term_string}\"},\"query-input\":\"required name=search_term_string\"}],\"inLanguage\":\"pt-BR\"},{\"@type\":\"Person\",\"@id\":\"https:\/\/www.manaus.am.gov.br\/semcom\/#\/schema\/person\/05d223aea2bf115f9883a6ff3683d81b\",\"name\":\"Bruna Greco\",\"image\":{\"@type\":\"ImageObject\",\"inLanguage\":\"pt-BR\",\"@id\":\"https:\/\/www.manaus.am.gov.br\/semcom\/#\/schema\/person\/image\/\",\"url\":\"https:\/\/secure.gravatar.com\/avatar\/9c877d1a6adc2a055330e5c09a8653ce?s=96&d=mm&r=g\",\"contentUrl\":\"https:\/\/secure.gravatar.com\/avatar\/9c877d1a6adc2a055330e5c09a8653ce?s=96&d=mm&r=g\",\"caption\":\"Bruna Greco\"}}]}<\/script>\n<!-- \/ Yoast SEO plugin. -->","yoast_head_json":{"title":"Prefeitura revitaliza mais de mil metros de cal\u00e7adas no Centro","description":"Prefeitura revitaliza mais de mil metros de cal\u00e7adas e transforma acessibilidade no Centro Hist\u00f3rico de Manaus.","robots":{"index":"index","follow":"follow","max-snippet":"max-snippet:-1","max-image-preview":"max-image-preview:large","max-video-preview":"max-video-preview:-1"},"canonical":"https:\/\/www.manaus.am.gov.br\/semcom\/revitalizacao-calcadas-centro\/","og_locale":"pt_BR","og_type":"article","og_title":"Prefeitura revitaliza mais de mil metros de cal\u00e7adas no Centro","og_description":"Prefeitura revitaliza mais de mil metros de cal\u00e7adas e transforma acessibilidade no Centro Hist\u00f3rico de Manaus.","og_url":"https:\/\/www.manaus.am.gov.br\/semcom\/revitalizacao-calcadas-centro\/","og_site_name":"SEMCOM","article_published_time":"2025-08-23T14:48:22+00:00","og_image":[{"width":1600,"height":1066,"url":"https:\/\/www.manaus.am.gov.br\/semcom\/wp-content\/uploads\/sites\/5\/2025\/08\/Mutirao-no-Centro-1.jpeg","type":"image\/jpeg"}],"author":"Bruna Greco","twitter_card":"summary_large_image","twitter_misc":{"Written by":"Bruna Greco","Est. reading time":"3 minutos"},"schema":{"@context":"https:\/\/schema.org","@graph":[{"@type":"WebPage","@id":"https:\/\/www.manaus.am.gov.br\/semcom\/revitalizacao-calcadas-centro\/","url":"https:\/\/www.manaus.am.gov.br\/semcom\/revitalizacao-calcadas-centro\/","name":"Prefeitura revitaliza mais de mil metros de cal\u00e7adas no Centro","isPartOf":{"@id":"https:\/\/www.manaus.am.gov.br\/semcom\/#website"},"primaryImageOfPage":{"@id":"https:\/\/www.manaus.am.gov.br\/semcom\/revitalizacao-calcadas-centro\/#primaryimage"},"image":{"@id":"https:\/\/www.manaus.am.gov.br\/semcom\/revitalizacao-calcadas-centro\/#primaryimage"},"thumbnailUrl":"https:\/\/www.manaus.am.gov.br\/semcom\/wp-content\/uploads\/sites\/5\/2025\/08\/Mutirao-no-Centro-1.jpeg","datePublished":"2025-08-23T14:48:22+00:00","dateModified":"2025-08-23T14:48:22+00:00","author":{"@id":"https:\/\/www.manaus.am.gov.br\/semcom\/#\/schema\/person\/05d223aea2bf115f9883a6ff3683d81b"},"description":"Prefeitura revitaliza mais de mil metros de cal\u00e7adas e transforma acessibilidade no Centro Hist\u00f3rico de Manaus.","inLanguage":"pt-BR","potentialAction":[{"@type":"ReadAction","target":["https:\/\/www.manaus.am.gov.br\/semcom\/revitalizacao-calcadas-centro\/"]}]},{"@type":"ImageObject","inLanguage":"pt-BR","@id":"https:\/\/www.manaus.am.gov.br\/semcom\/revitalizacao-calcadas-centro\/#primaryimage","url":"https:\/\/www.manaus.am.gov.br\/semcom\/wp-content\/uploads\/sites\/5\/2025\/08\/Mutirao-no-Centro-1.jpeg","contentUrl":"https:\/\/www.manaus.am.gov.br\/semcom\/wp-content\/uploads\/sites\/5\/2025\/08\/Mutirao-no-Centro-1.jpeg","width":1600,"height":1066,"caption":"#paratodosverem - Equipe da Seminf realizando a revitaliza\u00e7\u00e3o de cal\u00e7adas no Centro como parte das a\u00e7\u00f5es do \"Mutir\u00e3o no Bairro\""},{"@type":"WebSite","@id":"https:\/\/www.manaus.am.gov.br\/semcom\/#website","url":"https:\/\/www.manaus.am.gov.br\/semcom\/","name":"SEMCOM","description":"Secretaria Municipal de Comunica\u00e7\u00e3o","potentialAction":[{"@type":"SearchAction","target":{"@type":"EntryPoint","urlTemplate":"https:\/\/www.manaus.am.gov.br\/semcom\/?s={search_term_string}"},"query-input":"required name=search_term_string"}],"inLanguage":"pt-BR"},{"@type":"Person","@id":"https:\/\/www.manaus.am.gov.br\/semcom\/#\/schema\/person\/05d223aea2bf115f9883a6ff3683d81b","name":"Bruna Greco","image":{"@type":"ImageObject","inLanguage":"pt-BR","@id":"https:\/\/www.manaus.am.gov.br\/semcom\/#\/schema\/person\/image\/","url":"https:\/\/secure.gravatar.com\/avatar\/9c877d1a6adc2a055330e5c09a8653ce?s=96&d=mm&r=g","contentUrl":"https:\/\/secure.gravatar.com\/avatar\/9c877d1a6adc2a055330e5c09a8653ce?s=96&d=mm&r=g","caption":"Bruna Greco"}}]}},"_links":{"self":[{"href":"https:\/\/www.manaus.am.gov.br\/semcom\/wp-json\/wp\/v2\/posts\/244261"}],"collection":[{"href":"https:\/\/www.manaus.am.gov.br\/semcom\/wp-json\/wp\/v2\/posts"}],"about":[{"href":"https:\/\/www.manaus.am.gov.br\/semcom\/wp-json\/wp\/v2\/types\/post"}],"author":[{"embeddable":true,"href":"https:\/\/www.manaus.am.gov.br\/semcom\/wp-json\/wp\/v2\/users\/39"}],"replies":[{"embeddable":true,"href":"https:\/\/www.manaus.am.gov.br\/semcom\/wp-json\/wp\/v2\/comments?post=244261"}],"version-history":[{"count":1,"href":"https:\/\/www.manaus.am.gov.br\/semcom\/wp-json\/wp\/v2\/posts\/244261\/revisions"}],"predecessor-version":[{"id":244264,"href":"https:\/\/www.manaus.am.gov.br\/semcom\/wp-json\/wp\/v2\/posts\/244261\/revisions\/244264"}],"wp:featuredmedia":[{"embeddable":true,"href":"https:\/\/www.manaus.am.gov.br\/semcom\/wp-json\/wp\/v2\/media\/244262"}],"wp:attachment":[{"href":"https:\/\/www.manaus.am.gov.br\/semcom\/wp-json\/wp\/v2\/media?parent=244261"}],"wp:term":[{"taxonomy":"category","embeddable":true,"href":"https:\/\/www.manaus.am.gov.br\/semcom\/wp-json\/wp\/v2\/categories?post=244261"},{"taxonomy":"post_tag","embeddable":true,"href":"https:\/\/www.manaus.am.gov.br\/semcom\/wp-json\/wp\/v2\/tags?post=244261"}],"curies":[{"name":"wp","href":"https:\/\/api.w.org\/{rel}","templated":true}]}}