{"id":244183,"date":"2025-08-22T09:50:25","date_gmt":"2025-08-22T13:50:25","guid":{"rendered":"https:\/\/www.manaus.am.gov.br\/semcom\/prefeitura-semtepi-selecionados-empretec\/"},"modified":"2025-08-22T09:50:25","modified_gmt":"2025-08-22T13:50:25","slug":"prefeitura-semtepi-selecionados-empretec","status":"publish","type":"post","link":"https:\/\/www.manaus.am.gov.br\/semcom\/prefeitura-semtepi-selecionados-empretec\/","title":{"rendered":"Prefeitura anuncia nomes dos selecionados para o Empretec"},"content":{"rendered":"\n<p>A Prefeitura de Manaus, por meio da Secretaria Municipal do Trabalho, Empreendedorismo e Inova\u00e7\u00e3o (Semtepi), anunciou, nesta sexta-feira, 22\/8, a lista completa com os nomes dos nomes selecionados para a 329\u00aa turma da capacita\u00e7\u00e3o para empreendedores, o Empretec. As aulas v\u00e3o acontecer de 25 a 30\/8, no pr\u00e9dio do&nbsp;Sebrae, localizado na avenida Leonardo Malcher, n\u00b0 924, no Centro.<\/p>\n\n\n\n<p>A capacita\u00e7\u00e3o \u00e9 realizada em parceria com o Servi\u00e7o Brasileiro de Apoio \u00e0s Micro e Pequenas&nbsp;(Sebrae-AM), e ofereceu mais de 20 vagas para empreendedores formais e informais que desejam aprimorar as habilidades de gest\u00e3o, lideran\u00e7a, tomada de decis\u00e3o e desenvolvimento de oportunidades.&nbsp;<br><br>&#8220;A sede pelo conhecimento caminha lado a lado com o empreendedor. Quanto mais ele busca conte\u00fado, mais se aperfei\u00e7oa para se destacar no mercado de trabalho. Parab\u00e9ns aos selecionados. Fa\u00e7am dessa oportunidade a melhor experi\u00eancia da jornada empreendedora de voc\u00eas&#8221;, destacou o titular da Semtepi, Alonso Oliveira.<\/p>\n\n\n\n<p>O Empretec \u00e9 um semin\u00e1rio intensivo com 60 horas de capacita\u00e7\u00e3o pr\u00e1tica, baseado em estudos que estimulam os dez comportamentos do empreendedor de sucesso. Al\u00e9m disso, o curso possui uma metodologia desenvolvida pela Organiza\u00e7\u00e3o das Na\u00e7\u00f5es Unidas (ONU) e est\u00e1 presente em mais de 40 pa\u00edses.<\/p>\n\n\n\n<p>\u2014 \u2014 \u2014 <\/p>\n\n\n\n<p>Texto e fotos \u2013\u00a0Divulga\u00e7\u00e3o\/Semtepi<\/p>\n\n\n\n<div class=\"wp-block-file\"><a id=\"wp-block-file--media-695105f3-9374-4b35-b91a-a07c93d121a6\" href=\"https:\/\/www.manaus.am.gov.br\/semcom\/wp-content\/uploads\/sites\/5\/2025\/08\/RELACAO-DE-PARTICIPANTES-APTOS_TURMA-329-EMPRETEC_SEMTEPI.docx\">RELA\u00c7\u00c3O DE PARTICIPANTES APTOS_TURMA 329 EMPRETEC_SEMTEPI<\/a><a href=\"https:\/\/www.manaus.am.gov.br\/semcom\/wp-content\/uploads\/sites\/5\/2025\/08\/RELACAO-DE-PARTICIPANTES-APTOS_TURMA-329-EMPRETEC_SEMTEPI.docx\" class=\"wp-block-file__button wp-element-button\" download aria-describedby=\"wp-block-file--media-695105f3-9374-4b35-b91a-a07c93d121a6\">Baixar<\/a><\/div>\n","protected":false},"excerpt":{"rendered":"","protected":false},"author":23,"featured_media":244184,"comment_status":"closed","ping_status":"closed","sticky":false,"template":"","format":"standard","meta":{"footnotes":""},"categories":[24],"tags":[1841,77,3618,1845,22],"acf":[],"yoast_head":"<!-- This site is optimized with the Yoast SEO plugin v23.0 - https:\/\/yoast.com\/wordpress\/plugins\/seo\/ -->\n<title>Prefeitura anuncia nomes dos selecionados para o Empretec<\/title>\n<meta name=\"description\" content=\"A Prefeitura de Manaus, por meio da Secretaria Municipal do Trabalho, Empreendedorismo e Inova\u00e7\u00e3o (Semtepi), anunciou, nesta sexta-feira, 22\/8, a lista completa com os nomes dos nomes selecionados para a 329\u00aa turma da capacita\u00e7\u00e3o para empreendedores, o Empretec.\" \/>\n<meta name=\"robots\" content=\"index, follow, max-snippet:-1, max-image-preview:large, max-video-preview:-1\" \/>\n<link rel=\"canonical\" href=\"https:\/\/www.manaus.am.gov.br\/semcom\/prefeitura-semtepi-selecionados-empretec\/\" \/>\n<meta property=\"og:locale\" content=\"pt_BR\" \/>\n<meta property=\"og:type\" content=\"article\" \/>\n<meta property=\"og:title\" content=\"Prefeitura anuncia nomes dos selecionados para o Empretec\" \/>\n<meta property=\"og:description\" content=\"A Prefeitura de Manaus, por meio da Secretaria Municipal do Trabalho, Empreendedorismo e Inova\u00e7\u00e3o (Semtepi), anunciou, nesta sexta-feira, 22\/8, a lista completa com os nomes dos nomes selecionados para a 329\u00aa turma da capacita\u00e7\u00e3o para empreendedores, o Empretec.\" \/>\n<meta property=\"og:url\" content=\"https:\/\/www.manaus.am.gov.br\/semcom\/prefeitura-semtepi-selecionados-empretec\/\" \/>\n<meta property=\"og:site_name\" content=\"SEMCOM\" \/>\n<meta property=\"article:published_time\" content=\"2025-08-22T13:50:25+00:00\" \/>\n<meta property=\"og:image\" content=\"https:\/\/www.manaus.am.gov.br\/semcom\/wp-content\/uploads\/sites\/5\/2025\/08\/EPDK4794.jpg\" \/>\n\t<meta property=\"og:image:width\" content=\"3936\" \/>\n\t<meta property=\"og:image:height\" content=\"2624\" \/>\n\t<meta property=\"og:image:type\" content=\"image\/jpeg\" \/>\n<meta name=\"author\" content=\"Adriana Costa\" \/>\n<meta name=\"twitter:card\" content=\"summary_large_image\" \/>\n<meta name=\"twitter:label1\" content=\"Written by\" \/>\n\t<meta name=\"twitter:data1\" content=\"Adriana Costa\" \/>\n\t<meta name=\"twitter:label2\" content=\"Est. reading time\" \/>\n\t<meta name=\"twitter:data2\" content=\"2 minutos\" \/>\n<script type=\"application\/ld+json\" class=\"yoast-schema-graph\">{\"@context\":\"https:\/\/schema.org\",\"@graph\":[{\"@type\":\"WebPage\",\"@id\":\"https:\/\/www.manaus.am.gov.br\/semcom\/prefeitura-semtepi-selecionados-empretec\/\",\"url\":\"https:\/\/www.manaus.am.gov.br\/semcom\/prefeitura-semtepi-selecionados-empretec\/\",\"name\":\"Prefeitura anuncia nomes dos selecionados para o Empretec\",\"isPartOf\":{\"@id\":\"https:\/\/www.manaus.am.gov.br\/semcom\/#website\"},\"primaryImageOfPage\":{\"@id\":\"https:\/\/www.manaus.am.gov.br\/semcom\/prefeitura-semtepi-selecionados-empretec\/#primaryimage\"},\"image\":{\"@id\":\"https:\/\/www.manaus.am.gov.br\/semcom\/prefeitura-semtepi-selecionados-empretec\/#primaryimage\"},\"thumbnailUrl\":\"https:\/\/www.manaus.am.gov.br\/semcom\/wp-content\/uploads\/sites\/5\/2025\/08\/EPDK4794.jpg\",\"datePublished\":\"2025-08-22T13:50:25+00:00\",\"dateModified\":\"2025-08-22T13:50:25+00:00\",\"author\":{\"@id\":\"https:\/\/www.manaus.am.gov.br\/semcom\/#\/schema\/person\/4e49f4e267757a06ca072ec61b2b9968\"},\"description\":\"A Prefeitura de Manaus, por meio da Secretaria Municipal do Trabalho, Empreendedorismo e Inova\u00e7\u00e3o (Semtepi), anunciou, nesta sexta-feira, 22\/8, a lista completa com os nomes dos nomes selecionados para a 329\u00aa turma da capacita\u00e7\u00e3o para empreendedores, o Empretec.\",\"inLanguage\":\"pt-BR\",\"potentialAction\":[{\"@type\":\"ReadAction\",\"target\":[\"https:\/\/www.manaus.am.gov.br\/semcom\/prefeitura-semtepi-selecionados-empretec\/\"]}]},{\"@type\":\"ImageObject\",\"inLanguage\":\"pt-BR\",\"@id\":\"https:\/\/www.manaus.am.gov.br\/semcom\/prefeitura-semtepi-selecionados-empretec\/#primaryimage\",\"url\":\"https:\/\/www.manaus.am.gov.br\/semcom\/wp-content\/uploads\/sites\/5\/2025\/08\/EPDK4794.jpg\",\"contentUrl\":\"https:\/\/www.manaus.am.gov.br\/semcom\/wp-content\/uploads\/sites\/5\/2025\/08\/EPDK4794.jpg\",\"width\":3936,\"height\":2624},{\"@type\":\"WebSite\",\"@id\":\"https:\/\/www.manaus.am.gov.br\/semcom\/#website\",\"url\":\"https:\/\/www.manaus.am.gov.br\/semcom\/\",\"name\":\"SEMCOM\",\"description\":\"Secretaria Municipal de Comunica\u00e7\u00e3o\",\"potentialAction\":[{\"@type\":\"SearchAction\",\"target\":{\"@type\":\"EntryPoint\",\"urlTemplate\":\"https:\/\/www.manaus.am.gov.br\/semcom\/?s={search_term_string}\"},\"query-input\":\"required name=search_term_string\"}],\"inLanguage\":\"pt-BR\"},{\"@type\":\"Person\",\"@id\":\"https:\/\/www.manaus.am.gov.br\/semcom\/#\/schema\/person\/4e49f4e267757a06ca072ec61b2b9968\",\"name\":\"Adriana Costa\",\"image\":{\"@type\":\"ImageObject\",\"inLanguage\":\"pt-BR\",\"@id\":\"https:\/\/www.manaus.am.gov.br\/semcom\/#\/schema\/person\/image\/\",\"url\":\"https:\/\/secure.gravatar.com\/avatar\/576258617ef7194f718179e766d57bd4?s=96&d=mm&r=g\",\"contentUrl\":\"https:\/\/secure.gravatar.com\/avatar\/576258617ef7194f718179e766d57bd4?s=96&d=mm&r=g\",\"caption\":\"Adriana Costa\"}}]}<\/script>\n<!-- \/ Yoast SEO plugin. -->","yoast_head_json":{"title":"Prefeitura anuncia nomes dos selecionados para o Empretec","description":"A Prefeitura de Manaus, por meio da Secretaria Municipal do Trabalho, Empreendedorismo e Inova\u00e7\u00e3o (Semtepi), anunciou, nesta sexta-feira, 22\/8, a lista completa com os nomes dos nomes selecionados para a 329\u00aa turma da capacita\u00e7\u00e3o para empreendedores, o Empretec.","robots":{"index":"index","follow":"follow","max-snippet":"max-snippet:-1","max-image-preview":"max-image-preview:large","max-video-preview":"max-video-preview:-1"},"canonical":"https:\/\/www.manaus.am.gov.br\/semcom\/prefeitura-semtepi-selecionados-empretec\/","og_locale":"pt_BR","og_type":"article","og_title":"Prefeitura anuncia nomes dos selecionados para o Empretec","og_description":"A Prefeitura de Manaus, por meio da Secretaria Municipal do Trabalho, Empreendedorismo e Inova\u00e7\u00e3o (Semtepi), anunciou, nesta sexta-feira, 22\/8, a lista completa com os nomes dos nomes selecionados para a 329\u00aa turma da capacita\u00e7\u00e3o para empreendedores, o Empretec.","og_url":"https:\/\/www.manaus.am.gov.br\/semcom\/prefeitura-semtepi-selecionados-empretec\/","og_site_name":"SEMCOM","article_published_time":"2025-08-22T13:50:25+00:00","og_image":[{"width":3936,"height":2624,"url":"https:\/\/www.manaus.am.gov.br\/semcom\/wp-content\/uploads\/sites\/5\/2025\/08\/EPDK4794.jpg","type":"image\/jpeg"}],"author":"Adriana Costa","twitter_card":"summary_large_image","twitter_misc":{"Written by":"Adriana Costa","Est. reading time":"2 minutos"},"schema":{"@context":"https:\/\/schema.org","@graph":[{"@type":"WebPage","@id":"https:\/\/www.manaus.am.gov.br\/semcom\/prefeitura-semtepi-selecionados-empretec\/","url":"https:\/\/www.manaus.am.gov.br\/semcom\/prefeitura-semtepi-selecionados-empretec\/","name":"Prefeitura anuncia nomes dos selecionados para o Empretec","isPartOf":{"@id":"https:\/\/www.manaus.am.gov.br\/semcom\/#website"},"primaryImageOfPage":{"@id":"https:\/\/www.manaus.am.gov.br\/semcom\/prefeitura-semtepi-selecionados-empretec\/#primaryimage"},"image":{"@id":"https:\/\/www.manaus.am.gov.br\/semcom\/prefeitura-semtepi-selecionados-empretec\/#primaryimage"},"thumbnailUrl":"https:\/\/www.manaus.am.gov.br\/semcom\/wp-content\/uploads\/sites\/5\/2025\/08\/EPDK4794.jpg","datePublished":"2025-08-22T13:50:25+00:00","dateModified":"2025-08-22T13:50:25+00:00","author":{"@id":"https:\/\/www.manaus.am.gov.br\/semcom\/#\/schema\/person\/4e49f4e267757a06ca072ec61b2b9968"},"description":"A Prefeitura de Manaus, por meio da Secretaria Municipal do Trabalho, Empreendedorismo e Inova\u00e7\u00e3o (Semtepi), anunciou, nesta sexta-feira, 22\/8, a lista completa com os nomes dos nomes selecionados para a 329\u00aa turma da capacita\u00e7\u00e3o para empreendedores, o Empretec.","inLanguage":"pt-BR","potentialAction":[{"@type":"ReadAction","target":["https:\/\/www.manaus.am.gov.br\/semcom\/prefeitura-semtepi-selecionados-empretec\/"]}]},{"@type":"ImageObject","inLanguage":"pt-BR","@id":"https:\/\/www.manaus.am.gov.br\/semcom\/prefeitura-semtepi-selecionados-empretec\/#primaryimage","url":"https:\/\/www.manaus.am.gov.br\/semcom\/wp-content\/uploads\/sites\/5\/2025\/08\/EPDK4794.jpg","contentUrl":"https:\/\/www.manaus.am.gov.br\/semcom\/wp-content\/uploads\/sites\/5\/2025\/08\/EPDK4794.jpg","width":3936,"height":2624},{"@type":"WebSite","@id":"https:\/\/www.manaus.am.gov.br\/semcom\/#website","url":"https:\/\/www.manaus.am.gov.br\/semcom\/","name":"SEMCOM","description":"Secretaria Municipal de Comunica\u00e7\u00e3o","potentialAction":[{"@type":"SearchAction","target":{"@type":"EntryPoint","urlTemplate":"https:\/\/www.manaus.am.gov.br\/semcom\/?s={search_term_string}"},"query-input":"required name=search_term_string"}],"inLanguage":"pt-BR"},{"@type":"Person","@id":"https:\/\/www.manaus.am.gov.br\/semcom\/#\/schema\/person\/4e49f4e267757a06ca072ec61b2b9968","name":"Adriana Costa","image":{"@type":"ImageObject","inLanguage":"pt-BR","@id":"https:\/\/www.manaus.am.gov.br\/semcom\/#\/schema\/person\/image\/","url":"https:\/\/secure.gravatar.com\/avatar\/576258617ef7194f718179e766d57bd4?s=96&d=mm&r=g","contentUrl":"https:\/\/secure.gravatar.com\/avatar\/576258617ef7194f718179e766d57bd4?s=96&d=mm&r=g","caption":"Adriana Costa"}}]}},"_links":{"self":[{"href":"https:\/\/www.manaus.am.gov.br\/semcom\/wp-json\/wp\/v2\/posts\/244183"}],"collection":[{"href":"https:\/\/www.manaus.am.gov.br\/semcom\/wp-json\/wp\/v2\/posts"}],"about":[{"href":"https:\/\/www.manaus.am.gov.br\/semcom\/wp-json\/wp\/v2\/types\/post"}],"author":[{"embeddable":true,"href":"https:\/\/www.manaus.am.gov.br\/semcom\/wp-json\/wp\/v2\/users\/23"}],"replies":[{"embeddable":true,"href":"https:\/\/www.manaus.am.gov.br\/semcom\/wp-json\/wp\/v2\/comments?post=244183"}],"version-history":[{"count":1,"href":"https:\/\/www.manaus.am.gov.br\/semcom\/wp-json\/wp\/v2\/posts\/244183\/revisions"}],"predecessor-version":[{"id":244186,"href":"https:\/\/www.manaus.am.gov.br\/semcom\/wp-json\/wp\/v2\/posts\/244183\/revisions\/244186"}],"wp:featuredmedia":[{"embeddable":true,"href":"https:\/\/www.manaus.am.gov.br\/semcom\/wp-json\/wp\/v2\/media\/244184"}],"wp:attachment":[{"href":"https:\/\/www.manaus.am.gov.br\/semcom\/wp-json\/wp\/v2\/media?parent=244183"}],"wp:term":[{"taxonomy":"category","embeddable":true,"href":"https:\/\/www.manaus.am.gov.br\/semcom\/wp-json\/wp\/v2\/categories?post=244183"},{"taxonomy":"post_tag","embeddable":true,"href":"https:\/\/www.manaus.am.gov.br\/semcom\/wp-json\/wp\/v2\/tags?post=244183"}],"curies":[{"name":"wp","href":"https:\/\/api.w.org\/{rel}","templated":true}]}}