{"id":244179,"date":"2025-08-22T10:31:14","date_gmt":"2025-08-22T13:31:14","guid":{"rendered":"https:\/\/www.manaus.am.gov.br\/semcom\/ageman-vistorianoturna-centro\/"},"modified":"2025-08-22T10:31:15","modified_gmt":"2025-08-22T13:31:15","slug":"ageman-vistorianoturna-centro","status":"publish","type":"post","link":"https:\/\/www.manaus.am.gov.br\/semcom\/ageman-vistorianoturna-centro\/","title":{"rendered":"Ageman intensifica vistorias noturnas no centro de Manaus"},"content":{"rendered":"\n<p>Equipes de ilumina\u00e7\u00e3o p\u00fablica da Ag\u00eancia Reguladora dos Servi\u00e7os P\u00fablicos Delegados do Munic\u00edpio de Manaus (Ageman) refor\u00e7aram a fiscaliza\u00e7\u00e3o noturna no Centro Hist\u00f3rico de Manaus.<\/p>\n\n\n\n<p>Na vistoria realizada nesta semana, os t\u00e9cnicos da Diretoria de Gest\u00e3o Energ\u00e9tica e Ilumina\u00e7\u00e3o P\u00fablica (Digen), da Ageman, identificaram mais de 20 lumin\u00e1rias apagadas.<\/p>\n\n\n\n<p>As equipes verificaram n\u00e3o conformidades em 13 \u00e1reas, como o parque J\u00e9fferson P\u00e9res, na ponte met\u00e1lica da 7 de Setembro, pra\u00e7as da Matriz, da Saudade, da Pol\u00edcia, dos Rem\u00e9dios e Tenreiro Aranha, al\u00e9m das ruas Henrique Martins, Coronel S\u00e9rgio Pessoa, Quintino Bocai\u00fava e Floriano Peixoto.<\/p>\n\n\n\n<p>A vistoria tamb\u00e9m percorreu alguns pontos do bairro Santa Luzia, como os becos da Paz e do Areal, os quais receberam refor\u00e7o na ilumina\u00e7\u00e3o, ap\u00f3s solicita\u00e7\u00e3o dos moradores da localidade.<\/p>\n\n\n\n<p>Al\u00e9m da fiscaliza\u00e7\u00e3o, as equipes orientaram os usu\u00e1rios quanto ao uso do aplicativo Manaus + Luz,&nbsp;a partir do qual \u00e9 poss\u00edvel registrar,&nbsp;de forma pr\u00e1tica e r\u00e1pida, a ocorr\u00eancia de lumin\u00e1rias apagadas, piscando ou danificadas.<\/p>\n\n\n\n<p>\u201cEssas vistorias s\u00e3o importantes, porque conseguimos identificar se as solicita\u00e7\u00f5es que fizemos para a Manaus Luz foram realizadas e tamb\u00e9m para que a gente verifique a ocorr\u00eancia de novos pontos apagados, como a situa\u00e7\u00e3o que encontramos na rua Henrique Martins, onde o lado esquerdo da via estava praticamente todo no escuro, um problema ocasionado pelo furto de cabos, uma situa\u00e7\u00e3o que, infelizmente, ainda \u00e9 comum em toda a nossa cidade\u201d, destacou o diretor de Gest\u00e3o Energ\u00e9tica e Ilumina\u00e7\u00e3o P\u00fablica da Ageman, Everaldo Leal.<\/p>\n\n\n\n<p>Os reparos identificados pela Ageman durante as vistorias ser\u00e3o realizados pela concession\u00e1ria Manaus Luz.<\/p>\n\n\n\n<p>Atualmente, o parque de ilumina\u00e7\u00e3o p\u00fablica da capital encontra-se 100% em LED com mais de 165 mil lumin\u00e1rias implantadas na cidade. O servi\u00e7o tem proporcionado mais seguran\u00e7a e melhor luminosidade nas ruas, avenidas, becos, campos e quadras de esporte e lazer e pra\u00e7as.&nbsp;<\/p>\n\n\n\n<p>A Ageman orienta que os usu\u00e1rios tamb\u00e9m podem contribuir com a melhoria dos servi\u00e7os de ilumina\u00e7\u00e3o p\u00fablica, registrando as demandas para os consertos assim que identificarem os pontos apagados, por meio dos canais de atendimento da Manaus Luz a partir do 0800-201 0001, pelo aplicativo Manaus+Luz ou ainda pelo site&nbsp;<a href=\"http:\/\/www.manausluz.com.br\/\" target=\"_blank\" rel=\"noreferrer noopener\">www.manausluz.com.br<\/a>. A Ouvidoria da Ageman tamb\u00e9m atende as reclama\u00e7\u00f5es pelo 0800-092-3511 e pelo WhatsApp 98842-2919 e 98410-3247.<\/p>\n\n\n\n<p>&#8212; &#8212; &#8212;<\/p>\n\n\n\n<p><strong>Texto<\/strong>&nbsp;&#8211; Tereza Te\u00f3filo\/Ageman<br><strong>Fotos<\/strong>&nbsp;\u2013 Divulga\u00e7\u00e3o\/Ageman<\/p>\n","protected":false},"excerpt":{"rendered":"","protected":false},"author":23,"featured_media":244180,"comment_status":"closed","ping_status":"closed","sticky":false,"template":"","format":"standard","meta":{"footnotes":""},"categories":[1628],"tags":[215,414,88,219,15416],"acf":[],"yoast_head":"<!-- This site is optimized with the Yoast SEO plugin v23.0 - https:\/\/yoast.com\/wordpress\/plugins\/seo\/ -->\n<title>Ageman intensifica vistorias noturnas no centro de Manaus<\/title>\n<meta name=\"description\" content=\"Equipes de ilumina\u00e7\u00e3o p\u00fablica da Ag\u00eancia Reguladora dos Servi\u00e7os P\u00fablicos Delegados do Munic\u00edpio de Manaus (Ageman) refor\u00e7aram a fiscaliza\u00e7\u00e3o noturna no Centro Hist\u00f3rico de Manaus.\" \/>\n<meta name=\"robots\" content=\"index, follow, max-snippet:-1, max-image-preview:large, max-video-preview:-1\" \/>\n<link rel=\"canonical\" href=\"https:\/\/www.manaus.am.gov.br\/semcom\/ageman-vistorianoturna-centro\/\" \/>\n<meta property=\"og:locale\" content=\"pt_BR\" \/>\n<meta property=\"og:type\" content=\"article\" \/>\n<meta property=\"og:title\" content=\"Ageman intensifica vistorias noturnas no centro de Manaus\" \/>\n<meta property=\"og:description\" content=\"Equipes de ilumina\u00e7\u00e3o p\u00fablica da Ag\u00eancia Reguladora dos Servi\u00e7os P\u00fablicos Delegados do Munic\u00edpio de Manaus (Ageman) refor\u00e7aram a fiscaliza\u00e7\u00e3o noturna no Centro Hist\u00f3rico de Manaus.\" \/>\n<meta property=\"og:url\" content=\"https:\/\/www.manaus.am.gov.br\/semcom\/ageman-vistorianoturna-centro\/\" \/>\n<meta property=\"og:site_name\" content=\"SEMCOM\" \/>\n<meta property=\"article:published_time\" content=\"2025-08-22T13:31:14+00:00\" \/>\n<meta property=\"article:modified_time\" content=\"2025-08-22T13:31:15+00:00\" \/>\n<meta property=\"og:image\" content=\"https:\/\/www.manaus.am.gov.br\/semcom\/wp-content\/uploads\/sites\/5\/2025\/08\/WhatsApp-Image-2025-08-20-at-15.40.59-1.jpeg\" \/>\n\t<meta property=\"og:image:width\" content=\"1600\" \/>\n\t<meta property=\"og:image:height\" content=\"1200\" \/>\n\t<meta property=\"og:image:type\" content=\"image\/jpeg\" \/>\n<meta name=\"author\" content=\"Adriana Costa\" \/>\n<meta name=\"twitter:card\" content=\"summary_large_image\" \/>\n<meta name=\"twitter:label1\" content=\"Written by\" \/>\n\t<meta name=\"twitter:data1\" content=\"Adriana Costa\" \/>\n\t<meta name=\"twitter:label2\" content=\"Est. reading time\" \/>\n\t<meta name=\"twitter:data2\" content=\"3 minutos\" \/>\n<script type=\"application\/ld+json\" class=\"yoast-schema-graph\">{\"@context\":\"https:\/\/schema.org\",\"@graph\":[{\"@type\":\"WebPage\",\"@id\":\"https:\/\/www.manaus.am.gov.br\/semcom\/ageman-vistorianoturna-centro\/\",\"url\":\"https:\/\/www.manaus.am.gov.br\/semcom\/ageman-vistorianoturna-centro\/\",\"name\":\"Ageman intensifica vistorias noturnas no centro de Manaus\",\"isPartOf\":{\"@id\":\"https:\/\/www.manaus.am.gov.br\/semcom\/#website\"},\"primaryImageOfPage\":{\"@id\":\"https:\/\/www.manaus.am.gov.br\/semcom\/ageman-vistorianoturna-centro\/#primaryimage\"},\"image\":{\"@id\":\"https:\/\/www.manaus.am.gov.br\/semcom\/ageman-vistorianoturna-centro\/#primaryimage\"},\"thumbnailUrl\":\"https:\/\/www.manaus.am.gov.br\/semcom\/wp-content\/uploads\/sites\/5\/2025\/08\/WhatsApp-Image-2025-08-20-at-15.40.59-1.jpeg\",\"datePublished\":\"2025-08-22T13:31:14+00:00\",\"dateModified\":\"2025-08-22T13:31:15+00:00\",\"author\":{\"@id\":\"https:\/\/www.manaus.am.gov.br\/semcom\/#\/schema\/person\/4e49f4e267757a06ca072ec61b2b9968\"},\"description\":\"Equipes de ilumina\u00e7\u00e3o p\u00fablica da Ag\u00eancia Reguladora dos Servi\u00e7os P\u00fablicos Delegados do Munic\u00edpio de Manaus (Ageman) refor\u00e7aram a fiscaliza\u00e7\u00e3o noturna no Centro Hist\u00f3rico de Manaus.\",\"inLanguage\":\"pt-BR\",\"potentialAction\":[{\"@type\":\"ReadAction\",\"target\":[\"https:\/\/www.manaus.am.gov.br\/semcom\/ageman-vistorianoturna-centro\/\"]}]},{\"@type\":\"ImageObject\",\"inLanguage\":\"pt-BR\",\"@id\":\"https:\/\/www.manaus.am.gov.br\/semcom\/ageman-vistorianoturna-centro\/#primaryimage\",\"url\":\"https:\/\/www.manaus.am.gov.br\/semcom\/wp-content\/uploads\/sites\/5\/2025\/08\/WhatsApp-Image-2025-08-20-at-15.40.59-1.jpeg\",\"contentUrl\":\"https:\/\/www.manaus.am.gov.br\/semcom\/wp-content\/uploads\/sites\/5\/2025\/08\/WhatsApp-Image-2025-08-20-at-15.40.59-1.jpeg\",\"width\":1600,\"height\":1200},{\"@type\":\"WebSite\",\"@id\":\"https:\/\/www.manaus.am.gov.br\/semcom\/#website\",\"url\":\"https:\/\/www.manaus.am.gov.br\/semcom\/\",\"name\":\"SEMCOM\",\"description\":\"Secretaria Municipal de Comunica\u00e7\u00e3o\",\"potentialAction\":[{\"@type\":\"SearchAction\",\"target\":{\"@type\":\"EntryPoint\",\"urlTemplate\":\"https:\/\/www.manaus.am.gov.br\/semcom\/?s={search_term_string}\"},\"query-input\":\"required name=search_term_string\"}],\"inLanguage\":\"pt-BR\"},{\"@type\":\"Person\",\"@id\":\"https:\/\/www.manaus.am.gov.br\/semcom\/#\/schema\/person\/4e49f4e267757a06ca072ec61b2b9968\",\"name\":\"Adriana Costa\",\"image\":{\"@type\":\"ImageObject\",\"inLanguage\":\"pt-BR\",\"@id\":\"https:\/\/www.manaus.am.gov.br\/semcom\/#\/schema\/person\/image\/\",\"url\":\"https:\/\/secure.gravatar.com\/avatar\/576258617ef7194f718179e766d57bd4?s=96&d=mm&r=g\",\"contentUrl\":\"https:\/\/secure.gravatar.com\/avatar\/576258617ef7194f718179e766d57bd4?s=96&d=mm&r=g\",\"caption\":\"Adriana Costa\"}}]}<\/script>\n<!-- \/ Yoast SEO plugin. -->","yoast_head_json":{"title":"Ageman intensifica vistorias noturnas no centro de Manaus","description":"Equipes de ilumina\u00e7\u00e3o p\u00fablica da Ag\u00eancia Reguladora dos Servi\u00e7os P\u00fablicos Delegados do Munic\u00edpio de Manaus (Ageman) refor\u00e7aram a fiscaliza\u00e7\u00e3o noturna no Centro Hist\u00f3rico de Manaus.","robots":{"index":"index","follow":"follow","max-snippet":"max-snippet:-1","max-image-preview":"max-image-preview:large","max-video-preview":"max-video-preview:-1"},"canonical":"https:\/\/www.manaus.am.gov.br\/semcom\/ageman-vistorianoturna-centro\/","og_locale":"pt_BR","og_type":"article","og_title":"Ageman intensifica vistorias noturnas no centro de Manaus","og_description":"Equipes de ilumina\u00e7\u00e3o p\u00fablica da Ag\u00eancia Reguladora dos Servi\u00e7os P\u00fablicos Delegados do Munic\u00edpio de Manaus (Ageman) refor\u00e7aram a fiscaliza\u00e7\u00e3o noturna no Centro Hist\u00f3rico de Manaus.","og_url":"https:\/\/www.manaus.am.gov.br\/semcom\/ageman-vistorianoturna-centro\/","og_site_name":"SEMCOM","article_published_time":"2025-08-22T13:31:14+00:00","article_modified_time":"2025-08-22T13:31:15+00:00","og_image":[{"width":1600,"height":1200,"url":"https:\/\/www.manaus.am.gov.br\/semcom\/wp-content\/uploads\/sites\/5\/2025\/08\/WhatsApp-Image-2025-08-20-at-15.40.59-1.jpeg","type":"image\/jpeg"}],"author":"Adriana Costa","twitter_card":"summary_large_image","twitter_misc":{"Written by":"Adriana Costa","Est. reading time":"3 minutos"},"schema":{"@context":"https:\/\/schema.org","@graph":[{"@type":"WebPage","@id":"https:\/\/www.manaus.am.gov.br\/semcom\/ageman-vistorianoturna-centro\/","url":"https:\/\/www.manaus.am.gov.br\/semcom\/ageman-vistorianoturna-centro\/","name":"Ageman intensifica vistorias noturnas no centro de Manaus","isPartOf":{"@id":"https:\/\/www.manaus.am.gov.br\/semcom\/#website"},"primaryImageOfPage":{"@id":"https:\/\/www.manaus.am.gov.br\/semcom\/ageman-vistorianoturna-centro\/#primaryimage"},"image":{"@id":"https:\/\/www.manaus.am.gov.br\/semcom\/ageman-vistorianoturna-centro\/#primaryimage"},"thumbnailUrl":"https:\/\/www.manaus.am.gov.br\/semcom\/wp-content\/uploads\/sites\/5\/2025\/08\/WhatsApp-Image-2025-08-20-at-15.40.59-1.jpeg","datePublished":"2025-08-22T13:31:14+00:00","dateModified":"2025-08-22T13:31:15+00:00","author":{"@id":"https:\/\/www.manaus.am.gov.br\/semcom\/#\/schema\/person\/4e49f4e267757a06ca072ec61b2b9968"},"description":"Equipes de ilumina\u00e7\u00e3o p\u00fablica da Ag\u00eancia Reguladora dos Servi\u00e7os P\u00fablicos Delegados do Munic\u00edpio de Manaus (Ageman) refor\u00e7aram a fiscaliza\u00e7\u00e3o noturna no Centro Hist\u00f3rico de Manaus.","inLanguage":"pt-BR","potentialAction":[{"@type":"ReadAction","target":["https:\/\/www.manaus.am.gov.br\/semcom\/ageman-vistorianoturna-centro\/"]}]},{"@type":"ImageObject","inLanguage":"pt-BR","@id":"https:\/\/www.manaus.am.gov.br\/semcom\/ageman-vistorianoturna-centro\/#primaryimage","url":"https:\/\/www.manaus.am.gov.br\/semcom\/wp-content\/uploads\/sites\/5\/2025\/08\/WhatsApp-Image-2025-08-20-at-15.40.59-1.jpeg","contentUrl":"https:\/\/www.manaus.am.gov.br\/semcom\/wp-content\/uploads\/sites\/5\/2025\/08\/WhatsApp-Image-2025-08-20-at-15.40.59-1.jpeg","width":1600,"height":1200},{"@type":"WebSite","@id":"https:\/\/www.manaus.am.gov.br\/semcom\/#website","url":"https:\/\/www.manaus.am.gov.br\/semcom\/","name":"SEMCOM","description":"Secretaria Municipal de Comunica\u00e7\u00e3o","potentialAction":[{"@type":"SearchAction","target":{"@type":"EntryPoint","urlTemplate":"https:\/\/www.manaus.am.gov.br\/semcom\/?s={search_term_string}"},"query-input":"required name=search_term_string"}],"inLanguage":"pt-BR"},{"@type":"Person","@id":"https:\/\/www.manaus.am.gov.br\/semcom\/#\/schema\/person\/4e49f4e267757a06ca072ec61b2b9968","name":"Adriana Costa","image":{"@type":"ImageObject","inLanguage":"pt-BR","@id":"https:\/\/www.manaus.am.gov.br\/semcom\/#\/schema\/person\/image\/","url":"https:\/\/secure.gravatar.com\/avatar\/576258617ef7194f718179e766d57bd4?s=96&d=mm&r=g","contentUrl":"https:\/\/secure.gravatar.com\/avatar\/576258617ef7194f718179e766d57bd4?s=96&d=mm&r=g","caption":"Adriana Costa"}}]}},"_links":{"self":[{"href":"https:\/\/www.manaus.am.gov.br\/semcom\/wp-json\/wp\/v2\/posts\/244179"}],"collection":[{"href":"https:\/\/www.manaus.am.gov.br\/semcom\/wp-json\/wp\/v2\/posts"}],"about":[{"href":"https:\/\/www.manaus.am.gov.br\/semcom\/wp-json\/wp\/v2\/types\/post"}],"author":[{"embeddable":true,"href":"https:\/\/www.manaus.am.gov.br\/semcom\/wp-json\/wp\/v2\/users\/23"}],"replies":[{"embeddable":true,"href":"https:\/\/www.manaus.am.gov.br\/semcom\/wp-json\/wp\/v2\/comments?post=244179"}],"version-history":[{"count":0,"href":"https:\/\/www.manaus.am.gov.br\/semcom\/wp-json\/wp\/v2\/posts\/244179\/revisions"}],"wp:featuredmedia":[{"embeddable":true,"href":"https:\/\/www.manaus.am.gov.br\/semcom\/wp-json\/wp\/v2\/media\/244180"}],"wp:attachment":[{"href":"https:\/\/www.manaus.am.gov.br\/semcom\/wp-json\/wp\/v2\/media?parent=244179"}],"wp:term":[{"taxonomy":"category","embeddable":true,"href":"https:\/\/www.manaus.am.gov.br\/semcom\/wp-json\/wp\/v2\/categories?post=244179"},{"taxonomy":"post_tag","embeddable":true,"href":"https:\/\/www.manaus.am.gov.br\/semcom\/wp-json\/wp\/v2\/tags?post=244179"}],"curies":[{"name":"wp","href":"https:\/\/api.w.org\/{rel}","templated":true}]}}