{"id":244157,"date":"2025-08-21T17:43:42","date_gmt":"2025-08-21T20:43:42","guid":{"rendered":"https:\/\/www.manaus.am.gov.br\/semcom\/aumenta-arborizacao-pomares\/"},"modified":"2025-08-21T17:43:43","modified_gmt":"2025-08-21T20:43:43","slug":"aumenta-arborizacao-pomares","status":"publish","type":"post","link":"https:\/\/www.manaus.am.gov.br\/semcom\/aumenta-arborizacao-pomares\/","title":{"rendered":"Prefeitura de Manaus aumenta a arboriza\u00e7\u00e3o da cidade com a implanta\u00e7\u00e3o de mais de 40 pomares em oito meses"},"content":{"rendered":"\n<p>A Prefeitura de Manaus, por meio da Secretaria Municipal de Meio Ambiente, Sustentabilidade e Mudan\u00e7a do Clima (Semmasclima), est\u00e1 realizando a implanta\u00e7\u00e3o de pomares e de hortas em unidades p\u00fablicas municipais de ensino, de sa\u00fade e em diversos espa\u00e7os p\u00fablicos. Nos \u00faltimos oito meses, foram mais de quarenta \u00e1reas arborizadas, com o envolvimento das comunidades. Nesta quarta e quinta-feira, 20 e 21\/8, foi a vez dos alunos da Escola Municipal Jo\u00e3o Goulart, localizada no bairro Santa Etelvina, zona Norte, arborizarem o local.<\/p>\n\n\n\n<p>Essas a\u00e7\u00f5es de arboriza\u00e7\u00e3o objetivam a redu\u00e7\u00e3o da sensa\u00e7\u00e3o de calor, proporcionando sombra e conforto t\u00e9rmico, al\u00e9m do contato com a natureza, com est\u00edmulo ao cuidado e preserva\u00e7\u00e3o do meio ambiente pela popula\u00e7\u00e3o, que se beneficia destes servi\u00e7os ambientais. As frutas das esp\u00e9cies v\u00e3o servir tanto para as pessoas, quanto para atra\u00e7\u00e3o e alimenta\u00e7\u00e3o da fauna, como p\u00e1ssaros e macacos.&nbsp;<\/p>\n\n\n\n<p>De janeiro a agosto de 2025, j\u00e1 foram implantados 42 pomares em Manaus. Destes, 10 foram em creches e escolas municipais; sete em rotat\u00f3rias; nove \u00e0s margens de igarap\u00e9s; seis em \u00e1reas verdes e unidades administradas pela prefeitura, como Parque das Nascentes do Mindu, Parque do Mindu, Reserva de Desenvolvimento Sustent\u00e1vel (RDS) do Tup\u00e9, Lagoa do Japiim, Lagoa da Compensa, Mini Vila Ol\u00edmpica Jair Sampaio (Mini vila do Santo Ant\u00f4nio); e 10 em espa\u00e7os p\u00fablicos de conviv\u00eancia, como pra\u00e7as.<\/p>\n\n\n<div class=\"wp-block-image\">\n<figure class=\"aligncenter size-large is-resized\"><img decoding=\"async\" src=\"https:\/\/www.manaus.am.gov.br\/wp-content\/uploads\/2025\/08\/Semmasclima-Arborizacao-2-768x1024.jpg\" alt=\"\" class=\"wp-image-271680\" style=\"width:617px;height:auto\" \/><\/figure><\/div>\n\n\n<p>\u201c\u00c9 uma determina\u00e7\u00e3o do prefeito David Almeida que a arboriza\u00e7\u00e3o de Manaus seja prioridade. Por isso, j\u00e1 batemos recorde de n\u00famero de mudas plantadas: s\u00f3 nestes \u00faltimos oito meses, foram mais de 20 mil novas \u00e1rvores em todas as zonas. Ao plantarmos nas escolas, aproximamos as crian\u00e7as e adolescentes do cuidado e da valoriza\u00e7\u00e3o da natureza\u201d, destaca o secret\u00e1rio da Semmasclima, Fransu\u00e1 Matos, que participa dos plantios da Prefeitura de Manaus toda semana.<\/p>\n\n\n\n<p>O coordenador de plantio da Semmasclima, Raimundo Ara\u00fajo, explica que neste segundo semestre, per\u00edodo de ver\u00e3o, o plantio \u00e9 focado em \u00e1reas controladas e que podem contar com o cuidado por parte da popula\u00e7\u00e3o, al\u00e9m de ser feito com o uso de hidrogel. \u201cO hidrogel permite mais hidrata\u00e7\u00e3o e nutri\u00e7\u00e3o das mudas, aumentando as chances de sobrevida das mesmas. Al\u00e9m disso, estamos em todas as manh\u00e3s, regando as \u00e1rvores em \u00e1reas p\u00fablicas, com tr\u00eas caminh\u00f5es-pipa da Prefeitura de Manaus\u201d, afirma o coordenador.<\/p>\n\n\n\n<p>Al\u00e9m do plantio nestas \u00e1reas, a Prefeitura de Manaus arboriza canteiros centrais da cidade. De janeiro de 2021 a 18 de agosto de 2025, foram plantadas 44.239 \u00e1rvores pela gest\u00e3o p\u00fablica municipal. Em 2025 houve a implanta\u00e7\u00e3o de mecaniza\u00e7\u00e3o para agilizar os plantios e otimizar o trabalho dos funcion\u00e1rios que est\u00e3o diariamente no plantio e manuten\u00e7\u00e3o da arboriza\u00e7\u00e3o da capital amazonense.<\/p>\n\n\n\n<p>&#8212; &#8212; &#8212;<\/p>\n\n\n\n<p><strong>Texto<\/strong> &#8211; Taianna Castro \/ Semmasclima<\/p>\n\n\n\n<p><strong>Fotos<\/strong> &#8211; Divulga\u00e7\u00e3o \/ Semmasclima<\/p>\n","protected":false},"excerpt":{"rendered":"","protected":false},"author":61,"featured_media":244158,"comment_status":"closed","ping_status":"closed","sticky":false,"template":"","format":"standard","meta":{"footnotes":""},"categories":[134],"tags":[7007,35,2641,16424,16425,77,9959,1850],"acf":[],"yoast_head":"<!-- This site is optimized with the Yoast SEO plugin v23.0 - https:\/\/yoast.com\/wordpress\/plugins\/seo\/ -->\n<title>Prefeitura de Manaus aumenta a arboriza\u00e7\u00e3o da cidade com a implanta\u00e7\u00e3o de mais de 40 pomares em oito meses<\/title>\n<meta name=\"description\" content=\"A Prefeitura de Manaus, por meio da Secretaria Municipal de Meio Ambiente, Sustentabilidade e Mudan\u00e7a do Clima (Semmasclima), est\u00e1 realizando a implanta\u00e7\u00e3o de pomares e de hortas em unidades p\u00fablicas municipais de ensino, de sa\u00fade e em diversos espa\u00e7os p\u00fablicos.\" \/>\n<meta name=\"robots\" content=\"index, follow, max-snippet:-1, max-image-preview:large, max-video-preview:-1\" \/>\n<link rel=\"canonical\" href=\"https:\/\/www.manaus.am.gov.br\/semcom\/aumenta-arborizacao-pomares\/\" \/>\n<meta property=\"og:locale\" content=\"pt_BR\" \/>\n<meta property=\"og:type\" content=\"article\" \/>\n<meta property=\"og:title\" content=\"Prefeitura de Manaus aumenta a arboriza\u00e7\u00e3o da cidade com a implanta\u00e7\u00e3o de mais de 40 pomares em oito meses\" \/>\n<meta property=\"og:description\" content=\"A Prefeitura de Manaus, por meio da Secretaria Municipal de Meio Ambiente, Sustentabilidade e Mudan\u00e7a do Clima (Semmasclima), est\u00e1 realizando a implanta\u00e7\u00e3o de pomares e de hortas em unidades p\u00fablicas municipais de ensino, de sa\u00fade e em diversos espa\u00e7os p\u00fablicos.\" \/>\n<meta property=\"og:url\" content=\"https:\/\/www.manaus.am.gov.br\/semcom\/aumenta-arborizacao-pomares\/\" \/>\n<meta property=\"og:site_name\" content=\"SEMCOM\" \/>\n<meta property=\"article:published_time\" content=\"2025-08-21T20:43:42+00:00\" \/>\n<meta property=\"article:modified_time\" content=\"2025-08-21T20:43:43+00:00\" \/>\n<meta property=\"og:image\" content=\"https:\/\/www.manaus.am.gov.br\/semcom\/wp-content\/uploads\/sites\/5\/2025\/08\/Semmasclima-Arborizacao-1.jpg\" \/>\n\t<meta property=\"og:image:width\" content=\"860\" \/>\n\t<meta property=\"og:image:height\" content=\"573\" \/>\n\t<meta property=\"og:image:type\" content=\"image\/jpeg\" \/>\n<meta name=\"author\" content=\"smonteiro\" \/>\n<meta name=\"twitter:card\" content=\"summary_large_image\" \/>\n<meta name=\"twitter:label1\" content=\"Written by\" \/>\n\t<meta name=\"twitter:data1\" content=\"smonteiro\" \/>\n\t<meta name=\"twitter:label2\" content=\"Est. reading time\" \/>\n\t<meta name=\"twitter:data2\" content=\"3 minutos\" \/>\n<script type=\"application\/ld+json\" class=\"yoast-schema-graph\">{\"@context\":\"https:\/\/schema.org\",\"@graph\":[{\"@type\":\"WebPage\",\"@id\":\"https:\/\/www.manaus.am.gov.br\/semcom\/aumenta-arborizacao-pomares\/\",\"url\":\"https:\/\/www.manaus.am.gov.br\/semcom\/aumenta-arborizacao-pomares\/\",\"name\":\"Prefeitura de Manaus aumenta a arboriza\u00e7\u00e3o da cidade com a implanta\u00e7\u00e3o de mais de 40 pomares em oito meses\",\"isPartOf\":{\"@id\":\"https:\/\/www.manaus.am.gov.br\/semcom\/#website\"},\"primaryImageOfPage\":{\"@id\":\"https:\/\/www.manaus.am.gov.br\/semcom\/aumenta-arborizacao-pomares\/#primaryimage\"},\"image\":{\"@id\":\"https:\/\/www.manaus.am.gov.br\/semcom\/aumenta-arborizacao-pomares\/#primaryimage\"},\"thumbnailUrl\":\"https:\/\/www.manaus.am.gov.br\/semcom\/wp-content\/uploads\/sites\/5\/2025\/08\/Semmasclima-Arborizacao-1.jpg\",\"datePublished\":\"2025-08-21T20:43:42+00:00\",\"dateModified\":\"2025-08-21T20:43:43+00:00\",\"author\":{\"@id\":\"https:\/\/www.manaus.am.gov.br\/semcom\/#\/schema\/person\/ab4dcf766a54dff74e8d267f5c591961\"},\"description\":\"A Prefeitura de Manaus, por meio da Secretaria Municipal de Meio Ambiente, Sustentabilidade e Mudan\u00e7a do Clima (Semmasclima), est\u00e1 realizando a implanta\u00e7\u00e3o de pomares e de hortas em unidades p\u00fablicas municipais de ensino, de sa\u00fade e em diversos espa\u00e7os p\u00fablicos.\",\"inLanguage\":\"pt-BR\",\"potentialAction\":[{\"@type\":\"ReadAction\",\"target\":[\"https:\/\/www.manaus.am.gov.br\/semcom\/aumenta-arborizacao-pomares\/\"]}]},{\"@type\":\"ImageObject\",\"inLanguage\":\"pt-BR\",\"@id\":\"https:\/\/www.manaus.am.gov.br\/semcom\/aumenta-arborizacao-pomares\/#primaryimage\",\"url\":\"https:\/\/www.manaus.am.gov.br\/semcom\/wp-content\/uploads\/sites\/5\/2025\/08\/Semmasclima-Arborizacao-1.jpg\",\"contentUrl\":\"https:\/\/www.manaus.am.gov.br\/semcom\/wp-content\/uploads\/sites\/5\/2025\/08\/Semmasclima-Arborizacao-1.jpg\",\"width\":860,\"height\":573,\"caption\":\"#paratodosverem - Arboriza\u00e7\u00e3o de espa\u00e7o p\u00fablico feita por servidores da prefeitura\"},{\"@type\":\"WebSite\",\"@id\":\"https:\/\/www.manaus.am.gov.br\/semcom\/#website\",\"url\":\"https:\/\/www.manaus.am.gov.br\/semcom\/\",\"name\":\"SEMCOM\",\"description\":\"Secretaria Municipal de Comunica\u00e7\u00e3o\",\"potentialAction\":[{\"@type\":\"SearchAction\",\"target\":{\"@type\":\"EntryPoint\",\"urlTemplate\":\"https:\/\/www.manaus.am.gov.br\/semcom\/?s={search_term_string}\"},\"query-input\":\"required name=search_term_string\"}],\"inLanguage\":\"pt-BR\"},{\"@type\":\"Person\",\"@id\":\"https:\/\/www.manaus.am.gov.br\/semcom\/#\/schema\/person\/ab4dcf766a54dff74e8d267f5c591961\",\"name\":\"smonteiro\",\"image\":{\"@type\":\"ImageObject\",\"inLanguage\":\"pt-BR\",\"@id\":\"https:\/\/www.manaus.am.gov.br\/semcom\/#\/schema\/person\/image\/\",\"url\":\"https:\/\/secure.gravatar.com\/avatar\/21c8776ef61d9272c73322052e042d77?s=96&d=mm&r=g\",\"contentUrl\":\"https:\/\/secure.gravatar.com\/avatar\/21c8776ef61d9272c73322052e042d77?s=96&d=mm&r=g\",\"caption\":\"smonteiro\"}}]}<\/script>\n<!-- \/ Yoast SEO plugin. -->","yoast_head_json":{"title":"Prefeitura de Manaus aumenta a arboriza\u00e7\u00e3o da cidade com a implanta\u00e7\u00e3o de mais de 40 pomares em oito meses","description":"A Prefeitura de Manaus, por meio da Secretaria Municipal de Meio Ambiente, Sustentabilidade e Mudan\u00e7a do Clima (Semmasclima), est\u00e1 realizando a implanta\u00e7\u00e3o de pomares e de hortas em unidades p\u00fablicas municipais de ensino, de sa\u00fade e em diversos espa\u00e7os p\u00fablicos.","robots":{"index":"index","follow":"follow","max-snippet":"max-snippet:-1","max-image-preview":"max-image-preview:large","max-video-preview":"max-video-preview:-1"},"canonical":"https:\/\/www.manaus.am.gov.br\/semcom\/aumenta-arborizacao-pomares\/","og_locale":"pt_BR","og_type":"article","og_title":"Prefeitura de Manaus aumenta a arboriza\u00e7\u00e3o da cidade com a implanta\u00e7\u00e3o de mais de 40 pomares em oito meses","og_description":"A Prefeitura de Manaus, por meio da Secretaria Municipal de Meio Ambiente, Sustentabilidade e Mudan\u00e7a do Clima (Semmasclima), est\u00e1 realizando a implanta\u00e7\u00e3o de pomares e de hortas em unidades p\u00fablicas municipais de ensino, de sa\u00fade e em diversos espa\u00e7os p\u00fablicos.","og_url":"https:\/\/www.manaus.am.gov.br\/semcom\/aumenta-arborizacao-pomares\/","og_site_name":"SEMCOM","article_published_time":"2025-08-21T20:43:42+00:00","article_modified_time":"2025-08-21T20:43:43+00:00","og_image":[{"width":860,"height":573,"url":"https:\/\/www.manaus.am.gov.br\/semcom\/wp-content\/uploads\/sites\/5\/2025\/08\/Semmasclima-Arborizacao-1.jpg","type":"image\/jpeg"}],"author":"smonteiro","twitter_card":"summary_large_image","twitter_misc":{"Written by":"smonteiro","Est. reading time":"3 minutos"},"schema":{"@context":"https:\/\/schema.org","@graph":[{"@type":"WebPage","@id":"https:\/\/www.manaus.am.gov.br\/semcom\/aumenta-arborizacao-pomares\/","url":"https:\/\/www.manaus.am.gov.br\/semcom\/aumenta-arborizacao-pomares\/","name":"Prefeitura de Manaus aumenta a arboriza\u00e7\u00e3o da cidade com a implanta\u00e7\u00e3o de mais de 40 pomares em oito meses","isPartOf":{"@id":"https:\/\/www.manaus.am.gov.br\/semcom\/#website"},"primaryImageOfPage":{"@id":"https:\/\/www.manaus.am.gov.br\/semcom\/aumenta-arborizacao-pomares\/#primaryimage"},"image":{"@id":"https:\/\/www.manaus.am.gov.br\/semcom\/aumenta-arborizacao-pomares\/#primaryimage"},"thumbnailUrl":"https:\/\/www.manaus.am.gov.br\/semcom\/wp-content\/uploads\/sites\/5\/2025\/08\/Semmasclima-Arborizacao-1.jpg","datePublished":"2025-08-21T20:43:42+00:00","dateModified":"2025-08-21T20:43:43+00:00","author":{"@id":"https:\/\/www.manaus.am.gov.br\/semcom\/#\/schema\/person\/ab4dcf766a54dff74e8d267f5c591961"},"description":"A Prefeitura de Manaus, por meio da Secretaria Municipal de Meio Ambiente, Sustentabilidade e Mudan\u00e7a do Clima (Semmasclima), est\u00e1 realizando a implanta\u00e7\u00e3o de pomares e de hortas em unidades p\u00fablicas municipais de ensino, de sa\u00fade e em diversos espa\u00e7os p\u00fablicos.","inLanguage":"pt-BR","potentialAction":[{"@type":"ReadAction","target":["https:\/\/www.manaus.am.gov.br\/semcom\/aumenta-arborizacao-pomares\/"]}]},{"@type":"ImageObject","inLanguage":"pt-BR","@id":"https:\/\/www.manaus.am.gov.br\/semcom\/aumenta-arborizacao-pomares\/#primaryimage","url":"https:\/\/www.manaus.am.gov.br\/semcom\/wp-content\/uploads\/sites\/5\/2025\/08\/Semmasclima-Arborizacao-1.jpg","contentUrl":"https:\/\/www.manaus.am.gov.br\/semcom\/wp-content\/uploads\/sites\/5\/2025\/08\/Semmasclima-Arborizacao-1.jpg","width":860,"height":573,"caption":"#paratodosverem - Arboriza\u00e7\u00e3o de espa\u00e7o p\u00fablico feita por servidores da prefeitura"},{"@type":"WebSite","@id":"https:\/\/www.manaus.am.gov.br\/semcom\/#website","url":"https:\/\/www.manaus.am.gov.br\/semcom\/","name":"SEMCOM","description":"Secretaria Municipal de Comunica\u00e7\u00e3o","potentialAction":[{"@type":"SearchAction","target":{"@type":"EntryPoint","urlTemplate":"https:\/\/www.manaus.am.gov.br\/semcom\/?s={search_term_string}"},"query-input":"required name=search_term_string"}],"inLanguage":"pt-BR"},{"@type":"Person","@id":"https:\/\/www.manaus.am.gov.br\/semcom\/#\/schema\/person\/ab4dcf766a54dff74e8d267f5c591961","name":"smonteiro","image":{"@type":"ImageObject","inLanguage":"pt-BR","@id":"https:\/\/www.manaus.am.gov.br\/semcom\/#\/schema\/person\/image\/","url":"https:\/\/secure.gravatar.com\/avatar\/21c8776ef61d9272c73322052e042d77?s=96&d=mm&r=g","contentUrl":"https:\/\/secure.gravatar.com\/avatar\/21c8776ef61d9272c73322052e042d77?s=96&d=mm&r=g","caption":"smonteiro"}}]}},"_links":{"self":[{"href":"https:\/\/www.manaus.am.gov.br\/semcom\/wp-json\/wp\/v2\/posts\/244157"}],"collection":[{"href":"https:\/\/www.manaus.am.gov.br\/semcom\/wp-json\/wp\/v2\/posts"}],"about":[{"href":"https:\/\/www.manaus.am.gov.br\/semcom\/wp-json\/wp\/v2\/types\/post"}],"author":[{"embeddable":true,"href":"https:\/\/www.manaus.am.gov.br\/semcom\/wp-json\/wp\/v2\/users\/61"}],"replies":[{"embeddable":true,"href":"https:\/\/www.manaus.am.gov.br\/semcom\/wp-json\/wp\/v2\/comments?post=244157"}],"version-history":[{"count":0,"href":"https:\/\/www.manaus.am.gov.br\/semcom\/wp-json\/wp\/v2\/posts\/244157\/revisions"}],"wp:featuredmedia":[{"embeddable":true,"href":"https:\/\/www.manaus.am.gov.br\/semcom\/wp-json\/wp\/v2\/media\/244158"}],"wp:attachment":[{"href":"https:\/\/www.manaus.am.gov.br\/semcom\/wp-json\/wp\/v2\/media?parent=244157"}],"wp:term":[{"taxonomy":"category","embeddable":true,"href":"https:\/\/www.manaus.am.gov.br\/semcom\/wp-json\/wp\/v2\/categories?post=244157"},{"taxonomy":"post_tag","embeddable":true,"href":"https:\/\/www.manaus.am.gov.br\/semcom\/wp-json\/wp\/v2\/tags?post=244157"}],"curies":[{"name":"wp","href":"https:\/\/api.w.org\/{rel}","templated":true}]}}