{"id":244142,"date":"2025-08-21T16:21:41","date_gmt":"2025-08-21T20:21:41","guid":{"rendered":"https:\/\/www.manaus.am.gov.br\/semcom\/ageman-determina-acoes-conscientizacao-aguas-de-manaus\/"},"modified":"2025-08-22T17:13:11","modified_gmt":"2025-08-22T20:13:11","slug":"ageman-determina-acoes-conscientizacao-aguas-de-manaus","status":"publish","type":"post","link":"https:\/\/www.manaus.am.gov.br\/semcom\/ageman-determina-acoes-conscientizacao-aguas-de-manaus\/","title":{"rendered":"Ageman determina que \u00c1guas de Manaus amplie a\u00e7\u00f5es de conscientiza\u00e7\u00e3o sobre a implanta\u00e7\u00e3o da rede de esgoto no Japiim"},"content":{"rendered":"\n<p>A Ag\u00eancia Reguladora dos Servi\u00e7os P\u00fablicos Delegados do Munic\u00edpio de Manaus (Ageman) determinou que a concession\u00e1ria \u00c1guas de Manaus intensifique as a\u00e7\u00f5es de conscientiza\u00e7\u00e3o junto aos moradores do bairro Japiim, na zona Sul da cidade, onde est\u00e3o acontecendo obras de implanta\u00e7\u00e3o da rede de esgotamento sanit\u00e1rio.<\/p>\n\n\n\n<p>A iniciativa se deu ap\u00f3s uma reuni\u00e3o da equipe de saneamento da Ageman realizada com moradores da rua Ernesto Nazareth (antiga rua B 3), no conjunto Japiim 2, onde os usu\u00e1rios relataram n\u00e3o terem recebido informa\u00e7\u00f5es a respeito das medidas necess\u00e1rias \u00e0 ades\u00e3o ao servi\u00e7o de esgotamento sanit\u00e1rio.<\/p>\n\n\n\n<p>\u201cComunicamos \u00e0 concession\u00e1ria para que ela fa\u00e7a uma abordagem mais esclarecedora junto aos moradores sobre a implanta\u00e7\u00e3o das novas redes de esgotamento sanit\u00e1rio. Identificamos que a partir do momento em que as informa\u00e7\u00f5es s\u00e3o bem repassadas, os usu\u00e1rios compreendem a import\u00e2ncia do servi\u00e7o\u201d, afirmou o diretor-presidente da Ageman, Elson Andrade.<\/p>\n\n\n\n<p>D\u00favidas sobre a destina\u00e7\u00e3o final do esgoto coletado, o percentual da taxa de esgoto, in\u00edcio da cobran\u00e7a e custos referentes \u00e0s obras necess\u00e1rias \u00e0s conex\u00f5es dos im\u00f3veis foram os principais questionamentos dos moradores.<\/p>\n\n\n\n<p>Durante a conversa com os usu\u00e1rios, t\u00e9cnicos das diretorias Jur\u00eddica e de Concess\u00f5es, Obras e Saneamento orientaram os moradores sobre as quest\u00f5es legais envolvendo as metas de cobertura do servi\u00e7o de esgoto, as obriga\u00e7\u00f5es da concession\u00e1ria e a extrema import\u00e2ncia participa\u00e7\u00e3o dos moradores para que a cidade possa melhorar os \u00edndices de qualidade de vida, a partir dos avan\u00e7os no saneamento b\u00e1sico.<\/p>\n\n\n\n<p>Tamb\u00e9m durante a reuni\u00e3o, os moradores tiveram a oportunidade de esclarecer d\u00favidas sobre o consumo consciente da \u00e1gua, receberam orienta\u00e7\u00f5es de como evitar desperd\u00edcios, substitui\u00e7\u00e3o de hidr\u00f4metros, identifica\u00e7\u00e3o de vazamentos domiciliares entre outros assuntos referentes ao saneamento b\u00e1sico.<\/p>\n\n\n\n<figure class=\"wp-block-image size-large\"><img loading=\"lazy\" decoding=\"async\" width=\"1024\" height=\"768\" src=\"https:\/\/www.manaus.am.gov.br\/semcom\/wp-content\/uploads\/sites\/5\/2025\/08\/WhatsApp-Image-2025-08-20-at-15.41.56-1024x768.jpeg\" alt=\"\" class=\"wp-image-244144\" srcset=\"https:\/\/www.manaus.am.gov.br\/semcom\/wp-content\/uploads\/sites\/5\/2025\/08\/WhatsApp-Image-2025-08-20-at-15.41.56-1024x768.jpeg 1024w, https:\/\/www.manaus.am.gov.br\/semcom\/wp-content\/uploads\/sites\/5\/2025\/08\/WhatsApp-Image-2025-08-20-at-15.41.56-300x225.jpeg 300w, https:\/\/www.manaus.am.gov.br\/semcom\/wp-content\/uploads\/sites\/5\/2025\/08\/WhatsApp-Image-2025-08-20-at-15.41.56-768x576.jpeg 768w, https:\/\/www.manaus.am.gov.br\/semcom\/wp-content\/uploads\/sites\/5\/2025\/08\/WhatsApp-Image-2025-08-20-at-15.41.56-1536x1152.jpeg 1536w, https:\/\/www.manaus.am.gov.br\/semcom\/wp-content\/uploads\/sites\/5\/2025\/08\/WhatsApp-Image-2025-08-20-at-15.41.56.jpeg 1600w\" sizes=\"(max-width: 1024px) 100vw, 1024px\" \/><\/figure>\n\n\n\n<p>&#8212; &#8212; &#8212;<\/p>\n\n\n\n<p><strong>Texto e fotos &#8211;<\/strong> Tereza Te\u00f3filo\/Ageman\u00a0<\/p>\n","protected":false},"excerpt":{"rendered":"","protected":false},"author":39,"featured_media":244143,"comment_status":"closed","ping_status":"closed","sticky":false,"template":"","format":"standard","meta":{"footnotes":""},"categories":[2371],"tags":[7092,215,4136,16447,77],"acf":[],"yoast_head":"<!-- This site is optimized with the Yoast SEO plugin v23.0 - https:\/\/yoast.com\/wordpress\/plugins\/seo\/ -->\n<title>Ageman determina que \u00c1guas de Manaus amplie a\u00e7\u00f5es de conscientiza\u00e7\u00e3o sobre a implanta\u00e7\u00e3o da rede de esgoto no Japiim<\/title>\n<meta name=\"description\" content=\"Ageman determina que \u00c1guas de Manaus amplie a\u00e7\u00f5es de conscientiza\u00e7\u00e3o sobre a implanta\u00e7\u00e3o da rede de esgoto no Japiim.\" \/>\n<meta name=\"robots\" content=\"index, follow, max-snippet:-1, max-image-preview:large, max-video-preview:-1\" \/>\n<link rel=\"canonical\" href=\"https:\/\/www.manaus.am.gov.br\/semcom\/ageman-determina-acoes-conscientizacao-aguas-de-manaus\/\" \/>\n<meta property=\"og:locale\" content=\"pt_BR\" \/>\n<meta property=\"og:type\" content=\"article\" \/>\n<meta property=\"og:title\" content=\"Ageman determina que \u00c1guas de Manaus amplie a\u00e7\u00f5es de conscientiza\u00e7\u00e3o sobre a implanta\u00e7\u00e3o da rede de esgoto no Japiim\" \/>\n<meta property=\"og:description\" content=\"Ageman determina que \u00c1guas de Manaus amplie a\u00e7\u00f5es de conscientiza\u00e7\u00e3o sobre a implanta\u00e7\u00e3o da rede de esgoto no Japiim.\" \/>\n<meta property=\"og:url\" content=\"https:\/\/www.manaus.am.gov.br\/semcom\/ageman-determina-acoes-conscientizacao-aguas-de-manaus\/\" \/>\n<meta property=\"og:site_name\" content=\"SEMCOM\" \/>\n<meta property=\"article:published_time\" content=\"2025-08-21T20:21:41+00:00\" \/>\n<meta property=\"article:modified_time\" content=\"2025-08-22T20:13:11+00:00\" \/>\n<meta property=\"og:image\" content=\"https:\/\/www.manaus.am.gov.br\/semcom\/wp-content\/uploads\/sites\/5\/2025\/08\/WhatsApp-Image-2025-08-20-at-15.41.59-1.jpeg\" \/>\n\t<meta property=\"og:image:width\" content=\"1600\" \/>\n\t<meta property=\"og:image:height\" content=\"1200\" \/>\n\t<meta property=\"og:image:type\" content=\"image\/jpeg\" \/>\n<meta name=\"author\" content=\"Bruna Greco\" \/>\n<meta name=\"twitter:card\" content=\"summary_large_image\" \/>\n<meta name=\"twitter:label1\" content=\"Written by\" \/>\n\t<meta name=\"twitter:data1\" content=\"Bruna Greco\" \/>\n\t<meta name=\"twitter:label2\" content=\"Est. reading time\" \/>\n\t<meta name=\"twitter:data2\" content=\"2 minutos\" \/>\n<script type=\"application\/ld+json\" class=\"yoast-schema-graph\">{\"@context\":\"https:\/\/schema.org\",\"@graph\":[{\"@type\":\"WebPage\",\"@id\":\"https:\/\/www.manaus.am.gov.br\/semcom\/ageman-determina-acoes-conscientizacao-aguas-de-manaus\/\",\"url\":\"https:\/\/www.manaus.am.gov.br\/semcom\/ageman-determina-acoes-conscientizacao-aguas-de-manaus\/\",\"name\":\"Ageman determina que \u00c1guas de Manaus amplie a\u00e7\u00f5es de conscientiza\u00e7\u00e3o sobre a implanta\u00e7\u00e3o da rede de esgoto no Japiim\",\"isPartOf\":{\"@id\":\"https:\/\/www.manaus.am.gov.br\/semcom\/#website\"},\"primaryImageOfPage\":{\"@id\":\"https:\/\/www.manaus.am.gov.br\/semcom\/ageman-determina-acoes-conscientizacao-aguas-de-manaus\/#primaryimage\"},\"image\":{\"@id\":\"https:\/\/www.manaus.am.gov.br\/semcom\/ageman-determina-acoes-conscientizacao-aguas-de-manaus\/#primaryimage\"},\"thumbnailUrl\":\"https:\/\/www.manaus.am.gov.br\/semcom\/wp-content\/uploads\/sites\/5\/2025\/08\/WhatsApp-Image-2025-08-20-at-15.41.59-1.jpeg\",\"datePublished\":\"2025-08-21T20:21:41+00:00\",\"dateModified\":\"2025-08-22T20:13:11+00:00\",\"author\":{\"@id\":\"https:\/\/www.manaus.am.gov.br\/semcom\/#\/schema\/person\/05d223aea2bf115f9883a6ff3683d81b\"},\"description\":\"Ageman determina que \u00c1guas de Manaus amplie a\u00e7\u00f5es de conscientiza\u00e7\u00e3o sobre a implanta\u00e7\u00e3o da rede de esgoto no Japiim.\",\"inLanguage\":\"pt-BR\",\"potentialAction\":[{\"@type\":\"ReadAction\",\"target\":[\"https:\/\/www.manaus.am.gov.br\/semcom\/ageman-determina-acoes-conscientizacao-aguas-de-manaus\/\"]}]},{\"@type\":\"ImageObject\",\"inLanguage\":\"pt-BR\",\"@id\":\"https:\/\/www.manaus.am.gov.br\/semcom\/ageman-determina-acoes-conscientizacao-aguas-de-manaus\/#primaryimage\",\"url\":\"https:\/\/www.manaus.am.gov.br\/semcom\/wp-content\/uploads\/sites\/5\/2025\/08\/WhatsApp-Image-2025-08-20-at-15.41.59-1.jpeg\",\"contentUrl\":\"https:\/\/www.manaus.am.gov.br\/semcom\/wp-content\/uploads\/sites\/5\/2025\/08\/WhatsApp-Image-2025-08-20-at-15.41.59-1.jpeg\",\"width\":1600,\"height\":1200,\"caption\":\"#paratodosverem - Equipe da Ageman e moradores do bairro Japiim durante reuni\u00e3o sobre os servi\u00e7os da concession\u00e1ria \u00c1guas de Manaus\"},{\"@type\":\"WebSite\",\"@id\":\"https:\/\/www.manaus.am.gov.br\/semcom\/#website\",\"url\":\"https:\/\/www.manaus.am.gov.br\/semcom\/\",\"name\":\"SEMCOM\",\"description\":\"Secretaria Municipal de Comunica\u00e7\u00e3o\",\"potentialAction\":[{\"@type\":\"SearchAction\",\"target\":{\"@type\":\"EntryPoint\",\"urlTemplate\":\"https:\/\/www.manaus.am.gov.br\/semcom\/?s={search_term_string}\"},\"query-input\":\"required name=search_term_string\"}],\"inLanguage\":\"pt-BR\"},{\"@type\":\"Person\",\"@id\":\"https:\/\/www.manaus.am.gov.br\/semcom\/#\/schema\/person\/05d223aea2bf115f9883a6ff3683d81b\",\"name\":\"Bruna Greco\",\"image\":{\"@type\":\"ImageObject\",\"inLanguage\":\"pt-BR\",\"@id\":\"https:\/\/www.manaus.am.gov.br\/semcom\/#\/schema\/person\/image\/\",\"url\":\"https:\/\/secure.gravatar.com\/avatar\/9c877d1a6adc2a055330e5c09a8653ce?s=96&d=mm&r=g\",\"contentUrl\":\"https:\/\/secure.gravatar.com\/avatar\/9c877d1a6adc2a055330e5c09a8653ce?s=96&d=mm&r=g\",\"caption\":\"Bruna Greco\"}}]}<\/script>\n<!-- \/ Yoast SEO plugin. -->","yoast_head_json":{"title":"Ageman determina que \u00c1guas de Manaus amplie a\u00e7\u00f5es de conscientiza\u00e7\u00e3o sobre a implanta\u00e7\u00e3o da rede de esgoto no Japiim","description":"Ageman determina que \u00c1guas de Manaus amplie a\u00e7\u00f5es de conscientiza\u00e7\u00e3o sobre a implanta\u00e7\u00e3o da rede de esgoto no Japiim.","robots":{"index":"index","follow":"follow","max-snippet":"max-snippet:-1","max-image-preview":"max-image-preview:large","max-video-preview":"max-video-preview:-1"},"canonical":"https:\/\/www.manaus.am.gov.br\/semcom\/ageman-determina-acoes-conscientizacao-aguas-de-manaus\/","og_locale":"pt_BR","og_type":"article","og_title":"Ageman determina que \u00c1guas de Manaus amplie a\u00e7\u00f5es de conscientiza\u00e7\u00e3o sobre a implanta\u00e7\u00e3o da rede de esgoto no Japiim","og_description":"Ageman determina que \u00c1guas de Manaus amplie a\u00e7\u00f5es de conscientiza\u00e7\u00e3o sobre a implanta\u00e7\u00e3o da rede de esgoto no Japiim.","og_url":"https:\/\/www.manaus.am.gov.br\/semcom\/ageman-determina-acoes-conscientizacao-aguas-de-manaus\/","og_site_name":"SEMCOM","article_published_time":"2025-08-21T20:21:41+00:00","article_modified_time":"2025-08-22T20:13:11+00:00","og_image":[{"width":1600,"height":1200,"url":"https:\/\/www.manaus.am.gov.br\/semcom\/wp-content\/uploads\/sites\/5\/2025\/08\/WhatsApp-Image-2025-08-20-at-15.41.59-1.jpeg","type":"image\/jpeg"}],"author":"Bruna Greco","twitter_card":"summary_large_image","twitter_misc":{"Written by":"Bruna Greco","Est. reading time":"2 minutos"},"schema":{"@context":"https:\/\/schema.org","@graph":[{"@type":"WebPage","@id":"https:\/\/www.manaus.am.gov.br\/semcom\/ageman-determina-acoes-conscientizacao-aguas-de-manaus\/","url":"https:\/\/www.manaus.am.gov.br\/semcom\/ageman-determina-acoes-conscientizacao-aguas-de-manaus\/","name":"Ageman determina que \u00c1guas de Manaus amplie a\u00e7\u00f5es de conscientiza\u00e7\u00e3o sobre a implanta\u00e7\u00e3o da rede de esgoto no Japiim","isPartOf":{"@id":"https:\/\/www.manaus.am.gov.br\/semcom\/#website"},"primaryImageOfPage":{"@id":"https:\/\/www.manaus.am.gov.br\/semcom\/ageman-determina-acoes-conscientizacao-aguas-de-manaus\/#primaryimage"},"image":{"@id":"https:\/\/www.manaus.am.gov.br\/semcom\/ageman-determina-acoes-conscientizacao-aguas-de-manaus\/#primaryimage"},"thumbnailUrl":"https:\/\/www.manaus.am.gov.br\/semcom\/wp-content\/uploads\/sites\/5\/2025\/08\/WhatsApp-Image-2025-08-20-at-15.41.59-1.jpeg","datePublished":"2025-08-21T20:21:41+00:00","dateModified":"2025-08-22T20:13:11+00:00","author":{"@id":"https:\/\/www.manaus.am.gov.br\/semcom\/#\/schema\/person\/05d223aea2bf115f9883a6ff3683d81b"},"description":"Ageman determina que \u00c1guas de Manaus amplie a\u00e7\u00f5es de conscientiza\u00e7\u00e3o sobre a implanta\u00e7\u00e3o da rede de esgoto no Japiim.","inLanguage":"pt-BR","potentialAction":[{"@type":"ReadAction","target":["https:\/\/www.manaus.am.gov.br\/semcom\/ageman-determina-acoes-conscientizacao-aguas-de-manaus\/"]}]},{"@type":"ImageObject","inLanguage":"pt-BR","@id":"https:\/\/www.manaus.am.gov.br\/semcom\/ageman-determina-acoes-conscientizacao-aguas-de-manaus\/#primaryimage","url":"https:\/\/www.manaus.am.gov.br\/semcom\/wp-content\/uploads\/sites\/5\/2025\/08\/WhatsApp-Image-2025-08-20-at-15.41.59-1.jpeg","contentUrl":"https:\/\/www.manaus.am.gov.br\/semcom\/wp-content\/uploads\/sites\/5\/2025\/08\/WhatsApp-Image-2025-08-20-at-15.41.59-1.jpeg","width":1600,"height":1200,"caption":"#paratodosverem - Equipe da Ageman e moradores do bairro Japiim durante reuni\u00e3o sobre os servi\u00e7os da concession\u00e1ria \u00c1guas de Manaus"},{"@type":"WebSite","@id":"https:\/\/www.manaus.am.gov.br\/semcom\/#website","url":"https:\/\/www.manaus.am.gov.br\/semcom\/","name":"SEMCOM","description":"Secretaria Municipal de Comunica\u00e7\u00e3o","potentialAction":[{"@type":"SearchAction","target":{"@type":"EntryPoint","urlTemplate":"https:\/\/www.manaus.am.gov.br\/semcom\/?s={search_term_string}"},"query-input":"required name=search_term_string"}],"inLanguage":"pt-BR"},{"@type":"Person","@id":"https:\/\/www.manaus.am.gov.br\/semcom\/#\/schema\/person\/05d223aea2bf115f9883a6ff3683d81b","name":"Bruna Greco","image":{"@type":"ImageObject","inLanguage":"pt-BR","@id":"https:\/\/www.manaus.am.gov.br\/semcom\/#\/schema\/person\/image\/","url":"https:\/\/secure.gravatar.com\/avatar\/9c877d1a6adc2a055330e5c09a8653ce?s=96&d=mm&r=g","contentUrl":"https:\/\/secure.gravatar.com\/avatar\/9c877d1a6adc2a055330e5c09a8653ce?s=96&d=mm&r=g","caption":"Bruna Greco"}}]}},"_links":{"self":[{"href":"https:\/\/www.manaus.am.gov.br\/semcom\/wp-json\/wp\/v2\/posts\/244142"}],"collection":[{"href":"https:\/\/www.manaus.am.gov.br\/semcom\/wp-json\/wp\/v2\/posts"}],"about":[{"href":"https:\/\/www.manaus.am.gov.br\/semcom\/wp-json\/wp\/v2\/types\/post"}],"author":[{"embeddable":true,"href":"https:\/\/www.manaus.am.gov.br\/semcom\/wp-json\/wp\/v2\/users\/39"}],"replies":[{"embeddable":true,"href":"https:\/\/www.manaus.am.gov.br\/semcom\/wp-json\/wp\/v2\/comments?post=244142"}],"version-history":[{"count":5,"href":"https:\/\/www.manaus.am.gov.br\/semcom\/wp-json\/wp\/v2\/posts\/244142\/revisions"}],"predecessor-version":[{"id":244234,"href":"https:\/\/www.manaus.am.gov.br\/semcom\/wp-json\/wp\/v2\/posts\/244142\/revisions\/244234"}],"wp:featuredmedia":[{"embeddable":true,"href":"https:\/\/www.manaus.am.gov.br\/semcom\/wp-json\/wp\/v2\/media\/244143"}],"wp:attachment":[{"href":"https:\/\/www.manaus.am.gov.br\/semcom\/wp-json\/wp\/v2\/media?parent=244142"}],"wp:term":[{"taxonomy":"category","embeddable":true,"href":"https:\/\/www.manaus.am.gov.br\/semcom\/wp-json\/wp\/v2\/categories?post=244142"},{"taxonomy":"post_tag","embeddable":true,"href":"https:\/\/www.manaus.am.gov.br\/semcom\/wp-json\/wp\/v2\/tags?post=244142"}],"curies":[{"name":"wp","href":"https:\/\/api.w.org\/{rel}","templated":true}]}}