{"id":244140,"date":"2025-08-21T17:12:30","date_gmt":"2025-08-21T20:12:30","guid":{"rendered":"https:\/\/www.manaus.am.gov.br\/semcom\/revitalizacao-getulio-vargas\/"},"modified":"2025-08-21T17:12:31","modified_gmt":"2025-08-21T20:12:31","slug":"revitalizacao-getulio-vargas","status":"publish","type":"post","link":"https:\/\/www.manaus.am.gov.br\/semcom\/revitalizacao-getulio-vargas\/","title":{"rendered":"Prefeitura de Manaus avan\u00e7a com revitaliza\u00e7\u00e3o da avenida Get\u00falio Vargas em a\u00e7\u00e3o do Mutir\u00e3o no Centro"},"content":{"rendered":"\n<p>A Prefeitura de Manaus segue, nesta quarta-feira, 20\/8, com as obras de revitaliza\u00e7\u00e3o da avenida Get\u00falio Vargas, no Centro da cidade. A a\u00e7\u00e3o, coordenada pela Secretaria Municipal de Infraestrutura (Seminf), integra o programa \u201cMutir\u00e3o no Centro\u201d, que vem promovendo melhorias estruturais em uma das \u00e1reas mais movimentadas da capital.<\/p>\n\n\n\n<p>O vice-prefeito e secret\u00e1rio de Obras, Renato Junior, explica que a determina\u00e7\u00e3o do prefeito David Almeida \u00e9 garantir mais mobilidade e qualidade de vida para quem circula pela regi\u00e3o.<\/p>\n\n\n\n<p>\u201cEstamos recuperando cal\u00e7adas, revitalizando paradas de \u00f4nibus, refazendo bancos e preparando novas rampas de acessibilidade. A prioridade \u00e9 entregar um espa\u00e7o mais seguro, organizado e acess\u00edvel para a popula\u00e7\u00e3o. O centro \u00e9 cart\u00e3o-postal de Manaus e precisa estar \u00e0 altura da import\u00e2ncia que tem para a cidade\u201d, destacou Renato Junior.<\/p>\n\n\n\n<p>As equipes do distrito de obras j\u00e1 conclu\u00edram mais de 120 m\u00b2 de manuten\u00e7\u00e3o em cal\u00e7adas de pontos de \u00f4nibus, com aplica\u00e7\u00e3o de concreto, al\u00e9m da reconstru\u00e7\u00e3o de bancos deteriorados e remo\u00e7\u00e3o de picha\u00e7\u00f5es com pintura nova. Nos pr\u00f3ximos dias, ser\u00e1 iniciada a implanta\u00e7\u00e3o de rampas de acessibilidade, garantindo inclus\u00e3o e mobilidade \u00e0s pessoas com defici\u00eancia.<\/p>\n\n\n\n<p>A a\u00e7\u00e3o tem tido boa aceita\u00e7\u00e3o por parte dos comerciantes locais, como o jornaleiro Paulo Roberto de Souza, de 62 anos, que trabalha h\u00e1 mais de tr\u00eas d\u00e9cadas na avenida.<\/p>\n\n\n\n<p>\u201c\u00c9 um trabalho muito importante. A prefeitura est\u00e1 de parab\u00e9ns por valorizar a Get\u00falio Vargas. Quem vive e trabalha aqui sente a diferen\u00e7a no dia a dia. Essa revitaliza\u00e7\u00e3o beneficia n\u00e3o s\u00f3 os comerciantes, mas todos que passam pelo Centro\u201d, afirmou Paulo Roberto.<\/p>\n\n\n\n<p>O \u201cMutir\u00e3o no Centro\u201d re\u00fane diversas frentes de trabalho da Seminf visando reordenar a regi\u00e3o central, oferecendo infraestrutura renovada e espa\u00e7os mais adequados para moradores, comerciantes e visitantes.<\/p>\n\n\n\n<p>&#8212; &#8212; &#8212;<\/p>\n\n\n\n<p><strong>Texto<\/strong> &#8211; Eduarda Lira \/ Seminf<\/p>\n\n\n\n<p><strong>Fotos<\/strong> &#8211; M\u00e1rcio Melo \/ Seminf<\/p>\n","protected":false},"excerpt":{"rendered":"","protected":false},"author":61,"featured_media":244141,"comment_status":"closed","ping_status":"closed","sticky":false,"template":"","format":"standard","meta":{"footnotes":""},"categories":[2504],"tags":[16407,35,16362,77,439,450,33],"acf":[],"yoast_head":"<!-- This site is optimized with the Yoast SEO plugin v23.0 - https:\/\/yoast.com\/wordpress\/plugins\/seo\/ -->\n<title>Prefeitura de Manaus avan\u00e7a com revitaliza\u00e7\u00e3o da avenida Get\u00falio Vargas em a\u00e7\u00e3o do Mutir\u00e3o no Centro<\/title>\n<meta name=\"description\" content=\"A Prefeitura de Manaus segue, nesta quarta-feira, 20\/8, com as obras de revitaliza\u00e7\u00e3o da avenida Get\u00falio Vargas, no Centro da cidade.\" \/>\n<meta name=\"robots\" content=\"index, follow, max-snippet:-1, max-image-preview:large, max-video-preview:-1\" \/>\n<link rel=\"canonical\" href=\"https:\/\/www.manaus.am.gov.br\/semcom\/revitalizacao-getulio-vargas\/\" \/>\n<meta property=\"og:locale\" content=\"pt_BR\" \/>\n<meta property=\"og:type\" content=\"article\" \/>\n<meta property=\"og:title\" content=\"Prefeitura de Manaus avan\u00e7a com revitaliza\u00e7\u00e3o da avenida Get\u00falio Vargas em a\u00e7\u00e3o do Mutir\u00e3o no Centro\" \/>\n<meta property=\"og:description\" content=\"A Prefeitura de Manaus segue, nesta quarta-feira, 20\/8, com as obras de revitaliza\u00e7\u00e3o da avenida Get\u00falio Vargas, no Centro da cidade.\" \/>\n<meta property=\"og:url\" content=\"https:\/\/www.manaus.am.gov.br\/semcom\/revitalizacao-getulio-vargas\/\" \/>\n<meta property=\"og:site_name\" content=\"SEMCOM\" \/>\n<meta property=\"article:published_time\" content=\"2025-08-21T20:12:30+00:00\" \/>\n<meta property=\"article:modified_time\" content=\"2025-08-21T20:12:31+00:00\" \/>\n<meta property=\"og:image\" content=\"https:\/\/www.manaus.am.gov.br\/semcom\/wp-content\/uploads\/sites\/5\/2025\/08\/Seminf-Getulio-Centro-3.jpg\" \/>\n\t<meta property=\"og:image:width\" content=\"806\" \/>\n\t<meta property=\"og:image:height\" content=\"585\" \/>\n\t<meta property=\"og:image:type\" content=\"image\/jpeg\" \/>\n<meta name=\"author\" content=\"smonteiro\" \/>\n<meta name=\"twitter:card\" content=\"summary_large_image\" \/>\n<meta name=\"twitter:label1\" content=\"Written by\" \/>\n\t<meta name=\"twitter:data1\" content=\"smonteiro\" \/>\n\t<meta name=\"twitter:label2\" content=\"Est. reading time\" \/>\n\t<meta name=\"twitter:data2\" content=\"2 minutos\" \/>\n<script type=\"application\/ld+json\" class=\"yoast-schema-graph\">{\"@context\":\"https:\/\/schema.org\",\"@graph\":[{\"@type\":\"WebPage\",\"@id\":\"https:\/\/www.manaus.am.gov.br\/semcom\/revitalizacao-getulio-vargas\/\",\"url\":\"https:\/\/www.manaus.am.gov.br\/semcom\/revitalizacao-getulio-vargas\/\",\"name\":\"Prefeitura de Manaus avan\u00e7a com revitaliza\u00e7\u00e3o da avenida Get\u00falio Vargas em a\u00e7\u00e3o do Mutir\u00e3o no Centro\",\"isPartOf\":{\"@id\":\"https:\/\/www.manaus.am.gov.br\/semcom\/#website\"},\"primaryImageOfPage\":{\"@id\":\"https:\/\/www.manaus.am.gov.br\/semcom\/revitalizacao-getulio-vargas\/#primaryimage\"},\"image\":{\"@id\":\"https:\/\/www.manaus.am.gov.br\/semcom\/revitalizacao-getulio-vargas\/#primaryimage\"},\"thumbnailUrl\":\"https:\/\/www.manaus.am.gov.br\/semcom\/wp-content\/uploads\/sites\/5\/2025\/08\/Seminf-Getulio-Centro-3.jpg\",\"datePublished\":\"2025-08-21T20:12:30+00:00\",\"dateModified\":\"2025-08-21T20:12:31+00:00\",\"author\":{\"@id\":\"https:\/\/www.manaus.am.gov.br\/semcom\/#\/schema\/person\/ab4dcf766a54dff74e8d267f5c591961\"},\"description\":\"A Prefeitura de Manaus segue, nesta quarta-feira, 20\/8, com as obras de revitaliza\u00e7\u00e3o da avenida Get\u00falio Vargas, no Centro da cidade.\",\"inLanguage\":\"pt-BR\",\"potentialAction\":[{\"@type\":\"ReadAction\",\"target\":[\"https:\/\/www.manaus.am.gov.br\/semcom\/revitalizacao-getulio-vargas\/\"]}]},{\"@type\":\"ImageObject\",\"inLanguage\":\"pt-BR\",\"@id\":\"https:\/\/www.manaus.am.gov.br\/semcom\/revitalizacao-getulio-vargas\/#primaryimage\",\"url\":\"https:\/\/www.manaus.am.gov.br\/semcom\/wp-content\/uploads\/sites\/5\/2025\/08\/Seminf-Getulio-Centro-3.jpg\",\"contentUrl\":\"https:\/\/www.manaus.am.gov.br\/semcom\/wp-content\/uploads\/sites\/5\/2025\/08\/Seminf-Getulio-Centro-3.jpg\",\"width\":806,\"height\":585,\"caption\":\"#paratodosverem - servidores da Seminf trabalham na recupera\u00e7\u00e3o de paradas de \u00f4nibus na avenida Get\u00falio Vargas\"},{\"@type\":\"WebSite\",\"@id\":\"https:\/\/www.manaus.am.gov.br\/semcom\/#website\",\"url\":\"https:\/\/www.manaus.am.gov.br\/semcom\/\",\"name\":\"SEMCOM\",\"description\":\"Secretaria Municipal de Comunica\u00e7\u00e3o\",\"potentialAction\":[{\"@type\":\"SearchAction\",\"target\":{\"@type\":\"EntryPoint\",\"urlTemplate\":\"https:\/\/www.manaus.am.gov.br\/semcom\/?s={search_term_string}\"},\"query-input\":\"required name=search_term_string\"}],\"inLanguage\":\"pt-BR\"},{\"@type\":\"Person\",\"@id\":\"https:\/\/www.manaus.am.gov.br\/semcom\/#\/schema\/person\/ab4dcf766a54dff74e8d267f5c591961\",\"name\":\"smonteiro\",\"image\":{\"@type\":\"ImageObject\",\"inLanguage\":\"pt-BR\",\"@id\":\"https:\/\/www.manaus.am.gov.br\/semcom\/#\/schema\/person\/image\/\",\"url\":\"https:\/\/secure.gravatar.com\/avatar\/21c8776ef61d9272c73322052e042d77?s=96&d=mm&r=g\",\"contentUrl\":\"https:\/\/secure.gravatar.com\/avatar\/21c8776ef61d9272c73322052e042d77?s=96&d=mm&r=g\",\"caption\":\"smonteiro\"}}]}<\/script>\n<!-- \/ Yoast SEO plugin. -->","yoast_head_json":{"title":"Prefeitura de Manaus avan\u00e7a com revitaliza\u00e7\u00e3o da avenida Get\u00falio Vargas em a\u00e7\u00e3o do Mutir\u00e3o no Centro","description":"A Prefeitura de Manaus segue, nesta quarta-feira, 20\/8, com as obras de revitaliza\u00e7\u00e3o da avenida Get\u00falio Vargas, no Centro da cidade.","robots":{"index":"index","follow":"follow","max-snippet":"max-snippet:-1","max-image-preview":"max-image-preview:large","max-video-preview":"max-video-preview:-1"},"canonical":"https:\/\/www.manaus.am.gov.br\/semcom\/revitalizacao-getulio-vargas\/","og_locale":"pt_BR","og_type":"article","og_title":"Prefeitura de Manaus avan\u00e7a com revitaliza\u00e7\u00e3o da avenida Get\u00falio Vargas em a\u00e7\u00e3o do Mutir\u00e3o no Centro","og_description":"A Prefeitura de Manaus segue, nesta quarta-feira, 20\/8, com as obras de revitaliza\u00e7\u00e3o da avenida Get\u00falio Vargas, no Centro da cidade.","og_url":"https:\/\/www.manaus.am.gov.br\/semcom\/revitalizacao-getulio-vargas\/","og_site_name":"SEMCOM","article_published_time":"2025-08-21T20:12:30+00:00","article_modified_time":"2025-08-21T20:12:31+00:00","og_image":[{"width":806,"height":585,"url":"https:\/\/www.manaus.am.gov.br\/semcom\/wp-content\/uploads\/sites\/5\/2025\/08\/Seminf-Getulio-Centro-3.jpg","type":"image\/jpeg"}],"author":"smonteiro","twitter_card":"summary_large_image","twitter_misc":{"Written by":"smonteiro","Est. reading time":"2 minutos"},"schema":{"@context":"https:\/\/schema.org","@graph":[{"@type":"WebPage","@id":"https:\/\/www.manaus.am.gov.br\/semcom\/revitalizacao-getulio-vargas\/","url":"https:\/\/www.manaus.am.gov.br\/semcom\/revitalizacao-getulio-vargas\/","name":"Prefeitura de Manaus avan\u00e7a com revitaliza\u00e7\u00e3o da avenida Get\u00falio Vargas em a\u00e7\u00e3o do Mutir\u00e3o no Centro","isPartOf":{"@id":"https:\/\/www.manaus.am.gov.br\/semcom\/#website"},"primaryImageOfPage":{"@id":"https:\/\/www.manaus.am.gov.br\/semcom\/revitalizacao-getulio-vargas\/#primaryimage"},"image":{"@id":"https:\/\/www.manaus.am.gov.br\/semcom\/revitalizacao-getulio-vargas\/#primaryimage"},"thumbnailUrl":"https:\/\/www.manaus.am.gov.br\/semcom\/wp-content\/uploads\/sites\/5\/2025\/08\/Seminf-Getulio-Centro-3.jpg","datePublished":"2025-08-21T20:12:30+00:00","dateModified":"2025-08-21T20:12:31+00:00","author":{"@id":"https:\/\/www.manaus.am.gov.br\/semcom\/#\/schema\/person\/ab4dcf766a54dff74e8d267f5c591961"},"description":"A Prefeitura de Manaus segue, nesta quarta-feira, 20\/8, com as obras de revitaliza\u00e7\u00e3o da avenida Get\u00falio Vargas, no Centro da cidade.","inLanguage":"pt-BR","potentialAction":[{"@type":"ReadAction","target":["https:\/\/www.manaus.am.gov.br\/semcom\/revitalizacao-getulio-vargas\/"]}]},{"@type":"ImageObject","inLanguage":"pt-BR","@id":"https:\/\/www.manaus.am.gov.br\/semcom\/revitalizacao-getulio-vargas\/#primaryimage","url":"https:\/\/www.manaus.am.gov.br\/semcom\/wp-content\/uploads\/sites\/5\/2025\/08\/Seminf-Getulio-Centro-3.jpg","contentUrl":"https:\/\/www.manaus.am.gov.br\/semcom\/wp-content\/uploads\/sites\/5\/2025\/08\/Seminf-Getulio-Centro-3.jpg","width":806,"height":585,"caption":"#paratodosverem - servidores da Seminf trabalham na recupera\u00e7\u00e3o de paradas de \u00f4nibus na avenida Get\u00falio Vargas"},{"@type":"WebSite","@id":"https:\/\/www.manaus.am.gov.br\/semcom\/#website","url":"https:\/\/www.manaus.am.gov.br\/semcom\/","name":"SEMCOM","description":"Secretaria Municipal de Comunica\u00e7\u00e3o","potentialAction":[{"@type":"SearchAction","target":{"@type":"EntryPoint","urlTemplate":"https:\/\/www.manaus.am.gov.br\/semcom\/?s={search_term_string}"},"query-input":"required name=search_term_string"}],"inLanguage":"pt-BR"},{"@type":"Person","@id":"https:\/\/www.manaus.am.gov.br\/semcom\/#\/schema\/person\/ab4dcf766a54dff74e8d267f5c591961","name":"smonteiro","image":{"@type":"ImageObject","inLanguage":"pt-BR","@id":"https:\/\/www.manaus.am.gov.br\/semcom\/#\/schema\/person\/image\/","url":"https:\/\/secure.gravatar.com\/avatar\/21c8776ef61d9272c73322052e042d77?s=96&d=mm&r=g","contentUrl":"https:\/\/secure.gravatar.com\/avatar\/21c8776ef61d9272c73322052e042d77?s=96&d=mm&r=g","caption":"smonteiro"}}]}},"_links":{"self":[{"href":"https:\/\/www.manaus.am.gov.br\/semcom\/wp-json\/wp\/v2\/posts\/244140"}],"collection":[{"href":"https:\/\/www.manaus.am.gov.br\/semcom\/wp-json\/wp\/v2\/posts"}],"about":[{"href":"https:\/\/www.manaus.am.gov.br\/semcom\/wp-json\/wp\/v2\/types\/post"}],"author":[{"embeddable":true,"href":"https:\/\/www.manaus.am.gov.br\/semcom\/wp-json\/wp\/v2\/users\/61"}],"replies":[{"embeddable":true,"href":"https:\/\/www.manaus.am.gov.br\/semcom\/wp-json\/wp\/v2\/comments?post=244140"}],"version-history":[{"count":0,"href":"https:\/\/www.manaus.am.gov.br\/semcom\/wp-json\/wp\/v2\/posts\/244140\/revisions"}],"wp:featuredmedia":[{"embeddable":true,"href":"https:\/\/www.manaus.am.gov.br\/semcom\/wp-json\/wp\/v2\/media\/244141"}],"wp:attachment":[{"href":"https:\/\/www.manaus.am.gov.br\/semcom\/wp-json\/wp\/v2\/media?parent=244140"}],"wp:term":[{"taxonomy":"category","embeddable":true,"href":"https:\/\/www.manaus.am.gov.br\/semcom\/wp-json\/wp\/v2\/categories?post=244140"},{"taxonomy":"post_tag","embeddable":true,"href":"https:\/\/www.manaus.am.gov.br\/semcom\/wp-json\/wp\/v2\/tags?post=244140"}],"curies":[{"name":"wp","href":"https:\/\/api.w.org\/{rel}","templated":true}]}}