{"id":244132,"date":"2025-08-21T16:42:08","date_gmt":"2025-08-21T19:42:08","guid":{"rendered":"https:\/\/www.manaus.am.gov.br\/semcom\/educacao-consumo-consciente\/"},"modified":"2025-08-21T16:42:09","modified_gmt":"2025-08-21T19:42:09","slug":"educacao-consumo-consciente","status":"publish","type":"post","link":"https:\/\/www.manaus.am.gov.br\/semcom\/educacao-consumo-consciente\/","title":{"rendered":"Prefeitura de Manaus leva educa\u00e7\u00e3o sobre consumo consciente \u00e0 escola da Zona Leste"},"content":{"rendered":"\n<p>A Prefeitura de Manaus, por meio do Servi\u00e7o de Atendimento e Prote\u00e7\u00e3o ao Consumidor (Procon Manaus), realizou, nesta quinta-feira, 21\/8, mais uma edi\u00e7\u00e3o do projeto \u201cProcon Manaus nas Escolas\u201d. A a\u00e7\u00e3o tem como objetivo ensinar os alunos sobre seus direitos e deveres, enquanto consumidores, incentivando a pr\u00e1tica da cidadania e do consumo consciente.<\/p>\n\n\n\n<p>\u201c\u00c9 fundamental que as crian\u00e7as e adolescentes aprendam desde cedo a import\u00e2ncia de conhecer seus direitos como consumidores. Com esse projeto, buscamos formar cidad\u00e3os mais conscientes e respons\u00e1veis, que saibam fazer escolhas melhores para si e para a sociedade\u201d, afirmou a presidente do Procon Manaus, Onilda Abreu.<\/p>\n\n\n\n<p>O evento aconteceu na Escola Municipal Nossa Senhora das Gra\u00e7as, localizada no bairro Col\u00f4nia Ant\u00f4nio Aleixo, zona Leste da cidade. Alunos do ensino fundamental participaram de atividades educativas que abordaram temas como consumo consciente e direitos do consumidor. Para tornar o aprendizado mais din\u00e2mico, a equipe do Procon utilizou v\u00eddeos educativos, jogos e simula\u00e7\u00f5es de fiscaliza\u00e7\u00e3o, garantindo a intera\u00e7\u00e3o e o engajamento dos estudantes.<\/p>\n\n\n\n<p>A gestora da escola, Geysa Nascimento, destacou como a iniciativa refor\u00e7a o trabalho j\u00e1 desenvolvido no ambiente escolar, integrando a educa\u00e7\u00e3o financeira ao cotidiano dos alunos. \u201cTrabalhamos a educa\u00e7\u00e3o financeira como tema transversal e o Procon Manaus vem somar for\u00e7as para que possamos fazer um trabalho mais efetivo com os nossos alunos. Assim, eles adquirem conhecimento que poder\u00e3o compartilhar com a fam\u00edlia e aplicar no dia a dia\u201d, disse.<\/p>\n\n\n\n<p>Durante as atividades, os alunos aprenderam como pequenas atitudes no momento da compra podem impactar a rotina da fam\u00edlia. A estudante do 6\u00ba ano, Maria Flor Pereira, compartilhou o que aprendeu: \u201cAs pessoas t\u00eam que prestar mais aten\u00e7\u00e3o nos produtos que v\u00e3o comprar, como a validade. Tamb\u00e9m podemos ajudar nossos pais na lista de compras e, se um produto estiver muito barato, pode estar vencido ou prestes a vencer. Gostei muito da palestra, porque agora posso ajudar mais meus pais nas compras e evitar que algo ruim aconte\u00e7a\u201d, declarou.<\/p>\n\n\n\n<p>&#8212; &#8212; &#8212;<\/p>\n\n\n\n<p><strong>Texto<\/strong> \u2013 Lara Bernardes \/ Procon<\/p>\n\n\n\n<p><strong>Fotos<\/strong> \u2013 Divulga\u00e7\u00e3o \/ Procon<\/p>\n","protected":false},"excerpt":{"rendered":"","protected":false},"author":61,"featured_media":244133,"comment_status":"closed","ping_status":"closed","sticky":false,"template":"","format":"standard","meta":{"footnotes":""},"categories":[9823],"tags":[10190,11421,77,5594,16419],"acf":[],"yoast_head":"<!-- This site is optimized with the Yoast SEO plugin v23.0 - https:\/\/yoast.com\/wordpress\/plugins\/seo\/ -->\n<title>Prefeitura de Manaus leva educa\u00e7\u00e3o sobre consumo consciente \u00e0 escola da Zona Leste<\/title>\n<meta name=\"description\" content=\"A Prefeitura de Manaus, por meio do Servi\u00e7o de Atendimento e Prote\u00e7\u00e3o ao Consumidor (Procon Manaus), realizou, nesta quinta-feira, 21\/8, mais uma edi\u00e7\u00e3o do projeto \u201cProcon Manaus nas Escolas\u201d.\" \/>\n<meta name=\"robots\" content=\"index, follow, max-snippet:-1, max-image-preview:large, max-video-preview:-1\" \/>\n<link rel=\"canonical\" href=\"https:\/\/www.manaus.am.gov.br\/semcom\/educacao-consumo-consciente\/\" \/>\n<meta property=\"og:locale\" content=\"pt_BR\" \/>\n<meta property=\"og:type\" content=\"article\" \/>\n<meta property=\"og:title\" content=\"Prefeitura de Manaus leva educa\u00e7\u00e3o sobre consumo consciente \u00e0 escola da Zona Leste\" \/>\n<meta property=\"og:description\" content=\"A Prefeitura de Manaus, por meio do Servi\u00e7o de Atendimento e Prote\u00e7\u00e3o ao Consumidor (Procon Manaus), realizou, nesta quinta-feira, 21\/8, mais uma edi\u00e7\u00e3o do projeto \u201cProcon Manaus nas Escolas\u201d.\" \/>\n<meta property=\"og:url\" content=\"https:\/\/www.manaus.am.gov.br\/semcom\/educacao-consumo-consciente\/\" \/>\n<meta property=\"og:site_name\" content=\"SEMCOM\" \/>\n<meta property=\"article:published_time\" content=\"2025-08-21T19:42:08+00:00\" \/>\n<meta property=\"article:modified_time\" content=\"2025-08-21T19:42:09+00:00\" \/>\n<meta property=\"og:image\" content=\"https:\/\/www.manaus.am.gov.br\/semcom\/wp-content\/uploads\/sites\/5\/2025\/08\/Procon-Escolas-2.jpg\" \/>\n\t<meta property=\"og:image:width\" content=\"832\" \/>\n\t<meta property=\"og:image:height\" content=\"624\" \/>\n\t<meta property=\"og:image:type\" content=\"image\/jpeg\" \/>\n<meta name=\"author\" content=\"smonteiro\" \/>\n<meta name=\"twitter:card\" content=\"summary_large_image\" \/>\n<meta name=\"twitter:label1\" content=\"Written by\" \/>\n\t<meta name=\"twitter:data1\" content=\"smonteiro\" \/>\n\t<meta name=\"twitter:label2\" content=\"Est. reading time\" \/>\n\t<meta name=\"twitter:data2\" content=\"3 minutos\" \/>\n<script type=\"application\/ld+json\" class=\"yoast-schema-graph\">{\"@context\":\"https:\/\/schema.org\",\"@graph\":[{\"@type\":\"WebPage\",\"@id\":\"https:\/\/www.manaus.am.gov.br\/semcom\/educacao-consumo-consciente\/\",\"url\":\"https:\/\/www.manaus.am.gov.br\/semcom\/educacao-consumo-consciente\/\",\"name\":\"Prefeitura de Manaus leva educa\u00e7\u00e3o sobre consumo consciente \u00e0 escola da Zona Leste\",\"isPartOf\":{\"@id\":\"https:\/\/www.manaus.am.gov.br\/semcom\/#website\"},\"primaryImageOfPage\":{\"@id\":\"https:\/\/www.manaus.am.gov.br\/semcom\/educacao-consumo-consciente\/#primaryimage\"},\"image\":{\"@id\":\"https:\/\/www.manaus.am.gov.br\/semcom\/educacao-consumo-consciente\/#primaryimage\"},\"thumbnailUrl\":\"https:\/\/www.manaus.am.gov.br\/semcom\/wp-content\/uploads\/sites\/5\/2025\/08\/Procon-Escolas-2.jpg\",\"datePublished\":\"2025-08-21T19:42:08+00:00\",\"dateModified\":\"2025-08-21T19:42:09+00:00\",\"author\":{\"@id\":\"https:\/\/www.manaus.am.gov.br\/semcom\/#\/schema\/person\/ab4dcf766a54dff74e8d267f5c591961\"},\"description\":\"A Prefeitura de Manaus, por meio do Servi\u00e7o de Atendimento e Prote\u00e7\u00e3o ao Consumidor (Procon Manaus), realizou, nesta quinta-feira, 21\/8, mais uma edi\u00e7\u00e3o do projeto \u201cProcon Manaus nas Escolas\u201d.\",\"inLanguage\":\"pt-BR\",\"potentialAction\":[{\"@type\":\"ReadAction\",\"target\":[\"https:\/\/www.manaus.am.gov.br\/semcom\/educacao-consumo-consciente\/\"]}]},{\"@type\":\"ImageObject\",\"inLanguage\":\"pt-BR\",\"@id\":\"https:\/\/www.manaus.am.gov.br\/semcom\/educacao-consumo-consciente\/#primaryimage\",\"url\":\"https:\/\/www.manaus.am.gov.br\/semcom\/wp-content\/uploads\/sites\/5\/2025\/08\/Procon-Escolas-2.jpg\",\"contentUrl\":\"https:\/\/www.manaus.am.gov.br\/semcom\/wp-content\/uploads\/sites\/5\/2025\/08\/Procon-Escolas-2.jpg\",\"width\":832,\"height\":624,\"caption\":\"#paratodosverem - T\u00e9cnica do Procon d\u00e1 orienta\u00e7\u00f5es sobre direitos do consumidor a estudantes\"},{\"@type\":\"WebSite\",\"@id\":\"https:\/\/www.manaus.am.gov.br\/semcom\/#website\",\"url\":\"https:\/\/www.manaus.am.gov.br\/semcom\/\",\"name\":\"SEMCOM\",\"description\":\"Secretaria Municipal de Comunica\u00e7\u00e3o\",\"potentialAction\":[{\"@type\":\"SearchAction\",\"target\":{\"@type\":\"EntryPoint\",\"urlTemplate\":\"https:\/\/www.manaus.am.gov.br\/semcom\/?s={search_term_string}\"},\"query-input\":\"required name=search_term_string\"}],\"inLanguage\":\"pt-BR\"},{\"@type\":\"Person\",\"@id\":\"https:\/\/www.manaus.am.gov.br\/semcom\/#\/schema\/person\/ab4dcf766a54dff74e8d267f5c591961\",\"name\":\"smonteiro\",\"image\":{\"@type\":\"ImageObject\",\"inLanguage\":\"pt-BR\",\"@id\":\"https:\/\/www.manaus.am.gov.br\/semcom\/#\/schema\/person\/image\/\",\"url\":\"https:\/\/secure.gravatar.com\/avatar\/21c8776ef61d9272c73322052e042d77?s=96&d=mm&r=g\",\"contentUrl\":\"https:\/\/secure.gravatar.com\/avatar\/21c8776ef61d9272c73322052e042d77?s=96&d=mm&r=g\",\"caption\":\"smonteiro\"}}]}<\/script>\n<!-- \/ Yoast SEO plugin. -->","yoast_head_json":{"title":"Prefeitura de Manaus leva educa\u00e7\u00e3o sobre consumo consciente \u00e0 escola da Zona Leste","description":"A Prefeitura de Manaus, por meio do Servi\u00e7o de Atendimento e Prote\u00e7\u00e3o ao Consumidor (Procon Manaus), realizou, nesta quinta-feira, 21\/8, mais uma edi\u00e7\u00e3o do projeto \u201cProcon Manaus nas Escolas\u201d.","robots":{"index":"index","follow":"follow","max-snippet":"max-snippet:-1","max-image-preview":"max-image-preview:large","max-video-preview":"max-video-preview:-1"},"canonical":"https:\/\/www.manaus.am.gov.br\/semcom\/educacao-consumo-consciente\/","og_locale":"pt_BR","og_type":"article","og_title":"Prefeitura de Manaus leva educa\u00e7\u00e3o sobre consumo consciente \u00e0 escola da Zona Leste","og_description":"A Prefeitura de Manaus, por meio do Servi\u00e7o de Atendimento e Prote\u00e7\u00e3o ao Consumidor (Procon Manaus), realizou, nesta quinta-feira, 21\/8, mais uma edi\u00e7\u00e3o do projeto \u201cProcon Manaus nas Escolas\u201d.","og_url":"https:\/\/www.manaus.am.gov.br\/semcom\/educacao-consumo-consciente\/","og_site_name":"SEMCOM","article_published_time":"2025-08-21T19:42:08+00:00","article_modified_time":"2025-08-21T19:42:09+00:00","og_image":[{"width":832,"height":624,"url":"https:\/\/www.manaus.am.gov.br\/semcom\/wp-content\/uploads\/sites\/5\/2025\/08\/Procon-Escolas-2.jpg","type":"image\/jpeg"}],"author":"smonteiro","twitter_card":"summary_large_image","twitter_misc":{"Written by":"smonteiro","Est. reading time":"3 minutos"},"schema":{"@context":"https:\/\/schema.org","@graph":[{"@type":"WebPage","@id":"https:\/\/www.manaus.am.gov.br\/semcom\/educacao-consumo-consciente\/","url":"https:\/\/www.manaus.am.gov.br\/semcom\/educacao-consumo-consciente\/","name":"Prefeitura de Manaus leva educa\u00e7\u00e3o sobre consumo consciente \u00e0 escola da Zona Leste","isPartOf":{"@id":"https:\/\/www.manaus.am.gov.br\/semcom\/#website"},"primaryImageOfPage":{"@id":"https:\/\/www.manaus.am.gov.br\/semcom\/educacao-consumo-consciente\/#primaryimage"},"image":{"@id":"https:\/\/www.manaus.am.gov.br\/semcom\/educacao-consumo-consciente\/#primaryimage"},"thumbnailUrl":"https:\/\/www.manaus.am.gov.br\/semcom\/wp-content\/uploads\/sites\/5\/2025\/08\/Procon-Escolas-2.jpg","datePublished":"2025-08-21T19:42:08+00:00","dateModified":"2025-08-21T19:42:09+00:00","author":{"@id":"https:\/\/www.manaus.am.gov.br\/semcom\/#\/schema\/person\/ab4dcf766a54dff74e8d267f5c591961"},"description":"A Prefeitura de Manaus, por meio do Servi\u00e7o de Atendimento e Prote\u00e7\u00e3o ao Consumidor (Procon Manaus), realizou, nesta quinta-feira, 21\/8, mais uma edi\u00e7\u00e3o do projeto \u201cProcon Manaus nas Escolas\u201d.","inLanguage":"pt-BR","potentialAction":[{"@type":"ReadAction","target":["https:\/\/www.manaus.am.gov.br\/semcom\/educacao-consumo-consciente\/"]}]},{"@type":"ImageObject","inLanguage":"pt-BR","@id":"https:\/\/www.manaus.am.gov.br\/semcom\/educacao-consumo-consciente\/#primaryimage","url":"https:\/\/www.manaus.am.gov.br\/semcom\/wp-content\/uploads\/sites\/5\/2025\/08\/Procon-Escolas-2.jpg","contentUrl":"https:\/\/www.manaus.am.gov.br\/semcom\/wp-content\/uploads\/sites\/5\/2025\/08\/Procon-Escolas-2.jpg","width":832,"height":624,"caption":"#paratodosverem - T\u00e9cnica do Procon d\u00e1 orienta\u00e7\u00f5es sobre direitos do consumidor a estudantes"},{"@type":"WebSite","@id":"https:\/\/www.manaus.am.gov.br\/semcom\/#website","url":"https:\/\/www.manaus.am.gov.br\/semcom\/","name":"SEMCOM","description":"Secretaria Municipal de Comunica\u00e7\u00e3o","potentialAction":[{"@type":"SearchAction","target":{"@type":"EntryPoint","urlTemplate":"https:\/\/www.manaus.am.gov.br\/semcom\/?s={search_term_string}"},"query-input":"required name=search_term_string"}],"inLanguage":"pt-BR"},{"@type":"Person","@id":"https:\/\/www.manaus.am.gov.br\/semcom\/#\/schema\/person\/ab4dcf766a54dff74e8d267f5c591961","name":"smonteiro","image":{"@type":"ImageObject","inLanguage":"pt-BR","@id":"https:\/\/www.manaus.am.gov.br\/semcom\/#\/schema\/person\/image\/","url":"https:\/\/secure.gravatar.com\/avatar\/21c8776ef61d9272c73322052e042d77?s=96&d=mm&r=g","contentUrl":"https:\/\/secure.gravatar.com\/avatar\/21c8776ef61d9272c73322052e042d77?s=96&d=mm&r=g","caption":"smonteiro"}}]}},"_links":{"self":[{"href":"https:\/\/www.manaus.am.gov.br\/semcom\/wp-json\/wp\/v2\/posts\/244132"}],"collection":[{"href":"https:\/\/www.manaus.am.gov.br\/semcom\/wp-json\/wp\/v2\/posts"}],"about":[{"href":"https:\/\/www.manaus.am.gov.br\/semcom\/wp-json\/wp\/v2\/types\/post"}],"author":[{"embeddable":true,"href":"https:\/\/www.manaus.am.gov.br\/semcom\/wp-json\/wp\/v2\/users\/61"}],"replies":[{"embeddable":true,"href":"https:\/\/www.manaus.am.gov.br\/semcom\/wp-json\/wp\/v2\/comments?post=244132"}],"version-history":[{"count":0,"href":"https:\/\/www.manaus.am.gov.br\/semcom\/wp-json\/wp\/v2\/posts\/244132\/revisions"}],"wp:featuredmedia":[{"embeddable":true,"href":"https:\/\/www.manaus.am.gov.br\/semcom\/wp-json\/wp\/v2\/media\/244133"}],"wp:attachment":[{"href":"https:\/\/www.manaus.am.gov.br\/semcom\/wp-json\/wp\/v2\/media?parent=244132"}],"wp:term":[{"taxonomy":"category","embeddable":true,"href":"https:\/\/www.manaus.am.gov.br\/semcom\/wp-json\/wp\/v2\/categories?post=244132"},{"taxonomy":"post_tag","embeddable":true,"href":"https:\/\/www.manaus.am.gov.br\/semcom\/wp-json\/wp\/v2\/tags?post=244132"}],"curies":[{"name":"wp","href":"https:\/\/api.w.org\/{rel}","templated":true}]}}