{"id":244105,"date":"2025-08-21T12:14:59","date_gmt":"2025-08-21T16:14:59","guid":{"rendered":"https:\/\/www.manaus.am.gov.br\/semcom\/tecelagem-na-floresta-soumanaus\/"},"modified":"2025-08-21T12:14:59","modified_gmt":"2025-08-21T16:14:59","slug":"tecelagem-na-floresta-soumanaus","status":"publish","type":"post","link":"https:\/\/www.manaus.am.gov.br\/semcom\/tecelagem-na-floresta-soumanaus\/","title":{"rendered":"&#8216;Tecelagem na Floresta&#8217; celebra moda, arte e cultura amaz\u00f4nica no \u2018#SouManaus Passo a Pa\u00e7o 2025\u2019"},"content":{"rendered":"\n<p>O projeto &#8220;Tecelagem na Floresta&#8221; \u00e9 um dos destaques da programa\u00e7\u00e3o do \u201c#SouManaus Passo a Pa\u00e7o 2025\u201d, maior festival gratuito de artes integradas do Brasil, que chega \u00e0 sua 10\u00aa edi\u00e7\u00e3o com o tema \u201cA Festa do Povo Floresta\u201d. Inspirado na biodiversidade e nos saberes ancestrais da Amaz\u00f4nia, a iniciativa prop\u00f5e um encontro entre moda, arte e cultura, transformando o vestu\u00e1rio e as artes visuais em narrativas vivas do territ\u00f3rio.<\/p>\n\n\n\n<p>O festival, que acontece nos dias 5, 6 e 7\/9, \u00e9 coordenado pela Prefeitura de Manaus, por meio da Funda\u00e7\u00e3o Municipal de Cultura, Turismo e Eventos (Manauscult), e vai ocupar o centro hist\u00f3rico da cidade com 17 palcos e uma programa\u00e7\u00e3o diversa, celebrando a identidade amaz\u00f4nica e fortalecendo a economia criativa. J\u00e1 a programa\u00e7\u00e3o do projeto inicia antes do evento e se estende ao longo da semana que antecede os shows e atividades principais.<\/p>\n\n\n\n<p>Segundo o diretor-presidente da Manauscult, Jender Lobato, o projeto amplia o alcance do festival e refor\u00e7a o di\u00e1logo entre arte, tradi\u00e7\u00e3o e inova\u00e7\u00e3o. \u201cO #SouManaus \u00e9 uma celebra\u00e7\u00e3o da diversidade e da criatividade do nosso povo. O &#8216;Tecelagem na Floresta&#8217; \u00e9 um exemplo de como a moda pode ser mais do que est\u00e9tica, pode ser mem\u00f3ria, identidade e futuro, valorizando os talentos locais e colocando Manaus no mapa da economia criativa\u201d, afirmou.<\/p>\n\n\n\n<p><br>As atividades do Tecelagem na Floresta incluem: oficina de Figurino, de 20 a 22\/8; curso de Corte e Costura, de 25\/8 a 2\/9; oficina de Tingimento Natural, no dia 2\/9; e roda de conversa, no dia 3\/9, ambos conduzidos pelo estilista e figurinista ind\u00edgena Sioduhi, do povo Piratapuya (tamb\u00e9m chamado Wa\u00edkahna), nascido na comunidade Mariw\u00e1, no M\u00e9dio Rio Uaup\u00e9s, no Amazonas.<\/p>\n\n\n\n<p>Diretor do Sioduhi Studio, o artista desenvolve a proposta do \u201cfuturismo ind\u00edgena amaz\u00f4nico\u201d por meio de uma moda autoral e sustent\u00e1vel, com t\u00e9cnicas tradicionais como tingimentos naturais entre eles a tecnologia ManioColor, baseada na casca da mandioca brava e o uso de fibras como o tucum.<\/p>\n\n\n\n<p><br>Diretor do Sioduhi Studio, o artista desenvolve a proposta do \u201cfuturismo ind\u00edgena amaz\u00f4nico\u201d por meio de uma moda autoral e sustent\u00e1vel, com t\u00e9cnicas tradicionais como tingimentos naturais entre eles a tecnologia ManioColor, baseada na casca da mandioca brava e o uso de fibras como o tucum.<\/p>\n\n\n\n<p><br>A programa\u00e7\u00e3o segue ainda com o desfile no Mercado de Origem da Amaz\u00f4nia (no complexo <em>Boothline<\/em>), no dia 4\/9; e o Espa\u00e7o Moda e Bem-estar, que funcionar\u00e1 de 5 a 7\/9, nos Jardins do Museu, reunindo brech\u00f3, acess\u00f3rios, flash tattoo, plantas ornamentais e espa\u00e7o sa\u00fade.<\/p>\n\n\n\n<p><br>No cora\u00e7\u00e3o da cidade, o &#8220;Tecelagem na Floresta&#8221; refor\u00e7a a ideia de que vestir-se \u00e9 tamb\u00e9m um ato de express\u00e3o cultural e resist\u00eancia, fazendo ecoar a voz da floresta em cada cria\u00e7\u00e3o.<\/p>\n\n\n\n<p><br>A coordenadora do projeto, Karoliny de Oliveira, ressalta a import\u00e2ncia da iniciativa para os artistas amaz\u00f4nicos. \u201cAssim como na tecelagem, cada artista, estilista e artes\u00e3o \u00e9 um fio que, juntos aos demais, formam um tecido hist\u00f3rico de viv\u00eancia. Queremos que o p\u00fablico se reconhe\u00e7a nessa trama e perceba que tamb\u00e9m \u00e9 parte dela. Agradecemos a import\u00e2ncia de o &#8216;Tecelagem&#8217; estar na Floresta e estar inclu\u00eddo dentro da programa\u00e7\u00e3o do #SouManaus, levando nossos artistas a serem reconhecidos nacionalmente\u201d, disse.<\/p>\n\n\n\n<p><br>O \u201c#SouManaus Passo a Pa\u00e7o 2025\u201d promete ser hist\u00f3rico, marcando uma d\u00e9cada de realiza\u00e7\u00e3o com novos espa\u00e7os, experi\u00eancias ampliadas e uma programa\u00e7\u00e3o que conecta m\u00fasica, gastronomia, moda, artes visuais e cultura popular, sempre com acesso gratuito e sem \u00e1reas exclusivas.<\/p>\n\n\n\n<figure class=\"wp-block-image size-large\"><img loading=\"lazy\" decoding=\"async\" width=\"1024\" height=\"682\" src=\"https:\/\/www.manaus.am.gov.br\/semcom\/wp-content\/uploads\/sites\/5\/2025\/08\/ae14f8d0-d45f-4ce8-be2a-e0f60266a0a7-1536x1023-1-1024x682.jpg\" alt=\"\" class=\"wp-image-244107\" srcset=\"https:\/\/www.manaus.am.gov.br\/semcom\/wp-content\/uploads\/sites\/5\/2025\/08\/ae14f8d0-d45f-4ce8-be2a-e0f60266a0a7-1536x1023-1-1024x682.jpg 1024w, https:\/\/www.manaus.am.gov.br\/semcom\/wp-content\/uploads\/sites\/5\/2025\/08\/ae14f8d0-d45f-4ce8-be2a-e0f60266a0a7-1536x1023-1-300x200.jpg 300w, https:\/\/www.manaus.am.gov.br\/semcom\/wp-content\/uploads\/sites\/5\/2025\/08\/ae14f8d0-d45f-4ce8-be2a-e0f60266a0a7-1536x1023-1-768x512.jpg 768w, https:\/\/www.manaus.am.gov.br\/semcom\/wp-content\/uploads\/sites\/5\/2025\/08\/ae14f8d0-d45f-4ce8-be2a-e0f60266a0a7-1536x1023-1.jpg 1536w\" sizes=\"(max-width: 1024px) 100vw, 1024px\" \/><\/figure>\n\n\n\n<p>&#8212; &#8212; &#8212;<\/p>\n\n\n\n<p><strong>Texto &#8211;<\/strong> J\u00e9ssica Trajano\/Manauscult\u00a0<\/p>\n\n\n\n<p><strong>Fotos \u2013 <\/strong>Arquivo\/Semcom<\/p>\n","protected":false},"excerpt":{"rendered":"","protected":false},"author":39,"featured_media":244106,"comment_status":"closed","ping_status":"closed","sticky":false,"template":"","format":"standard","meta":{"footnotes":""},"categories":[4867],"tags":[15305,15997,16404,16405,77,16406],"acf":[],"yoast_head":"<!-- This site is optimized with the Yoast SEO plugin v23.0 - https:\/\/yoast.com\/wordpress\/plugins\/seo\/ -->\n<title>Tecelagem na Floresta celebra moda no #SouManaus<\/title>\n<meta name=\"description\" content=\"Projeto &#039;Tecelagem na Floresta&#039; celebra moda, arte e cultura amaz\u00f4nica no \u2018#SouManaus Passo a Pa\u00e7o 2025\u2019, coordenado pela prefeitura.\" \/>\n<meta name=\"robots\" content=\"index, follow, max-snippet:-1, max-image-preview:large, max-video-preview:-1\" \/>\n<link rel=\"canonical\" href=\"https:\/\/www.manaus.am.gov.br\/semcom\/tecelagem-na-floresta-soumanaus\/\" \/>\n<meta property=\"og:locale\" content=\"pt_BR\" \/>\n<meta property=\"og:type\" content=\"article\" \/>\n<meta property=\"og:title\" content=\"Tecelagem na Floresta celebra moda no #SouManaus\" \/>\n<meta property=\"og:description\" content=\"Projeto &#039;Tecelagem na Floresta&#039; celebra moda, arte e cultura amaz\u00f4nica no \u2018#SouManaus Passo a Pa\u00e7o 2025\u2019, coordenado pela prefeitura.\" \/>\n<meta property=\"og:url\" content=\"https:\/\/www.manaus.am.gov.br\/semcom\/tecelagem-na-floresta-soumanaus\/\" \/>\n<meta property=\"og:site_name\" content=\"SEMCOM\" \/>\n<meta property=\"article:published_time\" content=\"2025-08-21T16:14:59+00:00\" \/>\n<meta property=\"og:image\" content=\"https:\/\/www.manaus.am.gov.br\/semcom\/wp-content\/uploads\/sites\/5\/2025\/08\/8c09d9e2-607e-45c0-9318-42aa214b787d-1536x1023-1.jpg\" \/>\n\t<meta property=\"og:image:width\" content=\"1536\" \/>\n\t<meta property=\"og:image:height\" content=\"1023\" \/>\n\t<meta property=\"og:image:type\" content=\"image\/jpeg\" \/>\n<meta name=\"author\" content=\"Bruna Greco\" \/>\n<meta name=\"twitter:card\" content=\"summary_large_image\" \/>\n<meta name=\"twitter:label1\" content=\"Written by\" \/>\n\t<meta name=\"twitter:data1\" content=\"Bruna Greco\" \/>\n\t<meta name=\"twitter:label2\" content=\"Est. reading time\" \/>\n\t<meta name=\"twitter:data2\" content=\"4 minutos\" \/>\n<script type=\"application\/ld+json\" class=\"yoast-schema-graph\">{\"@context\":\"https:\/\/schema.org\",\"@graph\":[{\"@type\":\"WebPage\",\"@id\":\"https:\/\/www.manaus.am.gov.br\/semcom\/tecelagem-na-floresta-soumanaus\/\",\"url\":\"https:\/\/www.manaus.am.gov.br\/semcom\/tecelagem-na-floresta-soumanaus\/\",\"name\":\"Tecelagem na Floresta celebra moda no #SouManaus\",\"isPartOf\":{\"@id\":\"https:\/\/www.manaus.am.gov.br\/semcom\/#website\"},\"primaryImageOfPage\":{\"@id\":\"https:\/\/www.manaus.am.gov.br\/semcom\/tecelagem-na-floresta-soumanaus\/#primaryimage\"},\"image\":{\"@id\":\"https:\/\/www.manaus.am.gov.br\/semcom\/tecelagem-na-floresta-soumanaus\/#primaryimage\"},\"thumbnailUrl\":\"https:\/\/www.manaus.am.gov.br\/semcom\/wp-content\/uploads\/sites\/5\/2025\/08\/8c09d9e2-607e-45c0-9318-42aa214b787d-1536x1023-1.jpg\",\"datePublished\":\"2025-08-21T16:14:59+00:00\",\"dateModified\":\"2025-08-21T16:14:59+00:00\",\"author\":{\"@id\":\"https:\/\/www.manaus.am.gov.br\/semcom\/#\/schema\/person\/05d223aea2bf115f9883a6ff3683d81b\"},\"description\":\"Projeto 'Tecelagem na Floresta' celebra moda, arte e cultura amaz\u00f4nica no \u2018#SouManaus Passo a Pa\u00e7o 2025\u2019, coordenado pela prefeitura.\",\"inLanguage\":\"pt-BR\",\"potentialAction\":[{\"@type\":\"ReadAction\",\"target\":[\"https:\/\/www.manaus.am.gov.br\/semcom\/tecelagem-na-floresta-soumanaus\/\"]}]},{\"@type\":\"ImageObject\",\"inLanguage\":\"pt-BR\",\"@id\":\"https:\/\/www.manaus.am.gov.br\/semcom\/tecelagem-na-floresta-soumanaus\/#primaryimage\",\"url\":\"https:\/\/www.manaus.am.gov.br\/semcom\/wp-content\/uploads\/sites\/5\/2025\/08\/8c09d9e2-607e-45c0-9318-42aa214b787d-1536x1023-1.jpg\",\"contentUrl\":\"https:\/\/www.manaus.am.gov.br\/semcom\/wp-content\/uploads\/sites\/5\/2025\/08\/8c09d9e2-607e-45c0-9318-42aa214b787d-1536x1023-1.jpg\",\"width\":1536,\"height\":1023,\"caption\":\"#paratodosverem - Integrantes da moda local participando de exposi\u00e7\u00e3o de vestimentas por meio de brech\u00f3 nas \u00faltimas edi\u00e7\u00f5es do #SouManaus Passo a Pa\u00e7o\"},{\"@type\":\"WebSite\",\"@id\":\"https:\/\/www.manaus.am.gov.br\/semcom\/#website\",\"url\":\"https:\/\/www.manaus.am.gov.br\/semcom\/\",\"name\":\"SEMCOM\",\"description\":\"Secretaria Municipal de Comunica\u00e7\u00e3o\",\"potentialAction\":[{\"@type\":\"SearchAction\",\"target\":{\"@type\":\"EntryPoint\",\"urlTemplate\":\"https:\/\/www.manaus.am.gov.br\/semcom\/?s={search_term_string}\"},\"query-input\":\"required name=search_term_string\"}],\"inLanguage\":\"pt-BR\"},{\"@type\":\"Person\",\"@id\":\"https:\/\/www.manaus.am.gov.br\/semcom\/#\/schema\/person\/05d223aea2bf115f9883a6ff3683d81b\",\"name\":\"Bruna Greco\",\"image\":{\"@type\":\"ImageObject\",\"inLanguage\":\"pt-BR\",\"@id\":\"https:\/\/www.manaus.am.gov.br\/semcom\/#\/schema\/person\/image\/\",\"url\":\"https:\/\/secure.gravatar.com\/avatar\/9c877d1a6adc2a055330e5c09a8653ce?s=96&d=mm&r=g\",\"contentUrl\":\"https:\/\/secure.gravatar.com\/avatar\/9c877d1a6adc2a055330e5c09a8653ce?s=96&d=mm&r=g\",\"caption\":\"Bruna Greco\"}}]}<\/script>\n<!-- \/ Yoast SEO plugin. -->","yoast_head_json":{"title":"Tecelagem na Floresta celebra moda no #SouManaus","description":"Projeto 'Tecelagem na Floresta' celebra moda, arte e cultura amaz\u00f4nica no \u2018#SouManaus Passo a Pa\u00e7o 2025\u2019, coordenado pela prefeitura.","robots":{"index":"index","follow":"follow","max-snippet":"max-snippet:-1","max-image-preview":"max-image-preview:large","max-video-preview":"max-video-preview:-1"},"canonical":"https:\/\/www.manaus.am.gov.br\/semcom\/tecelagem-na-floresta-soumanaus\/","og_locale":"pt_BR","og_type":"article","og_title":"Tecelagem na Floresta celebra moda no #SouManaus","og_description":"Projeto 'Tecelagem na Floresta' celebra moda, arte e cultura amaz\u00f4nica no \u2018#SouManaus Passo a Pa\u00e7o 2025\u2019, coordenado pela prefeitura.","og_url":"https:\/\/www.manaus.am.gov.br\/semcom\/tecelagem-na-floresta-soumanaus\/","og_site_name":"SEMCOM","article_published_time":"2025-08-21T16:14:59+00:00","og_image":[{"width":1536,"height":1023,"url":"https:\/\/www.manaus.am.gov.br\/semcom\/wp-content\/uploads\/sites\/5\/2025\/08\/8c09d9e2-607e-45c0-9318-42aa214b787d-1536x1023-1.jpg","type":"image\/jpeg"}],"author":"Bruna Greco","twitter_card":"summary_large_image","twitter_misc":{"Written by":"Bruna Greco","Est. reading time":"4 minutos"},"schema":{"@context":"https:\/\/schema.org","@graph":[{"@type":"WebPage","@id":"https:\/\/www.manaus.am.gov.br\/semcom\/tecelagem-na-floresta-soumanaus\/","url":"https:\/\/www.manaus.am.gov.br\/semcom\/tecelagem-na-floresta-soumanaus\/","name":"Tecelagem na Floresta celebra moda no #SouManaus","isPartOf":{"@id":"https:\/\/www.manaus.am.gov.br\/semcom\/#website"},"primaryImageOfPage":{"@id":"https:\/\/www.manaus.am.gov.br\/semcom\/tecelagem-na-floresta-soumanaus\/#primaryimage"},"image":{"@id":"https:\/\/www.manaus.am.gov.br\/semcom\/tecelagem-na-floresta-soumanaus\/#primaryimage"},"thumbnailUrl":"https:\/\/www.manaus.am.gov.br\/semcom\/wp-content\/uploads\/sites\/5\/2025\/08\/8c09d9e2-607e-45c0-9318-42aa214b787d-1536x1023-1.jpg","datePublished":"2025-08-21T16:14:59+00:00","dateModified":"2025-08-21T16:14:59+00:00","author":{"@id":"https:\/\/www.manaus.am.gov.br\/semcom\/#\/schema\/person\/05d223aea2bf115f9883a6ff3683d81b"},"description":"Projeto 'Tecelagem na Floresta' celebra moda, arte e cultura amaz\u00f4nica no \u2018#SouManaus Passo a Pa\u00e7o 2025\u2019, coordenado pela prefeitura.","inLanguage":"pt-BR","potentialAction":[{"@type":"ReadAction","target":["https:\/\/www.manaus.am.gov.br\/semcom\/tecelagem-na-floresta-soumanaus\/"]}]},{"@type":"ImageObject","inLanguage":"pt-BR","@id":"https:\/\/www.manaus.am.gov.br\/semcom\/tecelagem-na-floresta-soumanaus\/#primaryimage","url":"https:\/\/www.manaus.am.gov.br\/semcom\/wp-content\/uploads\/sites\/5\/2025\/08\/8c09d9e2-607e-45c0-9318-42aa214b787d-1536x1023-1.jpg","contentUrl":"https:\/\/www.manaus.am.gov.br\/semcom\/wp-content\/uploads\/sites\/5\/2025\/08\/8c09d9e2-607e-45c0-9318-42aa214b787d-1536x1023-1.jpg","width":1536,"height":1023,"caption":"#paratodosverem - Integrantes da moda local participando de exposi\u00e7\u00e3o de vestimentas por meio de brech\u00f3 nas \u00faltimas edi\u00e7\u00f5es do #SouManaus Passo a Pa\u00e7o"},{"@type":"WebSite","@id":"https:\/\/www.manaus.am.gov.br\/semcom\/#website","url":"https:\/\/www.manaus.am.gov.br\/semcom\/","name":"SEMCOM","description":"Secretaria Municipal de Comunica\u00e7\u00e3o","potentialAction":[{"@type":"SearchAction","target":{"@type":"EntryPoint","urlTemplate":"https:\/\/www.manaus.am.gov.br\/semcom\/?s={search_term_string}"},"query-input":"required name=search_term_string"}],"inLanguage":"pt-BR"},{"@type":"Person","@id":"https:\/\/www.manaus.am.gov.br\/semcom\/#\/schema\/person\/05d223aea2bf115f9883a6ff3683d81b","name":"Bruna Greco","image":{"@type":"ImageObject","inLanguage":"pt-BR","@id":"https:\/\/www.manaus.am.gov.br\/semcom\/#\/schema\/person\/image\/","url":"https:\/\/secure.gravatar.com\/avatar\/9c877d1a6adc2a055330e5c09a8653ce?s=96&d=mm&r=g","contentUrl":"https:\/\/secure.gravatar.com\/avatar\/9c877d1a6adc2a055330e5c09a8653ce?s=96&d=mm&r=g","caption":"Bruna Greco"}}]}},"_links":{"self":[{"href":"https:\/\/www.manaus.am.gov.br\/semcom\/wp-json\/wp\/v2\/posts\/244105"}],"collection":[{"href":"https:\/\/www.manaus.am.gov.br\/semcom\/wp-json\/wp\/v2\/posts"}],"about":[{"href":"https:\/\/www.manaus.am.gov.br\/semcom\/wp-json\/wp\/v2\/types\/post"}],"author":[{"embeddable":true,"href":"https:\/\/www.manaus.am.gov.br\/semcom\/wp-json\/wp\/v2\/users\/39"}],"replies":[{"embeddable":true,"href":"https:\/\/www.manaus.am.gov.br\/semcom\/wp-json\/wp\/v2\/comments?post=244105"}],"version-history":[{"count":1,"href":"https:\/\/www.manaus.am.gov.br\/semcom\/wp-json\/wp\/v2\/posts\/244105\/revisions"}],"predecessor-version":[{"id":244108,"href":"https:\/\/www.manaus.am.gov.br\/semcom\/wp-json\/wp\/v2\/posts\/244105\/revisions\/244108"}],"wp:featuredmedia":[{"embeddable":true,"href":"https:\/\/www.manaus.am.gov.br\/semcom\/wp-json\/wp\/v2\/media\/244106"}],"wp:attachment":[{"href":"https:\/\/www.manaus.am.gov.br\/semcom\/wp-json\/wp\/v2\/media?parent=244105"}],"wp:term":[{"taxonomy":"category","embeddable":true,"href":"https:\/\/www.manaus.am.gov.br\/semcom\/wp-json\/wp\/v2\/categories?post=244105"},{"taxonomy":"post_tag","embeddable":true,"href":"https:\/\/www.manaus.am.gov.br\/semcom\/wp-json\/wp\/v2\/tags?post=244105"}],"curies":[{"name":"wp","href":"https:\/\/api.w.org\/{rel}","templated":true}]}}