{"id":244088,"date":"2025-08-20T21:23:08","date_gmt":"2025-08-21T01:23:08","guid":{"rendered":"https:\/\/www.manaus.am.gov.br\/semcom\/celebra-dia-artista-teatro\/"},"modified":"2025-08-20T21:23:08","modified_gmt":"2025-08-21T01:23:08","slug":"celebra-dia-artista-teatro","status":"publish","type":"post","link":"https:\/\/www.manaus.am.gov.br\/semcom\/celebra-dia-artista-teatro\/","title":{"rendered":"Prefeitura de Manaus celebra \u201cDia do Artista de Teatro\u201d no Parque Municipal do Idoso"},"content":{"rendered":"\n<p>A Prefeitura de Manaus, por meio da Funda\u00e7\u00e3o de Apoio ao Idoso Doutor Thomas (FDT), promoveu nesta quarta-feira, 20\/8, uma programa\u00e7\u00e3o especial em homenagem ao \u201cDia do Artista de Teatro\u201d, comemorado oficialmente em 19 de agosto. O evento reuniu apresenta\u00e7\u00f5es de esquetes, encenadas pelos idosos e idosas frequentadoras do Parque Municipal do Idoso (PMI), localizado na rua Rio Mar, bairro Nossa Senhora das Gra\u00e7as, zona Centro-Sul da capital.<\/p>\n\n\n\n<p>As pe\u00e7as foram idealizadas, constru\u00eddas e interpretadas a partir das viv\u00eancias pessoais dos idosos, que se tornaram protagonistas de suas pr\u00f3prias hist\u00f3rias. A iniciativa integra o calend\u00e1rio de atividades do PMI e busca estimular a intera\u00e7\u00e3o social, a autoestima e o envelhecimento ativo por meio da arte.<\/p>\n\n\n\n<p>O diretor-presidente da FDT, Eduardo Lucas, destacou a import\u00e2ncia de atividades culturais no processo de valoriza\u00e7\u00e3o da pessoa idosa.<\/p>\n\n\n\n<p>\u201cA arte \u00e9 uma das formas mais bonitas de express\u00e3o, e para a pessoa idosa ela se torna ainda mais especial, pois permite reviver mem\u00f3rias, compartilhar experi\u00eancias e mostrar que o talento n\u00e3o tem idade. Aqui no Parque Municipal do Idoso, cada apresenta\u00e7\u00e3o \u00e9 um convite para enxergar a pot\u00eancia, a criatividade e a vitalidade de quem j\u00e1 construiu uma longa trajet\u00f3ria\u201d, ressaltou.<\/p>\n\n\n<div class=\"wp-block-image\">\n<figure class=\"aligncenter size-full is-resized\"><img loading=\"lazy\" decoding=\"async\" width=\"800\" height=\"600\" src=\"https:\/\/www.manaus.am.gov.br\/semcom\/wp-content\/uploads\/sites\/5\/2025\/08\/FDT-Homenagem-2.jpeg\" alt=\"\" class=\"wp-image-244089\" style=\"width:686px;height:auto\" srcset=\"https:\/\/www.manaus.am.gov.br\/semcom\/wp-content\/uploads\/sites\/5\/2025\/08\/FDT-Homenagem-2.jpeg 800w, https:\/\/www.manaus.am.gov.br\/semcom\/wp-content\/uploads\/sites\/5\/2025\/08\/FDT-Homenagem-2-300x225.jpeg 300w, https:\/\/www.manaus.am.gov.br\/semcom\/wp-content\/uploads\/sites\/5\/2025\/08\/FDT-Homenagem-2-768x576.jpeg 768w\" sizes=\"(max-width: 800px) 100vw, 800px\" \/><\/figure><\/div>\n\n\n<p>A professora de teatro do PMI, Ivy Oliveira, ressaltou a evolu\u00e7\u00e3o dos alunos ao longo do processo criativo. \u201cEu estou muito feliz, principalmente porque eles superaram muitos desafios. Durante o processo, conquistaram autonomia, liberdade criativa e desenvolvimento cognitivo. O resultado foi maravilhoso, e n\u00e3o poderia estar mais orgulhosa do desempenho e da dedica\u00e7\u00e3o de cada um\u201d, afirmou.<\/p>\n\n\n\n<p>Entre os participantes, a emo\u00e7\u00e3o tomou conta. Ieda Seabra, 69 anos, frequentadora do parque h\u00e1 tr\u00eas anos, contou que o teatro foi um divisor de \u00e1guas em sua vida. \u201cAs atividades de teatro aqui no Parque foram um rem\u00e9dio para mim. Cheguei deprimida, sem coragem de me apresentar. Depois das aulas e dos exerc\u00edcios, hoje subo no palco, sou feliz e me sinto completa por fazer parte dessa fam\u00edlia que \u00e9 o PMI\u201d, relatou, emocionada.<\/p>\n\n\n\n<p>&#8212; &#8212; &#8212;<\/p>\n\n\n\n<p><strong>Texto <\/strong>\u2013 F\u00e1bio Sim\u00f5es \/ FDT<\/p>\n\n\n\n<p><strong>Fotos<\/strong> \u2013 Divulga\u00e7\u00e3o \/ FDT<\/p>\n","protected":false},"excerpt":{"rendered":"","protected":false},"author":61,"featured_media":244090,"comment_status":"closed","ping_status":"closed","sticky":false,"template":"","format":"standard","meta":{"footnotes":""},"categories":[7843],"tags":[16396,10671,8181,77],"acf":[],"yoast_head":"<!-- This site is optimized with the Yoast SEO plugin v23.0 - https:\/\/yoast.com\/wordpress\/plugins\/seo\/ -->\n<title>Prefeitura de Manaus celebra \u201cDia do Artista de Teatro\u201d no Parque Municipal do Idoso<\/title>\n<meta name=\"description\" content=\"A Prefeitura de Manaus, por meio da Funda\u00e7\u00e3o de Apoio ao Idoso Doutor Thomas (FDT), promoveu nesta quarta-feira, 20\/8, uma programa\u00e7\u00e3o especial em homenagem ao \u201cDia do Artista de Teatro\u201d, comemorado oficialmente em 19 de agosto.\" \/>\n<meta name=\"robots\" content=\"index, follow, max-snippet:-1, max-image-preview:large, max-video-preview:-1\" \/>\n<link rel=\"canonical\" href=\"https:\/\/www.manaus.am.gov.br\/semcom\/celebra-dia-artista-teatro\/\" \/>\n<meta property=\"og:locale\" content=\"pt_BR\" \/>\n<meta property=\"og:type\" content=\"article\" \/>\n<meta property=\"og:title\" content=\"Prefeitura de Manaus celebra \u201cDia do Artista de Teatro\u201d no Parque Municipal do Idoso\" \/>\n<meta property=\"og:description\" content=\"A Prefeitura de Manaus, por meio da Funda\u00e7\u00e3o de Apoio ao Idoso Doutor Thomas (FDT), promoveu nesta quarta-feira, 20\/8, uma programa\u00e7\u00e3o especial em homenagem ao \u201cDia do Artista de Teatro\u201d, comemorado oficialmente em 19 de agosto.\" \/>\n<meta property=\"og:url\" content=\"https:\/\/www.manaus.am.gov.br\/semcom\/celebra-dia-artista-teatro\/\" \/>\n<meta property=\"og:site_name\" content=\"SEMCOM\" \/>\n<meta property=\"article:published_time\" content=\"2025-08-21T01:23:08+00:00\" \/>\n<meta property=\"og:image\" content=\"https:\/\/www.manaus.am.gov.br\/semcom\/wp-content\/uploads\/sites\/5\/2025\/08\/FDT-Homenagem-5.jpeg\" \/>\n\t<meta property=\"og:image:width\" content=\"800\" \/>\n\t<meta property=\"og:image:height\" content=\"600\" \/>\n\t<meta property=\"og:image:type\" content=\"image\/jpeg\" \/>\n<meta name=\"author\" content=\"smonteiro\" \/>\n<meta name=\"twitter:card\" content=\"summary_large_image\" \/>\n<meta name=\"twitter:label1\" content=\"Written by\" \/>\n\t<meta name=\"twitter:data1\" content=\"smonteiro\" \/>\n\t<meta name=\"twitter:label2\" content=\"Est. reading time\" \/>\n\t<meta name=\"twitter:data2\" content=\"3 minutos\" \/>\n<script type=\"application\/ld+json\" class=\"yoast-schema-graph\">{\"@context\":\"https:\/\/schema.org\",\"@graph\":[{\"@type\":\"WebPage\",\"@id\":\"https:\/\/www.manaus.am.gov.br\/semcom\/celebra-dia-artista-teatro\/\",\"url\":\"https:\/\/www.manaus.am.gov.br\/semcom\/celebra-dia-artista-teatro\/\",\"name\":\"Prefeitura de Manaus celebra \u201cDia do Artista de Teatro\u201d no Parque Municipal do Idoso\",\"isPartOf\":{\"@id\":\"https:\/\/www.manaus.am.gov.br\/semcom\/#website\"},\"primaryImageOfPage\":{\"@id\":\"https:\/\/www.manaus.am.gov.br\/semcom\/celebra-dia-artista-teatro\/#primaryimage\"},\"image\":{\"@id\":\"https:\/\/www.manaus.am.gov.br\/semcom\/celebra-dia-artista-teatro\/#primaryimage\"},\"thumbnailUrl\":\"https:\/\/www.manaus.am.gov.br\/semcom\/wp-content\/uploads\/sites\/5\/2025\/08\/FDT-Homenagem-5.jpeg\",\"datePublished\":\"2025-08-21T01:23:08+00:00\",\"dateModified\":\"2025-08-21T01:23:08+00:00\",\"author\":{\"@id\":\"https:\/\/www.manaus.am.gov.br\/semcom\/#\/schema\/person\/ab4dcf766a54dff74e8d267f5c591961\"},\"description\":\"A Prefeitura de Manaus, por meio da Funda\u00e7\u00e3o de Apoio ao Idoso Doutor Thomas (FDT), promoveu nesta quarta-feira, 20\/8, uma programa\u00e7\u00e3o especial em homenagem ao \u201cDia do Artista de Teatro\u201d, comemorado oficialmente em 19 de agosto.\",\"inLanguage\":\"pt-BR\",\"potentialAction\":[{\"@type\":\"ReadAction\",\"target\":[\"https:\/\/www.manaus.am.gov.br\/semcom\/celebra-dia-artista-teatro\/\"]}]},{\"@type\":\"ImageObject\",\"inLanguage\":\"pt-BR\",\"@id\":\"https:\/\/www.manaus.am.gov.br\/semcom\/celebra-dia-artista-teatro\/#primaryimage\",\"url\":\"https:\/\/www.manaus.am.gov.br\/semcom\/wp-content\/uploads\/sites\/5\/2025\/08\/FDT-Homenagem-5.jpeg\",\"contentUrl\":\"https:\/\/www.manaus.am.gov.br\/semcom\/wp-content\/uploads\/sites\/5\/2025\/08\/FDT-Homenagem-5.jpeg\",\"width\":800,\"height\":600},{\"@type\":\"WebSite\",\"@id\":\"https:\/\/www.manaus.am.gov.br\/semcom\/#website\",\"url\":\"https:\/\/www.manaus.am.gov.br\/semcom\/\",\"name\":\"SEMCOM\",\"description\":\"Secretaria Municipal de Comunica\u00e7\u00e3o\",\"potentialAction\":[{\"@type\":\"SearchAction\",\"target\":{\"@type\":\"EntryPoint\",\"urlTemplate\":\"https:\/\/www.manaus.am.gov.br\/semcom\/?s={search_term_string}\"},\"query-input\":\"required name=search_term_string\"}],\"inLanguage\":\"pt-BR\"},{\"@type\":\"Person\",\"@id\":\"https:\/\/www.manaus.am.gov.br\/semcom\/#\/schema\/person\/ab4dcf766a54dff74e8d267f5c591961\",\"name\":\"smonteiro\",\"image\":{\"@type\":\"ImageObject\",\"inLanguage\":\"pt-BR\",\"@id\":\"https:\/\/www.manaus.am.gov.br\/semcom\/#\/schema\/person\/image\/\",\"url\":\"https:\/\/secure.gravatar.com\/avatar\/21c8776ef61d9272c73322052e042d77?s=96&d=mm&r=g\",\"contentUrl\":\"https:\/\/secure.gravatar.com\/avatar\/21c8776ef61d9272c73322052e042d77?s=96&d=mm&r=g\",\"caption\":\"smonteiro\"}}]}<\/script>\n<!-- \/ Yoast SEO plugin. -->","yoast_head_json":{"title":"Prefeitura de Manaus celebra \u201cDia do Artista de Teatro\u201d no Parque Municipal do Idoso","description":"A Prefeitura de Manaus, por meio da Funda\u00e7\u00e3o de Apoio ao Idoso Doutor Thomas (FDT), promoveu nesta quarta-feira, 20\/8, uma programa\u00e7\u00e3o especial em homenagem ao \u201cDia do Artista de Teatro\u201d, comemorado oficialmente em 19 de agosto.","robots":{"index":"index","follow":"follow","max-snippet":"max-snippet:-1","max-image-preview":"max-image-preview:large","max-video-preview":"max-video-preview:-1"},"canonical":"https:\/\/www.manaus.am.gov.br\/semcom\/celebra-dia-artista-teatro\/","og_locale":"pt_BR","og_type":"article","og_title":"Prefeitura de Manaus celebra \u201cDia do Artista de Teatro\u201d no Parque Municipal do Idoso","og_description":"A Prefeitura de Manaus, por meio da Funda\u00e7\u00e3o de Apoio ao Idoso Doutor Thomas (FDT), promoveu nesta quarta-feira, 20\/8, uma programa\u00e7\u00e3o especial em homenagem ao \u201cDia do Artista de Teatro\u201d, comemorado oficialmente em 19 de agosto.","og_url":"https:\/\/www.manaus.am.gov.br\/semcom\/celebra-dia-artista-teatro\/","og_site_name":"SEMCOM","article_published_time":"2025-08-21T01:23:08+00:00","og_image":[{"width":800,"height":600,"url":"https:\/\/www.manaus.am.gov.br\/semcom\/wp-content\/uploads\/sites\/5\/2025\/08\/FDT-Homenagem-5.jpeg","type":"image\/jpeg"}],"author":"smonteiro","twitter_card":"summary_large_image","twitter_misc":{"Written by":"smonteiro","Est. reading time":"3 minutos"},"schema":{"@context":"https:\/\/schema.org","@graph":[{"@type":"WebPage","@id":"https:\/\/www.manaus.am.gov.br\/semcom\/celebra-dia-artista-teatro\/","url":"https:\/\/www.manaus.am.gov.br\/semcom\/celebra-dia-artista-teatro\/","name":"Prefeitura de Manaus celebra \u201cDia do Artista de Teatro\u201d no Parque Municipal do Idoso","isPartOf":{"@id":"https:\/\/www.manaus.am.gov.br\/semcom\/#website"},"primaryImageOfPage":{"@id":"https:\/\/www.manaus.am.gov.br\/semcom\/celebra-dia-artista-teatro\/#primaryimage"},"image":{"@id":"https:\/\/www.manaus.am.gov.br\/semcom\/celebra-dia-artista-teatro\/#primaryimage"},"thumbnailUrl":"https:\/\/www.manaus.am.gov.br\/semcom\/wp-content\/uploads\/sites\/5\/2025\/08\/FDT-Homenagem-5.jpeg","datePublished":"2025-08-21T01:23:08+00:00","dateModified":"2025-08-21T01:23:08+00:00","author":{"@id":"https:\/\/www.manaus.am.gov.br\/semcom\/#\/schema\/person\/ab4dcf766a54dff74e8d267f5c591961"},"description":"A Prefeitura de Manaus, por meio da Funda\u00e7\u00e3o de Apoio ao Idoso Doutor Thomas (FDT), promoveu nesta quarta-feira, 20\/8, uma programa\u00e7\u00e3o especial em homenagem ao \u201cDia do Artista de Teatro\u201d, comemorado oficialmente em 19 de agosto.","inLanguage":"pt-BR","potentialAction":[{"@type":"ReadAction","target":["https:\/\/www.manaus.am.gov.br\/semcom\/celebra-dia-artista-teatro\/"]}]},{"@type":"ImageObject","inLanguage":"pt-BR","@id":"https:\/\/www.manaus.am.gov.br\/semcom\/celebra-dia-artista-teatro\/#primaryimage","url":"https:\/\/www.manaus.am.gov.br\/semcom\/wp-content\/uploads\/sites\/5\/2025\/08\/FDT-Homenagem-5.jpeg","contentUrl":"https:\/\/www.manaus.am.gov.br\/semcom\/wp-content\/uploads\/sites\/5\/2025\/08\/FDT-Homenagem-5.jpeg","width":800,"height":600},{"@type":"WebSite","@id":"https:\/\/www.manaus.am.gov.br\/semcom\/#website","url":"https:\/\/www.manaus.am.gov.br\/semcom\/","name":"SEMCOM","description":"Secretaria Municipal de Comunica\u00e7\u00e3o","potentialAction":[{"@type":"SearchAction","target":{"@type":"EntryPoint","urlTemplate":"https:\/\/www.manaus.am.gov.br\/semcom\/?s={search_term_string}"},"query-input":"required name=search_term_string"}],"inLanguage":"pt-BR"},{"@type":"Person","@id":"https:\/\/www.manaus.am.gov.br\/semcom\/#\/schema\/person\/ab4dcf766a54dff74e8d267f5c591961","name":"smonteiro","image":{"@type":"ImageObject","inLanguage":"pt-BR","@id":"https:\/\/www.manaus.am.gov.br\/semcom\/#\/schema\/person\/image\/","url":"https:\/\/secure.gravatar.com\/avatar\/21c8776ef61d9272c73322052e042d77?s=96&d=mm&r=g","contentUrl":"https:\/\/secure.gravatar.com\/avatar\/21c8776ef61d9272c73322052e042d77?s=96&d=mm&r=g","caption":"smonteiro"}}]}},"_links":{"self":[{"href":"https:\/\/www.manaus.am.gov.br\/semcom\/wp-json\/wp\/v2\/posts\/244088"}],"collection":[{"href":"https:\/\/www.manaus.am.gov.br\/semcom\/wp-json\/wp\/v2\/posts"}],"about":[{"href":"https:\/\/www.manaus.am.gov.br\/semcom\/wp-json\/wp\/v2\/types\/post"}],"author":[{"embeddable":true,"href":"https:\/\/www.manaus.am.gov.br\/semcom\/wp-json\/wp\/v2\/users\/61"}],"replies":[{"embeddable":true,"href":"https:\/\/www.manaus.am.gov.br\/semcom\/wp-json\/wp\/v2\/comments?post=244088"}],"version-history":[{"count":1,"href":"https:\/\/www.manaus.am.gov.br\/semcom\/wp-json\/wp\/v2\/posts\/244088\/revisions"}],"predecessor-version":[{"id":244091,"href":"https:\/\/www.manaus.am.gov.br\/semcom\/wp-json\/wp\/v2\/posts\/244088\/revisions\/244091"}],"wp:featuredmedia":[{"embeddable":true,"href":"https:\/\/www.manaus.am.gov.br\/semcom\/wp-json\/wp\/v2\/media\/244090"}],"wp:attachment":[{"href":"https:\/\/www.manaus.am.gov.br\/semcom\/wp-json\/wp\/v2\/media?parent=244088"}],"wp:term":[{"taxonomy":"category","embeddable":true,"href":"https:\/\/www.manaus.am.gov.br\/semcom\/wp-json\/wp\/v2\/categories?post=244088"},{"taxonomy":"post_tag","embeddable":true,"href":"https:\/\/www.manaus.am.gov.br\/semcom\/wp-json\/wp\/v2\/tags?post=244088"}],"curies":[{"name":"wp","href":"https:\/\/api.w.org\/{rel}","templated":true}]}}