{"id":244071,"date":"2025-08-20T17:50:07","date_gmt":"2025-08-20T21:50:07","guid":{"rendered":"https:\/\/www.manaus.am.gov.br\/semcom\/obras-conjunto-habitacional\/"},"modified":"2025-08-20T17:50:07","modified_gmt":"2025-08-20T21:50:07","slug":"obras-conjunto-habitacional","status":"publish","type":"post","link":"https:\/\/www.manaus.am.gov.br\/semcom\/obras-conjunto-habitacional\/","title":{"rendered":"Prefeito David Almeida d\u00e1 in\u00edcio \u00e0s obras de mais um conjunto habitacional na zona Oeste"},"content":{"rendered":"\n<p>O prefeito de Manaus, David Almeida, esteve, nesta quarta-feira, 20\/8, no conjunto Cidad\u00e3o 10, localizado no bairro Tarum\u00e3, zona Oeste, para acompanhar o andamento dos servi\u00e7os de terraplanagem do terreno que receber\u00e1 um novo empreendimento habitacional da prefeitura em parceria com o programa \u201cMinha Casa, Minha Vida\u201d, do governo federal.<\/p>\n\n\n\n<p>\u201cUm dos grandes problemas de Manaus \u00e9 a falta de moradia. O nosso d\u00e9ficit habitacional \u00e9 muito grande. Aqui, ser\u00e3o constru\u00eddas moradias do programa \u2018Minha Casa, Minha Vida\u2019, com aporte de recursos da prefeitura, incluindo aquisi\u00e7\u00e3o de terrenos como contrapartida. Estamos fazendo hist\u00f3ria. Nunca se construiu tanta moradia popular, de forma planejada e respons\u00e1vel, como estamos fazendo agora\u201d, destacou o chefe do Executivo municipal, durante a vistoria.<\/p>\n\n\n<div class=\"wp-block-image\">\n<figure class=\"aligncenter size-large is-resized\"><img loading=\"lazy\" decoding=\"async\" width=\"1024\" height=\"704\" src=\"https:\/\/www.manaus.am.gov.br\/semcom\/wp-content\/uploads\/sites\/5\/2025\/08\/Prefeito-Cidadao-10-2-1024x704.jpeg\" alt=\"\" class=\"wp-image-244072\" style=\"width:660px;height:auto\" srcset=\"https:\/\/www.manaus.am.gov.br\/semcom\/wp-content\/uploads\/sites\/5\/2025\/08\/Prefeito-Cidadao-10-2-1024x704.jpeg 1024w, https:\/\/www.manaus.am.gov.br\/semcom\/wp-content\/uploads\/sites\/5\/2025\/08\/Prefeito-Cidadao-10-2-300x206.jpeg 300w, https:\/\/www.manaus.am.gov.br\/semcom\/wp-content\/uploads\/sites\/5\/2025\/08\/Prefeito-Cidadao-10-2-768x528.jpeg 768w, https:\/\/www.manaus.am.gov.br\/semcom\/wp-content\/uploads\/sites\/5\/2025\/08\/Prefeito-Cidadao-10-2-1536x1056.jpeg 1536w, https:\/\/www.manaus.am.gov.br\/semcom\/wp-content\/uploads\/sites\/5\/2025\/08\/Prefeito-Cidadao-10-2.jpeg 1600w\" sizes=\"(max-width: 1024px) 100vw, 1024px\" \/><\/figure><\/div>\n\n\n<p>O conjunto Cidad\u00e3o 10 ser\u00e1 composto por 36 pr\u00e9dios de 16 apartamentos, totalizando 576 novas moradias, refor\u00e7ando o compromisso da Prefeitura de Manaus em diminuir o d\u00e9ficit habitacional da cidade. Ao todo, a gest\u00e3o municipal tem planejado 16 conjuntos habitacionais, dos quais tr\u00eas j\u00e1 est\u00e3o em execu\u00e7\u00e3o simult\u00e2nea: na avenida do Turismo, no Parque das Tribos e no conjunto Cidad\u00e3o 10.<\/p>\n\n\n\n<p>Al\u00e9m da constru\u00e7\u00e3o de novos empreendimentos, a prefeitura mant\u00e9m o programa \u201cCasa Manauara\u201d, que at\u00e9 junho deste ano j\u00e1 reformou mais de 400 lares em bairros como Col\u00f4nia Ant\u00f4nio Aleixo, Puraquequara, Zumbi, Morro da Liberdade, S\u00e3o Jos\u00e9 e na comunidade Rio Piorini. Com investimento superior a R$ 100 milh\u00f5es, o programa possibilita reformas de at\u00e9 R$ 27 mil, por im\u00f3vel, com a meta de alcan\u00e7ar 4.000 casas reformadas at\u00e9 dezembro de 2028, consolidando o compromisso com a melhoria da qualidade de vida das fam\u00edlias manauaras.<\/p>\n\n\n\n<p>O prefeito tamb\u00e9m destacou a cria\u00e7\u00e3o de um novo bairro planejado na zona Norte, que deve come\u00e7ar a ser urbanizado ainda neste ver\u00e3o, com distribui\u00e7\u00e3o de lotes para a popula\u00e7\u00e3o de baixa renda. \u201cEstamos finalizando as contrata\u00e7\u00f5es e, at\u00e9 o fim do ano, iniciaremos a urbaniza\u00e7\u00e3o e distribui\u00e7\u00e3o dos lotes para atender a popula\u00e7\u00e3o de baixa renda\u201d, explicou David Almeida.<\/p>\n\n\n\n<p>O processo de sele\u00e7\u00e3o dos benefici\u00e1rios segue crit\u00e9rios t\u00e9cnicos e transparentes, conduzidos pela Caixa Econ\u00f4mica Federal, com base no Cadastro \u00danico enviado pela Prefeitura, garantindo isen\u00e7\u00e3o e justi\u00e7a no acesso \u00e0s moradias.<\/p>\n\n\n\n<p>\u201cEstamos construindo moradias, mas tamb\u00e9m reconstruindo sonhos. \u00c9 por isso que estamos aqui todos os dias: para entregar resultado e cuidar das pessoas\u201d, concluiu o prefeito, reafirmando o compromisso da gest\u00e3o em transformar a vida dos manauaras com dignidade, respeito e oportunidade.<\/p>\n\n\n\n<p>&#8212; &#8212; &#8212;<\/p>\n\n\n\n<p><strong>Texto<\/strong> &#8211; Emanuelle Baires\/Semcom-Prefeito<\/p>\n\n\n\n<p><strong>Fotos<\/strong> &#8211; Dhyeizo Lemos\/Semcom-Prefeito e Juan Sullivan\/Semcom-Prefeito<\/p>\n","protected":false},"excerpt":{"rendered":"","protected":false},"author":61,"featured_media":244073,"comment_status":"closed","ping_status":"closed","sticky":false,"template":"","format":"standard","meta":{"footnotes":""},"categories":[9619],"tags":[16389,16390,35,76,77,4859],"acf":[],"yoast_head":"<!-- This site is optimized with the Yoast SEO plugin v23.0 - https:\/\/yoast.com\/wordpress\/plugins\/seo\/ -->\n<title>Prefeito David Almeida d\u00e1 in\u00edcio \u00e0s obras de mais um conjunto habitacional na zona Oeste<\/title>\n<meta name=\"description\" content=\"O prefeito de Manaus, David Almeida, esteve, nesta quarta-feira, 20\/8, no conjunto Cidad\u00e3o 10, localizado no bairro Tarum\u00e3, zona Oeste, para acompanhar o andamento dos servi\u00e7os de terraplanagem do terreno que receber\u00e1 um novo empreendimento habitacional da prefeitura em parceria com o programa \u201cMinha Casa, Minha Vida\u201d, do governo federal.\" \/>\n<meta name=\"robots\" content=\"index, follow, max-snippet:-1, max-image-preview:large, max-video-preview:-1\" \/>\n<link rel=\"canonical\" href=\"https:\/\/www.manaus.am.gov.br\/semcom\/obras-conjunto-habitacional\/\" \/>\n<meta property=\"og:locale\" content=\"pt_BR\" \/>\n<meta property=\"og:type\" content=\"article\" \/>\n<meta property=\"og:title\" content=\"Prefeito David Almeida d\u00e1 in\u00edcio \u00e0s obras de mais um conjunto habitacional na zona Oeste\" \/>\n<meta property=\"og:description\" content=\"O prefeito de Manaus, David Almeida, esteve, nesta quarta-feira, 20\/8, no conjunto Cidad\u00e3o 10, localizado no bairro Tarum\u00e3, zona Oeste, para acompanhar o andamento dos servi\u00e7os de terraplanagem do terreno que receber\u00e1 um novo empreendimento habitacional da prefeitura em parceria com o programa \u201cMinha Casa, Minha Vida\u201d, do governo federal.\" \/>\n<meta property=\"og:url\" content=\"https:\/\/www.manaus.am.gov.br\/semcom\/obras-conjunto-habitacional\/\" \/>\n<meta property=\"og:site_name\" content=\"SEMCOM\" \/>\n<meta property=\"article:published_time\" content=\"2025-08-20T21:50:07+00:00\" \/>\n<meta property=\"og:image\" content=\"https:\/\/www.manaus.am.gov.br\/semcom\/wp-content\/uploads\/sites\/5\/2025\/08\/Prefeito-Cidadao-10-1.jpeg\" \/>\n\t<meta property=\"og:image:width\" content=\"1600\" \/>\n\t<meta property=\"og:image:height\" content=\"1106\" \/>\n\t<meta property=\"og:image:type\" content=\"image\/jpeg\" \/>\n<meta name=\"author\" content=\"smonteiro\" \/>\n<meta name=\"twitter:card\" content=\"summary_large_image\" \/>\n<meta name=\"twitter:label1\" content=\"Written by\" \/>\n\t<meta name=\"twitter:data1\" content=\"smonteiro\" \/>\n\t<meta name=\"twitter:label2\" content=\"Est. reading time\" \/>\n\t<meta name=\"twitter:data2\" content=\"3 minutos\" \/>\n<script type=\"application\/ld+json\" class=\"yoast-schema-graph\">{\"@context\":\"https:\/\/schema.org\",\"@graph\":[{\"@type\":\"WebPage\",\"@id\":\"https:\/\/www.manaus.am.gov.br\/semcom\/obras-conjunto-habitacional\/\",\"url\":\"https:\/\/www.manaus.am.gov.br\/semcom\/obras-conjunto-habitacional\/\",\"name\":\"Prefeito David Almeida d\u00e1 in\u00edcio \u00e0s obras de mais um conjunto habitacional na zona Oeste\",\"isPartOf\":{\"@id\":\"https:\/\/www.manaus.am.gov.br\/semcom\/#website\"},\"primaryImageOfPage\":{\"@id\":\"https:\/\/www.manaus.am.gov.br\/semcom\/obras-conjunto-habitacional\/#primaryimage\"},\"image\":{\"@id\":\"https:\/\/www.manaus.am.gov.br\/semcom\/obras-conjunto-habitacional\/#primaryimage\"},\"thumbnailUrl\":\"https:\/\/www.manaus.am.gov.br\/semcom\/wp-content\/uploads\/sites\/5\/2025\/08\/Prefeito-Cidadao-10-1.jpeg\",\"datePublished\":\"2025-08-20T21:50:07+00:00\",\"dateModified\":\"2025-08-20T21:50:07+00:00\",\"author\":{\"@id\":\"https:\/\/www.manaus.am.gov.br\/semcom\/#\/schema\/person\/ab4dcf766a54dff74e8d267f5c591961\"},\"description\":\"O prefeito de Manaus, David Almeida, esteve, nesta quarta-feira, 20\/8, no conjunto Cidad\u00e3o 10, localizado no bairro Tarum\u00e3, zona Oeste, para acompanhar o andamento dos servi\u00e7os de terraplanagem do terreno que receber\u00e1 um novo empreendimento habitacional da prefeitura em parceria com o programa \u201cMinha Casa, Minha Vida\u201d, do governo federal.\",\"inLanguage\":\"pt-BR\",\"potentialAction\":[{\"@type\":\"ReadAction\",\"target\":[\"https:\/\/www.manaus.am.gov.br\/semcom\/obras-conjunto-habitacional\/\"]}]},{\"@type\":\"ImageObject\",\"inLanguage\":\"pt-BR\",\"@id\":\"https:\/\/www.manaus.am.gov.br\/semcom\/obras-conjunto-habitacional\/#primaryimage\",\"url\":\"https:\/\/www.manaus.am.gov.br\/semcom\/wp-content\/uploads\/sites\/5\/2025\/08\/Prefeito-Cidadao-10-1.jpeg\",\"contentUrl\":\"https:\/\/www.manaus.am.gov.br\/semcom\/wp-content\/uploads\/sites\/5\/2025\/08\/Prefeito-Cidadao-10-1.jpeg\",\"width\":1600,\"height\":1106},{\"@type\":\"WebSite\",\"@id\":\"https:\/\/www.manaus.am.gov.br\/semcom\/#website\",\"url\":\"https:\/\/www.manaus.am.gov.br\/semcom\/\",\"name\":\"SEMCOM\",\"description\":\"Secretaria Municipal de Comunica\u00e7\u00e3o\",\"potentialAction\":[{\"@type\":\"SearchAction\",\"target\":{\"@type\":\"EntryPoint\",\"urlTemplate\":\"https:\/\/www.manaus.am.gov.br\/semcom\/?s={search_term_string}\"},\"query-input\":\"required name=search_term_string\"}],\"inLanguage\":\"pt-BR\"},{\"@type\":\"Person\",\"@id\":\"https:\/\/www.manaus.am.gov.br\/semcom\/#\/schema\/person\/ab4dcf766a54dff74e8d267f5c591961\",\"name\":\"smonteiro\",\"image\":{\"@type\":\"ImageObject\",\"inLanguage\":\"pt-BR\",\"@id\":\"https:\/\/www.manaus.am.gov.br\/semcom\/#\/schema\/person\/image\/\",\"url\":\"https:\/\/secure.gravatar.com\/avatar\/21c8776ef61d9272c73322052e042d77?s=96&d=mm&r=g\",\"contentUrl\":\"https:\/\/secure.gravatar.com\/avatar\/21c8776ef61d9272c73322052e042d77?s=96&d=mm&r=g\",\"caption\":\"smonteiro\"}}]}<\/script>\n<!-- \/ Yoast SEO plugin. -->","yoast_head_json":{"title":"Prefeito David Almeida d\u00e1 in\u00edcio \u00e0s obras de mais um conjunto habitacional na zona Oeste","description":"O prefeito de Manaus, David Almeida, esteve, nesta quarta-feira, 20\/8, no conjunto Cidad\u00e3o 10, localizado no bairro Tarum\u00e3, zona Oeste, para acompanhar o andamento dos servi\u00e7os de terraplanagem do terreno que receber\u00e1 um novo empreendimento habitacional da prefeitura em parceria com o programa \u201cMinha Casa, Minha Vida\u201d, do governo federal.","robots":{"index":"index","follow":"follow","max-snippet":"max-snippet:-1","max-image-preview":"max-image-preview:large","max-video-preview":"max-video-preview:-1"},"canonical":"https:\/\/www.manaus.am.gov.br\/semcom\/obras-conjunto-habitacional\/","og_locale":"pt_BR","og_type":"article","og_title":"Prefeito David Almeida d\u00e1 in\u00edcio \u00e0s obras de mais um conjunto habitacional na zona Oeste","og_description":"O prefeito de Manaus, David Almeida, esteve, nesta quarta-feira, 20\/8, no conjunto Cidad\u00e3o 10, localizado no bairro Tarum\u00e3, zona Oeste, para acompanhar o andamento dos servi\u00e7os de terraplanagem do terreno que receber\u00e1 um novo empreendimento habitacional da prefeitura em parceria com o programa \u201cMinha Casa, Minha Vida\u201d, do governo federal.","og_url":"https:\/\/www.manaus.am.gov.br\/semcom\/obras-conjunto-habitacional\/","og_site_name":"SEMCOM","article_published_time":"2025-08-20T21:50:07+00:00","og_image":[{"width":1600,"height":1106,"url":"https:\/\/www.manaus.am.gov.br\/semcom\/wp-content\/uploads\/sites\/5\/2025\/08\/Prefeito-Cidadao-10-1.jpeg","type":"image\/jpeg"}],"author":"smonteiro","twitter_card":"summary_large_image","twitter_misc":{"Written by":"smonteiro","Est. reading time":"3 minutos"},"schema":{"@context":"https:\/\/schema.org","@graph":[{"@type":"WebPage","@id":"https:\/\/www.manaus.am.gov.br\/semcom\/obras-conjunto-habitacional\/","url":"https:\/\/www.manaus.am.gov.br\/semcom\/obras-conjunto-habitacional\/","name":"Prefeito David Almeida d\u00e1 in\u00edcio \u00e0s obras de mais um conjunto habitacional na zona Oeste","isPartOf":{"@id":"https:\/\/www.manaus.am.gov.br\/semcom\/#website"},"primaryImageOfPage":{"@id":"https:\/\/www.manaus.am.gov.br\/semcom\/obras-conjunto-habitacional\/#primaryimage"},"image":{"@id":"https:\/\/www.manaus.am.gov.br\/semcom\/obras-conjunto-habitacional\/#primaryimage"},"thumbnailUrl":"https:\/\/www.manaus.am.gov.br\/semcom\/wp-content\/uploads\/sites\/5\/2025\/08\/Prefeito-Cidadao-10-1.jpeg","datePublished":"2025-08-20T21:50:07+00:00","dateModified":"2025-08-20T21:50:07+00:00","author":{"@id":"https:\/\/www.manaus.am.gov.br\/semcom\/#\/schema\/person\/ab4dcf766a54dff74e8d267f5c591961"},"description":"O prefeito de Manaus, David Almeida, esteve, nesta quarta-feira, 20\/8, no conjunto Cidad\u00e3o 10, localizado no bairro Tarum\u00e3, zona Oeste, para acompanhar o andamento dos servi\u00e7os de terraplanagem do terreno que receber\u00e1 um novo empreendimento habitacional da prefeitura em parceria com o programa \u201cMinha Casa, Minha Vida\u201d, do governo federal.","inLanguage":"pt-BR","potentialAction":[{"@type":"ReadAction","target":["https:\/\/www.manaus.am.gov.br\/semcom\/obras-conjunto-habitacional\/"]}]},{"@type":"ImageObject","inLanguage":"pt-BR","@id":"https:\/\/www.manaus.am.gov.br\/semcom\/obras-conjunto-habitacional\/#primaryimage","url":"https:\/\/www.manaus.am.gov.br\/semcom\/wp-content\/uploads\/sites\/5\/2025\/08\/Prefeito-Cidadao-10-1.jpeg","contentUrl":"https:\/\/www.manaus.am.gov.br\/semcom\/wp-content\/uploads\/sites\/5\/2025\/08\/Prefeito-Cidadao-10-1.jpeg","width":1600,"height":1106},{"@type":"WebSite","@id":"https:\/\/www.manaus.am.gov.br\/semcom\/#website","url":"https:\/\/www.manaus.am.gov.br\/semcom\/","name":"SEMCOM","description":"Secretaria Municipal de Comunica\u00e7\u00e3o","potentialAction":[{"@type":"SearchAction","target":{"@type":"EntryPoint","urlTemplate":"https:\/\/www.manaus.am.gov.br\/semcom\/?s={search_term_string}"},"query-input":"required name=search_term_string"}],"inLanguage":"pt-BR"},{"@type":"Person","@id":"https:\/\/www.manaus.am.gov.br\/semcom\/#\/schema\/person\/ab4dcf766a54dff74e8d267f5c591961","name":"smonteiro","image":{"@type":"ImageObject","inLanguage":"pt-BR","@id":"https:\/\/www.manaus.am.gov.br\/semcom\/#\/schema\/person\/image\/","url":"https:\/\/secure.gravatar.com\/avatar\/21c8776ef61d9272c73322052e042d77?s=96&d=mm&r=g","contentUrl":"https:\/\/secure.gravatar.com\/avatar\/21c8776ef61d9272c73322052e042d77?s=96&d=mm&r=g","caption":"smonteiro"}}]}},"_links":{"self":[{"href":"https:\/\/www.manaus.am.gov.br\/semcom\/wp-json\/wp\/v2\/posts\/244071"}],"collection":[{"href":"https:\/\/www.manaus.am.gov.br\/semcom\/wp-json\/wp\/v2\/posts"}],"about":[{"href":"https:\/\/www.manaus.am.gov.br\/semcom\/wp-json\/wp\/v2\/types\/post"}],"author":[{"embeddable":true,"href":"https:\/\/www.manaus.am.gov.br\/semcom\/wp-json\/wp\/v2\/users\/61"}],"replies":[{"embeddable":true,"href":"https:\/\/www.manaus.am.gov.br\/semcom\/wp-json\/wp\/v2\/comments?post=244071"}],"version-history":[{"count":1,"href":"https:\/\/www.manaus.am.gov.br\/semcom\/wp-json\/wp\/v2\/posts\/244071\/revisions"}],"predecessor-version":[{"id":244074,"href":"https:\/\/www.manaus.am.gov.br\/semcom\/wp-json\/wp\/v2\/posts\/244071\/revisions\/244074"}],"wp:featuredmedia":[{"embeddable":true,"href":"https:\/\/www.manaus.am.gov.br\/semcom\/wp-json\/wp\/v2\/media\/244073"}],"wp:attachment":[{"href":"https:\/\/www.manaus.am.gov.br\/semcom\/wp-json\/wp\/v2\/media?parent=244071"}],"wp:term":[{"taxonomy":"category","embeddable":true,"href":"https:\/\/www.manaus.am.gov.br\/semcom\/wp-json\/wp\/v2\/categories?post=244071"},{"taxonomy":"post_tag","embeddable":true,"href":"https:\/\/www.manaus.am.gov.br\/semcom\/wp-json\/wp\/v2\/tags?post=244071"}],"curies":[{"name":"wp","href":"https:\/\/api.w.org\/{rel}","templated":true}]}}