{"id":244061,"date":"2025-08-20T16:09:38","date_gmt":"2025-08-20T20:09:38","guid":{"rendered":"https:\/\/www.manaus.am.gov.br\/semcom\/numero-acoes-postura\/"},"modified":"2025-08-20T16:09:38","modified_gmt":"2025-08-20T20:09:38","slug":"numero-acoes-postura","status":"publish","type":"post","link":"https:\/\/www.manaus.am.gov.br\/semcom\/numero-acoes-postura\/","title":{"rendered":"N\u00famero de a\u00e7\u00f5es fiscais da Ger\u00eancia de Postura j\u00e1 chega a 7 mil na gest\u00e3o do prefeito David Almeida"},"content":{"rendered":"\n<p>A Prefeitura de Manaus, por meio do Instituto Municipal de Planejamento Urbano (Implurb), alcan\u00e7ou, em julho de 2025, a marca de 7 mil a\u00e7\u00f5es fiscais realizadas pela Ger\u00eancia de Fiscaliza\u00e7\u00e3o de Postura (GFP) na gest\u00e3o do prefeito David Almeida, iniciada em janeiro de 2021. Somente este ano, j\u00e1 foram 1.114 fiscaliza\u00e7\u00f5es, um crescimento de 11% em rela\u00e7\u00e3o ao mesmo per\u00edodo de 2024, quando houve 1.004 a\u00e7\u00f5es. No m\u00eas de julho, o incremento foi ainda maior: 194 notifica\u00e7\u00f5es contra 145 em 2024, alta de 34%.<\/p>\n\n\n\n<p>Essas a\u00e7\u00f5es fazem parte das atribui\u00e7\u00f5es da fiscaliza\u00e7\u00e3o de Postura, que, conforme o Plano Diretor e o C\u00f3digo de Posturas do Munic\u00edpio, tem compet\u00eancia para ordenar e controlar o uso dos espa\u00e7os p\u00fablicos, coibir ocupa\u00e7\u00f5es irregulares, zelar pela acessibilidade, pelo cumprimento das normas urban\u00edsticas e pela preserva\u00e7\u00e3o da coletividade.<\/p>\n\n\n\n<p>\u201cOs resultados da fiscaliza\u00e7\u00e3o de Postura refletem o compromisso da gest\u00e3o com a ordem urbana e com o cumprimento da lei. Ao longo desses anos, temos intensificado as a\u00e7\u00f5es para coibir ocupa\u00e7\u00f5es irregulares, garantir a acessibilidade e preservar os espa\u00e7os p\u00fablicos. Esse trabalho \u00e9 essencial para tornar Manaus uma cidade mais organizada, justa e acolhedora, onde todos possam usufruir do espa\u00e7o coletivo de forma equilibrada\u201d, afirmou o diretor-presidente do Implurb, Carlos Valente.<\/p>\n\n\n\n<p>De janeiro a julho, a GPF ainda somou 51 infra\u00e7\u00f5es, 10 embargos, 4 interdi\u00e7\u00f5es e 4 demoli\u00e7\u00f5es administrativas.<\/p>\n\n\n\n<p><strong>Obras<\/strong><\/p>\n\n\n<div class=\"wp-block-image\">\n<figure class=\"aligncenter size-full is-resized\"><img loading=\"lazy\" decoding=\"async\" width=\"800\" height=\"533\" src=\"https:\/\/www.manaus.am.gov.br\/semcom\/wp-content\/uploads\/sites\/5\/2025\/08\/fiscalizacao5.jpeg\" alt=\"\" class=\"wp-image-244063\" style=\"width:638px;height:auto\" srcset=\"https:\/\/www.manaus.am.gov.br\/semcom\/wp-content\/uploads\/sites\/5\/2025\/08\/fiscalizacao5.jpeg 800w, https:\/\/www.manaus.am.gov.br\/semcom\/wp-content\/uploads\/sites\/5\/2025\/08\/fiscalizacao5-300x200.jpeg 300w, https:\/\/www.manaus.am.gov.br\/semcom\/wp-content\/uploads\/sites\/5\/2025\/08\/fiscalizacao5-768x512.jpeg 768w\" sizes=\"(max-width: 800px) 100vw, 800px\" \/><\/figure><\/div>\n\n\n<p>A Ger\u00eancia de Fiscaliza\u00e7\u00e3o de Obras (GFO) soma, em 2025, 1.866 a\u00e7\u00f5es fiscais, enquanto em toda a gest\u00e3o do prefeito s\u00e3o 13.126 ocorr\u00eancias. As fiscaliza\u00e7\u00f5es s\u00e3o realizadas pelas ger\u00eancias da Dicon, por meio de den\u00fancias, demandas de \u00f3rg\u00e3os municipais e estaduais, e rota di\u00e1ria da equipe de fiscais nas ruas.<\/p>\n\n\n\n<p>Den\u00fancias sobre obras irregulares e afins s\u00e3o atendidas pelo n\u00famero do Disque Den\u00fancia, pelo 3673-9305 (segunda a sexta-feira, das 8h \u00e0s 14h, exceto feriados e pontos facultativos), ou pelo 161 (de segunda a sexta-feira, das 8h \u00e0s 14h), ou pelo e-mail <a href=\"mailto:disquedenuncia.implurb@manaus.am.gov.br\">disquedenuncia.implurb@manaus.am.gov.br<\/a><\/p>\n\n\n\n<p>&#8212; &#8212; &#8212;<\/p>\n\n\n\n<p><strong>Texto<\/strong> \u2013 Claudia do Valle \/ Implurb<\/p>\n\n\n\n<p><strong>Fotos<\/strong> \u2013 Maxwell Oliveira \/ Implurb<\/p>\n","protected":false},"excerpt":{"rendered":"","protected":false},"author":61,"featured_media":244064,"comment_status":"closed","ping_status":"closed","sticky":false,"template":"","format":"standard","meta":{"footnotes":""},"categories":[63],"tags":[9409,35,16383,65,77],"acf":[],"yoast_head":"<!-- This site is optimized with the Yoast SEO plugin v23.0 - https:\/\/yoast.com\/wordpress\/plugins\/seo\/ -->\n<title>N\u00famero de a\u00e7\u00f5es fiscais da Ger\u00eancia de Postura j\u00e1 chega a 7 mil na gest\u00e3o do prefeito David Almeida<\/title>\n<meta name=\"description\" content=\"A Prefeitura de Manaus, por meio do Instituto Municipal de Planejamento Urbano (Implurb), alcan\u00e7ou, em julho de 2025, a marca de 7 mil a\u00e7\u00f5es fiscais realizadas pela Ger\u00eancia de Fiscaliza\u00e7\u00e3o de Postura (GFP) na gest\u00e3o do prefeito David Almeida, iniciada em janeiro de 2021.\" \/>\n<meta name=\"robots\" content=\"index, follow, max-snippet:-1, max-image-preview:large, max-video-preview:-1\" \/>\n<link rel=\"canonical\" href=\"https:\/\/www.manaus.am.gov.br\/semcom\/numero-acoes-postura\/\" \/>\n<meta property=\"og:locale\" content=\"pt_BR\" \/>\n<meta property=\"og:type\" content=\"article\" \/>\n<meta property=\"og:title\" content=\"N\u00famero de a\u00e7\u00f5es fiscais da Ger\u00eancia de Postura j\u00e1 chega a 7 mil na gest\u00e3o do prefeito David Almeida\" \/>\n<meta property=\"og:description\" content=\"A Prefeitura de Manaus, por meio do Instituto Municipal de Planejamento Urbano (Implurb), alcan\u00e7ou, em julho de 2025, a marca de 7 mil a\u00e7\u00f5es fiscais realizadas pela Ger\u00eancia de Fiscaliza\u00e7\u00e3o de Postura (GFP) na gest\u00e3o do prefeito David Almeida, iniciada em janeiro de 2021.\" \/>\n<meta property=\"og:url\" content=\"https:\/\/www.manaus.am.gov.br\/semcom\/numero-acoes-postura\/\" \/>\n<meta property=\"og:site_name\" content=\"SEMCOM\" \/>\n<meta property=\"article:published_time\" content=\"2025-08-20T20:09:38+00:00\" \/>\n<meta property=\"og:image\" content=\"https:\/\/www.manaus.am.gov.br\/semcom\/wp-content\/uploads\/sites\/5\/2025\/08\/fiscalizacao.jpeg\" \/>\n\t<meta property=\"og:image:width\" content=\"800\" \/>\n\t<meta property=\"og:image:height\" content=\"533\" \/>\n\t<meta property=\"og:image:type\" content=\"image\/jpeg\" \/>\n<meta name=\"author\" content=\"smonteiro\" \/>\n<meta name=\"twitter:card\" content=\"summary_large_image\" \/>\n<meta name=\"twitter:label1\" content=\"Written by\" \/>\n\t<meta name=\"twitter:data1\" content=\"smonteiro\" \/>\n\t<meta name=\"twitter:label2\" content=\"Est. reading time\" \/>\n\t<meta name=\"twitter:data2\" content=\"3 minutos\" \/>\n<script type=\"application\/ld+json\" class=\"yoast-schema-graph\">{\"@context\":\"https:\/\/schema.org\",\"@graph\":[{\"@type\":\"WebPage\",\"@id\":\"https:\/\/www.manaus.am.gov.br\/semcom\/numero-acoes-postura\/\",\"url\":\"https:\/\/www.manaus.am.gov.br\/semcom\/numero-acoes-postura\/\",\"name\":\"N\u00famero de a\u00e7\u00f5es fiscais da Ger\u00eancia de Postura j\u00e1 chega a 7 mil na gest\u00e3o do prefeito David Almeida\",\"isPartOf\":{\"@id\":\"https:\/\/www.manaus.am.gov.br\/semcom\/#website\"},\"primaryImageOfPage\":{\"@id\":\"https:\/\/www.manaus.am.gov.br\/semcom\/numero-acoes-postura\/#primaryimage\"},\"image\":{\"@id\":\"https:\/\/www.manaus.am.gov.br\/semcom\/numero-acoes-postura\/#primaryimage\"},\"thumbnailUrl\":\"https:\/\/www.manaus.am.gov.br\/semcom\/wp-content\/uploads\/sites\/5\/2025\/08\/fiscalizacao.jpeg\",\"datePublished\":\"2025-08-20T20:09:38+00:00\",\"dateModified\":\"2025-08-20T20:09:38+00:00\",\"author\":{\"@id\":\"https:\/\/www.manaus.am.gov.br\/semcom\/#\/schema\/person\/ab4dcf766a54dff74e8d267f5c591961\"},\"description\":\"A Prefeitura de Manaus, por meio do Instituto Municipal de Planejamento Urbano (Implurb), alcan\u00e7ou, em julho de 2025, a marca de 7 mil a\u00e7\u00f5es fiscais realizadas pela Ger\u00eancia de Fiscaliza\u00e7\u00e3o de Postura (GFP) na gest\u00e3o do prefeito David Almeida, iniciada em janeiro de 2021.\",\"inLanguage\":\"pt-BR\",\"potentialAction\":[{\"@type\":\"ReadAction\",\"target\":[\"https:\/\/www.manaus.am.gov.br\/semcom\/numero-acoes-postura\/\"]}]},{\"@type\":\"ImageObject\",\"inLanguage\":\"pt-BR\",\"@id\":\"https:\/\/www.manaus.am.gov.br\/semcom\/numero-acoes-postura\/#primaryimage\",\"url\":\"https:\/\/www.manaus.am.gov.br\/semcom\/wp-content\/uploads\/sites\/5\/2025\/08\/fiscalizacao.jpeg\",\"contentUrl\":\"https:\/\/www.manaus.am.gov.br\/semcom\/wp-content\/uploads\/sites\/5\/2025\/08\/fiscalizacao.jpeg\",\"width\":800,\"height\":533},{\"@type\":\"WebSite\",\"@id\":\"https:\/\/www.manaus.am.gov.br\/semcom\/#website\",\"url\":\"https:\/\/www.manaus.am.gov.br\/semcom\/\",\"name\":\"SEMCOM\",\"description\":\"Secretaria Municipal de Comunica\u00e7\u00e3o\",\"potentialAction\":[{\"@type\":\"SearchAction\",\"target\":{\"@type\":\"EntryPoint\",\"urlTemplate\":\"https:\/\/www.manaus.am.gov.br\/semcom\/?s={search_term_string}\"},\"query-input\":\"required name=search_term_string\"}],\"inLanguage\":\"pt-BR\"},{\"@type\":\"Person\",\"@id\":\"https:\/\/www.manaus.am.gov.br\/semcom\/#\/schema\/person\/ab4dcf766a54dff74e8d267f5c591961\",\"name\":\"smonteiro\",\"image\":{\"@type\":\"ImageObject\",\"inLanguage\":\"pt-BR\",\"@id\":\"https:\/\/www.manaus.am.gov.br\/semcom\/#\/schema\/person\/image\/\",\"url\":\"https:\/\/secure.gravatar.com\/avatar\/21c8776ef61d9272c73322052e042d77?s=96&d=mm&r=g\",\"contentUrl\":\"https:\/\/secure.gravatar.com\/avatar\/21c8776ef61d9272c73322052e042d77?s=96&d=mm&r=g\",\"caption\":\"smonteiro\"}}]}<\/script>\n<!-- \/ Yoast SEO plugin. -->","yoast_head_json":{"title":"N\u00famero de a\u00e7\u00f5es fiscais da Ger\u00eancia de Postura j\u00e1 chega a 7 mil na gest\u00e3o do prefeito David Almeida","description":"A Prefeitura de Manaus, por meio do Instituto Municipal de Planejamento Urbano (Implurb), alcan\u00e7ou, em julho de 2025, a marca de 7 mil a\u00e7\u00f5es fiscais realizadas pela Ger\u00eancia de Fiscaliza\u00e7\u00e3o de Postura (GFP) na gest\u00e3o do prefeito David Almeida, iniciada em janeiro de 2021.","robots":{"index":"index","follow":"follow","max-snippet":"max-snippet:-1","max-image-preview":"max-image-preview:large","max-video-preview":"max-video-preview:-1"},"canonical":"https:\/\/www.manaus.am.gov.br\/semcom\/numero-acoes-postura\/","og_locale":"pt_BR","og_type":"article","og_title":"N\u00famero de a\u00e7\u00f5es fiscais da Ger\u00eancia de Postura j\u00e1 chega a 7 mil na gest\u00e3o do prefeito David Almeida","og_description":"A Prefeitura de Manaus, por meio do Instituto Municipal de Planejamento Urbano (Implurb), alcan\u00e7ou, em julho de 2025, a marca de 7 mil a\u00e7\u00f5es fiscais realizadas pela Ger\u00eancia de Fiscaliza\u00e7\u00e3o de Postura (GFP) na gest\u00e3o do prefeito David Almeida, iniciada em janeiro de 2021.","og_url":"https:\/\/www.manaus.am.gov.br\/semcom\/numero-acoes-postura\/","og_site_name":"SEMCOM","article_published_time":"2025-08-20T20:09:38+00:00","og_image":[{"width":800,"height":533,"url":"https:\/\/www.manaus.am.gov.br\/semcom\/wp-content\/uploads\/sites\/5\/2025\/08\/fiscalizacao.jpeg","type":"image\/jpeg"}],"author":"smonteiro","twitter_card":"summary_large_image","twitter_misc":{"Written by":"smonteiro","Est. reading time":"3 minutos"},"schema":{"@context":"https:\/\/schema.org","@graph":[{"@type":"WebPage","@id":"https:\/\/www.manaus.am.gov.br\/semcom\/numero-acoes-postura\/","url":"https:\/\/www.manaus.am.gov.br\/semcom\/numero-acoes-postura\/","name":"N\u00famero de a\u00e7\u00f5es fiscais da Ger\u00eancia de Postura j\u00e1 chega a 7 mil na gest\u00e3o do prefeito David Almeida","isPartOf":{"@id":"https:\/\/www.manaus.am.gov.br\/semcom\/#website"},"primaryImageOfPage":{"@id":"https:\/\/www.manaus.am.gov.br\/semcom\/numero-acoes-postura\/#primaryimage"},"image":{"@id":"https:\/\/www.manaus.am.gov.br\/semcom\/numero-acoes-postura\/#primaryimage"},"thumbnailUrl":"https:\/\/www.manaus.am.gov.br\/semcom\/wp-content\/uploads\/sites\/5\/2025\/08\/fiscalizacao.jpeg","datePublished":"2025-08-20T20:09:38+00:00","dateModified":"2025-08-20T20:09:38+00:00","author":{"@id":"https:\/\/www.manaus.am.gov.br\/semcom\/#\/schema\/person\/ab4dcf766a54dff74e8d267f5c591961"},"description":"A Prefeitura de Manaus, por meio do Instituto Municipal de Planejamento Urbano (Implurb), alcan\u00e7ou, em julho de 2025, a marca de 7 mil a\u00e7\u00f5es fiscais realizadas pela Ger\u00eancia de Fiscaliza\u00e7\u00e3o de Postura (GFP) na gest\u00e3o do prefeito David Almeida, iniciada em janeiro de 2021.","inLanguage":"pt-BR","potentialAction":[{"@type":"ReadAction","target":["https:\/\/www.manaus.am.gov.br\/semcom\/numero-acoes-postura\/"]}]},{"@type":"ImageObject","inLanguage":"pt-BR","@id":"https:\/\/www.manaus.am.gov.br\/semcom\/numero-acoes-postura\/#primaryimage","url":"https:\/\/www.manaus.am.gov.br\/semcom\/wp-content\/uploads\/sites\/5\/2025\/08\/fiscalizacao.jpeg","contentUrl":"https:\/\/www.manaus.am.gov.br\/semcom\/wp-content\/uploads\/sites\/5\/2025\/08\/fiscalizacao.jpeg","width":800,"height":533},{"@type":"WebSite","@id":"https:\/\/www.manaus.am.gov.br\/semcom\/#website","url":"https:\/\/www.manaus.am.gov.br\/semcom\/","name":"SEMCOM","description":"Secretaria Municipal de Comunica\u00e7\u00e3o","potentialAction":[{"@type":"SearchAction","target":{"@type":"EntryPoint","urlTemplate":"https:\/\/www.manaus.am.gov.br\/semcom\/?s={search_term_string}"},"query-input":"required name=search_term_string"}],"inLanguage":"pt-BR"},{"@type":"Person","@id":"https:\/\/www.manaus.am.gov.br\/semcom\/#\/schema\/person\/ab4dcf766a54dff74e8d267f5c591961","name":"smonteiro","image":{"@type":"ImageObject","inLanguage":"pt-BR","@id":"https:\/\/www.manaus.am.gov.br\/semcom\/#\/schema\/person\/image\/","url":"https:\/\/secure.gravatar.com\/avatar\/21c8776ef61d9272c73322052e042d77?s=96&d=mm&r=g","contentUrl":"https:\/\/secure.gravatar.com\/avatar\/21c8776ef61d9272c73322052e042d77?s=96&d=mm&r=g","caption":"smonteiro"}}]}},"_links":{"self":[{"href":"https:\/\/www.manaus.am.gov.br\/semcom\/wp-json\/wp\/v2\/posts\/244061"}],"collection":[{"href":"https:\/\/www.manaus.am.gov.br\/semcom\/wp-json\/wp\/v2\/posts"}],"about":[{"href":"https:\/\/www.manaus.am.gov.br\/semcom\/wp-json\/wp\/v2\/types\/post"}],"author":[{"embeddable":true,"href":"https:\/\/www.manaus.am.gov.br\/semcom\/wp-json\/wp\/v2\/users\/61"}],"replies":[{"embeddable":true,"href":"https:\/\/www.manaus.am.gov.br\/semcom\/wp-json\/wp\/v2\/comments?post=244061"}],"version-history":[{"count":1,"href":"https:\/\/www.manaus.am.gov.br\/semcom\/wp-json\/wp\/v2\/posts\/244061\/revisions"}],"predecessor-version":[{"id":244065,"href":"https:\/\/www.manaus.am.gov.br\/semcom\/wp-json\/wp\/v2\/posts\/244061\/revisions\/244065"}],"wp:featuredmedia":[{"embeddable":true,"href":"https:\/\/www.manaus.am.gov.br\/semcom\/wp-json\/wp\/v2\/media\/244064"}],"wp:attachment":[{"href":"https:\/\/www.manaus.am.gov.br\/semcom\/wp-json\/wp\/v2\/media?parent=244061"}],"wp:term":[{"taxonomy":"category","embeddable":true,"href":"https:\/\/www.manaus.am.gov.br\/semcom\/wp-json\/wp\/v2\/categories?post=244061"},{"taxonomy":"post_tag","embeddable":true,"href":"https:\/\/www.manaus.am.gov.br\/semcom\/wp-json\/wp\/v2\/tags?post=244061"}],"curies":[{"name":"wp","href":"https:\/\/api.w.org\/{rel}","templated":true}]}}