{"id":244042,"date":"2025-08-20T14:43:25","date_gmt":"2025-08-20T18:43:25","guid":{"rendered":"https:\/\/www.manaus.am.gov.br\/semcom\/parceria-febraban-lancamento-nas-procon\/"},"modified":"2025-08-20T14:43:25","modified_gmt":"2025-08-20T18:43:25","slug":"parceria-febraban-lancamento-nas-procon","status":"publish","type":"post","link":"https:\/\/www.manaus.am.gov.br\/semcom\/parceria-febraban-lancamento-nas-procon\/","title":{"rendered":"Prefeito David Almeida firma parceria com a Febraban e lan\u00e7a N\u00facleo de Apoio ao Superendividado no Procon Manaus"},"content":{"rendered":"\n<p>O prefeito de Manaus, David Almeida, lan\u00e7ou, nesta quarta-feira, 20\/8, um acordo de coopera\u00e7\u00e3o t\u00e9cnica firmado entre a Prefeitura de Manaus, por meio do Programa de Prote\u00e7\u00e3o e Defesa do Consumidor de Manaus (Procon Manaus), com a Federa\u00e7\u00e3o Brasileira de Bancos (Febraban), para ampliar as a\u00e7\u00f5es de educa\u00e7\u00e3o financeira e preven\u00e7\u00e3o ao superendividamento. Durante o evento, realizado no audit\u00f3rio da sede da prefeitura, no bairro Compensa, zona Oeste, tamb\u00e9m foi lan\u00e7ado o N\u00facleo de Apoio ao Superendividado (NAS), que oferecer\u00e1 atendimento especializado e orienta\u00e7\u00f5es a consumidores com d\u00edvidas excessivas.<\/p>\n\n\n\n<p>O prefeito David Almeida destacou a import\u00e2ncia do tema e compartilhou experi\u00eancias pessoais sobre os desafios de lidar com d\u00edvidas. \u201cTodos sabem quanto ganham, mas quase ningu\u00e9m sabe quanto gasta, e \u00e9 a\u00ed que est\u00e1 o problema. \u00c9 preciso anotar cada despesa para ter clareza e equil\u00edbrio. O segredo \u00e9 simples, n\u00e3o gastar mais do que se ganha\u201d, alertou.<\/p>\n\n\n\n<p>O prefeito ressaltou que o conv\u00eanio permitir\u00e1 que a popula\u00e7\u00e3o tenha acesso a ferramentas pr\u00e1ticas para renegociar d\u00e9bitos e reorganizar as finan\u00e7as. \u201cCart\u00e3o de cr\u00e9dito e cheque especial t\u00eam juros muito altos. O caminho \u00e9 trocar d\u00edvidas caras por d\u00edvidas mais baratas, alongar prazos e buscar o equil\u00edbrio. Na nossa gest\u00e3o aplicamos t\u00e9cnicas de governan\u00e7a para maior efici\u00eancia da m\u00e1quina. Assim como fazemos na gest\u00e3o da cidade, cada fam\u00edlia precisa planejar sua receita e despesa para evitar colapsos\u201d, completou Almeida.<\/p>\n\n\n\n<p>A diretora-presidente do Procon Manaus, Onilda Abreu, refor\u00e7ou que o NAS ser\u00e1 um espa\u00e7o de transforma\u00e7\u00e3o social. \u201cNosso objetivo n\u00e3o \u00e9 apenas orientar, mas resgatar dignidade e qualidade de vida. O superendividamento aprisiona financeiramente, e esse n\u00facleo vem para devolver tranquilidade \u00e0s pessoas\u201d, afirmou.<\/p>\n\n\n\n<p>Representando a Ordem dos Advogados do Brasil (OAB), o presidente da Comiss\u00e3o de Defesa do Consumidor, Reginaldo Souza, destacou o car\u00e1ter humano da iniciativa. \u201cO superendividamento n\u00e3o \u00e9 s\u00f3 uma quest\u00e3o financeira, mas tamb\u00e9m de sa\u00fade emocional. Em casos extremos, leva at\u00e9 ao suic\u00eddio. Por isso, parabenizamos o prefeito e o Procon Manaus por esse passo fundamental e reafirmamos nosso apoio nessa batalha\u201d, disse.<\/p>\n\n\n\n<p>J\u00e1 o diretor executivo de Sustentabilidade, Cidadania Financeira e Rela\u00e7\u00f5es com o Consumidor da Febraban, Amaury Martins de Oliva, ressaltou a relev\u00e2ncia da parceria in\u00e9dita na regi\u00e3o. \u201cEste \u00e9 o primeiro acordo de coopera\u00e7\u00e3o da Febraban com um \u00f3rg\u00e3o de defesa do consumidor na Amaz\u00f4nia. Estudos mostram que 55% dos brasileiros t\u00eam pouco ou nenhum conhecimento sobre educa\u00e7\u00e3o financeira, mas 90% reconhecem sua import\u00e2ncia. Esse trabalho conjunto permitir\u00e1 levar informa\u00e7\u00e3o de qualidade e solu\u00e7\u00f5es pr\u00e1ticas para prevenir o superendividamento\u201d, pontuou.<\/p>\n\n\n\n<p>Al\u00e9m da assinatura do acordo e do lan\u00e7amento do NAS, o evento contou com a apresenta\u00e7\u00e3o da cartilha \u201cGuia de D\u00edvidas e D\u00favidas\u201d, e palestras voltadas a servidores, acad\u00eamicos e profissionais, com certifica\u00e7\u00e3o de quatro horas de carga hor\u00e1ria.<\/p>\n\n\n\n<figure class=\"wp-block-image size-large\"><img loading=\"lazy\" decoding=\"async\" width=\"1024\" height=\"683\" src=\"https:\/\/www.manaus.am.gov.br\/semcom\/wp-content\/uploads\/sites\/5\/2025\/08\/54733534673_a10f2d95b9_k-1024x683.jpg\" alt=\"\" class=\"wp-image-244044\" srcset=\"https:\/\/www.manaus.am.gov.br\/semcom\/wp-content\/uploads\/sites\/5\/2025\/08\/54733534673_a10f2d95b9_k-1024x683.jpg 1024w, https:\/\/www.manaus.am.gov.br\/semcom\/wp-content\/uploads\/sites\/5\/2025\/08\/54733534673_a10f2d95b9_k-300x200.jpg 300w, https:\/\/www.manaus.am.gov.br\/semcom\/wp-content\/uploads\/sites\/5\/2025\/08\/54733534673_a10f2d95b9_k-768x512.jpg 768w, https:\/\/www.manaus.am.gov.br\/semcom\/wp-content\/uploads\/sites\/5\/2025\/08\/54733534673_a10f2d95b9_k-1536x1024.jpg 1536w, https:\/\/www.manaus.am.gov.br\/semcom\/wp-content\/uploads\/sites\/5\/2025\/08\/54733534673_a10f2d95b9_k.jpg 2048w\" sizes=\"(max-width: 1024px) 100vw, 1024px\" \/><\/figure>\n\n\n\n<p>&#8212; &#8212; &#8212;<\/p>\n\n\n\n<p><strong>Texto &#8211;<\/strong> Emanuelle Baires\/Semcom-Prefeito<\/p>\n\n\n\n<p><strong>Fotos &#8211;<\/strong> Dhyeizo Lemos\/Semcom-Prefeito<\/p>\n\n\n\n<p><strong>Dispon\u00edveis em &#8211;<\/strong> <a href=\"https:\/\/flic.kr\/s\/aHBqjCrj2h\">https:\/\/flic.kr\/s\/aHBqjCrj2h<\/a><\/p>\n","protected":false},"excerpt":{"rendered":"","protected":false},"author":39,"featured_media":244043,"comment_status":"closed","ping_status":"closed","sticky":false,"template":"","format":"standard","meta":{"footnotes":""},"categories":[594],"tags":[35,4239,16378,16379,77,9825],"acf":[],"yoast_head":"<!-- This site is optimized with the Yoast SEO plugin v23.0 - https:\/\/yoast.com\/wordpress\/plugins\/seo\/ -->\n<title>Prefeito firma parceria com a Febraban e lan\u00e7a NAS no Procon<\/title>\n<meta name=\"description\" content=\"PPrefeito David Almeida firma parceria com a Febraban e lan\u00e7a N\u00facleo de Apoio ao Superendividado no Procon Manaus.\" \/>\n<meta name=\"robots\" content=\"index, follow, max-snippet:-1, max-image-preview:large, max-video-preview:-1\" \/>\n<link rel=\"canonical\" href=\"https:\/\/www.manaus.am.gov.br\/semcom\/parceria-febraban-lancamento-nas-procon\/\" \/>\n<meta property=\"og:locale\" content=\"pt_BR\" \/>\n<meta property=\"og:type\" content=\"article\" \/>\n<meta property=\"og:title\" content=\"Prefeito firma parceria com a Febraban e lan\u00e7a NAS no Procon\" \/>\n<meta property=\"og:description\" content=\"PPrefeito David Almeida firma parceria com a Febraban e lan\u00e7a N\u00facleo de Apoio ao Superendividado no Procon Manaus.\" \/>\n<meta property=\"og:url\" content=\"https:\/\/www.manaus.am.gov.br\/semcom\/parceria-febraban-lancamento-nas-procon\/\" \/>\n<meta property=\"og:site_name\" content=\"SEMCOM\" \/>\n<meta property=\"article:published_time\" content=\"2025-08-20T18:43:25+00:00\" \/>\n<meta property=\"og:image\" content=\"https:\/\/www.manaus.am.gov.br\/semcom\/wp-content\/uploads\/sites\/5\/2025\/08\/54733549094_7c0ade78e7_k.jpg\" \/>\n\t<meta property=\"og:image:width\" content=\"2047\" \/>\n\t<meta property=\"og:image:height\" content=\"1361\" \/>\n\t<meta property=\"og:image:type\" content=\"image\/jpeg\" \/>\n<meta name=\"author\" content=\"Bruna Greco\" \/>\n<meta name=\"twitter:card\" content=\"summary_large_image\" \/>\n<meta name=\"twitter:label1\" content=\"Written by\" \/>\n\t<meta name=\"twitter:data1\" content=\"Bruna Greco\" \/>\n\t<meta name=\"twitter:label2\" content=\"Est. reading time\" \/>\n\t<meta name=\"twitter:data2\" content=\"3 minutos\" \/>\n<script type=\"application\/ld+json\" class=\"yoast-schema-graph\">{\"@context\":\"https:\/\/schema.org\",\"@graph\":[{\"@type\":\"WebPage\",\"@id\":\"https:\/\/www.manaus.am.gov.br\/semcom\/parceria-febraban-lancamento-nas-procon\/\",\"url\":\"https:\/\/www.manaus.am.gov.br\/semcom\/parceria-febraban-lancamento-nas-procon\/\",\"name\":\"Prefeito firma parceria com a Febraban e lan\u00e7a NAS no Procon\",\"isPartOf\":{\"@id\":\"https:\/\/www.manaus.am.gov.br\/semcom\/#website\"},\"primaryImageOfPage\":{\"@id\":\"https:\/\/www.manaus.am.gov.br\/semcom\/parceria-febraban-lancamento-nas-procon\/#primaryimage\"},\"image\":{\"@id\":\"https:\/\/www.manaus.am.gov.br\/semcom\/parceria-febraban-lancamento-nas-procon\/#primaryimage\"},\"thumbnailUrl\":\"https:\/\/www.manaus.am.gov.br\/semcom\/wp-content\/uploads\/sites\/5\/2025\/08\/54733549094_7c0ade78e7_k.jpg\",\"datePublished\":\"2025-08-20T18:43:25+00:00\",\"dateModified\":\"2025-08-20T18:43:25+00:00\",\"author\":{\"@id\":\"https:\/\/www.manaus.am.gov.br\/semcom\/#\/schema\/person\/05d223aea2bf115f9883a6ff3683d81b\"},\"description\":\"PPrefeito David Almeida firma parceria com a Febraban e lan\u00e7a N\u00facleo de Apoio ao Superendividado no Procon Manaus.\",\"inLanguage\":\"pt-BR\",\"potentialAction\":[{\"@type\":\"ReadAction\",\"target\":[\"https:\/\/www.manaus.am.gov.br\/semcom\/parceria-febraban-lancamento-nas-procon\/\"]}]},{\"@type\":\"ImageObject\",\"inLanguage\":\"pt-BR\",\"@id\":\"https:\/\/www.manaus.am.gov.br\/semcom\/parceria-febraban-lancamento-nas-procon\/#primaryimage\",\"url\":\"https:\/\/www.manaus.am.gov.br\/semcom\/wp-content\/uploads\/sites\/5\/2025\/08\/54733549094_7c0ade78e7_k.jpg\",\"contentUrl\":\"https:\/\/www.manaus.am.gov.br\/semcom\/wp-content\/uploads\/sites\/5\/2025\/08\/54733549094_7c0ade78e7_k.jpg\",\"width\":2047,\"height\":1361,\"caption\":\"#paratodosverem - Prefeito de Manaus, David Almeida, discursando durante lan\u00e7amento de acordo de coopera\u00e7\u00e3o t\u00e9cnica firmado com Febrabran\"},{\"@type\":\"WebSite\",\"@id\":\"https:\/\/www.manaus.am.gov.br\/semcom\/#website\",\"url\":\"https:\/\/www.manaus.am.gov.br\/semcom\/\",\"name\":\"SEMCOM\",\"description\":\"Secretaria Municipal de Comunica\u00e7\u00e3o\",\"potentialAction\":[{\"@type\":\"SearchAction\",\"target\":{\"@type\":\"EntryPoint\",\"urlTemplate\":\"https:\/\/www.manaus.am.gov.br\/semcom\/?s={search_term_string}\"},\"query-input\":\"required name=search_term_string\"}],\"inLanguage\":\"pt-BR\"},{\"@type\":\"Person\",\"@id\":\"https:\/\/www.manaus.am.gov.br\/semcom\/#\/schema\/person\/05d223aea2bf115f9883a6ff3683d81b\",\"name\":\"Bruna Greco\",\"image\":{\"@type\":\"ImageObject\",\"inLanguage\":\"pt-BR\",\"@id\":\"https:\/\/www.manaus.am.gov.br\/semcom\/#\/schema\/person\/image\/\",\"url\":\"https:\/\/secure.gravatar.com\/avatar\/9c877d1a6adc2a055330e5c09a8653ce?s=96&d=mm&r=g\",\"contentUrl\":\"https:\/\/secure.gravatar.com\/avatar\/9c877d1a6adc2a055330e5c09a8653ce?s=96&d=mm&r=g\",\"caption\":\"Bruna Greco\"}}]}<\/script>\n<!-- \/ Yoast SEO plugin. -->","yoast_head_json":{"title":"Prefeito firma parceria com a Febraban e lan\u00e7a NAS no Procon","description":"PPrefeito David Almeida firma parceria com a Febraban e lan\u00e7a N\u00facleo de Apoio ao Superendividado no Procon Manaus.","robots":{"index":"index","follow":"follow","max-snippet":"max-snippet:-1","max-image-preview":"max-image-preview:large","max-video-preview":"max-video-preview:-1"},"canonical":"https:\/\/www.manaus.am.gov.br\/semcom\/parceria-febraban-lancamento-nas-procon\/","og_locale":"pt_BR","og_type":"article","og_title":"Prefeito firma parceria com a Febraban e lan\u00e7a NAS no Procon","og_description":"PPrefeito David Almeida firma parceria com a Febraban e lan\u00e7a N\u00facleo de Apoio ao Superendividado no Procon Manaus.","og_url":"https:\/\/www.manaus.am.gov.br\/semcom\/parceria-febraban-lancamento-nas-procon\/","og_site_name":"SEMCOM","article_published_time":"2025-08-20T18:43:25+00:00","og_image":[{"width":2047,"height":1361,"url":"https:\/\/www.manaus.am.gov.br\/semcom\/wp-content\/uploads\/sites\/5\/2025\/08\/54733549094_7c0ade78e7_k.jpg","type":"image\/jpeg"}],"author":"Bruna Greco","twitter_card":"summary_large_image","twitter_misc":{"Written by":"Bruna Greco","Est. reading time":"3 minutos"},"schema":{"@context":"https:\/\/schema.org","@graph":[{"@type":"WebPage","@id":"https:\/\/www.manaus.am.gov.br\/semcom\/parceria-febraban-lancamento-nas-procon\/","url":"https:\/\/www.manaus.am.gov.br\/semcom\/parceria-febraban-lancamento-nas-procon\/","name":"Prefeito firma parceria com a Febraban e lan\u00e7a NAS no Procon","isPartOf":{"@id":"https:\/\/www.manaus.am.gov.br\/semcom\/#website"},"primaryImageOfPage":{"@id":"https:\/\/www.manaus.am.gov.br\/semcom\/parceria-febraban-lancamento-nas-procon\/#primaryimage"},"image":{"@id":"https:\/\/www.manaus.am.gov.br\/semcom\/parceria-febraban-lancamento-nas-procon\/#primaryimage"},"thumbnailUrl":"https:\/\/www.manaus.am.gov.br\/semcom\/wp-content\/uploads\/sites\/5\/2025\/08\/54733549094_7c0ade78e7_k.jpg","datePublished":"2025-08-20T18:43:25+00:00","dateModified":"2025-08-20T18:43:25+00:00","author":{"@id":"https:\/\/www.manaus.am.gov.br\/semcom\/#\/schema\/person\/05d223aea2bf115f9883a6ff3683d81b"},"description":"PPrefeito David Almeida firma parceria com a Febraban e lan\u00e7a N\u00facleo de Apoio ao Superendividado no Procon Manaus.","inLanguage":"pt-BR","potentialAction":[{"@type":"ReadAction","target":["https:\/\/www.manaus.am.gov.br\/semcom\/parceria-febraban-lancamento-nas-procon\/"]}]},{"@type":"ImageObject","inLanguage":"pt-BR","@id":"https:\/\/www.manaus.am.gov.br\/semcom\/parceria-febraban-lancamento-nas-procon\/#primaryimage","url":"https:\/\/www.manaus.am.gov.br\/semcom\/wp-content\/uploads\/sites\/5\/2025\/08\/54733549094_7c0ade78e7_k.jpg","contentUrl":"https:\/\/www.manaus.am.gov.br\/semcom\/wp-content\/uploads\/sites\/5\/2025\/08\/54733549094_7c0ade78e7_k.jpg","width":2047,"height":1361,"caption":"#paratodosverem - Prefeito de Manaus, David Almeida, discursando durante lan\u00e7amento de acordo de coopera\u00e7\u00e3o t\u00e9cnica firmado com Febrabran"},{"@type":"WebSite","@id":"https:\/\/www.manaus.am.gov.br\/semcom\/#website","url":"https:\/\/www.manaus.am.gov.br\/semcom\/","name":"SEMCOM","description":"Secretaria Municipal de Comunica\u00e7\u00e3o","potentialAction":[{"@type":"SearchAction","target":{"@type":"EntryPoint","urlTemplate":"https:\/\/www.manaus.am.gov.br\/semcom\/?s={search_term_string}"},"query-input":"required name=search_term_string"}],"inLanguage":"pt-BR"},{"@type":"Person","@id":"https:\/\/www.manaus.am.gov.br\/semcom\/#\/schema\/person\/05d223aea2bf115f9883a6ff3683d81b","name":"Bruna Greco","image":{"@type":"ImageObject","inLanguage":"pt-BR","@id":"https:\/\/www.manaus.am.gov.br\/semcom\/#\/schema\/person\/image\/","url":"https:\/\/secure.gravatar.com\/avatar\/9c877d1a6adc2a055330e5c09a8653ce?s=96&d=mm&r=g","contentUrl":"https:\/\/secure.gravatar.com\/avatar\/9c877d1a6adc2a055330e5c09a8653ce?s=96&d=mm&r=g","caption":"Bruna Greco"}}]}},"_links":{"self":[{"href":"https:\/\/www.manaus.am.gov.br\/semcom\/wp-json\/wp\/v2\/posts\/244042"}],"collection":[{"href":"https:\/\/www.manaus.am.gov.br\/semcom\/wp-json\/wp\/v2\/posts"}],"about":[{"href":"https:\/\/www.manaus.am.gov.br\/semcom\/wp-json\/wp\/v2\/types\/post"}],"author":[{"embeddable":true,"href":"https:\/\/www.manaus.am.gov.br\/semcom\/wp-json\/wp\/v2\/users\/39"}],"replies":[{"embeddable":true,"href":"https:\/\/www.manaus.am.gov.br\/semcom\/wp-json\/wp\/v2\/comments?post=244042"}],"version-history":[{"count":1,"href":"https:\/\/www.manaus.am.gov.br\/semcom\/wp-json\/wp\/v2\/posts\/244042\/revisions"}],"predecessor-version":[{"id":244046,"href":"https:\/\/www.manaus.am.gov.br\/semcom\/wp-json\/wp\/v2\/posts\/244042\/revisions\/244046"}],"wp:featuredmedia":[{"embeddable":true,"href":"https:\/\/www.manaus.am.gov.br\/semcom\/wp-json\/wp\/v2\/media\/244043"}],"wp:attachment":[{"href":"https:\/\/www.manaus.am.gov.br\/semcom\/wp-json\/wp\/v2\/media?parent=244042"}],"wp:term":[{"taxonomy":"category","embeddable":true,"href":"https:\/\/www.manaus.am.gov.br\/semcom\/wp-json\/wp\/v2\/categories?post=244042"},{"taxonomy":"post_tag","embeddable":true,"href":"https:\/\/www.manaus.am.gov.br\/semcom\/wp-json\/wp\/v2\/tags?post=244042"}],"curies":[{"name":"wp","href":"https:\/\/api.w.org\/{rel}","templated":true}]}}