{"id":244015,"date":"2025-08-20T10:26:36","date_gmt":"2025-08-20T13:26:36","guid":{"rendered":"https:\/\/www.manaus.am.gov.br\/semcom\/ageman-ouvidoria-balanco2025\/"},"modified":"2025-08-20T10:26:38","modified_gmt":"2025-08-20T13:26:38","slug":"ageman-ouvidoria-balanco2025","status":"publish","type":"post","link":"https:\/\/www.manaus.am.gov.br\/semcom\/ageman-ouvidoria-balanco2025\/","title":{"rendered":"Ageman registra aumento nas demandas da Ouvidoria em 2025"},"content":{"rendered":"\n<p>A Ag\u00eancia Reguladora dos Servi\u00e7os P\u00fablicos Delegados do Munic\u00edpio de Manaus (Ageman) registrou um crescimento de 48% no n\u00famero de manifesta\u00e7\u00f5es da popula\u00e7\u00e3o recebidas pela Ouvidoria do \u00f3rg\u00e3o no comparativo entre os sete primeiros meses dos anos de 2024 e 2025.<\/p>\n\n\n\n<p>De janeiro a julho deste ano, foram 405 demandas registradas, contra 273 no mesmo per\u00edodo de 2024. O total j\u00e1 se aproxima do volume de todo o ano passado, quando foram computadas 412 solicita\u00e7\u00f5es.<\/p>\n\n\n\n<p>Os servi\u00e7os de abastecimento de \u00e1gua e esgotamento sanit\u00e1rio seguem como os principais motivos de procura da popula\u00e7\u00e3o. Somente entre janeiro e julho de 2025, foram contabilizadas 389 manifesta\u00e7\u00f5es, contra 246 no mesmo per\u00edodo do ano anterior, o que representa um aumento expressivo de 58%.<\/p>\n\n\n\n<p>Por outro lado, as manifesta\u00e7\u00f5es relacionadas \u00e0 ilumina\u00e7\u00e3o p\u00fablica tiveram redu\u00e7\u00e3o em 2025. Nos primeiros sete meses deste ano, foram 13 registros, enquanto no mesmo per\u00edodo de 2024 foram 25.<\/p>\n\n\n\n<p>O servi\u00e7o de estacionamento rotativo Zona Azul tamb\u00e9m figura no balan\u00e7o da Ouvidoria. Em 2024, foram duas manifesta\u00e7\u00f5es e, em 2025, tr\u00eas registros. Apesar dos n\u00fameros reduzidos, a Ouvidoria ressalta que os usu\u00e1rios costumam registrar suas demandas diretamente no aplicativo do servi\u00e7o ou junto \u00e0 concession\u00e1ria respons\u00e1vel, o que explica o baixo volume no canal da Ag\u00eancia.<\/p>\n\n\n\n<p>O diretor-presidente da Ageman, Elson Andrade, destaca que o crescimento no n\u00famero de demandas registradas pela Ouvidoria se d\u00e1 pela confian\u00e7a que o usu\u00e1rio tem adquirido junto ao trabalho do \u00f3rg\u00e3o regulador.<\/p>\n\n\n\n<p>&#8220;A Ouvidoria tem se mostrado um importante instrumento de aproxima\u00e7\u00e3o da Ageman com a popula\u00e7\u00e3o. O crescimento das demandas recebidas em 2025 demonstra que o cidad\u00e3o est\u00e1 cada vez mais confiante no nosso trabalho e consciente do seu papel de fiscalizar e cobrar melhorias. Nosso compromisso \u00e9 dar a devida aten\u00e7\u00e3o a cada manifesta\u00e7\u00e3o, garantindo transpar\u00eancia e efici\u00eancia na presta\u00e7\u00e3o dos servi\u00e7os p\u00fablicos delegados da capital&#8221;, afirmou Elson.<\/p>\n\n\n\n<p><strong>Compromisso<\/strong><\/p>\n\n\n\n<p>A Ouvidoria da Ageman atua como canal direto entre a sociedade e a ag\u00eancia, garantindo que as manifesta\u00e7\u00f5es da popula\u00e7\u00e3o sejam registradas, analisadas e encaminhadas para solu\u00e7\u00e3o junto \u00e0s concession\u00e1rias respons\u00e1veis pelos servi\u00e7os.<\/p>\n\n\n\n<p>O ouvidor Cl\u00e1udio Falc\u00e3o afirma que o crescimento dos registros refor\u00e7a a import\u00e2ncia da participa\u00e7\u00e3o cidad\u00e3 no acompanhamento e fiscaliza\u00e7\u00e3o dos servi\u00e7os p\u00fablicos delegados em Manaus.<\/p>\n\n\n\n<p>A Ouvidoria da Ageman atende as demandas referentes aos problemas envolvendo o abastecimento de \u00e1gua, esgotamento sanit\u00e1rio, ilumina\u00e7\u00e3o p\u00fablica e o servi\u00e7o de estacionamento rotativo pago Zona Azul.<\/p>\n\n\n\n<p>Cabe \u00e0 Ouvidoria receber as solicita\u00e7\u00f5es (reclama\u00e7\u00f5es, den\u00fancias, sugest\u00f5es, elogios e cr\u00edticas) e tamb\u00e9m realizar um trabalho de preven\u00e7\u00e3o, apura\u00e7\u00e3o e media\u00e7\u00e3o de diverg\u00eancias entre as concession\u00e1rias \u00c1guas de Manaus, ManausLuz, Zona Azul e seus usu\u00e1rios.<\/p>\n\n\n\n<p>O atendimento das demandas da Ouvidoria acontece de forma presencial, no shopping Phelippe Daou, no bairro Cidade de Deus, zona Norte, e tamb\u00e9m por meio dos e-mails&nbsp;<a href=\"mailto:ouvidoria.ageman@pmm.am.gov.br\" target=\"_blank\" rel=\"noreferrer noopener\">ouvidoria.ageman@pmm.am.gov.br<\/a>,&nbsp;<a href=\"mailto:ouvidoria.ageman2@gmail.com\" target=\"_blank\" rel=\"noreferrer noopener\">ouvidoria.ageman2@gmail.com<\/a>, do site&nbsp;<a href=\"http:\/\/www.ageman.manaus.am.gov.br\/ouvidoria\" target=\"_blank\" rel=\"noreferrer noopener\">www.ageman.manaus.am.gov.br\/ouvidoria<\/a>&nbsp;e ainda pelos dois n\u00fameros do WhatsApp: (92) 98842-2919 e (92) 98410-3247.<\/p>\n\n\n\n<p>&#8212;&nbsp; &#8212; &#8212;<\/p>\n\n\n\n<p><strong>Texto e fotos<\/strong> &#8211;&nbsp;Tereza Te\u00f3filo\/Ageman<\/p>\n","protected":false},"excerpt":{"rendered":"","protected":false},"author":23,"featured_media":244016,"comment_status":"closed","ping_status":"closed","sticky":false,"template":"","format":"standard","meta":{"footnotes":""},"categories":[1628],"tags":[215,668,15822,220,77,1905],"acf":[],"yoast_head":"<!-- This site is optimized with the Yoast SEO plugin v23.0 - https:\/\/yoast.com\/wordpress\/plugins\/seo\/ -->\n<title>Ageman registra aumento nas demandas da Ouvidoria em 2025<\/title>\n<meta name=\"description\" content=\"A Ag\u00eancia Reguladora dos Servi\u00e7os P\u00fablicos Delegados do Munic\u00edpio de Manaus (Ageman) registrou um crescimento de 48% no n\u00famero de manifesta\u00e7\u00f5es da popula\u00e7\u00e3o recebidas pela Ouvidoria do \u00f3rg\u00e3o no comparativo entre os sete primeiros meses dos anos de 2024 e 2025.\" \/>\n<meta name=\"robots\" content=\"index, follow, max-snippet:-1, max-image-preview:large, max-video-preview:-1\" \/>\n<link rel=\"canonical\" href=\"https:\/\/www.manaus.am.gov.br\/semcom\/ageman-ouvidoria-balanco2025\/\" \/>\n<meta property=\"og:locale\" content=\"pt_BR\" \/>\n<meta property=\"og:type\" content=\"article\" \/>\n<meta property=\"og:title\" content=\"Ageman registra aumento nas demandas da Ouvidoria em 2025\" \/>\n<meta property=\"og:description\" content=\"A Ag\u00eancia Reguladora dos Servi\u00e7os P\u00fablicos Delegados do Munic\u00edpio de Manaus (Ageman) registrou um crescimento de 48% no n\u00famero de manifesta\u00e7\u00f5es da popula\u00e7\u00e3o recebidas pela Ouvidoria do \u00f3rg\u00e3o no comparativo entre os sete primeiros meses dos anos de 2024 e 2025.\" \/>\n<meta property=\"og:url\" content=\"https:\/\/www.manaus.am.gov.br\/semcom\/ageman-ouvidoria-balanco2025\/\" \/>\n<meta property=\"og:site_name\" content=\"SEMCOM\" \/>\n<meta property=\"article:published_time\" content=\"2025-08-20T13:26:36+00:00\" \/>\n<meta property=\"article:modified_time\" content=\"2025-08-20T13:26:38+00:00\" \/>\n<meta property=\"og:image\" content=\"https:\/\/www.manaus.am.gov.br\/semcom\/wp-content\/uploads\/sites\/5\/2025\/08\/54663652294_f2b476c315_b.jpg\" \/>\n\t<meta property=\"og:image:width\" content=\"1024\" \/>\n\t<meta property=\"og:image:height\" content=\"768\" \/>\n\t<meta property=\"og:image:type\" content=\"image\/jpeg\" \/>\n<meta name=\"author\" content=\"Adriana Costa\" \/>\n<meta name=\"twitter:card\" content=\"summary_large_image\" \/>\n<meta name=\"twitter:label1\" content=\"Written by\" \/>\n\t<meta name=\"twitter:data1\" content=\"Adriana Costa\" \/>\n\t<meta name=\"twitter:label2\" content=\"Est. reading time\" \/>\n\t<meta name=\"twitter:data2\" content=\"3 minutos\" \/>\n<script type=\"application\/ld+json\" class=\"yoast-schema-graph\">{\"@context\":\"https:\/\/schema.org\",\"@graph\":[{\"@type\":\"WebPage\",\"@id\":\"https:\/\/www.manaus.am.gov.br\/semcom\/ageman-ouvidoria-balanco2025\/\",\"url\":\"https:\/\/www.manaus.am.gov.br\/semcom\/ageman-ouvidoria-balanco2025\/\",\"name\":\"Ageman registra aumento nas demandas da Ouvidoria em 2025\",\"isPartOf\":{\"@id\":\"https:\/\/www.manaus.am.gov.br\/semcom\/#website\"},\"primaryImageOfPage\":{\"@id\":\"https:\/\/www.manaus.am.gov.br\/semcom\/ageman-ouvidoria-balanco2025\/#primaryimage\"},\"image\":{\"@id\":\"https:\/\/www.manaus.am.gov.br\/semcom\/ageman-ouvidoria-balanco2025\/#primaryimage\"},\"thumbnailUrl\":\"https:\/\/www.manaus.am.gov.br\/semcom\/wp-content\/uploads\/sites\/5\/2025\/08\/54663652294_f2b476c315_b.jpg\",\"datePublished\":\"2025-08-20T13:26:36+00:00\",\"dateModified\":\"2025-08-20T13:26:38+00:00\",\"author\":{\"@id\":\"https:\/\/www.manaus.am.gov.br\/semcom\/#\/schema\/person\/4e49f4e267757a06ca072ec61b2b9968\"},\"description\":\"A Ag\u00eancia Reguladora dos Servi\u00e7os P\u00fablicos Delegados do Munic\u00edpio de Manaus (Ageman) registrou um crescimento de 48% no n\u00famero de manifesta\u00e7\u00f5es da popula\u00e7\u00e3o recebidas pela Ouvidoria do \u00f3rg\u00e3o no comparativo entre os sete primeiros meses dos anos de 2024 e 2025.\",\"inLanguage\":\"pt-BR\",\"potentialAction\":[{\"@type\":\"ReadAction\",\"target\":[\"https:\/\/www.manaus.am.gov.br\/semcom\/ageman-ouvidoria-balanco2025\/\"]}]},{\"@type\":\"ImageObject\",\"inLanguage\":\"pt-BR\",\"@id\":\"https:\/\/www.manaus.am.gov.br\/semcom\/ageman-ouvidoria-balanco2025\/#primaryimage\",\"url\":\"https:\/\/www.manaus.am.gov.br\/semcom\/wp-content\/uploads\/sites\/5\/2025\/08\/54663652294_f2b476c315_b.jpg\",\"contentUrl\":\"https:\/\/www.manaus.am.gov.br\/semcom\/wp-content\/uploads\/sites\/5\/2025\/08\/54663652294_f2b476c315_b.jpg\",\"width\":1024,\"height\":768},{\"@type\":\"WebSite\",\"@id\":\"https:\/\/www.manaus.am.gov.br\/semcom\/#website\",\"url\":\"https:\/\/www.manaus.am.gov.br\/semcom\/\",\"name\":\"SEMCOM\",\"description\":\"Secretaria Municipal de Comunica\u00e7\u00e3o\",\"potentialAction\":[{\"@type\":\"SearchAction\",\"target\":{\"@type\":\"EntryPoint\",\"urlTemplate\":\"https:\/\/www.manaus.am.gov.br\/semcom\/?s={search_term_string}\"},\"query-input\":\"required name=search_term_string\"}],\"inLanguage\":\"pt-BR\"},{\"@type\":\"Person\",\"@id\":\"https:\/\/www.manaus.am.gov.br\/semcom\/#\/schema\/person\/4e49f4e267757a06ca072ec61b2b9968\",\"name\":\"Adriana Costa\",\"image\":{\"@type\":\"ImageObject\",\"inLanguage\":\"pt-BR\",\"@id\":\"https:\/\/www.manaus.am.gov.br\/semcom\/#\/schema\/person\/image\/\",\"url\":\"https:\/\/secure.gravatar.com\/avatar\/576258617ef7194f718179e766d57bd4?s=96&d=mm&r=g\",\"contentUrl\":\"https:\/\/secure.gravatar.com\/avatar\/576258617ef7194f718179e766d57bd4?s=96&d=mm&r=g\",\"caption\":\"Adriana Costa\"}}]}<\/script>\n<!-- \/ Yoast SEO plugin. -->","yoast_head_json":{"title":"Ageman registra aumento nas demandas da Ouvidoria em 2025","description":"A Ag\u00eancia Reguladora dos Servi\u00e7os P\u00fablicos Delegados do Munic\u00edpio de Manaus (Ageman) registrou um crescimento de 48% no n\u00famero de manifesta\u00e7\u00f5es da popula\u00e7\u00e3o recebidas pela Ouvidoria do \u00f3rg\u00e3o no comparativo entre os sete primeiros meses dos anos de 2024 e 2025.","robots":{"index":"index","follow":"follow","max-snippet":"max-snippet:-1","max-image-preview":"max-image-preview:large","max-video-preview":"max-video-preview:-1"},"canonical":"https:\/\/www.manaus.am.gov.br\/semcom\/ageman-ouvidoria-balanco2025\/","og_locale":"pt_BR","og_type":"article","og_title":"Ageman registra aumento nas demandas da Ouvidoria em 2025","og_description":"A Ag\u00eancia Reguladora dos Servi\u00e7os P\u00fablicos Delegados do Munic\u00edpio de Manaus (Ageman) registrou um crescimento de 48% no n\u00famero de manifesta\u00e7\u00f5es da popula\u00e7\u00e3o recebidas pela Ouvidoria do \u00f3rg\u00e3o no comparativo entre os sete primeiros meses dos anos de 2024 e 2025.","og_url":"https:\/\/www.manaus.am.gov.br\/semcom\/ageman-ouvidoria-balanco2025\/","og_site_name":"SEMCOM","article_published_time":"2025-08-20T13:26:36+00:00","article_modified_time":"2025-08-20T13:26:38+00:00","og_image":[{"width":1024,"height":768,"url":"https:\/\/www.manaus.am.gov.br\/semcom\/wp-content\/uploads\/sites\/5\/2025\/08\/54663652294_f2b476c315_b.jpg","type":"image\/jpeg"}],"author":"Adriana Costa","twitter_card":"summary_large_image","twitter_misc":{"Written by":"Adriana Costa","Est. reading time":"3 minutos"},"schema":{"@context":"https:\/\/schema.org","@graph":[{"@type":"WebPage","@id":"https:\/\/www.manaus.am.gov.br\/semcom\/ageman-ouvidoria-balanco2025\/","url":"https:\/\/www.manaus.am.gov.br\/semcom\/ageman-ouvidoria-balanco2025\/","name":"Ageman registra aumento nas demandas da Ouvidoria em 2025","isPartOf":{"@id":"https:\/\/www.manaus.am.gov.br\/semcom\/#website"},"primaryImageOfPage":{"@id":"https:\/\/www.manaus.am.gov.br\/semcom\/ageman-ouvidoria-balanco2025\/#primaryimage"},"image":{"@id":"https:\/\/www.manaus.am.gov.br\/semcom\/ageman-ouvidoria-balanco2025\/#primaryimage"},"thumbnailUrl":"https:\/\/www.manaus.am.gov.br\/semcom\/wp-content\/uploads\/sites\/5\/2025\/08\/54663652294_f2b476c315_b.jpg","datePublished":"2025-08-20T13:26:36+00:00","dateModified":"2025-08-20T13:26:38+00:00","author":{"@id":"https:\/\/www.manaus.am.gov.br\/semcom\/#\/schema\/person\/4e49f4e267757a06ca072ec61b2b9968"},"description":"A Ag\u00eancia Reguladora dos Servi\u00e7os P\u00fablicos Delegados do Munic\u00edpio de Manaus (Ageman) registrou um crescimento de 48% no n\u00famero de manifesta\u00e7\u00f5es da popula\u00e7\u00e3o recebidas pela Ouvidoria do \u00f3rg\u00e3o no comparativo entre os sete primeiros meses dos anos de 2024 e 2025.","inLanguage":"pt-BR","potentialAction":[{"@type":"ReadAction","target":["https:\/\/www.manaus.am.gov.br\/semcom\/ageman-ouvidoria-balanco2025\/"]}]},{"@type":"ImageObject","inLanguage":"pt-BR","@id":"https:\/\/www.manaus.am.gov.br\/semcom\/ageman-ouvidoria-balanco2025\/#primaryimage","url":"https:\/\/www.manaus.am.gov.br\/semcom\/wp-content\/uploads\/sites\/5\/2025\/08\/54663652294_f2b476c315_b.jpg","contentUrl":"https:\/\/www.manaus.am.gov.br\/semcom\/wp-content\/uploads\/sites\/5\/2025\/08\/54663652294_f2b476c315_b.jpg","width":1024,"height":768},{"@type":"WebSite","@id":"https:\/\/www.manaus.am.gov.br\/semcom\/#website","url":"https:\/\/www.manaus.am.gov.br\/semcom\/","name":"SEMCOM","description":"Secretaria Municipal de Comunica\u00e7\u00e3o","potentialAction":[{"@type":"SearchAction","target":{"@type":"EntryPoint","urlTemplate":"https:\/\/www.manaus.am.gov.br\/semcom\/?s={search_term_string}"},"query-input":"required name=search_term_string"}],"inLanguage":"pt-BR"},{"@type":"Person","@id":"https:\/\/www.manaus.am.gov.br\/semcom\/#\/schema\/person\/4e49f4e267757a06ca072ec61b2b9968","name":"Adriana Costa","image":{"@type":"ImageObject","inLanguage":"pt-BR","@id":"https:\/\/www.manaus.am.gov.br\/semcom\/#\/schema\/person\/image\/","url":"https:\/\/secure.gravatar.com\/avatar\/576258617ef7194f718179e766d57bd4?s=96&d=mm&r=g","contentUrl":"https:\/\/secure.gravatar.com\/avatar\/576258617ef7194f718179e766d57bd4?s=96&d=mm&r=g","caption":"Adriana Costa"}}]}},"_links":{"self":[{"href":"https:\/\/www.manaus.am.gov.br\/semcom\/wp-json\/wp\/v2\/posts\/244015"}],"collection":[{"href":"https:\/\/www.manaus.am.gov.br\/semcom\/wp-json\/wp\/v2\/posts"}],"about":[{"href":"https:\/\/www.manaus.am.gov.br\/semcom\/wp-json\/wp\/v2\/types\/post"}],"author":[{"embeddable":true,"href":"https:\/\/www.manaus.am.gov.br\/semcom\/wp-json\/wp\/v2\/users\/23"}],"replies":[{"embeddable":true,"href":"https:\/\/www.manaus.am.gov.br\/semcom\/wp-json\/wp\/v2\/comments?post=244015"}],"version-history":[{"count":0,"href":"https:\/\/www.manaus.am.gov.br\/semcom\/wp-json\/wp\/v2\/posts\/244015\/revisions"}],"wp:featuredmedia":[{"embeddable":true,"href":"https:\/\/www.manaus.am.gov.br\/semcom\/wp-json\/wp\/v2\/media\/244016"}],"wp:attachment":[{"href":"https:\/\/www.manaus.am.gov.br\/semcom\/wp-json\/wp\/v2\/media?parent=244015"}],"wp:term":[{"taxonomy":"category","embeddable":true,"href":"https:\/\/www.manaus.am.gov.br\/semcom\/wp-json\/wp\/v2\/categories?post=244015"},{"taxonomy":"post_tag","embeddable":true,"href":"https:\/\/www.manaus.am.gov.br\/semcom\/wp-json\/wp\/v2\/tags?post=244015"}],"curies":[{"name":"wp","href":"https:\/\/api.w.org\/{rel}","templated":true}]}}