{"id":243967,"date":"2025-08-19T13:40:39","date_gmt":"2025-08-19T17:40:39","guid":{"rendered":"https:\/\/www.manaus.am.gov.br\/semcom\/notificacao-demolicao-rua-agua-claras\/"},"modified":"2025-08-19T14:41:31","modified_gmt":"2025-08-19T17:41:31","slug":"notificacao-demolicao-rua-agua-claras","status":"publish","type":"post","link":"https:\/\/www.manaus.am.gov.br\/semcom\/notificacao-demolicao-rua-agua-claras\/","title":{"rendered":"Prefeitura de Manaus faz notifica\u00e7\u00e3o para demoli\u00e7\u00e3o volunt\u00e1ria de fechamento de rua no \u00c1guas Claras"},"content":{"rendered":"\n<p>A partir de uma den\u00fancia, a Prefeitura de Manaus, via Instituto Municipal de Planejamento Urbano (Implurb), fez uma notifica\u00e7\u00e3o, nesta ter\u00e7a-feira, 19\/8, para demoli\u00e7\u00e3o volunt\u00e1ria de um muro constru\u00eddo fechando uma rua no conjunto \u00c1guas Claras, no bairro Cidade Nova, zona Norte, em raz\u00e3o da irregularidade na constru\u00e7\u00e3o. Em parceria com os fiscais do Instituto Municipal de Mobilidade Urbana (IMMU), a notifica\u00e7\u00e3o foi realizada com a constata\u00e7\u00e3o da ilegalidade.<\/p>\n\n\n\n<p>O vice-presidente do Implurb, Antonio Peixoto, disse que o instituto recebeu a demanda e enviou a\u00e7\u00e3o fiscal para o endere\u00e7o. \u201cRecebemos um v\u00eddeo e a localiza\u00e7\u00e3o da obra irregular, que fecha a via p\u00fablica sem autoriza\u00e7\u00e3o. Isso \u00e9 ilegal e uma afronta ao Plano Diretor da cidade. A mera formaliza\u00e7\u00e3o de um processo solicitando a autoriza\u00e7\u00e3o para o controle da via n\u00e3o d\u00e1 o direito de se executar a obra para o fechamento, at\u00e9 porque o processo pode ser indeferido, se n\u00e3o atender ao decreto municipal que regulamenta o controle\u201d, explicou.<\/p>\n\n\n\n<p>O decreto 3.074\/2015 regulamenta o controle de acesso a logradouros p\u00fablicos feito por meio da constru\u00e7\u00e3o de cancelas ou guaritas e similares, atendendo previs\u00e3o legal do C\u00f3digo de Posturas do Munic\u00edpio de Manaus (Lei Complementar 005\/2014), mediante an\u00e1lise e avalia\u00e7\u00e3o t\u00e9cnica do Implurb, com anu\u00eancia do IMMU.<\/p>\n\n\n\n<p>A diretora do Departamento de Projetos e Obras do IMMU, Luana Brito, informou que para que os moradores consigam autoriza\u00e7\u00e3o de controle de acesso de uma via \u00e9 fundamental que eles estejam organizados por meio de uma associa\u00e7\u00e3o formalizada, com CNPJ ativo e toda a documenta\u00e7\u00e3o legalmente registrada.<\/p>\n\n\n\n<p>\u201cEssa associa\u00e7\u00e3o precisa apresentar a ata da assembleia, que indica os respons\u00e1veis legais, al\u00e9m de outra ata autorizando especificamente a obstru\u00e7\u00e3o da via, acompanhada de um abaixo-assinado com a maioria absoluta dos moradores concordando. \u00c9 obrigat\u00f3rio apresentar o projeto t\u00e9cnico, assinado por um profissional habilitado, detalhando como ser\u00e1 o controle de acesso. \u00c9 importante refor\u00e7ar que esse tipo de fechamento \u00e9 considerado prec\u00e1rio, ou seja, n\u00e3o altera o dom\u00ednio p\u00fablico da via, e pode ser revogado a qualquer momento pelo poder p\u00fablico\u201d, afirmou.<\/p>\n\n\n\n<p><strong>Autoriza\u00e7\u00f5es<\/strong><\/p>\n\n\n\n<p>Segundo Peixoto, antes de iniciar qualquer obra, \u00e9 preciso ter o licenciamento. \u201cAssim como ningu\u00e9m pode dirigir um ve\u00edculo sem estar devidamente habilitado. O procedimento de dar entrada para tirar uma Carteira Nacional de Habilita\u00e7\u00e3o (CNH), n\u00e3o d\u00e1 a ningu\u00e9m o direito de dirigir. A mesma coisa acontece com obras e acesso a vias. Caso o notificado n\u00e3o atenda a notifica\u00e7\u00e3o de demoli\u00e7\u00e3o volunt\u00e1ria, ser\u00e1 feita a demoli\u00e7\u00e3o administrativa. \u00c9 preciso respeitar as leis e o direito de ir e vir das pessoas\u201d, comentou.<\/p>\n\n\n\n<p><strong>Processos<\/strong><\/p>\n\n\n\n<p>Os processos visam atender as&nbsp;exig\u00eancias para regularizar o controle de acesso e cess\u00e3o de uso de vias p\u00fablicas por particulares. A an\u00e1lise \u00e9 feita pela Diretoria de Planejamento Urbano (DPLA). Os documentos e par\u00e2metros para o pedido podem ser consultados no site do&nbsp;<a href=\"https:\/\/www2.manaus.am.gov.br\/docs\/portal\/secretarias\/implurb\/Lista%20de%20Documenta%C3%A7%C3%A3o%202021\/7.0%20DOCUMENTOS%20AVALIA%C3%87%C3%83O%20URBAN%C3%8DSTICAS\/AUTORIZA%C3%87%C3%83O%20PARA%20CESS%C3%83O%20DE%20VIA%20P%C3%9ABLICA%202021.pdf\" target=\"_blank\" rel=\"noreferrer noopener\">Implurb<\/a>, em Lista de Documentos, acessando \u201cAutoriza\u00e7\u00e3o para Cess\u00e3o de&nbsp;Via&nbsp;P\u00fablica\u201d.<\/p>\n\n\n\n<p>A autoriza\u00e7\u00e3o \u00e9 concedida a t\u00edtulo prec\u00e1rio, podendo ser revogada pelo poder p\u00fablico, sendo voltada para pedidos de pessoas jur\u00eddicas. A autoriza\u00e7\u00e3o \u00e9 expedida pelo\u00a0Implurb\u00a0e a procura pela adequa\u00e7\u00e3o aumentou no atendimento e no DPLA, ap\u00f3s o decreto. Os requerentes das \u00e1reas precisar\u00e3o atender a requisitos para obter a permiss\u00e3o para instalar mecanismo que controle o acesso \u00e0\u00a0via, dentre os quais, abrir m\u00e3o de servi\u00e7os de limpeza p\u00fablica e manuten\u00e7\u00e3o das ruas dentro do espa\u00e7o afetado.<\/p>\n\n\n\n<figure class=\"wp-block-image size-large\"><img loading=\"lazy\" decoding=\"async\" width=\"1024\" height=\"576\" src=\"https:\/\/www.manaus.am.gov.br\/semcom\/wp-content\/uploads\/sites\/5\/2025\/08\/Irregularidade-1-1024x576.jpeg\" alt=\"\" class=\"wp-image-243969\" srcset=\"https:\/\/www.manaus.am.gov.br\/semcom\/wp-content\/uploads\/sites\/5\/2025\/08\/Irregularidade-1-1024x576.jpeg 1024w, https:\/\/www.manaus.am.gov.br\/semcom\/wp-content\/uploads\/sites\/5\/2025\/08\/Irregularidade-1-300x169.jpeg 300w, https:\/\/www.manaus.am.gov.br\/semcom\/wp-content\/uploads\/sites\/5\/2025\/08\/Irregularidade-1-768x432.jpeg 768w, https:\/\/www.manaus.am.gov.br\/semcom\/wp-content\/uploads\/sites\/5\/2025\/08\/Irregularidade-1-1536x864.jpeg 1536w, https:\/\/www.manaus.am.gov.br\/semcom\/wp-content\/uploads\/sites\/5\/2025\/08\/Irregularidade-1.jpeg 1600w\" sizes=\"(max-width: 1024px) 100vw, 1024px\" \/><\/figure>\n\n\n\n<p>&#8212; &#8212; &#8212;<\/p>\n\n\n\n<p><strong>Texto<\/strong>&nbsp;\u2013&nbsp;Divulga\u00e7\u00e3o\/Implurb e IMMU<\/p>\n\n\n\n<p><strong>Fotos<\/strong>&nbsp;\u2013 Divulga\u00e7\u00e3o\/Implurb<\/p>\n","protected":false},"excerpt":{"rendered":"","protected":false},"author":39,"featured_media":243968,"comment_status":"closed","ping_status":"closed","sticky":false,"template":"","format":"standard","meta":{"footnotes":""},"categories":[5701],"tags":[16349,16350,16351,12,65,4079,77],"acf":[],"yoast_head":"<!-- This site is optimized with the Yoast SEO plugin v23.0 - https:\/\/yoast.com\/wordpress\/plugins\/seo\/ -->\n<title>Demoli\u00e7\u00e3o volunt\u00e1ria de fechamento de rua no \u00c1guas Claras<\/title>\n<meta name=\"description\" content=\"Prefeitura de Manaus, por meio do Implurb, faz notifica\u00e7\u00e3o para demoli\u00e7\u00e3o volunt\u00e1ria de fechamento de rua no \u00c1guas Claras.\" \/>\n<meta name=\"robots\" content=\"index, follow, max-snippet:-1, max-image-preview:large, max-video-preview:-1\" \/>\n<link rel=\"canonical\" href=\"https:\/\/www.manaus.am.gov.br\/semcom\/notificacao-demolicao-rua-agua-claras\/\" \/>\n<meta property=\"og:locale\" content=\"pt_BR\" \/>\n<meta property=\"og:type\" content=\"article\" \/>\n<meta property=\"og:title\" content=\"Demoli\u00e7\u00e3o volunt\u00e1ria de fechamento de rua no \u00c1guas Claras\" \/>\n<meta property=\"og:description\" content=\"Prefeitura de Manaus, por meio do Implurb, faz notifica\u00e7\u00e3o para demoli\u00e7\u00e3o volunt\u00e1ria de fechamento de rua no \u00c1guas Claras.\" \/>\n<meta property=\"og:url\" content=\"https:\/\/www.manaus.am.gov.br\/semcom\/notificacao-demolicao-rua-agua-claras\/\" \/>\n<meta property=\"og:site_name\" content=\"SEMCOM\" \/>\n<meta property=\"article:published_time\" content=\"2025-08-19T17:40:39+00:00\" \/>\n<meta property=\"article:modified_time\" content=\"2025-08-19T17:41:31+00:00\" \/>\n<meta property=\"og:image\" content=\"https:\/\/www.manaus.am.gov.br\/semcom\/wp-content\/uploads\/sites\/5\/2025\/08\/Irregularidade-2.jpeg\" \/>\n\t<meta property=\"og:image:width\" content=\"1599\" \/>\n\t<meta property=\"og:image:height\" content=\"899\" \/>\n\t<meta property=\"og:image:type\" content=\"image\/jpeg\" \/>\n<meta name=\"author\" content=\"Bruna Greco\" \/>\n<meta name=\"twitter:card\" content=\"summary_large_image\" \/>\n<meta name=\"twitter:label1\" content=\"Written by\" \/>\n\t<meta name=\"twitter:data1\" content=\"Bruna Greco\" \/>\n\t<meta name=\"twitter:label2\" content=\"Est. reading time\" \/>\n\t<meta name=\"twitter:data2\" content=\"4 minutos\" \/>\n<script type=\"application\/ld+json\" class=\"yoast-schema-graph\">{\"@context\":\"https:\/\/schema.org\",\"@graph\":[{\"@type\":\"WebPage\",\"@id\":\"https:\/\/www.manaus.am.gov.br\/semcom\/notificacao-demolicao-rua-agua-claras\/\",\"url\":\"https:\/\/www.manaus.am.gov.br\/semcom\/notificacao-demolicao-rua-agua-claras\/\",\"name\":\"Demoli\u00e7\u00e3o volunt\u00e1ria de fechamento de rua no \u00c1guas Claras\",\"isPartOf\":{\"@id\":\"https:\/\/www.manaus.am.gov.br\/semcom\/#website\"},\"primaryImageOfPage\":{\"@id\":\"https:\/\/www.manaus.am.gov.br\/semcom\/notificacao-demolicao-rua-agua-claras\/#primaryimage\"},\"image\":{\"@id\":\"https:\/\/www.manaus.am.gov.br\/semcom\/notificacao-demolicao-rua-agua-claras\/#primaryimage\"},\"thumbnailUrl\":\"https:\/\/www.manaus.am.gov.br\/semcom\/wp-content\/uploads\/sites\/5\/2025\/08\/Irregularidade-2.jpeg\",\"datePublished\":\"2025-08-19T17:40:39+00:00\",\"dateModified\":\"2025-08-19T17:41:31+00:00\",\"author\":{\"@id\":\"https:\/\/www.manaus.am.gov.br\/semcom\/#\/schema\/person\/05d223aea2bf115f9883a6ff3683d81b\"},\"description\":\"Prefeitura de Manaus, por meio do Implurb, faz notifica\u00e7\u00e3o para demoli\u00e7\u00e3o volunt\u00e1ria de fechamento de rua no \u00c1guas Claras.\",\"inLanguage\":\"pt-BR\",\"potentialAction\":[{\"@type\":\"ReadAction\",\"target\":[\"https:\/\/www.manaus.am.gov.br\/semcom\/notificacao-demolicao-rua-agua-claras\/\"]}]},{\"@type\":\"ImageObject\",\"inLanguage\":\"pt-BR\",\"@id\":\"https:\/\/www.manaus.am.gov.br\/semcom\/notificacao-demolicao-rua-agua-claras\/#primaryimage\",\"url\":\"https:\/\/www.manaus.am.gov.br\/semcom\/wp-content\/uploads\/sites\/5\/2025\/08\/Irregularidade-2.jpeg\",\"contentUrl\":\"https:\/\/www.manaus.am.gov.br\/semcom\/wp-content\/uploads\/sites\/5\/2025\/08\/Irregularidade-2.jpeg\",\"width\":1599,\"height\":899,\"caption\":\"#paratodosverem - Equipe do Implurb e IMMU realizando notifica\u00e7\u00e3o para demoli\u00e7\u00e3o volunt\u00e1ria de um muro constru\u00eddo fechando uma rua no conjunto \u00c1guas Claras, no bairro Cidade Nova\"},{\"@type\":\"WebSite\",\"@id\":\"https:\/\/www.manaus.am.gov.br\/semcom\/#website\",\"url\":\"https:\/\/www.manaus.am.gov.br\/semcom\/\",\"name\":\"SEMCOM\",\"description\":\"Secretaria Municipal de Comunica\u00e7\u00e3o\",\"potentialAction\":[{\"@type\":\"SearchAction\",\"target\":{\"@type\":\"EntryPoint\",\"urlTemplate\":\"https:\/\/www.manaus.am.gov.br\/semcom\/?s={search_term_string}\"},\"query-input\":\"required name=search_term_string\"}],\"inLanguage\":\"pt-BR\"},{\"@type\":\"Person\",\"@id\":\"https:\/\/www.manaus.am.gov.br\/semcom\/#\/schema\/person\/05d223aea2bf115f9883a6ff3683d81b\",\"name\":\"Bruna Greco\",\"image\":{\"@type\":\"ImageObject\",\"inLanguage\":\"pt-BR\",\"@id\":\"https:\/\/www.manaus.am.gov.br\/semcom\/#\/schema\/person\/image\/\",\"url\":\"https:\/\/secure.gravatar.com\/avatar\/9c877d1a6adc2a055330e5c09a8653ce?s=96&d=mm&r=g\",\"contentUrl\":\"https:\/\/secure.gravatar.com\/avatar\/9c877d1a6adc2a055330e5c09a8653ce?s=96&d=mm&r=g\",\"caption\":\"Bruna Greco\"}}]}<\/script>\n<!-- \/ Yoast SEO plugin. -->","yoast_head_json":{"title":"Demoli\u00e7\u00e3o volunt\u00e1ria de fechamento de rua no \u00c1guas Claras","description":"Prefeitura de Manaus, por meio do Implurb, faz notifica\u00e7\u00e3o para demoli\u00e7\u00e3o volunt\u00e1ria de fechamento de rua no \u00c1guas Claras.","robots":{"index":"index","follow":"follow","max-snippet":"max-snippet:-1","max-image-preview":"max-image-preview:large","max-video-preview":"max-video-preview:-1"},"canonical":"https:\/\/www.manaus.am.gov.br\/semcom\/notificacao-demolicao-rua-agua-claras\/","og_locale":"pt_BR","og_type":"article","og_title":"Demoli\u00e7\u00e3o volunt\u00e1ria de fechamento de rua no \u00c1guas Claras","og_description":"Prefeitura de Manaus, por meio do Implurb, faz notifica\u00e7\u00e3o para demoli\u00e7\u00e3o volunt\u00e1ria de fechamento de rua no \u00c1guas Claras.","og_url":"https:\/\/www.manaus.am.gov.br\/semcom\/notificacao-demolicao-rua-agua-claras\/","og_site_name":"SEMCOM","article_published_time":"2025-08-19T17:40:39+00:00","article_modified_time":"2025-08-19T17:41:31+00:00","og_image":[{"width":1599,"height":899,"url":"https:\/\/www.manaus.am.gov.br\/semcom\/wp-content\/uploads\/sites\/5\/2025\/08\/Irregularidade-2.jpeg","type":"image\/jpeg"}],"author":"Bruna Greco","twitter_card":"summary_large_image","twitter_misc":{"Written by":"Bruna Greco","Est. reading time":"4 minutos"},"schema":{"@context":"https:\/\/schema.org","@graph":[{"@type":"WebPage","@id":"https:\/\/www.manaus.am.gov.br\/semcom\/notificacao-demolicao-rua-agua-claras\/","url":"https:\/\/www.manaus.am.gov.br\/semcom\/notificacao-demolicao-rua-agua-claras\/","name":"Demoli\u00e7\u00e3o volunt\u00e1ria de fechamento de rua no \u00c1guas Claras","isPartOf":{"@id":"https:\/\/www.manaus.am.gov.br\/semcom\/#website"},"primaryImageOfPage":{"@id":"https:\/\/www.manaus.am.gov.br\/semcom\/notificacao-demolicao-rua-agua-claras\/#primaryimage"},"image":{"@id":"https:\/\/www.manaus.am.gov.br\/semcom\/notificacao-demolicao-rua-agua-claras\/#primaryimage"},"thumbnailUrl":"https:\/\/www.manaus.am.gov.br\/semcom\/wp-content\/uploads\/sites\/5\/2025\/08\/Irregularidade-2.jpeg","datePublished":"2025-08-19T17:40:39+00:00","dateModified":"2025-08-19T17:41:31+00:00","author":{"@id":"https:\/\/www.manaus.am.gov.br\/semcom\/#\/schema\/person\/05d223aea2bf115f9883a6ff3683d81b"},"description":"Prefeitura de Manaus, por meio do Implurb, faz notifica\u00e7\u00e3o para demoli\u00e7\u00e3o volunt\u00e1ria de fechamento de rua no \u00c1guas Claras.","inLanguage":"pt-BR","potentialAction":[{"@type":"ReadAction","target":["https:\/\/www.manaus.am.gov.br\/semcom\/notificacao-demolicao-rua-agua-claras\/"]}]},{"@type":"ImageObject","inLanguage":"pt-BR","@id":"https:\/\/www.manaus.am.gov.br\/semcom\/notificacao-demolicao-rua-agua-claras\/#primaryimage","url":"https:\/\/www.manaus.am.gov.br\/semcom\/wp-content\/uploads\/sites\/5\/2025\/08\/Irregularidade-2.jpeg","contentUrl":"https:\/\/www.manaus.am.gov.br\/semcom\/wp-content\/uploads\/sites\/5\/2025\/08\/Irregularidade-2.jpeg","width":1599,"height":899,"caption":"#paratodosverem - Equipe do Implurb e IMMU realizando notifica\u00e7\u00e3o para demoli\u00e7\u00e3o volunt\u00e1ria de um muro constru\u00eddo fechando uma rua no conjunto \u00c1guas Claras, no bairro Cidade Nova"},{"@type":"WebSite","@id":"https:\/\/www.manaus.am.gov.br\/semcom\/#website","url":"https:\/\/www.manaus.am.gov.br\/semcom\/","name":"SEMCOM","description":"Secretaria Municipal de Comunica\u00e7\u00e3o","potentialAction":[{"@type":"SearchAction","target":{"@type":"EntryPoint","urlTemplate":"https:\/\/www.manaus.am.gov.br\/semcom\/?s={search_term_string}"},"query-input":"required name=search_term_string"}],"inLanguage":"pt-BR"},{"@type":"Person","@id":"https:\/\/www.manaus.am.gov.br\/semcom\/#\/schema\/person\/05d223aea2bf115f9883a6ff3683d81b","name":"Bruna Greco","image":{"@type":"ImageObject","inLanguage":"pt-BR","@id":"https:\/\/www.manaus.am.gov.br\/semcom\/#\/schema\/person\/image\/","url":"https:\/\/secure.gravatar.com\/avatar\/9c877d1a6adc2a055330e5c09a8653ce?s=96&d=mm&r=g","contentUrl":"https:\/\/secure.gravatar.com\/avatar\/9c877d1a6adc2a055330e5c09a8653ce?s=96&d=mm&r=g","caption":"Bruna Greco"}}]}},"_links":{"self":[{"href":"https:\/\/www.manaus.am.gov.br\/semcom\/wp-json\/wp\/v2\/posts\/243967"}],"collection":[{"href":"https:\/\/www.manaus.am.gov.br\/semcom\/wp-json\/wp\/v2\/posts"}],"about":[{"href":"https:\/\/www.manaus.am.gov.br\/semcom\/wp-json\/wp\/v2\/types\/post"}],"author":[{"embeddable":true,"href":"https:\/\/www.manaus.am.gov.br\/semcom\/wp-json\/wp\/v2\/users\/39"}],"replies":[{"embeddable":true,"href":"https:\/\/www.manaus.am.gov.br\/semcom\/wp-json\/wp\/v2\/comments?post=243967"}],"version-history":[{"count":3,"href":"https:\/\/www.manaus.am.gov.br\/semcom\/wp-json\/wp\/v2\/posts\/243967\/revisions"}],"predecessor-version":[{"id":243972,"href":"https:\/\/www.manaus.am.gov.br\/semcom\/wp-json\/wp\/v2\/posts\/243967\/revisions\/243972"}],"wp:featuredmedia":[{"embeddable":true,"href":"https:\/\/www.manaus.am.gov.br\/semcom\/wp-json\/wp\/v2\/media\/243968"}],"wp:attachment":[{"href":"https:\/\/www.manaus.am.gov.br\/semcom\/wp-json\/wp\/v2\/media?parent=243967"}],"wp:term":[{"taxonomy":"category","embeddable":true,"href":"https:\/\/www.manaus.am.gov.br\/semcom\/wp-json\/wp\/v2\/categories?post=243967"},{"taxonomy":"post_tag","embeddable":true,"href":"https:\/\/www.manaus.am.gov.br\/semcom\/wp-json\/wp\/v2\/tags?post=243967"}],"curies":[{"name":"wp","href":"https:\/\/api.w.org\/{rel}","templated":true}]}}