{"id":243961,"date":"2025-08-19T12:53:19","date_gmt":"2025-08-19T16:53:19","guid":{"rendered":"https:\/\/www.manaus.am.gov.br\/semcom\/preparacao-centro-faixa-liberada-24-8\/"},"modified":"2025-08-19T15:03:51","modified_gmt":"2025-08-19T18:03:51","slug":"preparacao-centro-faixa-liberada-24-8","status":"publish","type":"post","link":"https:\/\/www.manaus.am.gov.br\/semcom\/preparacao-centro-faixa-liberada-24-8\/","title":{"rendered":"Prefeitura prepara o centro de Manaus para receber o projeto \u2018Faixa Liberada\u2019 neste domingo, 24\/8"},"content":{"rendered":"\n<p>A Prefeitura de Manaus, por meio da Secretaria Municipal de Limpeza Urbana (Semulsp), concentrou, nesta ter\u00e7a-feira, 19\/8, suas a\u00e7\u00f5es do mutir\u00e3o de servi\u00e7os na avenida Get\u00falio Vargas e rua dos Bar\u00e9s, no entorno do mercado municipal Adolpho Lisboa, na \u00e1rea central da cidade, com o objetivo de revitalizar os espa\u00e7os e oferecer mais conforto e seguran\u00e7a \u00e0 popula\u00e7\u00e3o.<\/p>\n\n\n\n<p>Essas melhorias integram a prepara\u00e7\u00e3o das vias para receber o projeto Faixa Liberada, que acontece no pr\u00f3ximo domingo, 24\/8, destinado a atividades esportivas, culturais e de lazer, com programa\u00e7\u00e3o voltada para toda a fam\u00edlia. De acordo com o secret\u00e1rio da Semulsp, Sab\u00e1 Reis, o empenho das equipes tem sido essencial para transformar a \u00e1rea central em um espa\u00e7o mais acolhedor.<\/p>\n\n\n\n<p>\u201cEstamos trabalhando com dedica\u00e7\u00e3o e compromisso para devolver \u00e0 popula\u00e7\u00e3o um Centro revitalizado, limpo e seguro. O objetivo \u00e9 que todos possam usufruir desse espa\u00e7o, seja para trabalhar, passear, praticar esporte ou simplesmente conviver com a cidade. O centro de Manaus precisa ser valorizado e respeitado, e estamos unidos para garantir isso\u201d, destacou o titular da pasta.<\/p>\n\n\n\n<p>Na avenida Get\u00falio Vargas, as equipes da Semulsp realizaram a poda das \u00e1rvores do canteiro central e das laterais da via. A medida garante maior visibilidade a motoristas e pedestres, al\u00e9m de proporcionar seguran\u00e7a vi\u00e1ria. Tamb\u00e9m est\u00e3o sendo executados servi\u00e7os de paisagismo no canteiro central, que ganha nova est\u00e9tica urbana, tornando a regi\u00e3o mais agrad\u00e1vel para quem circula diariamente. Al\u00e9m disso, est\u00e1 sendo feita a lavagem de ruas e avenidas do Centro, refor\u00e7ando a limpeza e o bem-estar de quem transita pela \u00e1rea.<\/p>\n\n\n\n<p>Outro ponto de interven\u00e7\u00e3o foi o mercado municipal Adolpho Lisboa, um dos principais cart\u00f5es-postais da capital. O espa\u00e7o recebeu pintura em toda a \u00e1rea externa, servi\u00e7o que se estende at\u00e9 a regi\u00e3o conhecida como \u201cboca da on\u00e7a\u201d, valorizando ainda mais o patrim\u00f4nio hist\u00f3rico e tur\u00edstico da cidade. Tamb\u00e9m foram intensificados os servi\u00e7os de lavagem do entorno, garantindo mais higiene e melhor experi\u00eancia aos feirantes, consumidores e visitantes.<\/p>\n\n\n\n<p>O mutir\u00e3o integra um esfor\u00e7o conjunto da Prefeitura de Manaus, envolvendo diretamente as secretarias municipais de Infraestrutura (Seminf), de Agricultura, Abastecimento, Centro e Com\u00e9rcio Informal (Semacc), de Limpeza Urbana (Semulsp), de Mobilidade Urbana (IMMU) e de Seguran\u00e7a P\u00fablica e Defesa Social (Semseg), al\u00e9m do Instituto Municipal de Planejamento Urbano (Implurb).<\/p>\n\n\n\n<p>A proposta \u00e9 que cada pasta atue, simultaneamente, em polos de interven\u00e7\u00e3o a partir de diagn\u00f3sticos t\u00e9cnicos e relat\u00f3rios fotogr\u00e1ficos realizados nas \u00faltimas semanas. As a\u00e7\u00f5es seguem ao longo da semana, com refor\u00e7o nos servi\u00e7os de limpeza, pintura, poda, paisagismo e manuten\u00e7\u00e3o de espa\u00e7os p\u00fablicos, consolidando o trabalho integrado da gest\u00e3o municipal em benef\u00edcio dos manauaras.<\/p>\n\n\n\n<figure class=\"wp-block-image size-large\"><img loading=\"lazy\" decoding=\"async\" width=\"1024\" height=\"768\" src=\"https:\/\/www.manaus.am.gov.br\/semcom\/wp-content\/uploads\/sites\/5\/2025\/08\/Ordenamento-6-1024x768.jpeg\" alt=\"\" class=\"wp-image-243964\" srcset=\"https:\/\/www.manaus.am.gov.br\/semcom\/wp-content\/uploads\/sites\/5\/2025\/08\/Ordenamento-6-1024x768.jpeg 1024w, https:\/\/www.manaus.am.gov.br\/semcom\/wp-content\/uploads\/sites\/5\/2025\/08\/Ordenamento-6-300x225.jpeg 300w, https:\/\/www.manaus.am.gov.br\/semcom\/wp-content\/uploads\/sites\/5\/2025\/08\/Ordenamento-6-768x576.jpeg 768w, https:\/\/www.manaus.am.gov.br\/semcom\/wp-content\/uploads\/sites\/5\/2025\/08\/Ordenamento-6.jpeg 1280w\" sizes=\"(max-width: 1024px) 100vw, 1024px\" \/><\/figure>\n\n\n\n<p>&#8212; &#8212; &#8212;<\/p>\n\n\n\n<p><strong>Texto e fotos \u2013 <\/strong>Divulga\u00e7\u00e3o\/Semulsp<\/p>\n","protected":false},"excerpt":{"rendered":"","protected":false},"author":39,"featured_media":243962,"comment_status":"closed","ping_status":"closed","sticky":false,"template":"","format":"standard","meta":{"footnotes":""},"categories":[2069],"tags":[16346,3146,77,16347,16348,301],"acf":[],"yoast_head":"<!-- This site is optimized with the Yoast SEO plugin v23.0 - https:\/\/yoast.com\/wordpress\/plugins\/seo\/ -->\n<title>Prefeitura prepara o Centro para receber \u2018Faixa Liberada&#039;<\/title>\n<meta name=\"description\" content=\"Prefeitura de Manaus prepara o centro da cidade para receber o projeto \u2018Faixa Liberada\u2019 neste domingo, 24\/8.\" \/>\n<meta name=\"robots\" content=\"index, follow, max-snippet:-1, max-image-preview:large, max-video-preview:-1\" \/>\n<link rel=\"canonical\" href=\"https:\/\/www.manaus.am.gov.br\/semcom\/preparacao-centro-faixa-liberada-24-8\/\" \/>\n<meta property=\"og:locale\" content=\"pt_BR\" \/>\n<meta property=\"og:type\" content=\"article\" \/>\n<meta property=\"og:title\" content=\"Prefeitura prepara o Centro para receber \u2018Faixa Liberada&#039;\" \/>\n<meta property=\"og:description\" content=\"Prefeitura de Manaus prepara o centro da cidade para receber o projeto \u2018Faixa Liberada\u2019 neste domingo, 24\/8.\" \/>\n<meta property=\"og:url\" content=\"https:\/\/www.manaus.am.gov.br\/semcom\/preparacao-centro-faixa-liberada-24-8\/\" \/>\n<meta property=\"og:site_name\" content=\"SEMCOM\" \/>\n<meta property=\"article:published_time\" content=\"2025-08-19T16:53:19+00:00\" \/>\n<meta property=\"article:modified_time\" content=\"2025-08-19T18:03:51+00:00\" \/>\n<meta property=\"og:image\" content=\"https:\/\/www.manaus.am.gov.br\/semcom\/wp-content\/uploads\/sites\/5\/2025\/08\/Ordenamento-7-1.jpeg\" \/>\n\t<meta property=\"og:image:width\" content=\"1280\" \/>\n\t<meta property=\"og:image:height\" content=\"960\" \/>\n\t<meta property=\"og:image:type\" content=\"image\/jpeg\" \/>\n<meta name=\"author\" content=\"Bruna Greco\" \/>\n<meta name=\"twitter:card\" content=\"summary_large_image\" \/>\n<meta name=\"twitter:label1\" content=\"Written by\" \/>\n\t<meta name=\"twitter:data1\" content=\"Bruna Greco\" \/>\n\t<meta name=\"twitter:label2\" content=\"Est. reading time\" \/>\n\t<meta name=\"twitter:data2\" content=\"3 minutos\" \/>\n<script type=\"application\/ld+json\" class=\"yoast-schema-graph\">{\"@context\":\"https:\/\/schema.org\",\"@graph\":[{\"@type\":\"WebPage\",\"@id\":\"https:\/\/www.manaus.am.gov.br\/semcom\/preparacao-centro-faixa-liberada-24-8\/\",\"url\":\"https:\/\/www.manaus.am.gov.br\/semcom\/preparacao-centro-faixa-liberada-24-8\/\",\"name\":\"Prefeitura prepara o Centro para receber \u2018Faixa Liberada'\",\"isPartOf\":{\"@id\":\"https:\/\/www.manaus.am.gov.br\/semcom\/#website\"},\"primaryImageOfPage\":{\"@id\":\"https:\/\/www.manaus.am.gov.br\/semcom\/preparacao-centro-faixa-liberada-24-8\/#primaryimage\"},\"image\":{\"@id\":\"https:\/\/www.manaus.am.gov.br\/semcom\/preparacao-centro-faixa-liberada-24-8\/#primaryimage\"},\"thumbnailUrl\":\"https:\/\/www.manaus.am.gov.br\/semcom\/wp-content\/uploads\/sites\/5\/2025\/08\/Ordenamento-7-1.jpeg\",\"datePublished\":\"2025-08-19T16:53:19+00:00\",\"dateModified\":\"2025-08-19T18:03:51+00:00\",\"author\":{\"@id\":\"https:\/\/www.manaus.am.gov.br\/semcom\/#\/schema\/person\/05d223aea2bf115f9883a6ff3683d81b\"},\"description\":\"Prefeitura de Manaus prepara o centro da cidade para receber o projeto \u2018Faixa Liberada\u2019 neste domingo, 24\/8.\",\"inLanguage\":\"pt-BR\",\"potentialAction\":[{\"@type\":\"ReadAction\",\"target\":[\"https:\/\/www.manaus.am.gov.br\/semcom\/preparacao-centro-faixa-liberada-24-8\/\"]}]},{\"@type\":\"ImageObject\",\"inLanguage\":\"pt-BR\",\"@id\":\"https:\/\/www.manaus.am.gov.br\/semcom\/preparacao-centro-faixa-liberada-24-8\/#primaryimage\",\"url\":\"https:\/\/www.manaus.am.gov.br\/semcom\/wp-content\/uploads\/sites\/5\/2025\/08\/Ordenamento-7-1.jpeg\",\"contentUrl\":\"https:\/\/www.manaus.am.gov.br\/semcom\/wp-content\/uploads\/sites\/5\/2025\/08\/Ordenamento-7-1.jpeg\",\"width\":1280,\"height\":960,\"caption\":\"#paratodosverem - Equipe da Semulsp executando a limpeza e manuten\u00e7\u00e3o dos canteiros centrais da avenida Get\u00falio Vargas, no Centro, para a realiza\u00e7\u00e3o do projeto \\\"Faixa Liberada\\\"\"},{\"@type\":\"WebSite\",\"@id\":\"https:\/\/www.manaus.am.gov.br\/semcom\/#website\",\"url\":\"https:\/\/www.manaus.am.gov.br\/semcom\/\",\"name\":\"SEMCOM\",\"description\":\"Secretaria Municipal de Comunica\u00e7\u00e3o\",\"potentialAction\":[{\"@type\":\"SearchAction\",\"target\":{\"@type\":\"EntryPoint\",\"urlTemplate\":\"https:\/\/www.manaus.am.gov.br\/semcom\/?s={search_term_string}\"},\"query-input\":\"required name=search_term_string\"}],\"inLanguage\":\"pt-BR\"},{\"@type\":\"Person\",\"@id\":\"https:\/\/www.manaus.am.gov.br\/semcom\/#\/schema\/person\/05d223aea2bf115f9883a6ff3683d81b\",\"name\":\"Bruna Greco\",\"image\":{\"@type\":\"ImageObject\",\"inLanguage\":\"pt-BR\",\"@id\":\"https:\/\/www.manaus.am.gov.br\/semcom\/#\/schema\/person\/image\/\",\"url\":\"https:\/\/secure.gravatar.com\/avatar\/9c877d1a6adc2a055330e5c09a8653ce?s=96&d=mm&r=g\",\"contentUrl\":\"https:\/\/secure.gravatar.com\/avatar\/9c877d1a6adc2a055330e5c09a8653ce?s=96&d=mm&r=g\",\"caption\":\"Bruna Greco\"}}]}<\/script>\n<!-- \/ Yoast SEO plugin. -->","yoast_head_json":{"title":"Prefeitura prepara o Centro para receber \u2018Faixa Liberada'","description":"Prefeitura de Manaus prepara o centro da cidade para receber o projeto \u2018Faixa Liberada\u2019 neste domingo, 24\/8.","robots":{"index":"index","follow":"follow","max-snippet":"max-snippet:-1","max-image-preview":"max-image-preview:large","max-video-preview":"max-video-preview:-1"},"canonical":"https:\/\/www.manaus.am.gov.br\/semcom\/preparacao-centro-faixa-liberada-24-8\/","og_locale":"pt_BR","og_type":"article","og_title":"Prefeitura prepara o Centro para receber \u2018Faixa Liberada'","og_description":"Prefeitura de Manaus prepara o centro da cidade para receber o projeto \u2018Faixa Liberada\u2019 neste domingo, 24\/8.","og_url":"https:\/\/www.manaus.am.gov.br\/semcom\/preparacao-centro-faixa-liberada-24-8\/","og_site_name":"SEMCOM","article_published_time":"2025-08-19T16:53:19+00:00","article_modified_time":"2025-08-19T18:03:51+00:00","og_image":[{"width":1280,"height":960,"url":"https:\/\/www.manaus.am.gov.br\/semcom\/wp-content\/uploads\/sites\/5\/2025\/08\/Ordenamento-7-1.jpeg","type":"image\/jpeg"}],"author":"Bruna Greco","twitter_card":"summary_large_image","twitter_misc":{"Written by":"Bruna Greco","Est. reading time":"3 minutos"},"schema":{"@context":"https:\/\/schema.org","@graph":[{"@type":"WebPage","@id":"https:\/\/www.manaus.am.gov.br\/semcom\/preparacao-centro-faixa-liberada-24-8\/","url":"https:\/\/www.manaus.am.gov.br\/semcom\/preparacao-centro-faixa-liberada-24-8\/","name":"Prefeitura prepara o Centro para receber \u2018Faixa Liberada'","isPartOf":{"@id":"https:\/\/www.manaus.am.gov.br\/semcom\/#website"},"primaryImageOfPage":{"@id":"https:\/\/www.manaus.am.gov.br\/semcom\/preparacao-centro-faixa-liberada-24-8\/#primaryimage"},"image":{"@id":"https:\/\/www.manaus.am.gov.br\/semcom\/preparacao-centro-faixa-liberada-24-8\/#primaryimage"},"thumbnailUrl":"https:\/\/www.manaus.am.gov.br\/semcom\/wp-content\/uploads\/sites\/5\/2025\/08\/Ordenamento-7-1.jpeg","datePublished":"2025-08-19T16:53:19+00:00","dateModified":"2025-08-19T18:03:51+00:00","author":{"@id":"https:\/\/www.manaus.am.gov.br\/semcom\/#\/schema\/person\/05d223aea2bf115f9883a6ff3683d81b"},"description":"Prefeitura de Manaus prepara o centro da cidade para receber o projeto \u2018Faixa Liberada\u2019 neste domingo, 24\/8.","inLanguage":"pt-BR","potentialAction":[{"@type":"ReadAction","target":["https:\/\/www.manaus.am.gov.br\/semcom\/preparacao-centro-faixa-liberada-24-8\/"]}]},{"@type":"ImageObject","inLanguage":"pt-BR","@id":"https:\/\/www.manaus.am.gov.br\/semcom\/preparacao-centro-faixa-liberada-24-8\/#primaryimage","url":"https:\/\/www.manaus.am.gov.br\/semcom\/wp-content\/uploads\/sites\/5\/2025\/08\/Ordenamento-7-1.jpeg","contentUrl":"https:\/\/www.manaus.am.gov.br\/semcom\/wp-content\/uploads\/sites\/5\/2025\/08\/Ordenamento-7-1.jpeg","width":1280,"height":960,"caption":"#paratodosverem - Equipe da Semulsp executando a limpeza e manuten\u00e7\u00e3o dos canteiros centrais da avenida Get\u00falio Vargas, no Centro, para a realiza\u00e7\u00e3o do projeto \"Faixa Liberada\""},{"@type":"WebSite","@id":"https:\/\/www.manaus.am.gov.br\/semcom\/#website","url":"https:\/\/www.manaus.am.gov.br\/semcom\/","name":"SEMCOM","description":"Secretaria Municipal de Comunica\u00e7\u00e3o","potentialAction":[{"@type":"SearchAction","target":{"@type":"EntryPoint","urlTemplate":"https:\/\/www.manaus.am.gov.br\/semcom\/?s={search_term_string}"},"query-input":"required name=search_term_string"}],"inLanguage":"pt-BR"},{"@type":"Person","@id":"https:\/\/www.manaus.am.gov.br\/semcom\/#\/schema\/person\/05d223aea2bf115f9883a6ff3683d81b","name":"Bruna Greco","image":{"@type":"ImageObject","inLanguage":"pt-BR","@id":"https:\/\/www.manaus.am.gov.br\/semcom\/#\/schema\/person\/image\/","url":"https:\/\/secure.gravatar.com\/avatar\/9c877d1a6adc2a055330e5c09a8653ce?s=96&d=mm&r=g","contentUrl":"https:\/\/secure.gravatar.com\/avatar\/9c877d1a6adc2a055330e5c09a8653ce?s=96&d=mm&r=g","caption":"Bruna Greco"}}]}},"_links":{"self":[{"href":"https:\/\/www.manaus.am.gov.br\/semcom\/wp-json\/wp\/v2\/posts\/243961"}],"collection":[{"href":"https:\/\/www.manaus.am.gov.br\/semcom\/wp-json\/wp\/v2\/posts"}],"about":[{"href":"https:\/\/www.manaus.am.gov.br\/semcom\/wp-json\/wp\/v2\/types\/post"}],"author":[{"embeddable":true,"href":"https:\/\/www.manaus.am.gov.br\/semcom\/wp-json\/wp\/v2\/users\/39"}],"replies":[{"embeddable":true,"href":"https:\/\/www.manaus.am.gov.br\/semcom\/wp-json\/wp\/v2\/comments?post=243961"}],"version-history":[{"count":3,"href":"https:\/\/www.manaus.am.gov.br\/semcom\/wp-json\/wp\/v2\/posts\/243961\/revisions"}],"predecessor-version":[{"id":243975,"href":"https:\/\/www.manaus.am.gov.br\/semcom\/wp-json\/wp\/v2\/posts\/243961\/revisions\/243975"}],"wp:featuredmedia":[{"embeddable":true,"href":"https:\/\/www.manaus.am.gov.br\/semcom\/wp-json\/wp\/v2\/media\/243962"}],"wp:attachment":[{"href":"https:\/\/www.manaus.am.gov.br\/semcom\/wp-json\/wp\/v2\/media?parent=243961"}],"wp:term":[{"taxonomy":"category","embeddable":true,"href":"https:\/\/www.manaus.am.gov.br\/semcom\/wp-json\/wp\/v2\/categories?post=243961"},{"taxonomy":"post_tag","embeddable":true,"href":"https:\/\/www.manaus.am.gov.br\/semcom\/wp-json\/wp\/v2\/tags?post=243961"}],"curies":[{"name":"wp","href":"https:\/\/api.w.org\/{rel}","templated":true}]}}