{"id":243898,"date":"2025-08-18T17:04:30","date_gmt":"2025-08-18T20:04:30","guid":{"rendered":"https:\/\/www.manaus.am.gov.br\/semcom\/?p=243898"},"modified":"2025-08-19T10:19:37","modified_gmt":"2025-08-19T13:19:37","slug":"cooperacao-ipaam-fiscalizacao","status":"publish","type":"post","link":"https:\/\/www.manaus.am.gov.br\/semcom\/cooperacao-ipaam-fiscalizacao\/","title":{"rendered":"Prefeitura de Manaus firma coopera\u00e7\u00e3o com Ipaam para aprimorar fiscaliza\u00e7\u00e3o ambiental e tribut\u00e1ria"},"content":{"rendered":"\n<p>A Prefeitura de Manaus, por meio da Secretaria Municipal de Finan\u00e7as, Planejamento e Tecnologia da Informa\u00e7\u00e3o (Semef), assinou, nesta segunda-feira, 18\/8, na sede da unidade administrativa, localizada na avenida Brasil, n\u00ba 2.971, Compensa, zona Oeste, um termo de coopera\u00e7\u00e3o t\u00e9cnica com o Instituto de Prote\u00e7\u00e3o Ambiental do Amazonas (Ipaam), visando fortalecer a integra\u00e7\u00e3o de informa\u00e7\u00f5es e otimizar os processos de fiscaliza\u00e7\u00e3o ambiental e tribut\u00e1ria no munic\u00edpio.<\/p>\n\n\n\n<p>O acordo prev\u00ea a troca de dados cadastrais, fiscais e ambientais entre os dois \u00f3rg\u00e3os, permitindo maior precis\u00e3o no acompanhamento de atividades econ\u00f4micas que impactam tanto a arrecada\u00e7\u00e3o tribut\u00e1ria quanto o meio ambiente. A iniciativa tamb\u00e9m busca aumentar a efici\u00eancia na tomada de decis\u00f5es, coibir irregularidades e garantir mais transpar\u00eancia nos processos de gest\u00e3o p\u00fablica.<\/p>\n\n\n\n<p>Segundo o titular da Semef, Cl\u00e9cio Freire, a coopera\u00e7\u00e3o representa um avan\u00e7o significativo na moderniza\u00e7\u00e3o da administra\u00e7\u00e3o p\u00fablica. \u201cEstamos unindo for\u00e7as com o Ipaam para assegurar que Manaus tenha um sistema mais inteligente de fiscaliza\u00e7\u00e3o, beneficiando n\u00e3o apenas a gest\u00e3o tribut\u00e1ria, mas tamb\u00e9m a prote\u00e7\u00e3o ambiental\u201d, destacou.<\/p>\n\n\n\n<p>O diretor-presidente do Ipaam, Gustavo Pican\u00e7o, tamb\u00e9m ressaltou a import\u00e2ncia da parceria. \u201cA integra\u00e7\u00e3o de dados nos d\u00e1 mais agilidade para identificar atividades irregulares e garantir a seguran\u00e7a aos empreendedores. Com esse acordo, disponibilizaremos ao munic\u00edpio informa\u00e7\u00f5es de licenciamento e fiscaliza\u00e7\u00e3o, ao mesmo tempo em que passamos a contar com os dados da Semef sobre as atividades econ\u00f4micas da cidade\u201d, afirmou o representante do \u00f3rg\u00e3o estadual.<\/p>\n\n\n\n<p>Entre os compromissos estabelecidos no termo est\u00e3o o compartilhamento de sistemas de informa\u00e7\u00e3o, a promo\u00e7\u00e3o de a\u00e7\u00f5es conjuntas de fiscaliza\u00e7\u00e3o e a realiza\u00e7\u00e3o de estudos t\u00e9cnicos para subsidiar pol\u00edticas p\u00fablicas. Al\u00e9m disso, a parceria contempla medidas de capacita\u00e7\u00e3o t\u00e9cnica das equipes envolvidas, assegurando maior qualidade e confiabilidade nos dados analisados.<\/p>\n\n\n\n<p>A expectativa \u00e9 que a coopera\u00e7\u00e3o fortale\u00e7a o combate \u00e0 sonega\u00e7\u00e3o fiscal, contribua para o aumento da arrecada\u00e7\u00e3o municipal e reforce as pol\u00edticas de preserva\u00e7\u00e3o ambiental, consolidando Manaus como refer\u00eancia em pr\u00e1ticas de gest\u00e3o integrada entre \u00f3rg\u00e3os p\u00fablicos.<\/p>\n\n\n\n<p>&#8212; &#8212; &#8212;<\/p>\n\n\n\n<p><strong>Texto &#8211;<\/strong> Anderson Farias \/ Semef<\/p>\n\n\n\n<p><strong>Fotos<\/strong> &#8211; Divulga\u00e7\u00e3o \/Semef<\/p>\n","protected":false},"excerpt":{"rendered":"","protected":false},"author":61,"featured_media":243903,"comment_status":"closed","ping_status":"closed","sticky":false,"template":"","format":"standard","meta":{"footnotes":""},"categories":[1156],"tags":[9158,13111,16336,732,157],"acf":[],"yoast_head":"<!-- This site is optimized with the Yoast SEO plugin v23.0 - https:\/\/yoast.com\/wordpress\/plugins\/seo\/ -->\n<title>Prefeitura de Manaus firma coopera\u00e7\u00e3o com Ipaam para aprimorar fiscaliza\u00e7\u00e3o ambiental e tribut\u00e1ria<\/title>\n<meta name=\"description\" content=\"A Prefeitura de Manaus assinou, nesta segunda-feira, 18\/8, termo de coopera\u00e7\u00e3o t\u00e9cnica com o Ipaam para fortalecer a integra\u00e7\u00e3o de informa\u00e7\u00f5es e otimizar os processos de fiscaliza\u00e7\u00e3o ambiental e tribut\u00e1ria no munic\u00edpio.\" \/>\n<meta name=\"robots\" content=\"index, follow, max-snippet:-1, max-image-preview:large, max-video-preview:-1\" \/>\n<link rel=\"canonical\" href=\"https:\/\/www.manaus.am.gov.br\/semcom\/cooperacao-ipaam-fiscalizacao\/\" \/>\n<meta property=\"og:locale\" content=\"pt_BR\" \/>\n<meta property=\"og:type\" content=\"article\" \/>\n<meta property=\"og:title\" content=\"Prefeitura de Manaus firma coopera\u00e7\u00e3o com Ipaam para aprimorar fiscaliza\u00e7\u00e3o ambiental e tribut\u00e1ria\" \/>\n<meta property=\"og:description\" content=\"A Prefeitura de Manaus assinou, nesta segunda-feira, 18\/8, termo de coopera\u00e7\u00e3o t\u00e9cnica com o Ipaam para fortalecer a integra\u00e7\u00e3o de informa\u00e7\u00f5es e otimizar os processos de fiscaliza\u00e7\u00e3o ambiental e tribut\u00e1ria no munic\u00edpio.\" \/>\n<meta property=\"og:url\" content=\"https:\/\/www.manaus.am.gov.br\/semcom\/cooperacao-ipaam-fiscalizacao\/\" \/>\n<meta property=\"og:site_name\" content=\"SEMCOM\" \/>\n<meta property=\"article:published_time\" content=\"2025-08-18T20:04:30+00:00\" \/>\n<meta property=\"article:modified_time\" content=\"2025-08-19T13:19:37+00:00\" \/>\n<meta property=\"og:image\" content=\"https:\/\/www.manaus.am.gov.br\/semcom\/wp-content\/uploads\/sites\/5\/2025\/08\/IMG_9366-1024x683.jpg\" \/>\n\t<meta property=\"og:image:width\" content=\"1024\" \/>\n\t<meta property=\"og:image:height\" content=\"683\" \/>\n\t<meta property=\"og:image:type\" content=\"image\/jpeg\" \/>\n<meta name=\"author\" content=\"smonteiro\" \/>\n<meta name=\"twitter:card\" content=\"summary_large_image\" \/>\n<meta name=\"twitter:label1\" content=\"Written by\" \/>\n\t<meta name=\"twitter:data1\" content=\"smonteiro\" \/>\n\t<meta name=\"twitter:label2\" content=\"Est. reading time\" \/>\n\t<meta name=\"twitter:data2\" content=\"3 minutos\" \/>\n<script type=\"application\/ld+json\" class=\"yoast-schema-graph\">{\"@context\":\"https:\/\/schema.org\",\"@graph\":[{\"@type\":\"WebPage\",\"@id\":\"https:\/\/www.manaus.am.gov.br\/semcom\/cooperacao-ipaam-fiscalizacao\/\",\"url\":\"https:\/\/www.manaus.am.gov.br\/semcom\/cooperacao-ipaam-fiscalizacao\/\",\"name\":\"Prefeitura de Manaus firma coopera\u00e7\u00e3o com Ipaam para aprimorar fiscaliza\u00e7\u00e3o ambiental e tribut\u00e1ria\",\"isPartOf\":{\"@id\":\"https:\/\/www.manaus.am.gov.br\/semcom\/#website\"},\"primaryImageOfPage\":{\"@id\":\"https:\/\/www.manaus.am.gov.br\/semcom\/cooperacao-ipaam-fiscalizacao\/#primaryimage\"},\"image\":{\"@id\":\"https:\/\/www.manaus.am.gov.br\/semcom\/cooperacao-ipaam-fiscalizacao\/#primaryimage\"},\"thumbnailUrl\":\"https:\/\/www.manaus.am.gov.br\/semcom\/wp-content\/uploads\/sites\/5\/2025\/08\/IMG_9366.jpg\",\"datePublished\":\"2025-08-18T20:04:30+00:00\",\"dateModified\":\"2025-08-19T13:19:37+00:00\",\"author\":{\"@id\":\"https:\/\/www.manaus.am.gov.br\/semcom\/#\/schema\/person\/ab4dcf766a54dff74e8d267f5c591961\"},\"description\":\"A Prefeitura de Manaus assinou, nesta segunda-feira, 18\/8, termo de coopera\u00e7\u00e3o t\u00e9cnica com o Ipaam para fortalecer a integra\u00e7\u00e3o de informa\u00e7\u00f5es e otimizar os processos de fiscaliza\u00e7\u00e3o ambiental e tribut\u00e1ria no munic\u00edpio.\",\"inLanguage\":\"pt-BR\",\"potentialAction\":[{\"@type\":\"ReadAction\",\"target\":[\"https:\/\/www.manaus.am.gov.br\/semcom\/cooperacao-ipaam-fiscalizacao\/\"]}]},{\"@type\":\"ImageObject\",\"inLanguage\":\"pt-BR\",\"@id\":\"https:\/\/www.manaus.am.gov.br\/semcom\/cooperacao-ipaam-fiscalizacao\/#primaryimage\",\"url\":\"https:\/\/www.manaus.am.gov.br\/semcom\/wp-content\/uploads\/sites\/5\/2025\/08\/IMG_9366.jpg\",\"contentUrl\":\"https:\/\/www.manaus.am.gov.br\/semcom\/wp-content\/uploads\/sites\/5\/2025\/08\/IMG_9366.jpg\",\"width\":6000,\"height\":4000},{\"@type\":\"WebSite\",\"@id\":\"https:\/\/www.manaus.am.gov.br\/semcom\/#website\",\"url\":\"https:\/\/www.manaus.am.gov.br\/semcom\/\",\"name\":\"SEMCOM\",\"description\":\"Secretaria Municipal de Comunica\u00e7\u00e3o\",\"potentialAction\":[{\"@type\":\"SearchAction\",\"target\":{\"@type\":\"EntryPoint\",\"urlTemplate\":\"https:\/\/www.manaus.am.gov.br\/semcom\/?s={search_term_string}\"},\"query-input\":\"required name=search_term_string\"}],\"inLanguage\":\"pt-BR\"},{\"@type\":\"Person\",\"@id\":\"https:\/\/www.manaus.am.gov.br\/semcom\/#\/schema\/person\/ab4dcf766a54dff74e8d267f5c591961\",\"name\":\"smonteiro\",\"image\":{\"@type\":\"ImageObject\",\"inLanguage\":\"pt-BR\",\"@id\":\"https:\/\/www.manaus.am.gov.br\/semcom\/#\/schema\/person\/image\/\",\"url\":\"https:\/\/secure.gravatar.com\/avatar\/21c8776ef61d9272c73322052e042d77?s=96&d=mm&r=g\",\"contentUrl\":\"https:\/\/secure.gravatar.com\/avatar\/21c8776ef61d9272c73322052e042d77?s=96&d=mm&r=g\",\"caption\":\"smonteiro\"}}]}<\/script>\n<!-- \/ Yoast SEO plugin. -->","yoast_head_json":{"title":"Prefeitura de Manaus firma coopera\u00e7\u00e3o com Ipaam para aprimorar fiscaliza\u00e7\u00e3o ambiental e tribut\u00e1ria","description":"A Prefeitura de Manaus assinou, nesta segunda-feira, 18\/8, termo de coopera\u00e7\u00e3o t\u00e9cnica com o Ipaam para fortalecer a integra\u00e7\u00e3o de informa\u00e7\u00f5es e otimizar os processos de fiscaliza\u00e7\u00e3o ambiental e tribut\u00e1ria no munic\u00edpio.","robots":{"index":"index","follow":"follow","max-snippet":"max-snippet:-1","max-image-preview":"max-image-preview:large","max-video-preview":"max-video-preview:-1"},"canonical":"https:\/\/www.manaus.am.gov.br\/semcom\/cooperacao-ipaam-fiscalizacao\/","og_locale":"pt_BR","og_type":"article","og_title":"Prefeitura de Manaus firma coopera\u00e7\u00e3o com Ipaam para aprimorar fiscaliza\u00e7\u00e3o ambiental e tribut\u00e1ria","og_description":"A Prefeitura de Manaus assinou, nesta segunda-feira, 18\/8, termo de coopera\u00e7\u00e3o t\u00e9cnica com o Ipaam para fortalecer a integra\u00e7\u00e3o de informa\u00e7\u00f5es e otimizar os processos de fiscaliza\u00e7\u00e3o ambiental e tribut\u00e1ria no munic\u00edpio.","og_url":"https:\/\/www.manaus.am.gov.br\/semcom\/cooperacao-ipaam-fiscalizacao\/","og_site_name":"SEMCOM","article_published_time":"2025-08-18T20:04:30+00:00","article_modified_time":"2025-08-19T13:19:37+00:00","og_image":[{"width":1024,"height":683,"url":"https:\/\/www.manaus.am.gov.br\/semcom\/wp-content\/uploads\/sites\/5\/2025\/08\/IMG_9366-1024x683.jpg","type":"image\/jpeg"}],"author":"smonteiro","twitter_card":"summary_large_image","twitter_misc":{"Written by":"smonteiro","Est. reading time":"3 minutos"},"schema":{"@context":"https:\/\/schema.org","@graph":[{"@type":"WebPage","@id":"https:\/\/www.manaus.am.gov.br\/semcom\/cooperacao-ipaam-fiscalizacao\/","url":"https:\/\/www.manaus.am.gov.br\/semcom\/cooperacao-ipaam-fiscalizacao\/","name":"Prefeitura de Manaus firma coopera\u00e7\u00e3o com Ipaam para aprimorar fiscaliza\u00e7\u00e3o ambiental e tribut\u00e1ria","isPartOf":{"@id":"https:\/\/www.manaus.am.gov.br\/semcom\/#website"},"primaryImageOfPage":{"@id":"https:\/\/www.manaus.am.gov.br\/semcom\/cooperacao-ipaam-fiscalizacao\/#primaryimage"},"image":{"@id":"https:\/\/www.manaus.am.gov.br\/semcom\/cooperacao-ipaam-fiscalizacao\/#primaryimage"},"thumbnailUrl":"https:\/\/www.manaus.am.gov.br\/semcom\/wp-content\/uploads\/sites\/5\/2025\/08\/IMG_9366.jpg","datePublished":"2025-08-18T20:04:30+00:00","dateModified":"2025-08-19T13:19:37+00:00","author":{"@id":"https:\/\/www.manaus.am.gov.br\/semcom\/#\/schema\/person\/ab4dcf766a54dff74e8d267f5c591961"},"description":"A Prefeitura de Manaus assinou, nesta segunda-feira, 18\/8, termo de coopera\u00e7\u00e3o t\u00e9cnica com o Ipaam para fortalecer a integra\u00e7\u00e3o de informa\u00e7\u00f5es e otimizar os processos de fiscaliza\u00e7\u00e3o ambiental e tribut\u00e1ria no munic\u00edpio.","inLanguage":"pt-BR","potentialAction":[{"@type":"ReadAction","target":["https:\/\/www.manaus.am.gov.br\/semcom\/cooperacao-ipaam-fiscalizacao\/"]}]},{"@type":"ImageObject","inLanguage":"pt-BR","@id":"https:\/\/www.manaus.am.gov.br\/semcom\/cooperacao-ipaam-fiscalizacao\/#primaryimage","url":"https:\/\/www.manaus.am.gov.br\/semcom\/wp-content\/uploads\/sites\/5\/2025\/08\/IMG_9366.jpg","contentUrl":"https:\/\/www.manaus.am.gov.br\/semcom\/wp-content\/uploads\/sites\/5\/2025\/08\/IMG_9366.jpg","width":6000,"height":4000},{"@type":"WebSite","@id":"https:\/\/www.manaus.am.gov.br\/semcom\/#website","url":"https:\/\/www.manaus.am.gov.br\/semcom\/","name":"SEMCOM","description":"Secretaria Municipal de Comunica\u00e7\u00e3o","potentialAction":[{"@type":"SearchAction","target":{"@type":"EntryPoint","urlTemplate":"https:\/\/www.manaus.am.gov.br\/semcom\/?s={search_term_string}"},"query-input":"required name=search_term_string"}],"inLanguage":"pt-BR"},{"@type":"Person","@id":"https:\/\/www.manaus.am.gov.br\/semcom\/#\/schema\/person\/ab4dcf766a54dff74e8d267f5c591961","name":"smonteiro","image":{"@type":"ImageObject","inLanguage":"pt-BR","@id":"https:\/\/www.manaus.am.gov.br\/semcom\/#\/schema\/person\/image\/","url":"https:\/\/secure.gravatar.com\/avatar\/21c8776ef61d9272c73322052e042d77?s=96&d=mm&r=g","contentUrl":"https:\/\/secure.gravatar.com\/avatar\/21c8776ef61d9272c73322052e042d77?s=96&d=mm&r=g","caption":"smonteiro"}}]}},"_links":{"self":[{"href":"https:\/\/www.manaus.am.gov.br\/semcom\/wp-json\/wp\/v2\/posts\/243898"}],"collection":[{"href":"https:\/\/www.manaus.am.gov.br\/semcom\/wp-json\/wp\/v2\/posts"}],"about":[{"href":"https:\/\/www.manaus.am.gov.br\/semcom\/wp-json\/wp\/v2\/types\/post"}],"author":[{"embeddable":true,"href":"https:\/\/www.manaus.am.gov.br\/semcom\/wp-json\/wp\/v2\/users\/61"}],"replies":[{"embeddable":true,"href":"https:\/\/www.manaus.am.gov.br\/semcom\/wp-json\/wp\/v2\/comments?post=243898"}],"version-history":[{"count":1,"href":"https:\/\/www.manaus.am.gov.br\/semcom\/wp-json\/wp\/v2\/posts\/243898\/revisions"}],"predecessor-version":[{"id":243904,"href":"https:\/\/www.manaus.am.gov.br\/semcom\/wp-json\/wp\/v2\/posts\/243898\/revisions\/243904"}],"wp:featuredmedia":[{"embeddable":true,"href":"https:\/\/www.manaus.am.gov.br\/semcom\/wp-json\/wp\/v2\/media\/243903"}],"wp:attachment":[{"href":"https:\/\/www.manaus.am.gov.br\/semcom\/wp-json\/wp\/v2\/media?parent=243898"}],"wp:term":[{"taxonomy":"category","embeddable":true,"href":"https:\/\/www.manaus.am.gov.br\/semcom\/wp-json\/wp\/v2\/categories?post=243898"},{"taxonomy":"post_tag","embeddable":true,"href":"https:\/\/www.manaus.am.gov.br\/semcom\/wp-json\/wp\/v2\/tags?post=243898"}],"curies":[{"name":"wp","href":"https:\/\/api.w.org\/{rel}","templated":true}]}}