{"id":243878,"date":"2025-08-18T15:12:22","date_gmt":"2025-08-18T18:12:22","guid":{"rendered":"https:\/\/www.manaus.am.gov.br\/semcom\/ageman-fiscalizacao-iluminacaopublica\/"},"modified":"2025-08-18T15:12:23","modified_gmt":"2025-08-18T18:12:23","slug":"ageman-fiscalizacao-iluminacaopublica","status":"publish","type":"post","link":"https:\/\/www.manaus.am.gov.br\/semcom\/ageman-fiscalizacao-iluminacaopublica\/","title":{"rendered":"Ageman registra mais de 2,3 mil vistorias de ilumina\u00e7\u00e3o p\u00fablica em Manaus"},"content":{"rendered":"\n<p>A Ag\u00eancia Reguladora dos Servi\u00e7os P\u00fablicos Delegados do Munic\u00edpio de Manaus (Ageman) manteve um ritmo elevado de fiscaliza\u00e7\u00f5es nos servi\u00e7os de ilumina\u00e7\u00e3o p\u00fablica da capital. Entre janeiro e julho de 2025, foram realizadas 2.324 fiscaliza\u00e7\u00f5es, n\u00famero pr\u00f3ximo ao registrado no mesmo per\u00edodo de 2024, quando a marca foi de 2.407 vistorias.<\/p>\n\n\n\n<p>No acumulado do ano passado, a Diretoria de Gest\u00e3o Energ\u00e9tica e Ilumina\u00e7\u00e3o P\u00fablica (Digen) atingiu o total de 3.941 fiscaliza\u00e7\u00f5es, refor\u00e7ando o compromisso da ag\u00eancia em garantir a qualidade e a efici\u00eancia do servi\u00e7o prestado \u00e0 popula\u00e7\u00e3o.<\/p>\n\n\n\n<p>As inspe\u00e7\u00f5es das equipes abrangem todo o parque de ilumina\u00e7\u00e3o p\u00fablica de Manaus e incluem verifica\u00e7\u00f5es de funcionamento de lumin\u00e1rias, an\u00e1lise de demandas recebidas via canais de atendimento da Ageman, verifica\u00e7\u00e3o de implanta\u00e7\u00e3o dos projetos de expans\u00e3o e inspe\u00e7\u00f5es de campo para acompanhamento das manuten\u00e7\u00f5es executadas pela concession\u00e1ria Manaus Luz, empresa respons\u00e1vel pelo servi\u00e7o.<\/p>\n\n\n\n<p>De acordo com o diretor-presidente da Ageman, Elson Andrade Ferreira, o desempenho consistente das fiscaliza\u00e7\u00f5es demonstra o trabalho cont\u00ednuo de monitoramento e a atua\u00e7\u00e3o preventiva da ag\u00eancia.<\/p>\n\n\n\n<p>\u201cNosso objetivo \u00e9 assegurar que o servi\u00e7o de ilumina\u00e7\u00e3o p\u00fablica funcione de forma eficiente, segura e em conformidade com o contrato de concess\u00e3o. A presen\u00e7a constante da equipe em campo \u00e9 fundamental para identificar e corrigir problemas rapidamente, proporcionando mais seguran\u00e7a e qualidade de vida para o cidad\u00e3o\u201d, afirmou.<\/p>\n\n\n\n<p>Atualmente, o parque de ilumina\u00e7\u00e3o p\u00fablica da capital encontra-se 100% em LED com mais de 165 mil lumin\u00e1rias implantadas na cidade. O servi\u00e7o tem proporcionado mais seguran\u00e7a e melhor luminosidade nas ruas, avenidas, becos, campos e quadras de esporte e lazer e pra\u00e7as.&nbsp;<\/p>\n\n\n\n<p>O diretor de Gest\u00e3o Energ\u00e9tica e Ilumina\u00e7\u00e3o P\u00fablica da Ageman, Everaldo Leal, ressaltou que o \u00f3rg\u00e3o regulador mant\u00e9m uma rotina constante de fiscaliza\u00e7\u00e3o com a\u00e7\u00f5es diurnas e noturnas para garantir a qualidade e a efici\u00eancia do servi\u00e7o.<\/p>\n\n\n\n<p>\u201cEstamos todos os dias nas ruas acompanhando de perto a execu\u00e7\u00e3o dos servi\u00e7os e verificando o funcionamento das lumin\u00e1rias. Assim, ampliamos a efici\u00eancia operacional e garantimos que a popula\u00e7\u00e3o manauara receba ilumina\u00e7\u00e3o p\u00fablica de qualidade em todas as zonas da cidade\u201d, afirmou.<\/p>\n\n\n\n<p>A Ageman orienta que os usu\u00e1rios tamb\u00e9m podem contribuir com a melhoria dos servi\u00e7os de ilumina\u00e7\u00e3o p\u00fablica, registrando as demandas para os consertos assim que identificarem os pontos apagados, por meio dos canais de atendimento da Manaus Luz 0800-201 0001, pelo aplicativo Manaus+Luz ou ainda pelo site&nbsp;<a href=\"http:\/\/www.manausluz.com.br\/\" target=\"_blank\" rel=\"noreferrer noopener\">www.manausluz.com.br<\/a>. A Ouvidoria da Ageman tamb\u00e9m atende as reclama\u00e7\u00f5es pelo 0800-092-3511 e pelo WhatsApp 98842-2919 e 98410-3247<\/p>\n\n\n\n<p>&#8212; &#8212; &#8212;<\/p>\n\n\n\n<p><strong>Texto e fotos &#8211; \u00a0<\/strong>Tereza Te\u00f3filo<strong>\/<\/strong>Ageman<strong>\u00a0<\/strong><\/p>\n","protected":false},"excerpt":{"rendered":"","protected":false},"author":23,"featured_media":243879,"comment_status":"closed","ping_status":"closed","sticky":false,"template":"","format":"standard","meta":{"footnotes":""},"categories":[2807],"tags":[215,88,219,16219,1350],"acf":[],"yoast_head":"<!-- This site is optimized with the Yoast SEO plugin v23.0 - https:\/\/yoast.com\/wordpress\/plugins\/seo\/ -->\n<title>Ageman registra mais de 2,3 mil vistorias de ilumina\u00e7\u00e3o p\u00fablica em Manaus<\/title>\n<meta name=\"description\" content=\"A Ag\u00eancia Reguladora dos Servi\u00e7os P\u00fablicos Delegados do Munic\u00edpio de Manaus (Ageman) manteve um ritmo elevado de fiscaliza\u00e7\u00f5es nos servi\u00e7os de ilumina\u00e7\u00e3o p\u00fablica da capital.\" \/>\n<meta name=\"robots\" content=\"index, follow, max-snippet:-1, max-image-preview:large, max-video-preview:-1\" \/>\n<link rel=\"canonical\" href=\"https:\/\/www.manaus.am.gov.br\/semcom\/ageman-fiscalizacao-iluminacaopublica\/\" \/>\n<meta property=\"og:locale\" content=\"pt_BR\" \/>\n<meta property=\"og:type\" content=\"article\" \/>\n<meta property=\"og:title\" content=\"Ageman registra mais de 2,3 mil vistorias de ilumina\u00e7\u00e3o p\u00fablica em Manaus\" \/>\n<meta property=\"og:description\" content=\"A Ag\u00eancia Reguladora dos Servi\u00e7os P\u00fablicos Delegados do Munic\u00edpio de Manaus (Ageman) manteve um ritmo elevado de fiscaliza\u00e7\u00f5es nos servi\u00e7os de ilumina\u00e7\u00e3o p\u00fablica da capital.\" \/>\n<meta property=\"og:url\" content=\"https:\/\/www.manaus.am.gov.br\/semcom\/ageman-fiscalizacao-iluminacaopublica\/\" \/>\n<meta property=\"og:site_name\" content=\"SEMCOM\" \/>\n<meta property=\"article:published_time\" content=\"2025-08-18T18:12:22+00:00\" \/>\n<meta property=\"article:modified_time\" content=\"2025-08-18T18:12:23+00:00\" \/>\n<meta property=\"og:image\" content=\"https:\/\/www.manaus.am.gov.br\/semcom\/wp-content\/uploads\/sites\/5\/2025\/08\/WhatsApp-Image-2025-08-18-at-13.56.05.jpeg\" \/>\n\t<meta property=\"og:image:width\" content=\"1600\" \/>\n\t<meta property=\"og:image:height\" content=\"1200\" \/>\n\t<meta property=\"og:image:type\" content=\"image\/jpeg\" \/>\n<meta name=\"author\" content=\"Adriana Costa\" \/>\n<meta name=\"twitter:card\" content=\"summary_large_image\" \/>\n<meta name=\"twitter:label1\" content=\"Written by\" \/>\n\t<meta name=\"twitter:data1\" content=\"Adriana Costa\" \/>\n\t<meta name=\"twitter:label2\" content=\"Est. reading time\" \/>\n\t<meta name=\"twitter:data2\" content=\"3 minutos\" \/>\n<script type=\"application\/ld+json\" class=\"yoast-schema-graph\">{\"@context\":\"https:\/\/schema.org\",\"@graph\":[{\"@type\":\"WebPage\",\"@id\":\"https:\/\/www.manaus.am.gov.br\/semcom\/ageman-fiscalizacao-iluminacaopublica\/\",\"url\":\"https:\/\/www.manaus.am.gov.br\/semcom\/ageman-fiscalizacao-iluminacaopublica\/\",\"name\":\"Ageman registra mais de 2,3 mil vistorias de ilumina\u00e7\u00e3o p\u00fablica em Manaus\",\"isPartOf\":{\"@id\":\"https:\/\/www.manaus.am.gov.br\/semcom\/#website\"},\"primaryImageOfPage\":{\"@id\":\"https:\/\/www.manaus.am.gov.br\/semcom\/ageman-fiscalizacao-iluminacaopublica\/#primaryimage\"},\"image\":{\"@id\":\"https:\/\/www.manaus.am.gov.br\/semcom\/ageman-fiscalizacao-iluminacaopublica\/#primaryimage\"},\"thumbnailUrl\":\"https:\/\/www.manaus.am.gov.br\/semcom\/wp-content\/uploads\/sites\/5\/2025\/08\/WhatsApp-Image-2025-08-18-at-13.56.05.jpeg\",\"datePublished\":\"2025-08-18T18:12:22+00:00\",\"dateModified\":\"2025-08-18T18:12:23+00:00\",\"author\":{\"@id\":\"https:\/\/www.manaus.am.gov.br\/semcom\/#\/schema\/person\/4e49f4e267757a06ca072ec61b2b9968\"},\"description\":\"A Ag\u00eancia Reguladora dos Servi\u00e7os P\u00fablicos Delegados do Munic\u00edpio de Manaus (Ageman) manteve um ritmo elevado de fiscaliza\u00e7\u00f5es nos servi\u00e7os de ilumina\u00e7\u00e3o p\u00fablica da capital.\",\"inLanguage\":\"pt-BR\",\"potentialAction\":[{\"@type\":\"ReadAction\",\"target\":[\"https:\/\/www.manaus.am.gov.br\/semcom\/ageman-fiscalizacao-iluminacaopublica\/\"]}]},{\"@type\":\"ImageObject\",\"inLanguage\":\"pt-BR\",\"@id\":\"https:\/\/www.manaus.am.gov.br\/semcom\/ageman-fiscalizacao-iluminacaopublica\/#primaryimage\",\"url\":\"https:\/\/www.manaus.am.gov.br\/semcom\/wp-content\/uploads\/sites\/5\/2025\/08\/WhatsApp-Image-2025-08-18-at-13.56.05.jpeg\",\"contentUrl\":\"https:\/\/www.manaus.am.gov.br\/semcom\/wp-content\/uploads\/sites\/5\/2025\/08\/WhatsApp-Image-2025-08-18-at-13.56.05.jpeg\",\"width\":1600,\"height\":1200},{\"@type\":\"WebSite\",\"@id\":\"https:\/\/www.manaus.am.gov.br\/semcom\/#website\",\"url\":\"https:\/\/www.manaus.am.gov.br\/semcom\/\",\"name\":\"SEMCOM\",\"description\":\"Secretaria Municipal de Comunica\u00e7\u00e3o\",\"potentialAction\":[{\"@type\":\"SearchAction\",\"target\":{\"@type\":\"EntryPoint\",\"urlTemplate\":\"https:\/\/www.manaus.am.gov.br\/semcom\/?s={search_term_string}\"},\"query-input\":\"required name=search_term_string\"}],\"inLanguage\":\"pt-BR\"},{\"@type\":\"Person\",\"@id\":\"https:\/\/www.manaus.am.gov.br\/semcom\/#\/schema\/person\/4e49f4e267757a06ca072ec61b2b9968\",\"name\":\"Adriana Costa\",\"image\":{\"@type\":\"ImageObject\",\"inLanguage\":\"pt-BR\",\"@id\":\"https:\/\/www.manaus.am.gov.br\/semcom\/#\/schema\/person\/image\/\",\"url\":\"https:\/\/secure.gravatar.com\/avatar\/576258617ef7194f718179e766d57bd4?s=96&d=mm&r=g\",\"contentUrl\":\"https:\/\/secure.gravatar.com\/avatar\/576258617ef7194f718179e766d57bd4?s=96&d=mm&r=g\",\"caption\":\"Adriana Costa\"}}]}<\/script>\n<!-- \/ Yoast SEO plugin. -->","yoast_head_json":{"title":"Ageman registra mais de 2,3 mil vistorias de ilumina\u00e7\u00e3o p\u00fablica em Manaus","description":"A Ag\u00eancia Reguladora dos Servi\u00e7os P\u00fablicos Delegados do Munic\u00edpio de Manaus (Ageman) manteve um ritmo elevado de fiscaliza\u00e7\u00f5es nos servi\u00e7os de ilumina\u00e7\u00e3o p\u00fablica da capital.","robots":{"index":"index","follow":"follow","max-snippet":"max-snippet:-1","max-image-preview":"max-image-preview:large","max-video-preview":"max-video-preview:-1"},"canonical":"https:\/\/www.manaus.am.gov.br\/semcom\/ageman-fiscalizacao-iluminacaopublica\/","og_locale":"pt_BR","og_type":"article","og_title":"Ageman registra mais de 2,3 mil vistorias de ilumina\u00e7\u00e3o p\u00fablica em Manaus","og_description":"A Ag\u00eancia Reguladora dos Servi\u00e7os P\u00fablicos Delegados do Munic\u00edpio de Manaus (Ageman) manteve um ritmo elevado de fiscaliza\u00e7\u00f5es nos servi\u00e7os de ilumina\u00e7\u00e3o p\u00fablica da capital.","og_url":"https:\/\/www.manaus.am.gov.br\/semcom\/ageman-fiscalizacao-iluminacaopublica\/","og_site_name":"SEMCOM","article_published_time":"2025-08-18T18:12:22+00:00","article_modified_time":"2025-08-18T18:12:23+00:00","og_image":[{"width":1600,"height":1200,"url":"https:\/\/www.manaus.am.gov.br\/semcom\/wp-content\/uploads\/sites\/5\/2025\/08\/WhatsApp-Image-2025-08-18-at-13.56.05.jpeg","type":"image\/jpeg"}],"author":"Adriana Costa","twitter_card":"summary_large_image","twitter_misc":{"Written by":"Adriana Costa","Est. reading time":"3 minutos"},"schema":{"@context":"https:\/\/schema.org","@graph":[{"@type":"WebPage","@id":"https:\/\/www.manaus.am.gov.br\/semcom\/ageman-fiscalizacao-iluminacaopublica\/","url":"https:\/\/www.manaus.am.gov.br\/semcom\/ageman-fiscalizacao-iluminacaopublica\/","name":"Ageman registra mais de 2,3 mil vistorias de ilumina\u00e7\u00e3o p\u00fablica em Manaus","isPartOf":{"@id":"https:\/\/www.manaus.am.gov.br\/semcom\/#website"},"primaryImageOfPage":{"@id":"https:\/\/www.manaus.am.gov.br\/semcom\/ageman-fiscalizacao-iluminacaopublica\/#primaryimage"},"image":{"@id":"https:\/\/www.manaus.am.gov.br\/semcom\/ageman-fiscalizacao-iluminacaopublica\/#primaryimage"},"thumbnailUrl":"https:\/\/www.manaus.am.gov.br\/semcom\/wp-content\/uploads\/sites\/5\/2025\/08\/WhatsApp-Image-2025-08-18-at-13.56.05.jpeg","datePublished":"2025-08-18T18:12:22+00:00","dateModified":"2025-08-18T18:12:23+00:00","author":{"@id":"https:\/\/www.manaus.am.gov.br\/semcom\/#\/schema\/person\/4e49f4e267757a06ca072ec61b2b9968"},"description":"A Ag\u00eancia Reguladora dos Servi\u00e7os P\u00fablicos Delegados do Munic\u00edpio de Manaus (Ageman) manteve um ritmo elevado de fiscaliza\u00e7\u00f5es nos servi\u00e7os de ilumina\u00e7\u00e3o p\u00fablica da capital.","inLanguage":"pt-BR","potentialAction":[{"@type":"ReadAction","target":["https:\/\/www.manaus.am.gov.br\/semcom\/ageman-fiscalizacao-iluminacaopublica\/"]}]},{"@type":"ImageObject","inLanguage":"pt-BR","@id":"https:\/\/www.manaus.am.gov.br\/semcom\/ageman-fiscalizacao-iluminacaopublica\/#primaryimage","url":"https:\/\/www.manaus.am.gov.br\/semcom\/wp-content\/uploads\/sites\/5\/2025\/08\/WhatsApp-Image-2025-08-18-at-13.56.05.jpeg","contentUrl":"https:\/\/www.manaus.am.gov.br\/semcom\/wp-content\/uploads\/sites\/5\/2025\/08\/WhatsApp-Image-2025-08-18-at-13.56.05.jpeg","width":1600,"height":1200},{"@type":"WebSite","@id":"https:\/\/www.manaus.am.gov.br\/semcom\/#website","url":"https:\/\/www.manaus.am.gov.br\/semcom\/","name":"SEMCOM","description":"Secretaria Municipal de Comunica\u00e7\u00e3o","potentialAction":[{"@type":"SearchAction","target":{"@type":"EntryPoint","urlTemplate":"https:\/\/www.manaus.am.gov.br\/semcom\/?s={search_term_string}"},"query-input":"required name=search_term_string"}],"inLanguage":"pt-BR"},{"@type":"Person","@id":"https:\/\/www.manaus.am.gov.br\/semcom\/#\/schema\/person\/4e49f4e267757a06ca072ec61b2b9968","name":"Adriana Costa","image":{"@type":"ImageObject","inLanguage":"pt-BR","@id":"https:\/\/www.manaus.am.gov.br\/semcom\/#\/schema\/person\/image\/","url":"https:\/\/secure.gravatar.com\/avatar\/576258617ef7194f718179e766d57bd4?s=96&d=mm&r=g","contentUrl":"https:\/\/secure.gravatar.com\/avatar\/576258617ef7194f718179e766d57bd4?s=96&d=mm&r=g","caption":"Adriana Costa"}}]}},"_links":{"self":[{"href":"https:\/\/www.manaus.am.gov.br\/semcom\/wp-json\/wp\/v2\/posts\/243878"}],"collection":[{"href":"https:\/\/www.manaus.am.gov.br\/semcom\/wp-json\/wp\/v2\/posts"}],"about":[{"href":"https:\/\/www.manaus.am.gov.br\/semcom\/wp-json\/wp\/v2\/types\/post"}],"author":[{"embeddable":true,"href":"https:\/\/www.manaus.am.gov.br\/semcom\/wp-json\/wp\/v2\/users\/23"}],"replies":[{"embeddable":true,"href":"https:\/\/www.manaus.am.gov.br\/semcom\/wp-json\/wp\/v2\/comments?post=243878"}],"version-history":[{"count":0,"href":"https:\/\/www.manaus.am.gov.br\/semcom\/wp-json\/wp\/v2\/posts\/243878\/revisions"}],"wp:featuredmedia":[{"embeddable":true,"href":"https:\/\/www.manaus.am.gov.br\/semcom\/wp-json\/wp\/v2\/media\/243879"}],"wp:attachment":[{"href":"https:\/\/www.manaus.am.gov.br\/semcom\/wp-json\/wp\/v2\/media?parent=243878"}],"wp:term":[{"taxonomy":"category","embeddable":true,"href":"https:\/\/www.manaus.am.gov.br\/semcom\/wp-json\/wp\/v2\/categories?post=243878"},{"taxonomy":"post_tag","embeddable":true,"href":"https:\/\/www.manaus.am.gov.br\/semcom\/wp-json\/wp\/v2\/tags?post=243878"}],"curies":[{"name":"wp","href":"https:\/\/api.w.org\/{rel}","templated":true}]}}