{"id":243842,"date":"2025-08-15T18:42:13","date_gmt":"2025-08-15T21:42:13","guid":{"rendered":"https:\/\/www.manaus.am.gov.br\/semcom\/soumanaus-passo-a-paco-2025-2\/"},"modified":"2025-08-15T18:42:14","modified_gmt":"2025-08-15T21:42:14","slug":"soumanaus-passo-a-paco-2025-2","status":"publish","type":"post","link":"https:\/\/www.manaus.am.gov.br\/semcom\/soumanaus-passo-a-paco-2025-2\/","title":{"rendered":"Prefeitura abre cadastro para lote exclusivo de ingressos do \u2018#SouManaus Passo a Pa\u00e7o 2025\u2019 para PcDs na pr\u00f3xima semana\u00a0"},"content":{"rendered":"\n<p>A Prefeitura de Manaus, por meio da Funda\u00e7\u00e3o Municipal de Cultura, Turismo e Eventos (ManausCult), informa que, na pr\u00f3xima semana, ser\u00e1 aberto o lote exclusivo de ingressos para Pessoas com Defici\u00eancia (PcDs) no \u201c#SouManaus Passo a Pa\u00e7o 2025\u201d.<\/p>\n\n\n\n<p>Para garantir conforto e autonomia, o p\u00fablico PcD contar\u00e1 com entrada exclusiva e \u00e1rea reservada, podendo realizar, no ato da abertura do lote, o cadastro pessoal e de um acompanhante. A iniciativa refor\u00e7a o compromisso do festival com a inclus\u00e3o e a participa\u00e7\u00e3o plena de todos.<\/p>\n\n\n\n<p>Segundo o diretor-presidente da ManausCult, Jender Lobato, essa a\u00e7\u00e3o representa mais do que log\u00edstica: \u00e9 um gesto de pertencimento.<\/p>\n\n\n\n<p>\u201cO \u2018#SouManaus\u2019 \u00e9 para todos. Nosso objetivo \u00e9 que cada pessoa possa viver o festival com total acesso e conforto. Em breve, vamos divulgar todos os detalhes sobre o lote exclusivo para PcDs, reafirmando nosso compromisso com uma cidade mais inclusiva e com a cultura acess\u00edvel a todos\u201d.<\/p>\n\n\n\n<p>O \u201c#SouManaus Passo a Pa\u00e7o 2025\u201d reunir\u00e1 grandes atra\u00e7\u00f5es nacionais, transformando Manaus em palco de m\u00fasica, arte e diversidade. O evento, que este ano traz o tema \u201cA Festa do Povo Floresta\u201d, ter\u00e1 sua programa\u00e7\u00e3o iniciada no dia 2 de setembro, com atividades culturais espalhadas pela cidade, e chega aos dias principais 5, 6 e 7 de setembro no Centro Hist\u00f3rico de Manaus, prometendo a maior edi\u00e7\u00e3o da hist\u00f3ria. A proposta \u00e9 consolidar o festival como refer\u00eancia nacional de acesso \u00e0 cultura e valoriza\u00e7\u00e3o da identidade amaz\u00f4nica.<\/p>\n\n\n\n<p>\u2014 \u2014 \u2014-<br><strong>Texto &#8211; <\/strong>J\u00e9ssica Trajano \/ ManausCult<br><strong>Fotos &#8211;<\/strong> Arquivo \/ Semcom<\/p>\n","protected":false},"excerpt":{"rendered":"","protected":false},"author":68,"featured_media":243843,"comment_status":"closed","ping_status":"closed","sticky":false,"template":"","format":"standard","meta":{"footnotes":""},"categories":[1669],"tags":[16320,77],"acf":[],"yoast_head":"<!-- This site is optimized with the Yoast SEO plugin v23.0 - https:\/\/yoast.com\/wordpress\/plugins\/seo\/ -->\n<title>Prefeitura abre cadastro para lote exclusivo de ingressos do \u2018#SouManaus Passo a Pa\u00e7o 2025\u2019 para PcDs na pr\u00f3xima semana<\/title>\n<meta name=\"description\" content=\"A Prefeitura de Manaus, por meio da Funda\u00e7\u00e3o Municipal de Cultura, Turismo e Eventos (ManausCult), informa que, na pr\u00f3xima semana, ser\u00e1 aberto o lote exclusivo de ingressos para Pessoas com Defici\u00eancia (PcDs) no \u201c#SouManaus Passo a Pa\u00e7o 2025\u201d.\" \/>\n<meta name=\"robots\" content=\"index, follow, max-snippet:-1, max-image-preview:large, max-video-preview:-1\" \/>\n<link rel=\"canonical\" href=\"https:\/\/www.manaus.am.gov.br\/semcom\/soumanaus-passo-a-paco-2025-2\/\" \/>\n<meta property=\"og:locale\" content=\"pt_BR\" \/>\n<meta property=\"og:type\" content=\"article\" \/>\n<meta property=\"og:title\" content=\"Prefeitura abre cadastro para lote exclusivo de ingressos do \u2018#SouManaus Passo a Pa\u00e7o 2025\u2019 para PcDs na pr\u00f3xima semana\" \/>\n<meta property=\"og:description\" content=\"A Prefeitura de Manaus, por meio da Funda\u00e7\u00e3o Municipal de Cultura, Turismo e Eventos (ManausCult), informa que, na pr\u00f3xima semana, ser\u00e1 aberto o lote exclusivo de ingressos para Pessoas com Defici\u00eancia (PcDs) no \u201c#SouManaus Passo a Pa\u00e7o 2025\u201d.\" \/>\n<meta property=\"og:url\" content=\"https:\/\/www.manaus.am.gov.br\/semcom\/soumanaus-passo-a-paco-2025-2\/\" \/>\n<meta property=\"og:site_name\" content=\"SEMCOM\" \/>\n<meta property=\"article:published_time\" content=\"2025-08-15T21:42:13+00:00\" \/>\n<meta property=\"article:modified_time\" content=\"2025-08-15T21:42:14+00:00\" \/>\n<meta property=\"og:image\" content=\"https:\/\/www.manaus.am.gov.br\/semcom\/wp-content\/uploads\/sites\/5\/2025\/08\/WhatsApp-Image-2025-08-15-at-17.06.40-1.jpeg\" \/>\n\t<meta property=\"og:image:width\" content=\"2560\" \/>\n\t<meta property=\"og:image:height\" content=\"1707\" \/>\n\t<meta property=\"og:image:type\" content=\"image\/jpeg\" \/>\n<meta name=\"author\" content=\"bvalente\" \/>\n<meta name=\"twitter:card\" content=\"summary_large_image\" \/>\n<meta name=\"twitter:label1\" content=\"Written by\" \/>\n\t<meta name=\"twitter:data1\" content=\"bvalente\" \/>\n\t<meta name=\"twitter:label2\" content=\"Est. reading time\" \/>\n\t<meta name=\"twitter:data2\" content=\"2 minutos\" \/>\n<script type=\"application\/ld+json\" class=\"yoast-schema-graph\">{\"@context\":\"https:\/\/schema.org\",\"@graph\":[{\"@type\":\"WebPage\",\"@id\":\"https:\/\/www.manaus.am.gov.br\/semcom\/soumanaus-passo-a-paco-2025-2\/\",\"url\":\"https:\/\/www.manaus.am.gov.br\/semcom\/soumanaus-passo-a-paco-2025-2\/\",\"name\":\"Prefeitura abre cadastro para lote exclusivo de ingressos do \u2018#SouManaus Passo a Pa\u00e7o 2025\u2019 para PcDs na pr\u00f3xima semana\",\"isPartOf\":{\"@id\":\"https:\/\/www.manaus.am.gov.br\/semcom\/#website\"},\"primaryImageOfPage\":{\"@id\":\"https:\/\/www.manaus.am.gov.br\/semcom\/soumanaus-passo-a-paco-2025-2\/#primaryimage\"},\"image\":{\"@id\":\"https:\/\/www.manaus.am.gov.br\/semcom\/soumanaus-passo-a-paco-2025-2\/#primaryimage\"},\"thumbnailUrl\":\"https:\/\/www.manaus.am.gov.br\/semcom\/wp-content\/uploads\/sites\/5\/2025\/08\/WhatsApp-Image-2025-08-15-at-17.06.40-1.jpeg\",\"datePublished\":\"2025-08-15T21:42:13+00:00\",\"dateModified\":\"2025-08-15T21:42:14+00:00\",\"author\":{\"@id\":\"https:\/\/www.manaus.am.gov.br\/semcom\/#\/schema\/person\/466a0e03ae4b6062809046bd560ac955\"},\"description\":\"A Prefeitura de Manaus, por meio da Funda\u00e7\u00e3o Municipal de Cultura, Turismo e Eventos (ManausCult), informa que, na pr\u00f3xima semana, ser\u00e1 aberto o lote exclusivo de ingressos para Pessoas com Defici\u00eancia (PcDs) no \u201c#SouManaus Passo a Pa\u00e7o 2025\u201d.\",\"inLanguage\":\"pt-BR\",\"potentialAction\":[{\"@type\":\"ReadAction\",\"target\":[\"https:\/\/www.manaus.am.gov.br\/semcom\/soumanaus-passo-a-paco-2025-2\/\"]}]},{\"@type\":\"ImageObject\",\"inLanguage\":\"pt-BR\",\"@id\":\"https:\/\/www.manaus.am.gov.br\/semcom\/soumanaus-passo-a-paco-2025-2\/#primaryimage\",\"url\":\"https:\/\/www.manaus.am.gov.br\/semcom\/wp-content\/uploads\/sites\/5\/2025\/08\/WhatsApp-Image-2025-08-15-at-17.06.40-1.jpeg\",\"contentUrl\":\"https:\/\/www.manaus.am.gov.br\/semcom\/wp-content\/uploads\/sites\/5\/2025\/08\/WhatsApp-Image-2025-08-15-at-17.06.40-1.jpeg\",\"width\":2560,\"height\":1707},{\"@type\":\"WebSite\",\"@id\":\"https:\/\/www.manaus.am.gov.br\/semcom\/#website\",\"url\":\"https:\/\/www.manaus.am.gov.br\/semcom\/\",\"name\":\"SEMCOM\",\"description\":\"Secretaria Municipal de Comunica\u00e7\u00e3o\",\"potentialAction\":[{\"@type\":\"SearchAction\",\"target\":{\"@type\":\"EntryPoint\",\"urlTemplate\":\"https:\/\/www.manaus.am.gov.br\/semcom\/?s={search_term_string}\"},\"query-input\":\"required name=search_term_string\"}],\"inLanguage\":\"pt-BR\"},{\"@type\":\"Person\",\"@id\":\"https:\/\/www.manaus.am.gov.br\/semcom\/#\/schema\/person\/466a0e03ae4b6062809046bd560ac955\",\"name\":\"bvalente\",\"image\":{\"@type\":\"ImageObject\",\"inLanguage\":\"pt-BR\",\"@id\":\"https:\/\/www.manaus.am.gov.br\/semcom\/#\/schema\/person\/image\/\",\"url\":\"https:\/\/secure.gravatar.com\/avatar\/3e69bc2b014bdad41adfec3a39de07d2?s=96&d=mm&r=g\",\"contentUrl\":\"https:\/\/secure.gravatar.com\/avatar\/3e69bc2b014bdad41adfec3a39de07d2?s=96&d=mm&r=g\",\"caption\":\"bvalente\"}}]}<\/script>\n<!-- \/ Yoast SEO plugin. -->","yoast_head_json":{"title":"Prefeitura abre cadastro para lote exclusivo de ingressos do \u2018#SouManaus Passo a Pa\u00e7o 2025\u2019 para PcDs na pr\u00f3xima semana","description":"A Prefeitura de Manaus, por meio da Funda\u00e7\u00e3o Municipal de Cultura, Turismo e Eventos (ManausCult), informa que, na pr\u00f3xima semana, ser\u00e1 aberto o lote exclusivo de ingressos para Pessoas com Defici\u00eancia (PcDs) no \u201c#SouManaus Passo a Pa\u00e7o 2025\u201d.","robots":{"index":"index","follow":"follow","max-snippet":"max-snippet:-1","max-image-preview":"max-image-preview:large","max-video-preview":"max-video-preview:-1"},"canonical":"https:\/\/www.manaus.am.gov.br\/semcom\/soumanaus-passo-a-paco-2025-2\/","og_locale":"pt_BR","og_type":"article","og_title":"Prefeitura abre cadastro para lote exclusivo de ingressos do \u2018#SouManaus Passo a Pa\u00e7o 2025\u2019 para PcDs na pr\u00f3xima semana","og_description":"A Prefeitura de Manaus, por meio da Funda\u00e7\u00e3o Municipal de Cultura, Turismo e Eventos (ManausCult), informa que, na pr\u00f3xima semana, ser\u00e1 aberto o lote exclusivo de ingressos para Pessoas com Defici\u00eancia (PcDs) no \u201c#SouManaus Passo a Pa\u00e7o 2025\u201d.","og_url":"https:\/\/www.manaus.am.gov.br\/semcom\/soumanaus-passo-a-paco-2025-2\/","og_site_name":"SEMCOM","article_published_time":"2025-08-15T21:42:13+00:00","article_modified_time":"2025-08-15T21:42:14+00:00","og_image":[{"width":2560,"height":1707,"url":"https:\/\/www.manaus.am.gov.br\/semcom\/wp-content\/uploads\/sites\/5\/2025\/08\/WhatsApp-Image-2025-08-15-at-17.06.40-1.jpeg","type":"image\/jpeg"}],"author":"bvalente","twitter_card":"summary_large_image","twitter_misc":{"Written by":"bvalente","Est. reading time":"2 minutos"},"schema":{"@context":"https:\/\/schema.org","@graph":[{"@type":"WebPage","@id":"https:\/\/www.manaus.am.gov.br\/semcom\/soumanaus-passo-a-paco-2025-2\/","url":"https:\/\/www.manaus.am.gov.br\/semcom\/soumanaus-passo-a-paco-2025-2\/","name":"Prefeitura abre cadastro para lote exclusivo de ingressos do \u2018#SouManaus Passo a Pa\u00e7o 2025\u2019 para PcDs na pr\u00f3xima semana","isPartOf":{"@id":"https:\/\/www.manaus.am.gov.br\/semcom\/#website"},"primaryImageOfPage":{"@id":"https:\/\/www.manaus.am.gov.br\/semcom\/soumanaus-passo-a-paco-2025-2\/#primaryimage"},"image":{"@id":"https:\/\/www.manaus.am.gov.br\/semcom\/soumanaus-passo-a-paco-2025-2\/#primaryimage"},"thumbnailUrl":"https:\/\/www.manaus.am.gov.br\/semcom\/wp-content\/uploads\/sites\/5\/2025\/08\/WhatsApp-Image-2025-08-15-at-17.06.40-1.jpeg","datePublished":"2025-08-15T21:42:13+00:00","dateModified":"2025-08-15T21:42:14+00:00","author":{"@id":"https:\/\/www.manaus.am.gov.br\/semcom\/#\/schema\/person\/466a0e03ae4b6062809046bd560ac955"},"description":"A Prefeitura de Manaus, por meio da Funda\u00e7\u00e3o Municipal de Cultura, Turismo e Eventos (ManausCult), informa que, na pr\u00f3xima semana, ser\u00e1 aberto o lote exclusivo de ingressos para Pessoas com Defici\u00eancia (PcDs) no \u201c#SouManaus Passo a Pa\u00e7o 2025\u201d.","inLanguage":"pt-BR","potentialAction":[{"@type":"ReadAction","target":["https:\/\/www.manaus.am.gov.br\/semcom\/soumanaus-passo-a-paco-2025-2\/"]}]},{"@type":"ImageObject","inLanguage":"pt-BR","@id":"https:\/\/www.manaus.am.gov.br\/semcom\/soumanaus-passo-a-paco-2025-2\/#primaryimage","url":"https:\/\/www.manaus.am.gov.br\/semcom\/wp-content\/uploads\/sites\/5\/2025\/08\/WhatsApp-Image-2025-08-15-at-17.06.40-1.jpeg","contentUrl":"https:\/\/www.manaus.am.gov.br\/semcom\/wp-content\/uploads\/sites\/5\/2025\/08\/WhatsApp-Image-2025-08-15-at-17.06.40-1.jpeg","width":2560,"height":1707},{"@type":"WebSite","@id":"https:\/\/www.manaus.am.gov.br\/semcom\/#website","url":"https:\/\/www.manaus.am.gov.br\/semcom\/","name":"SEMCOM","description":"Secretaria Municipal de Comunica\u00e7\u00e3o","potentialAction":[{"@type":"SearchAction","target":{"@type":"EntryPoint","urlTemplate":"https:\/\/www.manaus.am.gov.br\/semcom\/?s={search_term_string}"},"query-input":"required name=search_term_string"}],"inLanguage":"pt-BR"},{"@type":"Person","@id":"https:\/\/www.manaus.am.gov.br\/semcom\/#\/schema\/person\/466a0e03ae4b6062809046bd560ac955","name":"bvalente","image":{"@type":"ImageObject","inLanguage":"pt-BR","@id":"https:\/\/www.manaus.am.gov.br\/semcom\/#\/schema\/person\/image\/","url":"https:\/\/secure.gravatar.com\/avatar\/3e69bc2b014bdad41adfec3a39de07d2?s=96&d=mm&r=g","contentUrl":"https:\/\/secure.gravatar.com\/avatar\/3e69bc2b014bdad41adfec3a39de07d2?s=96&d=mm&r=g","caption":"bvalente"}}]}},"_links":{"self":[{"href":"https:\/\/www.manaus.am.gov.br\/semcom\/wp-json\/wp\/v2\/posts\/243842"}],"collection":[{"href":"https:\/\/www.manaus.am.gov.br\/semcom\/wp-json\/wp\/v2\/posts"}],"about":[{"href":"https:\/\/www.manaus.am.gov.br\/semcom\/wp-json\/wp\/v2\/types\/post"}],"author":[{"embeddable":true,"href":"https:\/\/www.manaus.am.gov.br\/semcom\/wp-json\/wp\/v2\/users\/68"}],"replies":[{"embeddable":true,"href":"https:\/\/www.manaus.am.gov.br\/semcom\/wp-json\/wp\/v2\/comments?post=243842"}],"version-history":[{"count":0,"href":"https:\/\/www.manaus.am.gov.br\/semcom\/wp-json\/wp\/v2\/posts\/243842\/revisions"}],"wp:featuredmedia":[{"embeddable":true,"href":"https:\/\/www.manaus.am.gov.br\/semcom\/wp-json\/wp\/v2\/media\/243843"}],"wp:attachment":[{"href":"https:\/\/www.manaus.am.gov.br\/semcom\/wp-json\/wp\/v2\/media?parent=243842"}],"wp:term":[{"taxonomy":"category","embeddable":true,"href":"https:\/\/www.manaus.am.gov.br\/semcom\/wp-json\/wp\/v2\/categories?post=243842"},{"taxonomy":"post_tag","embeddable":true,"href":"https:\/\/www.manaus.am.gov.br\/semcom\/wp-json\/wp\/v2\/tags?post=243842"}],"curies":[{"name":"wp","href":"https:\/\/api.w.org\/{rel}","templated":true}]}}