{"id":243824,"date":"2025-08-15T16:13:36","date_gmt":"2025-08-15T20:13:36","guid":{"rendered":"https:\/\/www.manaus.am.gov.br\/semcom\/ageman-cede-tablets-procon-manaus\/"},"modified":"2025-08-15T16:13:36","modified_gmt":"2025-08-15T20:13:36","slug":"ageman-cede-tablets-procon-manaus","status":"publish","type":"post","link":"https:\/\/www.manaus.am.gov.br\/semcom\/ageman-cede-tablets-procon-manaus\/","title":{"rendered":"Ageman cede tablets ao Procon Manaus para refor\u00e7ar fiscaliza\u00e7\u00e3o e defesa dos direitos do consumidor"},"content":{"rendered":"\n<p>A Ag\u00eancia Reguladora dos Servi\u00e7os P\u00fablicos Delegados do Munic\u00edpio de Manaus (Ageman) realizou, na manh\u00e3 desta sexta-feira, 15\/8, a entrega de dez <em>tablets<\/em> ao Servi\u00e7o de Atendimento e Prote\u00e7\u00e3o ao Consumidor (Procon Manaus). O material foi repassado pelo diretor-presidente da Ageman, Elson Andrade Ferreira, \u00e0 presidente do Procon Manaus, Onilda Abreu, e vai refor\u00e7ar o trabalho m\u00f3vel de fiscaliza\u00e7\u00e3o e atendimento do \u00f3rg\u00e3o.<\/p>\n\n\n\n<p>A iniciativa integra o Acordo de Coopera\u00e7\u00e3o T\u00e9cnica firmado este ano entre as duas institui\u00e7\u00f5es, que prev\u00ea colabora\u00e7\u00e3o m\u00fatua e interc\u00e2mbio de informa\u00e7\u00f5es para intensificar as a\u00e7\u00f5es de fiscaliza\u00e7\u00e3o dos servi\u00e7os p\u00fablicos municipais regulados pela Ageman, como abastecimento de \u00e1gua, esgotamento sanit\u00e1rio, ilumina\u00e7\u00e3o p\u00fablica e estacionamento rotativo (Zona Azul). Esses servi\u00e7os, considerados essenciais, t\u00eam seus usu\u00e1rios tamb\u00e9m como p\u00fablico atendido pelo Procon Manaus na preserva\u00e7\u00e3o de seus direitos enquanto consumidores.<\/p>\n\n\n\n<p>Durante a entrega, Elson Andrade destacou a relev\u00e2ncia da parceria para a gest\u00e3o municipal. \u201cEsse trabalho de integra\u00e7\u00e3o e ajuda m\u00fatua entre as secretarias da prefeitura \u00e9 justamente o que recomendam o prefeito David Almeida e o vice-prefeito Renato J\u00fanior. Hoje, a Onilda recebe esses <em>tablets<\/em> para poder prestar um servi\u00e7o cada vez melhor \u00e0 popula\u00e7\u00e3o\u201d, afirmou.<\/p>\n\n\n\n<p>A presidente do Procon Manaus, Onilda Abreu, ressaltou que a uni\u00e3o de esfor\u00e7os fortalece a defesa do consumidor e melhora a presta\u00e7\u00e3o dos servi\u00e7os essenciais.<\/p>\n\n\n\n<p>\u201cEssa integra\u00e7\u00e3o das secretarias \u00e9 o fortalecimento da gest\u00e3o do prefeito David Almeida, levando ao consumidor manauara a defesa dos seus direitos. Com esses equipamentos, poderemos lavrar autos de infra\u00e7\u00e3o e de constata\u00e7\u00e3o de forma mais adequada, segura e clara, garantindo mais efici\u00eancia e transpar\u00eancia no atendimento \u00e0 popula\u00e7\u00e3o\u201d, enfatizou.<\/p>\n\n\n\n<p>Onilda destacou ainda que com os novos <em>tablets<\/em>, as equipes do Procon Manaus ter\u00e3o mais agilidade e precis\u00e3o na coleta de informa\u00e7\u00f5es e emiss\u00e3o de documentos durante as fiscaliza\u00e7\u00f5es em campo, pesquisas de pre\u00e7o, contribuindo para o aprimoramento da rotina das equipes do Procon resultando na efetiva prote\u00e7\u00e3o dos direitos do consumidor e da consumidora manauara.<\/p>\n\n\n\n<p>O Procon Manaus reafirma seu compromisso em coibir pr\u00e1ticas abusivas e garantir que os direitos dos consumidores sejam plenamente respeitados. A participa\u00e7\u00e3o da popula\u00e7\u00e3o \u00e9 fundamental nesse trabalho, e den\u00fancias podem ser registradas pelo telefone 151 ou pelo e-mail <a href=\"mailto:proconmanaus@manaus.am.gov.br\" target=\"_blank\" rel=\"noreferrer noopener\">proconmanaus@manaus.am.gov.br<\/a>, \u00a0fortalecendo ainda mais a atua\u00e7\u00e3o do \u00f3rg\u00e3o em defesa do consumidor manauara.<\/p>\n\n\n\n<figure class=\"wp-block-image size-full\"><img loading=\"lazy\" decoding=\"async\" width=\"656\" height=\"490\" src=\"https:\/\/www.manaus.am.gov.br\/semcom\/wp-content\/uploads\/sites\/5\/2025\/08\/Parceria-2.jpg\" alt=\"\" class=\"wp-image-243826\" srcset=\"https:\/\/www.manaus.am.gov.br\/semcom\/wp-content\/uploads\/sites\/5\/2025\/08\/Parceria-2.jpg 656w, https:\/\/www.manaus.am.gov.br\/semcom\/wp-content\/uploads\/sites\/5\/2025\/08\/Parceria-2-300x224.jpg 300w\" sizes=\"(max-width: 656px) 100vw, 656px\" \/><\/figure>\n\n\n\n<p>&#8212; &#8212; &#8212;<\/p>\n\n\n\n<p><strong>Texto &#8211;<\/strong> Tereza Te\u00f3filo\/Ageman e Lara Bernardes\/Procon Manaus<\/p>\n\n\n\n<p><strong>Fotos<\/strong> &#8211; Divulga\u00e7\u00e3o\/Procon Manaus<\/p>\n","protected":false},"excerpt":{"rendered":"","protected":false},"author":39,"featured_media":243825,"comment_status":"closed","ping_status":"closed","sticky":false,"template":"","format":"standard","meta":{"footnotes":""},"categories":[594],"tags":[215,16316,77,9825,16317],"acf":[],"yoast_head":"<!-- This site is optimized with the Yoast SEO plugin v23.0 - https:\/\/yoast.com\/wordpress\/plugins\/seo\/ -->\n<title>Ageman cede tablets ao Procon Manaus<\/title>\n<meta name=\"description\" content=\"Ageman cede tablets ao Procon Manaus para refor\u00e7ar fiscaliza\u00e7\u00e3o e defesa dos direitos do consumidor nesta sexta-feira, 15\/8.\" \/>\n<meta name=\"robots\" content=\"index, follow, max-snippet:-1, max-image-preview:large, max-video-preview:-1\" \/>\n<link rel=\"canonical\" href=\"https:\/\/www.manaus.am.gov.br\/semcom\/ageman-cede-tablets-procon-manaus\/\" \/>\n<meta property=\"og:locale\" content=\"pt_BR\" \/>\n<meta property=\"og:type\" content=\"article\" \/>\n<meta property=\"og:title\" content=\"Ageman cede tablets ao Procon Manaus\" \/>\n<meta property=\"og:description\" content=\"Ageman cede tablets ao Procon Manaus para refor\u00e7ar fiscaliza\u00e7\u00e3o e defesa dos direitos do consumidor nesta sexta-feira, 15\/8.\" \/>\n<meta property=\"og:url\" content=\"https:\/\/www.manaus.am.gov.br\/semcom\/ageman-cede-tablets-procon-manaus\/\" \/>\n<meta property=\"og:site_name\" content=\"SEMCOM\" \/>\n<meta property=\"article:published_time\" content=\"2025-08-15T20:13:36+00:00\" \/>\n<meta property=\"og:image\" content=\"https:\/\/www.manaus.am.gov.br\/semcom\/wp-content\/uploads\/sites\/5\/2025\/08\/Parceria-1.jpg\" \/>\n\t<meta property=\"og:image:width\" content=\"656\" \/>\n\t<meta property=\"og:image:height\" content=\"493\" \/>\n\t<meta property=\"og:image:type\" content=\"image\/jpeg\" \/>\n<meta name=\"author\" content=\"Bruna Greco\" \/>\n<meta name=\"twitter:card\" content=\"summary_large_image\" \/>\n<meta name=\"twitter:label1\" content=\"Written by\" \/>\n\t<meta name=\"twitter:data1\" content=\"Bruna Greco\" \/>\n\t<meta name=\"twitter:label2\" content=\"Est. reading time\" \/>\n\t<meta name=\"twitter:data2\" content=\"3 minutos\" \/>\n<script type=\"application\/ld+json\" class=\"yoast-schema-graph\">{\"@context\":\"https:\/\/schema.org\",\"@graph\":[{\"@type\":\"WebPage\",\"@id\":\"https:\/\/www.manaus.am.gov.br\/semcom\/ageman-cede-tablets-procon-manaus\/\",\"url\":\"https:\/\/www.manaus.am.gov.br\/semcom\/ageman-cede-tablets-procon-manaus\/\",\"name\":\"Ageman cede tablets ao Procon Manaus\",\"isPartOf\":{\"@id\":\"https:\/\/www.manaus.am.gov.br\/semcom\/#website\"},\"primaryImageOfPage\":{\"@id\":\"https:\/\/www.manaus.am.gov.br\/semcom\/ageman-cede-tablets-procon-manaus\/#primaryimage\"},\"image\":{\"@id\":\"https:\/\/www.manaus.am.gov.br\/semcom\/ageman-cede-tablets-procon-manaus\/#primaryimage\"},\"thumbnailUrl\":\"https:\/\/www.manaus.am.gov.br\/semcom\/wp-content\/uploads\/sites\/5\/2025\/08\/Parceria-1.jpg\",\"datePublished\":\"2025-08-15T20:13:36+00:00\",\"dateModified\":\"2025-08-15T20:13:36+00:00\",\"author\":{\"@id\":\"https:\/\/www.manaus.am.gov.br\/semcom\/#\/schema\/person\/05d223aea2bf115f9883a6ff3683d81b\"},\"description\":\"Ageman cede tablets ao Procon Manaus para refor\u00e7ar fiscaliza\u00e7\u00e3o e defesa dos direitos do consumidor nesta sexta-feira, 15\/8.\",\"inLanguage\":\"pt-BR\",\"potentialAction\":[{\"@type\":\"ReadAction\",\"target\":[\"https:\/\/www.manaus.am.gov.br\/semcom\/ageman-cede-tablets-procon-manaus\/\"]}]},{\"@type\":\"ImageObject\",\"inLanguage\":\"pt-BR\",\"@id\":\"https:\/\/www.manaus.am.gov.br\/semcom\/ageman-cede-tablets-procon-manaus\/#primaryimage\",\"url\":\"https:\/\/www.manaus.am.gov.br\/semcom\/wp-content\/uploads\/sites\/5\/2025\/08\/Parceria-1.jpg\",\"contentUrl\":\"https:\/\/www.manaus.am.gov.br\/semcom\/wp-content\/uploads\/sites\/5\/2025\/08\/Parceria-1.jpg\",\"width\":656,\"height\":493,\"caption\":\"#paratodosverem - Diretor-presidente da Ageman, Elson Andrade Ferreira, entregando tablets \u00e0 presidente do Procon Manaus, Onilda Abreu\"},{\"@type\":\"WebSite\",\"@id\":\"https:\/\/www.manaus.am.gov.br\/semcom\/#website\",\"url\":\"https:\/\/www.manaus.am.gov.br\/semcom\/\",\"name\":\"SEMCOM\",\"description\":\"Secretaria Municipal de Comunica\u00e7\u00e3o\",\"potentialAction\":[{\"@type\":\"SearchAction\",\"target\":{\"@type\":\"EntryPoint\",\"urlTemplate\":\"https:\/\/www.manaus.am.gov.br\/semcom\/?s={search_term_string}\"},\"query-input\":\"required name=search_term_string\"}],\"inLanguage\":\"pt-BR\"},{\"@type\":\"Person\",\"@id\":\"https:\/\/www.manaus.am.gov.br\/semcom\/#\/schema\/person\/05d223aea2bf115f9883a6ff3683d81b\",\"name\":\"Bruna Greco\",\"image\":{\"@type\":\"ImageObject\",\"inLanguage\":\"pt-BR\",\"@id\":\"https:\/\/www.manaus.am.gov.br\/semcom\/#\/schema\/person\/image\/\",\"url\":\"https:\/\/secure.gravatar.com\/avatar\/9c877d1a6adc2a055330e5c09a8653ce?s=96&d=mm&r=g\",\"contentUrl\":\"https:\/\/secure.gravatar.com\/avatar\/9c877d1a6adc2a055330e5c09a8653ce?s=96&d=mm&r=g\",\"caption\":\"Bruna Greco\"}}]}<\/script>\n<!-- \/ Yoast SEO plugin. -->","yoast_head_json":{"title":"Ageman cede tablets ao Procon Manaus","description":"Ageman cede tablets ao Procon Manaus para refor\u00e7ar fiscaliza\u00e7\u00e3o e defesa dos direitos do consumidor nesta sexta-feira, 15\/8.","robots":{"index":"index","follow":"follow","max-snippet":"max-snippet:-1","max-image-preview":"max-image-preview:large","max-video-preview":"max-video-preview:-1"},"canonical":"https:\/\/www.manaus.am.gov.br\/semcom\/ageman-cede-tablets-procon-manaus\/","og_locale":"pt_BR","og_type":"article","og_title":"Ageman cede tablets ao Procon Manaus","og_description":"Ageman cede tablets ao Procon Manaus para refor\u00e7ar fiscaliza\u00e7\u00e3o e defesa dos direitos do consumidor nesta sexta-feira, 15\/8.","og_url":"https:\/\/www.manaus.am.gov.br\/semcom\/ageman-cede-tablets-procon-manaus\/","og_site_name":"SEMCOM","article_published_time":"2025-08-15T20:13:36+00:00","og_image":[{"width":656,"height":493,"url":"https:\/\/www.manaus.am.gov.br\/semcom\/wp-content\/uploads\/sites\/5\/2025\/08\/Parceria-1.jpg","type":"image\/jpeg"}],"author":"Bruna Greco","twitter_card":"summary_large_image","twitter_misc":{"Written by":"Bruna Greco","Est. reading time":"3 minutos"},"schema":{"@context":"https:\/\/schema.org","@graph":[{"@type":"WebPage","@id":"https:\/\/www.manaus.am.gov.br\/semcom\/ageman-cede-tablets-procon-manaus\/","url":"https:\/\/www.manaus.am.gov.br\/semcom\/ageman-cede-tablets-procon-manaus\/","name":"Ageman cede tablets ao Procon Manaus","isPartOf":{"@id":"https:\/\/www.manaus.am.gov.br\/semcom\/#website"},"primaryImageOfPage":{"@id":"https:\/\/www.manaus.am.gov.br\/semcom\/ageman-cede-tablets-procon-manaus\/#primaryimage"},"image":{"@id":"https:\/\/www.manaus.am.gov.br\/semcom\/ageman-cede-tablets-procon-manaus\/#primaryimage"},"thumbnailUrl":"https:\/\/www.manaus.am.gov.br\/semcom\/wp-content\/uploads\/sites\/5\/2025\/08\/Parceria-1.jpg","datePublished":"2025-08-15T20:13:36+00:00","dateModified":"2025-08-15T20:13:36+00:00","author":{"@id":"https:\/\/www.manaus.am.gov.br\/semcom\/#\/schema\/person\/05d223aea2bf115f9883a6ff3683d81b"},"description":"Ageman cede tablets ao Procon Manaus para refor\u00e7ar fiscaliza\u00e7\u00e3o e defesa dos direitos do consumidor nesta sexta-feira, 15\/8.","inLanguage":"pt-BR","potentialAction":[{"@type":"ReadAction","target":["https:\/\/www.manaus.am.gov.br\/semcom\/ageman-cede-tablets-procon-manaus\/"]}]},{"@type":"ImageObject","inLanguage":"pt-BR","@id":"https:\/\/www.manaus.am.gov.br\/semcom\/ageman-cede-tablets-procon-manaus\/#primaryimage","url":"https:\/\/www.manaus.am.gov.br\/semcom\/wp-content\/uploads\/sites\/5\/2025\/08\/Parceria-1.jpg","contentUrl":"https:\/\/www.manaus.am.gov.br\/semcom\/wp-content\/uploads\/sites\/5\/2025\/08\/Parceria-1.jpg","width":656,"height":493,"caption":"#paratodosverem - Diretor-presidente da Ageman, Elson Andrade Ferreira, entregando tablets \u00e0 presidente do Procon Manaus, Onilda Abreu"},{"@type":"WebSite","@id":"https:\/\/www.manaus.am.gov.br\/semcom\/#website","url":"https:\/\/www.manaus.am.gov.br\/semcom\/","name":"SEMCOM","description":"Secretaria Municipal de Comunica\u00e7\u00e3o","potentialAction":[{"@type":"SearchAction","target":{"@type":"EntryPoint","urlTemplate":"https:\/\/www.manaus.am.gov.br\/semcom\/?s={search_term_string}"},"query-input":"required name=search_term_string"}],"inLanguage":"pt-BR"},{"@type":"Person","@id":"https:\/\/www.manaus.am.gov.br\/semcom\/#\/schema\/person\/05d223aea2bf115f9883a6ff3683d81b","name":"Bruna Greco","image":{"@type":"ImageObject","inLanguage":"pt-BR","@id":"https:\/\/www.manaus.am.gov.br\/semcom\/#\/schema\/person\/image\/","url":"https:\/\/secure.gravatar.com\/avatar\/9c877d1a6adc2a055330e5c09a8653ce?s=96&d=mm&r=g","contentUrl":"https:\/\/secure.gravatar.com\/avatar\/9c877d1a6adc2a055330e5c09a8653ce?s=96&d=mm&r=g","caption":"Bruna Greco"}}]}},"_links":{"self":[{"href":"https:\/\/www.manaus.am.gov.br\/semcom\/wp-json\/wp\/v2\/posts\/243824"}],"collection":[{"href":"https:\/\/www.manaus.am.gov.br\/semcom\/wp-json\/wp\/v2\/posts"}],"about":[{"href":"https:\/\/www.manaus.am.gov.br\/semcom\/wp-json\/wp\/v2\/types\/post"}],"author":[{"embeddable":true,"href":"https:\/\/www.manaus.am.gov.br\/semcom\/wp-json\/wp\/v2\/users\/39"}],"replies":[{"embeddable":true,"href":"https:\/\/www.manaus.am.gov.br\/semcom\/wp-json\/wp\/v2\/comments?post=243824"}],"version-history":[{"count":1,"href":"https:\/\/www.manaus.am.gov.br\/semcom\/wp-json\/wp\/v2\/posts\/243824\/revisions"}],"predecessor-version":[{"id":243827,"href":"https:\/\/www.manaus.am.gov.br\/semcom\/wp-json\/wp\/v2\/posts\/243824\/revisions\/243827"}],"wp:featuredmedia":[{"embeddable":true,"href":"https:\/\/www.manaus.am.gov.br\/semcom\/wp-json\/wp\/v2\/media\/243825"}],"wp:attachment":[{"href":"https:\/\/www.manaus.am.gov.br\/semcom\/wp-json\/wp\/v2\/media?parent=243824"}],"wp:term":[{"taxonomy":"category","embeddable":true,"href":"https:\/\/www.manaus.am.gov.br\/semcom\/wp-json\/wp\/v2\/categories?post=243824"},{"taxonomy":"post_tag","embeddable":true,"href":"https:\/\/www.manaus.am.gov.br\/semcom\/wp-json\/wp\/v2\/tags?post=243824"}],"curies":[{"name":"wp","href":"https:\/\/api.w.org\/{rel}","templated":true}]}}