{"id":243781,"date":"2025-08-15T10:27:20","date_gmt":"2025-08-15T13:27:20","guid":{"rendered":"https:\/\/www.manaus.am.gov.br\/semcom\/prefeitura-ageman-fiscalizacao-saneamento\/"},"modified":"2025-08-15T10:27:21","modified_gmt":"2025-08-15T13:27:21","slug":"prefeitura-ageman-fiscalizacao-saneamento","status":"publish","type":"post","link":"https:\/\/www.manaus.am.gov.br\/semcom\/prefeitura-ageman-fiscalizacao-saneamento\/","title":{"rendered":"Ageman intensifica fiscaliza\u00e7\u00e3o em saneamento e supera total de 2024 em apenas sete meses"},"content":{"rendered":"\n<p>De janeiro a julho de 2025, a Ag\u00eancia Reguladora dos Servi\u00e7os P\u00fablicos Delegados do Munic\u00edpio de Manaus (Ageman), por meio da Diretoria de Concess\u00f5es, Obras e Saneamento (Ditecs), realizou 1.661 fiscaliza\u00e7\u00f5es nos servi\u00e7os de abastecimento de \u00e1gua e esgotamento sanit\u00e1rio da capital. O n\u00famero representa um crescimento de 172,7%, em rela\u00e7\u00e3o ao mesmo per\u00edodo de 2024, quando foram registradas 609 fiscaliza\u00e7\u00f5es.<\/p>\n\n\n\n<p>O resultado alcan\u00e7ado nos primeiros sete meses de 2025 ultrapassa o volume total de fiscaliza\u00e7\u00f5es realizadas durante todo o ano passado, que foi de 1.106 vistorias.<\/p>\n\n\n\n<p>Somente no \u00e2mbito do esgotamento sanit\u00e1rio, o aumento foi de mais de 430% no volume de vistorias realizadas no per\u00edodo de sete meses. Em 2024, foram 211 fiscaliza\u00e7\u00f5es e, no mesmo per\u00edodo de 2025, saltou para 1.119.<\/p>\n\n\n\n<p>O diretor-presidente da Ageman,&nbsp;Elson Andrade,&nbsp;ressaltou que o crescimento nas fiscaliza\u00e7\u00f5es refor\u00e7a o papel estrat\u00e9gico da ag\u00eancia na defesa dos direitos dos usu\u00e1rios e no acompanhamento rigoroso da concess\u00e3o.\u201cNosso compromisso \u00e9 garantir que a popula\u00e7\u00e3o de Manaus receba servi\u00e7os de qualidade, dentro dos padr\u00f5es estabelecidos em contrato. Esses n\u00fameros mostram que a Ageman est\u00e1 cada vez mais presente, atuante e pr\u00f3xima dos cidad\u00e3os, assegurando que cada obra e cada a\u00e7\u00e3o da concession\u00e1ria seja executada com responsabilidade e transpar\u00eancia\u201d, afirmou Andrade.<\/p>\n\n\n\n<p>A diretora da Ditecs, Suzy Tavares, explica que o aumento no volume de vistorias realizadas pela equipe se deu com as a\u00e7\u00f5es de acompanhamento das obras de expans\u00e3o da rede de esgotamento sanit\u00e1rio da cidade.<\/p>\n\n\n\n<p>\u201cEstamos nas ruas todos os dias e nosso trabalho abrange principalmente a qualidade da obra executada pela concession\u00e1ria \u00c1guas de Manaus, como parte do cumprimento do Plano de Expans\u00e3o do Esgotamento Sanit\u00e1rio que vem sendo realizado em diversos bairros, al\u00e9m, \u00e9 claro, das demandas da popula\u00e7\u00e3o que chegam at\u00e9 n\u00f3s, seja pela Ouvidoria, pelos nossos canais oficiais de comunica\u00e7\u00e3o com os usu\u00e1rios, \u00f3rg\u00e3os de controle, entre outros\u201d, afirmou Suzy.<\/p>\n\n\n\n<p>Na \u00e1rea do abastecimento de \u00e1gua, setor cujo servi\u00e7o encontra-se universalizado com mais de 98% da popula\u00e7\u00e3o atendida, o avan\u00e7o da fiscaliza\u00e7\u00e3o, no per\u00edodo de sete meses, foi de 36,2%, com 398 vistorias registradas de janeiro a julho de 2024 e 542 at\u00e9 31 de julho de 2025.<\/p>\n\n\n\n<p>A Ageman fiscaliza e regula os contratos de concess\u00e3o dos servi\u00e7os de abastecimento de \u00e1gua, esgotamento sanit\u00e1rio, ilumina\u00e7\u00e3o p\u00fablica e de estacionamento rotativo pago Zona Azul.<\/p>\n\n\n\n<p>O \u00f3rg\u00e3o regulador municipal refor\u00e7a a import\u00e2ncia dos usu\u00e1rios acionarem a Ouvidoria da ag\u00eancia nos casos em que as concession\u00e1rias respons\u00e1veis pelos servi\u00e7os n\u00e3o apresentaram solu\u00e7\u00f5es para suas demandas. A Ouvidoria da Ageman atende&nbsp;por meio do Whatsapp 98842-2919 e 98410-3247.&nbsp;&nbsp;H\u00e1 tamb\u00e9m atendimento presencial no shopping Jornalista Phelippe Daou, de segunda a sexta-feira, das 8h \u00e0s 17h.<\/p>\n\n\n\n<p>&#8212; &#8212; &#8212;<\/p>\n\n\n\n<p><strong>Texto <\/strong>&#8211;\u00a0Tereza Te\u00f3filo\/Ageman<\/p>\n\n\n\n<p><strong>Fotos <\/strong>\u2013\u00a0Divulga\u00e7\u00e3o\/Ageman<\/p>\n","protected":false},"excerpt":{"rendered":"","protected":false},"author":23,"featured_media":243782,"comment_status":"closed","ping_status":"closed","sticky":false,"template":"","format":"standard","meta":{"footnotes":""},"categories":[2807],"tags":[215,88,16219,77,599],"acf":[],"yoast_head":"<!-- This site is optimized with the Yoast SEO plugin v23.0 - https:\/\/yoast.com\/wordpress\/plugins\/seo\/ -->\n<title>Ageman intensifica fiscaliza\u00e7\u00e3o em saneamento e supera total de 2024 em apenas sete meses<\/title>\n<meta name=\"description\" content=\"De janeiro a julho de 2025, a Ageman realizou 1.661 fiscaliza\u00e7\u00f5es nos servi\u00e7os de abastecimento de \u00e1gua e esgotamento sanit\u00e1rio da capital.\" \/>\n<meta name=\"robots\" content=\"index, follow, max-snippet:-1, max-image-preview:large, max-video-preview:-1\" \/>\n<link rel=\"canonical\" href=\"https:\/\/www.manaus.am.gov.br\/semcom\/prefeitura-ageman-fiscalizacao-saneamento\/\" \/>\n<meta property=\"og:locale\" content=\"pt_BR\" \/>\n<meta property=\"og:type\" content=\"article\" \/>\n<meta property=\"og:title\" content=\"Ageman intensifica fiscaliza\u00e7\u00e3o em saneamento e supera total de 2024 em apenas sete meses\" \/>\n<meta property=\"og:description\" content=\"De janeiro a julho de 2025, a Ageman realizou 1.661 fiscaliza\u00e7\u00f5es nos servi\u00e7os de abastecimento de \u00e1gua e esgotamento sanit\u00e1rio da capital.\" \/>\n<meta property=\"og:url\" content=\"https:\/\/www.manaus.am.gov.br\/semcom\/prefeitura-ageman-fiscalizacao-saneamento\/\" \/>\n<meta property=\"og:site_name\" content=\"SEMCOM\" \/>\n<meta property=\"article:published_time\" content=\"2025-08-15T13:27:20+00:00\" \/>\n<meta property=\"article:modified_time\" content=\"2025-08-15T13:27:21+00:00\" \/>\n<meta property=\"og:image\" content=\"https:\/\/www.manaus.am.gov.br\/semcom\/wp-content\/uploads\/sites\/5\/2025\/08\/DITECS-3.jpeg\" \/>\n\t<meta property=\"og:image:width\" content=\"1152\" \/>\n\t<meta property=\"og:image:height\" content=\"864\" \/>\n\t<meta property=\"og:image:type\" content=\"image\/jpeg\" \/>\n<meta name=\"author\" content=\"Adriana Costa\" \/>\n<meta name=\"twitter:card\" content=\"summary_large_image\" \/>\n<meta name=\"twitter:label1\" content=\"Written by\" \/>\n\t<meta name=\"twitter:data1\" content=\"Adriana Costa\" \/>\n\t<meta name=\"twitter:label2\" content=\"Est. reading time\" \/>\n\t<meta name=\"twitter:data2\" content=\"3 minutos\" \/>\n<script type=\"application\/ld+json\" class=\"yoast-schema-graph\">{\"@context\":\"https:\/\/schema.org\",\"@graph\":[{\"@type\":\"WebPage\",\"@id\":\"https:\/\/www.manaus.am.gov.br\/semcom\/prefeitura-ageman-fiscalizacao-saneamento\/\",\"url\":\"https:\/\/www.manaus.am.gov.br\/semcom\/prefeitura-ageman-fiscalizacao-saneamento\/\",\"name\":\"Ageman intensifica fiscaliza\u00e7\u00e3o em saneamento e supera total de 2024 em apenas sete meses\",\"isPartOf\":{\"@id\":\"https:\/\/www.manaus.am.gov.br\/semcom\/#website\"},\"primaryImageOfPage\":{\"@id\":\"https:\/\/www.manaus.am.gov.br\/semcom\/prefeitura-ageman-fiscalizacao-saneamento\/#primaryimage\"},\"image\":{\"@id\":\"https:\/\/www.manaus.am.gov.br\/semcom\/prefeitura-ageman-fiscalizacao-saneamento\/#primaryimage\"},\"thumbnailUrl\":\"https:\/\/www.manaus.am.gov.br\/semcom\/wp-content\/uploads\/sites\/5\/2025\/08\/DITECS-3.jpeg\",\"datePublished\":\"2025-08-15T13:27:20+00:00\",\"dateModified\":\"2025-08-15T13:27:21+00:00\",\"author\":{\"@id\":\"https:\/\/www.manaus.am.gov.br\/semcom\/#\/schema\/person\/4e49f4e267757a06ca072ec61b2b9968\"},\"description\":\"De janeiro a julho de 2025, a Ageman realizou 1.661 fiscaliza\u00e7\u00f5es nos servi\u00e7os de abastecimento de \u00e1gua e esgotamento sanit\u00e1rio da capital.\",\"inLanguage\":\"pt-BR\",\"potentialAction\":[{\"@type\":\"ReadAction\",\"target\":[\"https:\/\/www.manaus.am.gov.br\/semcom\/prefeitura-ageman-fiscalizacao-saneamento\/\"]}]},{\"@type\":\"ImageObject\",\"inLanguage\":\"pt-BR\",\"@id\":\"https:\/\/www.manaus.am.gov.br\/semcom\/prefeitura-ageman-fiscalizacao-saneamento\/#primaryimage\",\"url\":\"https:\/\/www.manaus.am.gov.br\/semcom\/wp-content\/uploads\/sites\/5\/2025\/08\/DITECS-3.jpeg\",\"contentUrl\":\"https:\/\/www.manaus.am.gov.br\/semcom\/wp-content\/uploads\/sites\/5\/2025\/08\/DITECS-3.jpeg\",\"width\":1152,\"height\":864},{\"@type\":\"WebSite\",\"@id\":\"https:\/\/www.manaus.am.gov.br\/semcom\/#website\",\"url\":\"https:\/\/www.manaus.am.gov.br\/semcom\/\",\"name\":\"SEMCOM\",\"description\":\"Secretaria Municipal de Comunica\u00e7\u00e3o\",\"potentialAction\":[{\"@type\":\"SearchAction\",\"target\":{\"@type\":\"EntryPoint\",\"urlTemplate\":\"https:\/\/www.manaus.am.gov.br\/semcom\/?s={search_term_string}\"},\"query-input\":\"required name=search_term_string\"}],\"inLanguage\":\"pt-BR\"},{\"@type\":\"Person\",\"@id\":\"https:\/\/www.manaus.am.gov.br\/semcom\/#\/schema\/person\/4e49f4e267757a06ca072ec61b2b9968\",\"name\":\"Adriana Costa\",\"image\":{\"@type\":\"ImageObject\",\"inLanguage\":\"pt-BR\",\"@id\":\"https:\/\/www.manaus.am.gov.br\/semcom\/#\/schema\/person\/image\/\",\"url\":\"https:\/\/secure.gravatar.com\/avatar\/576258617ef7194f718179e766d57bd4?s=96&d=mm&r=g\",\"contentUrl\":\"https:\/\/secure.gravatar.com\/avatar\/576258617ef7194f718179e766d57bd4?s=96&d=mm&r=g\",\"caption\":\"Adriana Costa\"}}]}<\/script>\n<!-- \/ Yoast SEO plugin. -->","yoast_head_json":{"title":"Ageman intensifica fiscaliza\u00e7\u00e3o em saneamento e supera total de 2024 em apenas sete meses","description":"De janeiro a julho de 2025, a Ageman realizou 1.661 fiscaliza\u00e7\u00f5es nos servi\u00e7os de abastecimento de \u00e1gua e esgotamento sanit\u00e1rio da capital.","robots":{"index":"index","follow":"follow","max-snippet":"max-snippet:-1","max-image-preview":"max-image-preview:large","max-video-preview":"max-video-preview:-1"},"canonical":"https:\/\/www.manaus.am.gov.br\/semcom\/prefeitura-ageman-fiscalizacao-saneamento\/","og_locale":"pt_BR","og_type":"article","og_title":"Ageman intensifica fiscaliza\u00e7\u00e3o em saneamento e supera total de 2024 em apenas sete meses","og_description":"De janeiro a julho de 2025, a Ageman realizou 1.661 fiscaliza\u00e7\u00f5es nos servi\u00e7os de abastecimento de \u00e1gua e esgotamento sanit\u00e1rio da capital.","og_url":"https:\/\/www.manaus.am.gov.br\/semcom\/prefeitura-ageman-fiscalizacao-saneamento\/","og_site_name":"SEMCOM","article_published_time":"2025-08-15T13:27:20+00:00","article_modified_time":"2025-08-15T13:27:21+00:00","og_image":[{"width":1152,"height":864,"url":"https:\/\/www.manaus.am.gov.br\/semcom\/wp-content\/uploads\/sites\/5\/2025\/08\/DITECS-3.jpeg","type":"image\/jpeg"}],"author":"Adriana Costa","twitter_card":"summary_large_image","twitter_misc":{"Written by":"Adriana Costa","Est. reading time":"3 minutos"},"schema":{"@context":"https:\/\/schema.org","@graph":[{"@type":"WebPage","@id":"https:\/\/www.manaus.am.gov.br\/semcom\/prefeitura-ageman-fiscalizacao-saneamento\/","url":"https:\/\/www.manaus.am.gov.br\/semcom\/prefeitura-ageman-fiscalizacao-saneamento\/","name":"Ageman intensifica fiscaliza\u00e7\u00e3o em saneamento e supera total de 2024 em apenas sete meses","isPartOf":{"@id":"https:\/\/www.manaus.am.gov.br\/semcom\/#website"},"primaryImageOfPage":{"@id":"https:\/\/www.manaus.am.gov.br\/semcom\/prefeitura-ageman-fiscalizacao-saneamento\/#primaryimage"},"image":{"@id":"https:\/\/www.manaus.am.gov.br\/semcom\/prefeitura-ageman-fiscalizacao-saneamento\/#primaryimage"},"thumbnailUrl":"https:\/\/www.manaus.am.gov.br\/semcom\/wp-content\/uploads\/sites\/5\/2025\/08\/DITECS-3.jpeg","datePublished":"2025-08-15T13:27:20+00:00","dateModified":"2025-08-15T13:27:21+00:00","author":{"@id":"https:\/\/www.manaus.am.gov.br\/semcom\/#\/schema\/person\/4e49f4e267757a06ca072ec61b2b9968"},"description":"De janeiro a julho de 2025, a Ageman realizou 1.661 fiscaliza\u00e7\u00f5es nos servi\u00e7os de abastecimento de \u00e1gua e esgotamento sanit\u00e1rio da capital.","inLanguage":"pt-BR","potentialAction":[{"@type":"ReadAction","target":["https:\/\/www.manaus.am.gov.br\/semcom\/prefeitura-ageman-fiscalizacao-saneamento\/"]}]},{"@type":"ImageObject","inLanguage":"pt-BR","@id":"https:\/\/www.manaus.am.gov.br\/semcom\/prefeitura-ageman-fiscalizacao-saneamento\/#primaryimage","url":"https:\/\/www.manaus.am.gov.br\/semcom\/wp-content\/uploads\/sites\/5\/2025\/08\/DITECS-3.jpeg","contentUrl":"https:\/\/www.manaus.am.gov.br\/semcom\/wp-content\/uploads\/sites\/5\/2025\/08\/DITECS-3.jpeg","width":1152,"height":864},{"@type":"WebSite","@id":"https:\/\/www.manaus.am.gov.br\/semcom\/#website","url":"https:\/\/www.manaus.am.gov.br\/semcom\/","name":"SEMCOM","description":"Secretaria Municipal de Comunica\u00e7\u00e3o","potentialAction":[{"@type":"SearchAction","target":{"@type":"EntryPoint","urlTemplate":"https:\/\/www.manaus.am.gov.br\/semcom\/?s={search_term_string}"},"query-input":"required name=search_term_string"}],"inLanguage":"pt-BR"},{"@type":"Person","@id":"https:\/\/www.manaus.am.gov.br\/semcom\/#\/schema\/person\/4e49f4e267757a06ca072ec61b2b9968","name":"Adriana Costa","image":{"@type":"ImageObject","inLanguage":"pt-BR","@id":"https:\/\/www.manaus.am.gov.br\/semcom\/#\/schema\/person\/image\/","url":"https:\/\/secure.gravatar.com\/avatar\/576258617ef7194f718179e766d57bd4?s=96&d=mm&r=g","contentUrl":"https:\/\/secure.gravatar.com\/avatar\/576258617ef7194f718179e766d57bd4?s=96&d=mm&r=g","caption":"Adriana Costa"}}]}},"_links":{"self":[{"href":"https:\/\/www.manaus.am.gov.br\/semcom\/wp-json\/wp\/v2\/posts\/243781"}],"collection":[{"href":"https:\/\/www.manaus.am.gov.br\/semcom\/wp-json\/wp\/v2\/posts"}],"about":[{"href":"https:\/\/www.manaus.am.gov.br\/semcom\/wp-json\/wp\/v2\/types\/post"}],"author":[{"embeddable":true,"href":"https:\/\/www.manaus.am.gov.br\/semcom\/wp-json\/wp\/v2\/users\/23"}],"replies":[{"embeddable":true,"href":"https:\/\/www.manaus.am.gov.br\/semcom\/wp-json\/wp\/v2\/comments?post=243781"}],"version-history":[{"count":0,"href":"https:\/\/www.manaus.am.gov.br\/semcom\/wp-json\/wp\/v2\/posts\/243781\/revisions"}],"wp:featuredmedia":[{"embeddable":true,"href":"https:\/\/www.manaus.am.gov.br\/semcom\/wp-json\/wp\/v2\/media\/243782"}],"wp:attachment":[{"href":"https:\/\/www.manaus.am.gov.br\/semcom\/wp-json\/wp\/v2\/media?parent=243781"}],"wp:term":[{"taxonomy":"category","embeddable":true,"href":"https:\/\/www.manaus.am.gov.br\/semcom\/wp-json\/wp\/v2\/categories?post=243781"},{"taxonomy":"post_tag","embeddable":true,"href":"https:\/\/www.manaus.am.gov.br\/semcom\/wp-json\/wp\/v2\/tags?post=243781"}],"curies":[{"name":"wp","href":"https:\/\/api.w.org\/{rel}","templated":true}]}}