{"id":243763,"date":"2025-08-14T17:53:31","date_gmt":"2025-08-14T20:53:31","guid":{"rendered":"https:\/\/www.manaus.am.gov.br\/semcom\/simbolo-de-superacao-e-talento\/"},"modified":"2025-08-14T17:53:32","modified_gmt":"2025-08-14T20:53:32","slug":"simbolo-de-superacao-e-talento","status":"publish","type":"post","link":"https:\/\/www.manaus.am.gov.br\/semcom\/simbolo-de-superacao-e-talento\/","title":{"rendered":"Fiscal da prefeitura e atleta de jiu-j\u00edtsu conquista t\u00edtulos e vira s\u00edmbolo de supera\u00e7\u00e3o e talento entre os servidores"},"content":{"rendered":"\n<p><br>Nesta quinta-feira, 14\/8, o fiscal da Prefeitura de Manaus, que atua na Secretaria Municipal de Limpeza Urbana (Semulsp), Samuel da Silva Anchieta, de 26 anos, chegou \u00e0 sede trazendo nas m\u00e3os as medalhas conquistadas em suas \u00faltimas competi\u00e7\u00f5es de jiu-j\u00edtsu. O gesto foi um marco do reconhecimento da secretaria, por um de seus talentos que inspira n\u00e3o apenas colegas de trabalho, mas toda a juventude de Manaus.<br><br>\u201cTemos na equipe artistas, escultores, inventores e atletas premiados. O Samuel representa esse talento e essa diversidade que enriquece a nossa secretaria\u201d, destacou o secret\u00e1rio da Semulsp, Sab\u00e1 Reis, que fez quest\u00e3o de parabenizar o servidor pela determina\u00e7\u00e3o e pelas conquistas. Ao lado do subsecret\u00e1rio de Gest\u00e3o, Altevi Moreira, o secret\u00e1rio refor\u00e7ou que o apoio a hist\u00f3rias como a de Samuel \u00e9 parte da miss\u00e3o de valorizar quem veste a camisa da Semulsp, dentro e fora do expediente.<br><br><strong>Trajet\u00f3ria que inspira<\/strong><br><br>Servidor desde 2020, Samuel come\u00e7ou como gari, fun\u00e7\u00e3o que exerceu por dois anos, at\u00e9 ser promovido a fiscal de equipe. Fora das ruas, sua paix\u00e3o \u00e9 o jiu-j\u00edtsu, esporte que pratica desde 2012. Ap\u00f3s um per\u00edodo afastado, voltou a treinar com disciplina e, em apenas tr\u00eas meses, conquistou dois t\u00edtulos de peso: a Copa Am\u00e9rica e a Copa do Encontro das \u00c1guas, disputadas no gin\u00e1sio Ninimberg Guerra, no bairro S\u00e3o Jorge, e no gin\u00e1sio Amadeu Teixeira.<br><br>O pr\u00f3ximo desafio j\u00e1 est\u00e1 marcado: no dia 17 de agosto, data de seu anivers\u00e1rio de 27 anos, Samuel volta ao Amadeu Teixeira para disputar a Super Copa Social e buscar mais um t\u00edtulo.<br><br><strong>Orgulho coletivo<br><\/strong><br>O encontro desta quinta-feira n\u00e3o celebrou apenas as medalhas, mas a mensagem por tr\u00e1s delas: a de que a Semulsp \u00e9 formada por pessoas que carregam m\u00faltiplos talentos e hist\u00f3rias de supera\u00e7\u00e3o. Entre varri\u00e7\u00f5es, esculturas e inven\u00e7\u00f5es, tamb\u00e9m h\u00e1 campe\u00f5es nos tatames, como Samuel.<br><br>Sua jornada \u00e9 um lembrete poderoso de que, com disciplina e apoio, \u00e9 poss\u00edvel transformar a pr\u00f3pria vida e inspirar outras. \u201cSe eu consegui, qualquer um pode. Basta acreditar, se dedicar e n\u00e3o desistir\u201d, afirma o atleta.<br><br>\u2014 \u2014 \u2014<br><strong>Texto &#8211;<\/strong> Dora Tupinamb\u00e1 \/Semulsp<br><strong>Fotos &#8211; <\/strong>Divulga\u00e7\u00e3o\/Semulsp e Arquivo pessoal do atleta<\/p>\n","protected":false},"excerpt":{"rendered":"","protected":false},"author":68,"featured_media":243764,"comment_status":"closed","ping_status":"closed","sticky":false,"template":"","format":"standard","meta":{"footnotes":""},"categories":[166],"tags":[16291,77,301],"acf":[],"yoast_head":"<!-- This site is optimized with the Yoast SEO plugin v23.0 - https:\/\/yoast.com\/wordpress\/plugins\/seo\/ -->\n<title>Fiscal da prefeitura e atleta de jiu-j\u00edtsu conquista t\u00edtulos e vira s\u00edmbolo de supera\u00e7\u00e3o e talento entre os servidores<\/title>\n<meta name=\"description\" content=\"Nesta quinta-feira, 14\/8, o fiscal da Prefeitura de Manaus, que atua na Secretaria Municipal de Limpeza Urbana (Semulsp), Samuel da Silva Anchieta, de 26 anos, chegou \u00e0 sede trazendo nas m\u00e3os as medalhas conquistadas em suas \u00faltimas competi\u00e7\u00f5es de jiu-j\u00edtsu. O gesto foi um marco do reconhecimento da secretaria, por um de seus talentos que inspira n\u00e3o apenas colegas de trabalho, mas toda a juventude de Manaus.\" \/>\n<meta name=\"robots\" content=\"index, follow, max-snippet:-1, max-image-preview:large, max-video-preview:-1\" \/>\n<link rel=\"canonical\" href=\"https:\/\/www.manaus.am.gov.br\/semcom\/simbolo-de-superacao-e-talento\/\" \/>\n<meta property=\"og:locale\" content=\"pt_BR\" \/>\n<meta property=\"og:type\" content=\"article\" \/>\n<meta property=\"og:title\" content=\"Fiscal da prefeitura e atleta de jiu-j\u00edtsu conquista t\u00edtulos e vira s\u00edmbolo de supera\u00e7\u00e3o e talento entre os servidores\" \/>\n<meta property=\"og:description\" content=\"Nesta quinta-feira, 14\/8, o fiscal da Prefeitura de Manaus, que atua na Secretaria Municipal de Limpeza Urbana (Semulsp), Samuel da Silva Anchieta, de 26 anos, chegou \u00e0 sede trazendo nas m\u00e3os as medalhas conquistadas em suas \u00faltimas competi\u00e7\u00f5es de jiu-j\u00edtsu. O gesto foi um marco do reconhecimento da secretaria, por um de seus talentos que inspira n\u00e3o apenas colegas de trabalho, mas toda a juventude de Manaus.\" \/>\n<meta property=\"og:url\" content=\"https:\/\/www.manaus.am.gov.br\/semcom\/simbolo-de-superacao-e-talento\/\" \/>\n<meta property=\"og:site_name\" content=\"SEMCOM\" \/>\n<meta property=\"article:published_time\" content=\"2025-08-14T20:53:31+00:00\" \/>\n<meta property=\"article:modified_time\" content=\"2025-08-14T20:53:32+00:00\" \/>\n<meta property=\"og:image\" content=\"https:\/\/www.manaus.am.gov.br\/semcom\/wp-content\/uploads\/sites\/5\/2025\/08\/WhatsApp-Image-2025-08-14-at-13.55.29.jpeg\" \/>\n\t<meta property=\"og:image:width\" content=\"1280\" \/>\n\t<meta property=\"og:image:height\" content=\"960\" \/>\n\t<meta property=\"og:image:type\" content=\"image\/jpeg\" \/>\n<meta name=\"author\" content=\"bvalente\" \/>\n<meta name=\"twitter:card\" content=\"summary_large_image\" \/>\n<meta name=\"twitter:label1\" content=\"Written by\" \/>\n\t<meta name=\"twitter:data1\" content=\"bvalente\" \/>\n\t<meta name=\"twitter:label2\" content=\"Est. reading time\" \/>\n\t<meta name=\"twitter:data2\" content=\"3 minutos\" \/>\n<script type=\"application\/ld+json\" class=\"yoast-schema-graph\">{\"@context\":\"https:\/\/schema.org\",\"@graph\":[{\"@type\":\"WebPage\",\"@id\":\"https:\/\/www.manaus.am.gov.br\/semcom\/simbolo-de-superacao-e-talento\/\",\"url\":\"https:\/\/www.manaus.am.gov.br\/semcom\/simbolo-de-superacao-e-talento\/\",\"name\":\"Fiscal da prefeitura e atleta de jiu-j\u00edtsu conquista t\u00edtulos e vira s\u00edmbolo de supera\u00e7\u00e3o e talento entre os servidores\",\"isPartOf\":{\"@id\":\"https:\/\/www.manaus.am.gov.br\/semcom\/#website\"},\"primaryImageOfPage\":{\"@id\":\"https:\/\/www.manaus.am.gov.br\/semcom\/simbolo-de-superacao-e-talento\/#primaryimage\"},\"image\":{\"@id\":\"https:\/\/www.manaus.am.gov.br\/semcom\/simbolo-de-superacao-e-talento\/#primaryimage\"},\"thumbnailUrl\":\"https:\/\/www.manaus.am.gov.br\/semcom\/wp-content\/uploads\/sites\/5\/2025\/08\/WhatsApp-Image-2025-08-14-at-13.55.29.jpeg\",\"datePublished\":\"2025-08-14T20:53:31+00:00\",\"dateModified\":\"2025-08-14T20:53:32+00:00\",\"author\":{\"@id\":\"https:\/\/www.manaus.am.gov.br\/semcom\/#\/schema\/person\/466a0e03ae4b6062809046bd560ac955\"},\"description\":\"Nesta quinta-feira, 14\/8, o fiscal da Prefeitura de Manaus, que atua na Secretaria Municipal de Limpeza Urbana (Semulsp), Samuel da Silva Anchieta, de 26 anos, chegou \u00e0 sede trazendo nas m\u00e3os as medalhas conquistadas em suas \u00faltimas competi\u00e7\u00f5es de jiu-j\u00edtsu. O gesto foi um marco do reconhecimento da secretaria, por um de seus talentos que inspira n\u00e3o apenas colegas de trabalho, mas toda a juventude de Manaus.\",\"inLanguage\":\"pt-BR\",\"potentialAction\":[{\"@type\":\"ReadAction\",\"target\":[\"https:\/\/www.manaus.am.gov.br\/semcom\/simbolo-de-superacao-e-talento\/\"]}]},{\"@type\":\"ImageObject\",\"inLanguage\":\"pt-BR\",\"@id\":\"https:\/\/www.manaus.am.gov.br\/semcom\/simbolo-de-superacao-e-talento\/#primaryimage\",\"url\":\"https:\/\/www.manaus.am.gov.br\/semcom\/wp-content\/uploads\/sites\/5\/2025\/08\/WhatsApp-Image-2025-08-14-at-13.55.29.jpeg\",\"contentUrl\":\"https:\/\/www.manaus.am.gov.br\/semcom\/wp-content\/uploads\/sites\/5\/2025\/08\/WhatsApp-Image-2025-08-14-at-13.55.29.jpeg\",\"width\":1280,\"height\":960},{\"@type\":\"WebSite\",\"@id\":\"https:\/\/www.manaus.am.gov.br\/semcom\/#website\",\"url\":\"https:\/\/www.manaus.am.gov.br\/semcom\/\",\"name\":\"SEMCOM\",\"description\":\"Secretaria Municipal de Comunica\u00e7\u00e3o\",\"potentialAction\":[{\"@type\":\"SearchAction\",\"target\":{\"@type\":\"EntryPoint\",\"urlTemplate\":\"https:\/\/www.manaus.am.gov.br\/semcom\/?s={search_term_string}\"},\"query-input\":\"required name=search_term_string\"}],\"inLanguage\":\"pt-BR\"},{\"@type\":\"Person\",\"@id\":\"https:\/\/www.manaus.am.gov.br\/semcom\/#\/schema\/person\/466a0e03ae4b6062809046bd560ac955\",\"name\":\"bvalente\",\"image\":{\"@type\":\"ImageObject\",\"inLanguage\":\"pt-BR\",\"@id\":\"https:\/\/www.manaus.am.gov.br\/semcom\/#\/schema\/person\/image\/\",\"url\":\"https:\/\/secure.gravatar.com\/avatar\/3e69bc2b014bdad41adfec3a39de07d2?s=96&d=mm&r=g\",\"contentUrl\":\"https:\/\/secure.gravatar.com\/avatar\/3e69bc2b014bdad41adfec3a39de07d2?s=96&d=mm&r=g\",\"caption\":\"bvalente\"}}]}<\/script>\n<!-- \/ Yoast SEO plugin. -->","yoast_head_json":{"title":"Fiscal da prefeitura e atleta de jiu-j\u00edtsu conquista t\u00edtulos e vira s\u00edmbolo de supera\u00e7\u00e3o e talento entre os servidores","description":"Nesta quinta-feira, 14\/8, o fiscal da Prefeitura de Manaus, que atua na Secretaria Municipal de Limpeza Urbana (Semulsp), Samuel da Silva Anchieta, de 26 anos, chegou \u00e0 sede trazendo nas m\u00e3os as medalhas conquistadas em suas \u00faltimas competi\u00e7\u00f5es de jiu-j\u00edtsu. O gesto foi um marco do reconhecimento da secretaria, por um de seus talentos que inspira n\u00e3o apenas colegas de trabalho, mas toda a juventude de Manaus.","robots":{"index":"index","follow":"follow","max-snippet":"max-snippet:-1","max-image-preview":"max-image-preview:large","max-video-preview":"max-video-preview:-1"},"canonical":"https:\/\/www.manaus.am.gov.br\/semcom\/simbolo-de-superacao-e-talento\/","og_locale":"pt_BR","og_type":"article","og_title":"Fiscal da prefeitura e atleta de jiu-j\u00edtsu conquista t\u00edtulos e vira s\u00edmbolo de supera\u00e7\u00e3o e talento entre os servidores","og_description":"Nesta quinta-feira, 14\/8, o fiscal da Prefeitura de Manaus, que atua na Secretaria Municipal de Limpeza Urbana (Semulsp), Samuel da Silva Anchieta, de 26 anos, chegou \u00e0 sede trazendo nas m\u00e3os as medalhas conquistadas em suas \u00faltimas competi\u00e7\u00f5es de jiu-j\u00edtsu. O gesto foi um marco do reconhecimento da secretaria, por um de seus talentos que inspira n\u00e3o apenas colegas de trabalho, mas toda a juventude de Manaus.","og_url":"https:\/\/www.manaus.am.gov.br\/semcom\/simbolo-de-superacao-e-talento\/","og_site_name":"SEMCOM","article_published_time":"2025-08-14T20:53:31+00:00","article_modified_time":"2025-08-14T20:53:32+00:00","og_image":[{"width":1280,"height":960,"url":"https:\/\/www.manaus.am.gov.br\/semcom\/wp-content\/uploads\/sites\/5\/2025\/08\/WhatsApp-Image-2025-08-14-at-13.55.29.jpeg","type":"image\/jpeg"}],"author":"bvalente","twitter_card":"summary_large_image","twitter_misc":{"Written by":"bvalente","Est. reading time":"3 minutos"},"schema":{"@context":"https:\/\/schema.org","@graph":[{"@type":"WebPage","@id":"https:\/\/www.manaus.am.gov.br\/semcom\/simbolo-de-superacao-e-talento\/","url":"https:\/\/www.manaus.am.gov.br\/semcom\/simbolo-de-superacao-e-talento\/","name":"Fiscal da prefeitura e atleta de jiu-j\u00edtsu conquista t\u00edtulos e vira s\u00edmbolo de supera\u00e7\u00e3o e talento entre os servidores","isPartOf":{"@id":"https:\/\/www.manaus.am.gov.br\/semcom\/#website"},"primaryImageOfPage":{"@id":"https:\/\/www.manaus.am.gov.br\/semcom\/simbolo-de-superacao-e-talento\/#primaryimage"},"image":{"@id":"https:\/\/www.manaus.am.gov.br\/semcom\/simbolo-de-superacao-e-talento\/#primaryimage"},"thumbnailUrl":"https:\/\/www.manaus.am.gov.br\/semcom\/wp-content\/uploads\/sites\/5\/2025\/08\/WhatsApp-Image-2025-08-14-at-13.55.29.jpeg","datePublished":"2025-08-14T20:53:31+00:00","dateModified":"2025-08-14T20:53:32+00:00","author":{"@id":"https:\/\/www.manaus.am.gov.br\/semcom\/#\/schema\/person\/466a0e03ae4b6062809046bd560ac955"},"description":"Nesta quinta-feira, 14\/8, o fiscal da Prefeitura de Manaus, que atua na Secretaria Municipal de Limpeza Urbana (Semulsp), Samuel da Silva Anchieta, de 26 anos, chegou \u00e0 sede trazendo nas m\u00e3os as medalhas conquistadas em suas \u00faltimas competi\u00e7\u00f5es de jiu-j\u00edtsu. O gesto foi um marco do reconhecimento da secretaria, por um de seus talentos que inspira n\u00e3o apenas colegas de trabalho, mas toda a juventude de Manaus.","inLanguage":"pt-BR","potentialAction":[{"@type":"ReadAction","target":["https:\/\/www.manaus.am.gov.br\/semcom\/simbolo-de-superacao-e-talento\/"]}]},{"@type":"ImageObject","inLanguage":"pt-BR","@id":"https:\/\/www.manaus.am.gov.br\/semcom\/simbolo-de-superacao-e-talento\/#primaryimage","url":"https:\/\/www.manaus.am.gov.br\/semcom\/wp-content\/uploads\/sites\/5\/2025\/08\/WhatsApp-Image-2025-08-14-at-13.55.29.jpeg","contentUrl":"https:\/\/www.manaus.am.gov.br\/semcom\/wp-content\/uploads\/sites\/5\/2025\/08\/WhatsApp-Image-2025-08-14-at-13.55.29.jpeg","width":1280,"height":960},{"@type":"WebSite","@id":"https:\/\/www.manaus.am.gov.br\/semcom\/#website","url":"https:\/\/www.manaus.am.gov.br\/semcom\/","name":"SEMCOM","description":"Secretaria Municipal de Comunica\u00e7\u00e3o","potentialAction":[{"@type":"SearchAction","target":{"@type":"EntryPoint","urlTemplate":"https:\/\/www.manaus.am.gov.br\/semcom\/?s={search_term_string}"},"query-input":"required name=search_term_string"}],"inLanguage":"pt-BR"},{"@type":"Person","@id":"https:\/\/www.manaus.am.gov.br\/semcom\/#\/schema\/person\/466a0e03ae4b6062809046bd560ac955","name":"bvalente","image":{"@type":"ImageObject","inLanguage":"pt-BR","@id":"https:\/\/www.manaus.am.gov.br\/semcom\/#\/schema\/person\/image\/","url":"https:\/\/secure.gravatar.com\/avatar\/3e69bc2b014bdad41adfec3a39de07d2?s=96&d=mm&r=g","contentUrl":"https:\/\/secure.gravatar.com\/avatar\/3e69bc2b014bdad41adfec3a39de07d2?s=96&d=mm&r=g","caption":"bvalente"}}]}},"_links":{"self":[{"href":"https:\/\/www.manaus.am.gov.br\/semcom\/wp-json\/wp\/v2\/posts\/243763"}],"collection":[{"href":"https:\/\/www.manaus.am.gov.br\/semcom\/wp-json\/wp\/v2\/posts"}],"about":[{"href":"https:\/\/www.manaus.am.gov.br\/semcom\/wp-json\/wp\/v2\/types\/post"}],"author":[{"embeddable":true,"href":"https:\/\/www.manaus.am.gov.br\/semcom\/wp-json\/wp\/v2\/users\/68"}],"replies":[{"embeddable":true,"href":"https:\/\/www.manaus.am.gov.br\/semcom\/wp-json\/wp\/v2\/comments?post=243763"}],"version-history":[{"count":0,"href":"https:\/\/www.manaus.am.gov.br\/semcom\/wp-json\/wp\/v2\/posts\/243763\/revisions"}],"wp:featuredmedia":[{"embeddable":true,"href":"https:\/\/www.manaus.am.gov.br\/semcom\/wp-json\/wp\/v2\/media\/243764"}],"wp:attachment":[{"href":"https:\/\/www.manaus.am.gov.br\/semcom\/wp-json\/wp\/v2\/media?parent=243763"}],"wp:term":[{"taxonomy":"category","embeddable":true,"href":"https:\/\/www.manaus.am.gov.br\/semcom\/wp-json\/wp\/v2\/categories?post=243763"},{"taxonomy":"post_tag","embeddable":true,"href":"https:\/\/www.manaus.am.gov.br\/semcom\/wp-json\/wp\/v2\/tags?post=243763"}],"curies":[{"name":"wp","href":"https:\/\/api.w.org\/{rel}","templated":true}]}}