{"id":243681,"date":"2025-08-13T19:42:18","date_gmt":"2025-08-13T22:42:18","guid":{"rendered":"https:\/\/www.manaus.am.gov.br\/semcom\/programa-de-integridade\/"},"modified":"2025-08-13T19:42:19","modified_gmt":"2025-08-13T22:42:19","slug":"programa-de-integridade","status":"publish","type":"post","link":"https:\/\/www.manaus.am.gov.br\/semcom\/programa-de-integridade\/","title":{"rendered":"Prefeitura de Manaus vai apresentar pr\u00e1ticas de sucesso do Programa de Integridade no maior evento de compliance das Am\u00e9ricas"},"content":{"rendered":"\n<p>A Prefeitura de Manaus teve tr\u00eas Boas Pr\u00e1ticas do Programa de Integridade do munic\u00edpio selecionadas para serem apresentadas como destaques na \u201cExpo Compliance 2025\u201d, maior evento de integridade corporativa das Am\u00e9ricas, que ser\u00e1 realizado em S\u00e3o Paulo (SP), entre os dias 26 e 28\/8. Os projetos foram submetidos pela Controladoria-Geral do Munic\u00edpio (CGM), \u00f3rg\u00e3o respons\u00e1vel pela implanta\u00e7\u00e3o do Programa de Integridade e Compliance Municipal.<\/p>\n\n\n\n<p>Os projetos se referem: \u00e0 evolu\u00e7\u00e3o do Programa de Integridade e Compliance, tratando-se de um esfor\u00e7o abrangente para fortalecer a integridade e a transpar\u00eancia; estabelecer um Sistema de Gest\u00e3o de Riscos para mitigar amea\u00e7as \u00e0 probidade e desenvolver manuais para preven\u00e7\u00e3o ao ass\u00e9dio. Paralelamente ao Programa, a prefeitura reestruturou seus processos para garantir a conformidade com a Lei Geral de Prote\u00e7\u00e3o de Dados (LGPD), assegurando a prote\u00e7\u00e3o de informa\u00e7\u00f5es sens\u00edveis dos servidores e cidad\u00e3os, demonstrando seu compromisso com uma gest\u00e3o p\u00fablica \u00e9tica e moderna.<\/p>\n\n\n\n<p>O controlador-geral do munic\u00edpio, Alessandro Moreira, disse que a gest\u00e3o do prefeito David Almeida desde o in\u00edcio investe no aperfei\u00e7oamento das pr\u00e1ticas de governan\u00e7a, com avan\u00e7os significativos.<\/p>\n\n\n\n<p>\u201cPara n\u00f3s, \u00e9 um reconhecimento que estamos fazendo a coisa certa. Que o trabalho \u00e9 frut\u00edfero e est\u00e1 dando certo. Este reconhecimento n\u00e3o se restringe \u00e0 CGM, mas prov\u00e9m, principalmente, do apoio do prefeito ao programa de integridade e do entendimento do secretariado sobre a import\u00e2ncia de disseminar esses conceitos em seus \u00f3rg\u00e3os\u201d, enfatizou o controlador.<\/p>\n\n\n\n<p>As tr\u00eas pr\u00e1ticas de governan\u00e7a e compliance ser\u00e3o apresentadas pelo Chefe de Divis\u00e3o de Integridade e Compliance da CGM, Joabe Riker. Ele afirma que a experi\u00eancia ser\u00e1 uma oportunidade para a prefeitura compartilhar seus cases de sucesso, como tamb\u00e9m, aprender outras boas pr\u00e1ticas e implement\u00e1-las em Manaus.<\/p>\n\n\n\n<p>\u201c\u00c9 muito importante participar desses eventos, levar o nome da prefeitura, levar o nome da CGM e aprender, n\u00e3o s\u00f3 ensinar, porque eu creio que vou passar a nossa experi\u00eancia, os nossos casos de sucesso, as nossas boas pr\u00e1ticas para as pessoas que estiverem l\u00e1 assistindo ao congresso, mas eu tamb\u00e9m quero aprender muito para poder aprimorar ainda mais todo esse sistema que o qual j\u00e1 estamos trabalhando aqui na Prefeitura de Manaus\u201d, afirma.<\/p>\n\n\n\n<p>O Programa de Integridade e Compliance da Prefeitura de Manaus come\u00e7ou em 2022, com a edi\u00e7\u00e3o dos Decretos Municipais n\u00ba 5.436, 5.437 e 5.438, criando as bases legais para a nova pol\u00edtica de governan\u00e7a. Desde ent\u00e3o, foram constitu\u00eddas as Equipes T\u00e9cnicas de Integridade e Compliance (ETICo), o Comit\u00ea de Governan\u00e7a P\u00fablica (CGov), modernizada a Ouvidoria-Geral e elaborados manuais de gest\u00e3o de riscos e \u00edndices de integridade.<\/p>\n\n\n\n<p>\u2014 \u2014 \u2014<br><strong>Texto \u2013<\/strong> Geraldo Farias\/Semcom<br><strong>Fotos \u2013<\/strong> Antonio Pereira\/Semcom<br><strong>Dispon\u00edveis em &#8211;<\/strong> <a href=\"https:\/\/flic.kr\/s\/aHBqjCqHcb\">https:\/\/flic.kr\/s\/aHBqjCqHcb<\/a>\u00a0<\/p>\n","protected":false},"excerpt":{"rendered":"","protected":false},"author":68,"featured_media":243682,"comment_status":"closed","ping_status":"closed","sticky":false,"template":"","format":"standard","meta":{"footnotes":""},"categories":[636],"tags":[77,16263],"acf":[],"yoast_head":"<!-- This site is optimized with the Yoast SEO plugin v23.0 - https:\/\/yoast.com\/wordpress\/plugins\/seo\/ -->\n<title>Prefeitura de Manaus vai apresentar pr\u00e1ticas de sucesso do Programa de Integridade no maior evento de compliance das Am\u00e9ricas<\/title>\n<meta name=\"description\" content=\"A Prefeitura de Manaus teve tr\u00eas Boas Pr\u00e1ticas do Programa de Integridade do munic\u00edpio selecionadas para serem apresentadas como destaques na \u201cExpo Compliance 2025\u201d, maior evento de integridade corporativa das Am\u00e9ricas, que ser\u00e1 realizado em S\u00e3o Paulo (SP), entre os dias 26 e 28\/8.\" \/>\n<meta name=\"robots\" content=\"index, follow, max-snippet:-1, max-image-preview:large, max-video-preview:-1\" \/>\n<link rel=\"canonical\" href=\"https:\/\/www.manaus.am.gov.br\/semcom\/programa-de-integridade\/\" \/>\n<meta property=\"og:locale\" content=\"pt_BR\" \/>\n<meta property=\"og:type\" content=\"article\" \/>\n<meta property=\"og:title\" content=\"Prefeitura de Manaus vai apresentar pr\u00e1ticas de sucesso do Programa de Integridade no maior evento de compliance das Am\u00e9ricas\" \/>\n<meta property=\"og:description\" content=\"A Prefeitura de Manaus teve tr\u00eas Boas Pr\u00e1ticas do Programa de Integridade do munic\u00edpio selecionadas para serem apresentadas como destaques na \u201cExpo Compliance 2025\u201d, maior evento de integridade corporativa das Am\u00e9ricas, que ser\u00e1 realizado em S\u00e3o Paulo (SP), entre os dias 26 e 28\/8.\" \/>\n<meta property=\"og:url\" content=\"https:\/\/www.manaus.am.gov.br\/semcom\/programa-de-integridade\/\" \/>\n<meta property=\"og:site_name\" content=\"SEMCOM\" \/>\n<meta property=\"article:published_time\" content=\"2025-08-13T22:42:18+00:00\" \/>\n<meta property=\"article:modified_time\" content=\"2025-08-13T22:42:19+00:00\" \/>\n<meta property=\"og:image\" content=\"https:\/\/www.manaus.am.gov.br\/semcom\/wp-content\/uploads\/sites\/5\/2025\/08\/WhatsApp-Image-2025-08-13-at-18.33.59.jpeg\" \/>\n\t<meta property=\"og:image:width\" content=\"1600\" \/>\n\t<meta property=\"og:image:height\" content=\"1066\" \/>\n\t<meta property=\"og:image:type\" content=\"image\/jpeg\" \/>\n<meta name=\"author\" content=\"bvalente\" \/>\n<meta name=\"twitter:card\" content=\"summary_large_image\" \/>\n<meta name=\"twitter:label1\" content=\"Written by\" \/>\n\t<meta name=\"twitter:data1\" content=\"bvalente\" \/>\n\t<meta name=\"twitter:label2\" content=\"Est. reading time\" \/>\n\t<meta name=\"twitter:data2\" content=\"3 minutos\" \/>\n<script type=\"application\/ld+json\" class=\"yoast-schema-graph\">{\"@context\":\"https:\/\/schema.org\",\"@graph\":[{\"@type\":\"WebPage\",\"@id\":\"https:\/\/www.manaus.am.gov.br\/semcom\/programa-de-integridade\/\",\"url\":\"https:\/\/www.manaus.am.gov.br\/semcom\/programa-de-integridade\/\",\"name\":\"Prefeitura de Manaus vai apresentar pr\u00e1ticas de sucesso do Programa de Integridade no maior evento de compliance das Am\u00e9ricas\",\"isPartOf\":{\"@id\":\"https:\/\/www.manaus.am.gov.br\/semcom\/#website\"},\"primaryImageOfPage\":{\"@id\":\"https:\/\/www.manaus.am.gov.br\/semcom\/programa-de-integridade\/#primaryimage\"},\"image\":{\"@id\":\"https:\/\/www.manaus.am.gov.br\/semcom\/programa-de-integridade\/#primaryimage\"},\"thumbnailUrl\":\"https:\/\/www.manaus.am.gov.br\/semcom\/wp-content\/uploads\/sites\/5\/2025\/08\/WhatsApp-Image-2025-08-13-at-18.33.59.jpeg\",\"datePublished\":\"2025-08-13T22:42:18+00:00\",\"dateModified\":\"2025-08-13T22:42:19+00:00\",\"author\":{\"@id\":\"https:\/\/www.manaus.am.gov.br\/semcom\/#\/schema\/person\/466a0e03ae4b6062809046bd560ac955\"},\"description\":\"A Prefeitura de Manaus teve tr\u00eas Boas Pr\u00e1ticas do Programa de Integridade do munic\u00edpio selecionadas para serem apresentadas como destaques na \u201cExpo Compliance 2025\u201d, maior evento de integridade corporativa das Am\u00e9ricas, que ser\u00e1 realizado em S\u00e3o Paulo (SP), entre os dias 26 e 28\/8.\",\"inLanguage\":\"pt-BR\",\"potentialAction\":[{\"@type\":\"ReadAction\",\"target\":[\"https:\/\/www.manaus.am.gov.br\/semcom\/programa-de-integridade\/\"]}]},{\"@type\":\"ImageObject\",\"inLanguage\":\"pt-BR\",\"@id\":\"https:\/\/www.manaus.am.gov.br\/semcom\/programa-de-integridade\/#primaryimage\",\"url\":\"https:\/\/www.manaus.am.gov.br\/semcom\/wp-content\/uploads\/sites\/5\/2025\/08\/WhatsApp-Image-2025-08-13-at-18.33.59.jpeg\",\"contentUrl\":\"https:\/\/www.manaus.am.gov.br\/semcom\/wp-content\/uploads\/sites\/5\/2025\/08\/WhatsApp-Image-2025-08-13-at-18.33.59.jpeg\",\"width\":1600,\"height\":1066},{\"@type\":\"WebSite\",\"@id\":\"https:\/\/www.manaus.am.gov.br\/semcom\/#website\",\"url\":\"https:\/\/www.manaus.am.gov.br\/semcom\/\",\"name\":\"SEMCOM\",\"description\":\"Secretaria Municipal de Comunica\u00e7\u00e3o\",\"potentialAction\":[{\"@type\":\"SearchAction\",\"target\":{\"@type\":\"EntryPoint\",\"urlTemplate\":\"https:\/\/www.manaus.am.gov.br\/semcom\/?s={search_term_string}\"},\"query-input\":\"required name=search_term_string\"}],\"inLanguage\":\"pt-BR\"},{\"@type\":\"Person\",\"@id\":\"https:\/\/www.manaus.am.gov.br\/semcom\/#\/schema\/person\/466a0e03ae4b6062809046bd560ac955\",\"name\":\"bvalente\",\"image\":{\"@type\":\"ImageObject\",\"inLanguage\":\"pt-BR\",\"@id\":\"https:\/\/www.manaus.am.gov.br\/semcom\/#\/schema\/person\/image\/\",\"url\":\"https:\/\/secure.gravatar.com\/avatar\/3e69bc2b014bdad41adfec3a39de07d2?s=96&d=mm&r=g\",\"contentUrl\":\"https:\/\/secure.gravatar.com\/avatar\/3e69bc2b014bdad41adfec3a39de07d2?s=96&d=mm&r=g\",\"caption\":\"bvalente\"}}]}<\/script>\n<!-- \/ Yoast SEO plugin. -->","yoast_head_json":{"title":"Prefeitura de Manaus vai apresentar pr\u00e1ticas de sucesso do Programa de Integridade no maior evento de compliance das Am\u00e9ricas","description":"A Prefeitura de Manaus teve tr\u00eas Boas Pr\u00e1ticas do Programa de Integridade do munic\u00edpio selecionadas para serem apresentadas como destaques na \u201cExpo Compliance 2025\u201d, maior evento de integridade corporativa das Am\u00e9ricas, que ser\u00e1 realizado em S\u00e3o Paulo (SP), entre os dias 26 e 28\/8.","robots":{"index":"index","follow":"follow","max-snippet":"max-snippet:-1","max-image-preview":"max-image-preview:large","max-video-preview":"max-video-preview:-1"},"canonical":"https:\/\/www.manaus.am.gov.br\/semcom\/programa-de-integridade\/","og_locale":"pt_BR","og_type":"article","og_title":"Prefeitura de Manaus vai apresentar pr\u00e1ticas de sucesso do Programa de Integridade no maior evento de compliance das Am\u00e9ricas","og_description":"A Prefeitura de Manaus teve tr\u00eas Boas Pr\u00e1ticas do Programa de Integridade do munic\u00edpio selecionadas para serem apresentadas como destaques na \u201cExpo Compliance 2025\u201d, maior evento de integridade corporativa das Am\u00e9ricas, que ser\u00e1 realizado em S\u00e3o Paulo (SP), entre os dias 26 e 28\/8.","og_url":"https:\/\/www.manaus.am.gov.br\/semcom\/programa-de-integridade\/","og_site_name":"SEMCOM","article_published_time":"2025-08-13T22:42:18+00:00","article_modified_time":"2025-08-13T22:42:19+00:00","og_image":[{"width":1600,"height":1066,"url":"https:\/\/www.manaus.am.gov.br\/semcom\/wp-content\/uploads\/sites\/5\/2025\/08\/WhatsApp-Image-2025-08-13-at-18.33.59.jpeg","type":"image\/jpeg"}],"author":"bvalente","twitter_card":"summary_large_image","twitter_misc":{"Written by":"bvalente","Est. reading time":"3 minutos"},"schema":{"@context":"https:\/\/schema.org","@graph":[{"@type":"WebPage","@id":"https:\/\/www.manaus.am.gov.br\/semcom\/programa-de-integridade\/","url":"https:\/\/www.manaus.am.gov.br\/semcom\/programa-de-integridade\/","name":"Prefeitura de Manaus vai apresentar pr\u00e1ticas de sucesso do Programa de Integridade no maior evento de compliance das Am\u00e9ricas","isPartOf":{"@id":"https:\/\/www.manaus.am.gov.br\/semcom\/#website"},"primaryImageOfPage":{"@id":"https:\/\/www.manaus.am.gov.br\/semcom\/programa-de-integridade\/#primaryimage"},"image":{"@id":"https:\/\/www.manaus.am.gov.br\/semcom\/programa-de-integridade\/#primaryimage"},"thumbnailUrl":"https:\/\/www.manaus.am.gov.br\/semcom\/wp-content\/uploads\/sites\/5\/2025\/08\/WhatsApp-Image-2025-08-13-at-18.33.59.jpeg","datePublished":"2025-08-13T22:42:18+00:00","dateModified":"2025-08-13T22:42:19+00:00","author":{"@id":"https:\/\/www.manaus.am.gov.br\/semcom\/#\/schema\/person\/466a0e03ae4b6062809046bd560ac955"},"description":"A Prefeitura de Manaus teve tr\u00eas Boas Pr\u00e1ticas do Programa de Integridade do munic\u00edpio selecionadas para serem apresentadas como destaques na \u201cExpo Compliance 2025\u201d, maior evento de integridade corporativa das Am\u00e9ricas, que ser\u00e1 realizado em S\u00e3o Paulo (SP), entre os dias 26 e 28\/8.","inLanguage":"pt-BR","potentialAction":[{"@type":"ReadAction","target":["https:\/\/www.manaus.am.gov.br\/semcom\/programa-de-integridade\/"]}]},{"@type":"ImageObject","inLanguage":"pt-BR","@id":"https:\/\/www.manaus.am.gov.br\/semcom\/programa-de-integridade\/#primaryimage","url":"https:\/\/www.manaus.am.gov.br\/semcom\/wp-content\/uploads\/sites\/5\/2025\/08\/WhatsApp-Image-2025-08-13-at-18.33.59.jpeg","contentUrl":"https:\/\/www.manaus.am.gov.br\/semcom\/wp-content\/uploads\/sites\/5\/2025\/08\/WhatsApp-Image-2025-08-13-at-18.33.59.jpeg","width":1600,"height":1066},{"@type":"WebSite","@id":"https:\/\/www.manaus.am.gov.br\/semcom\/#website","url":"https:\/\/www.manaus.am.gov.br\/semcom\/","name":"SEMCOM","description":"Secretaria Municipal de Comunica\u00e7\u00e3o","potentialAction":[{"@type":"SearchAction","target":{"@type":"EntryPoint","urlTemplate":"https:\/\/www.manaus.am.gov.br\/semcom\/?s={search_term_string}"},"query-input":"required name=search_term_string"}],"inLanguage":"pt-BR"},{"@type":"Person","@id":"https:\/\/www.manaus.am.gov.br\/semcom\/#\/schema\/person\/466a0e03ae4b6062809046bd560ac955","name":"bvalente","image":{"@type":"ImageObject","inLanguage":"pt-BR","@id":"https:\/\/www.manaus.am.gov.br\/semcom\/#\/schema\/person\/image\/","url":"https:\/\/secure.gravatar.com\/avatar\/3e69bc2b014bdad41adfec3a39de07d2?s=96&d=mm&r=g","contentUrl":"https:\/\/secure.gravatar.com\/avatar\/3e69bc2b014bdad41adfec3a39de07d2?s=96&d=mm&r=g","caption":"bvalente"}}]}},"_links":{"self":[{"href":"https:\/\/www.manaus.am.gov.br\/semcom\/wp-json\/wp\/v2\/posts\/243681"}],"collection":[{"href":"https:\/\/www.manaus.am.gov.br\/semcom\/wp-json\/wp\/v2\/posts"}],"about":[{"href":"https:\/\/www.manaus.am.gov.br\/semcom\/wp-json\/wp\/v2\/types\/post"}],"author":[{"embeddable":true,"href":"https:\/\/www.manaus.am.gov.br\/semcom\/wp-json\/wp\/v2\/users\/68"}],"replies":[{"embeddable":true,"href":"https:\/\/www.manaus.am.gov.br\/semcom\/wp-json\/wp\/v2\/comments?post=243681"}],"version-history":[{"count":0,"href":"https:\/\/www.manaus.am.gov.br\/semcom\/wp-json\/wp\/v2\/posts\/243681\/revisions"}],"wp:featuredmedia":[{"embeddable":true,"href":"https:\/\/www.manaus.am.gov.br\/semcom\/wp-json\/wp\/v2\/media\/243682"}],"wp:attachment":[{"href":"https:\/\/www.manaus.am.gov.br\/semcom\/wp-json\/wp\/v2\/media?parent=243681"}],"wp:term":[{"taxonomy":"category","embeddable":true,"href":"https:\/\/www.manaus.am.gov.br\/semcom\/wp-json\/wp\/v2\/categories?post=243681"},{"taxonomy":"post_tag","embeddable":true,"href":"https:\/\/www.manaus.am.gov.br\/semcom\/wp-json\/wp\/v2\/tags?post=243681"}],"curies":[{"name":"wp","href":"https:\/\/api.w.org\/{rel}","templated":true}]}}