{"id":243639,"date":"2025-08-13T15:45:16","date_gmt":"2025-08-13T18:45:16","guid":{"rendered":"https:\/\/www.manaus.am.gov.br\/semcom\/prefeitura-semad-reuniaoies\/"},"modified":"2025-08-13T15:45:17","modified_gmt":"2025-08-13T18:45:17","slug":"prefeitura-semad-reuniaoies","status":"publish","type":"post","link":"https:\/\/www.manaus.am.gov.br\/semcom\/prefeitura-semad-reuniaoies\/","title":{"rendered":"Prefeitura de Manaus realiza reuni\u00e3o de alinhamento com institui\u00e7\u00f5es de ensino superior para a oferta de bolsas de estudos para gradua\u00e7\u00e3o"},"content":{"rendered":"\n<p>A Prefeitura de Manaus lan\u00e7a, na segunda quinzena do m\u00eas de setembro, o edital do Programa Bolsa Universidade (PBU) 2026, para a concess\u00e3o de bolsas de estudos para gradua\u00e7\u00e3o, com descontos que variam entre 50%, 75% e 100% (integrais), nas&nbsp;modalidades&nbsp;\u201ccom isen\u00e7\u00e3o de tributos\u201d e \u201csem isen\u00e7\u00e3o de tributos\u201d (de forma&nbsp;volunt\u00e1ria),&nbsp;em Institui\u00e7\u00f5es de Ensino Superior (IES) sediadas na capital amazonense. O programa contempla pessoas residentes em Manaus, com renda familiar per capita n\u00e3o superior a um sal\u00e1rio m\u00ednimo e meio.<\/p>\n\n\n\n<p>O primeiro passo foi a realiza\u00e7\u00e3o, na manh\u00e3 desta quarta-feira, 13\/8, pela Escola de Servi\u00e7o P\u00fablico Municipal e Inclus\u00e3o Socioeducacional (Espi), vinculada \u00e0 Secretaria Municipal de Administra\u00e7\u00e3o, Planejamento e Gest\u00e3o (Semad), de reuni\u00e3o de alinhamento com representantes das IES, dos procedimentos de credenciamento e apresenta\u00e7\u00e3o do cronograma do programa.<\/p>\n\n\n\n<p>Representando a Semad, o subsecret\u00e1rio de Gest\u00e3o de Processos, Alessandro Ribeiro, destacou a parceria entre a prefeitura e as institui\u00e7\u00f5es. \u201cEm nome do prefeito David Almeida,&nbsp; agradecemos&nbsp;a voc\u00eas pela parceria nesse programa bem-sucedido para o qual buscamos sempre aumentar a oferta de bolsas, para que possamos beneficiar um n\u00famero cada vez maior de pessoas\u201d, afirmou o gestor.<\/p>\n\n\n\n<p>De acordo com o Edital&nbsp;de&nbsp;Chamamento&nbsp;P\u00fablico&nbsp;n.\u00ba&nbsp;05\/2025&nbsp;\u2013&nbsp;Espi\/Semad, lan\u00e7ado no dia 11 de agosto, as institui\u00e7\u00f5es dever\u00e3o formalizar a&nbsp; ades\u00e3o e oferta de bolsas&nbsp;para&nbsp;cursos&nbsp;e&nbsp;turnos&nbsp;do&nbsp;Programa&nbsp;Bolsa&nbsp;Universidade (PBU), por meio de credenciamento junto \u00e0 Espi, no per\u00edodo de 18 a 22\/8, das 8h \u00e0s 14h, na sede da escola, na avenida Compensa, n\u00ba 770, Vila da Prata, zona Oeste da cidade.<\/p>\n\n\n\n<p>\u201cTenho o maior prazer em dar in\u00edcio a mais esse processo do Bolsa Universidade, o maior dos tr\u00eas programas de inclus\u00e3o socioeducacional da prefeitura. Com certeza teremos muito trabalho pela frente, mas todo o esfor\u00e7o ser\u00e1 no sentido de oferecermos o melhor ao nosso p\u00fablico final, que s\u00e3o os candidatos a uma bolsa de estudos que vai possibilitar a conquista de uma gradua\u00e7\u00e3o\u201d, disse o diretor-geral da Espi, Aurilex Moreira.<\/p>\n\n\n\n<p>O programa de inclus\u00e3o socioeducacional da prefeitura abrange, ainda, o Bolsa P\u00f3s-Gradua\u00e7\u00e3o, que disponibiliza bolsas para cursos de especializa\u00e7\u00e3o&nbsp;<em>lato sensu<\/em>, na modalidade de ensino presencial, e o Bolsa Idiomas, que possibilita o acesso ao estudo de uma l\u00edngua estrangeira em escolas particulares, todos com descontos.<\/p>\n\n\n\n<p>&#8212; &#8212; &#8212;<\/p>\n\n\n\n<p><strong>Texto\u00a0<\/strong>\u2013 Sandra Monteiro \/ Semad-Espi<\/p>\n\n\n\n<p><strong>Fotos\u00a0 <\/strong>&#8211; Divulga\u00e7\u00e3o \/ Semad-Espi<\/p>\n","protected":false},"excerpt":{"rendered":"","protected":false},"author":23,"featured_media":243640,"comment_status":"closed","ping_status":"closed","sticky":false,"template":"","format":"standard","meta":{"footnotes":""},"categories":[3051],"tags":[16246,77,7939,832,838,12728],"acf":[],"yoast_head":"<!-- This site is optimized with the Yoast SEO plugin v23.0 - https:\/\/yoast.com\/wordpress\/plugins\/seo\/ -->\n<title>Prefeitura de Manaus realiza reuni\u00e3o de alinhamento com institui\u00e7\u00f5es de ensino superior para a oferta de bolsas de estudos para gradua\u00e7\u00e3o<\/title>\n<meta name=\"description\" content=\"A Prefeitura de Manaus lan\u00e7a, na segunda quinzena do m\u00eas de setembro, o edital do Programa Bolsa Universidade (PBU) 2026, para a concess\u00e3o de bolsas de estudos para gradua\u00e7\u00e3o, com descontos que variam entre 50%, 75% e 100% (integrais)\" \/>\n<meta name=\"robots\" content=\"index, follow, max-snippet:-1, max-image-preview:large, max-video-preview:-1\" \/>\n<link rel=\"canonical\" href=\"https:\/\/www.manaus.am.gov.br\/semcom\/prefeitura-semad-reuniaoies\/\" \/>\n<meta property=\"og:locale\" content=\"pt_BR\" \/>\n<meta property=\"og:type\" content=\"article\" \/>\n<meta property=\"og:title\" content=\"Prefeitura de Manaus realiza reuni\u00e3o de alinhamento com institui\u00e7\u00f5es de ensino superior para a oferta de bolsas de estudos para gradua\u00e7\u00e3o\" \/>\n<meta property=\"og:description\" content=\"A Prefeitura de Manaus lan\u00e7a, na segunda quinzena do m\u00eas de setembro, o edital do Programa Bolsa Universidade (PBU) 2026, para a concess\u00e3o de bolsas de estudos para gradua\u00e7\u00e3o, com descontos que variam entre 50%, 75% e 100% (integrais)\" \/>\n<meta property=\"og:url\" content=\"https:\/\/www.manaus.am.gov.br\/semcom\/prefeitura-semad-reuniaoies\/\" \/>\n<meta property=\"og:site_name\" content=\"SEMCOM\" \/>\n<meta property=\"article:published_time\" content=\"2025-08-13T18:45:16+00:00\" \/>\n<meta property=\"article:modified_time\" content=\"2025-08-13T18:45:17+00:00\" \/>\n<meta property=\"og:image\" content=\"https:\/\/www.manaus.am.gov.br\/semcom\/wp-content\/uploads\/sites\/5\/2025\/08\/Reuniao-de-Alinhamento-IES-Espi-3.jpeg\" \/>\n\t<meta property=\"og:image:width\" content=\"4032\" \/>\n\t<meta property=\"og:image:height\" content=\"3024\" \/>\n\t<meta property=\"og:image:type\" content=\"image\/jpeg\" \/>\n<meta name=\"author\" content=\"Adriana Costa\" \/>\n<meta name=\"twitter:card\" content=\"summary_large_image\" \/>\n<meta name=\"twitter:label1\" content=\"Written by\" \/>\n\t<meta name=\"twitter:data1\" content=\"Adriana Costa\" \/>\n\t<meta name=\"twitter:label2\" content=\"Est. reading time\" \/>\n\t<meta name=\"twitter:data2\" content=\"3 minutos\" \/>\n<script type=\"application\/ld+json\" class=\"yoast-schema-graph\">{\"@context\":\"https:\/\/schema.org\",\"@graph\":[{\"@type\":\"WebPage\",\"@id\":\"https:\/\/www.manaus.am.gov.br\/semcom\/prefeitura-semad-reuniaoies\/\",\"url\":\"https:\/\/www.manaus.am.gov.br\/semcom\/prefeitura-semad-reuniaoies\/\",\"name\":\"Prefeitura de Manaus realiza reuni\u00e3o de alinhamento com institui\u00e7\u00f5es de ensino superior para a oferta de bolsas de estudos para gradua\u00e7\u00e3o\",\"isPartOf\":{\"@id\":\"https:\/\/www.manaus.am.gov.br\/semcom\/#website\"},\"primaryImageOfPage\":{\"@id\":\"https:\/\/www.manaus.am.gov.br\/semcom\/prefeitura-semad-reuniaoies\/#primaryimage\"},\"image\":{\"@id\":\"https:\/\/www.manaus.am.gov.br\/semcom\/prefeitura-semad-reuniaoies\/#primaryimage\"},\"thumbnailUrl\":\"https:\/\/www.manaus.am.gov.br\/semcom\/wp-content\/uploads\/sites\/5\/2025\/08\/Reuniao-de-Alinhamento-IES-Espi-3.jpeg\",\"datePublished\":\"2025-08-13T18:45:16+00:00\",\"dateModified\":\"2025-08-13T18:45:17+00:00\",\"author\":{\"@id\":\"https:\/\/www.manaus.am.gov.br\/semcom\/#\/schema\/person\/4e49f4e267757a06ca072ec61b2b9968\"},\"description\":\"A Prefeitura de Manaus lan\u00e7a, na segunda quinzena do m\u00eas de setembro, o edital do Programa Bolsa Universidade (PBU) 2026, para a concess\u00e3o de bolsas de estudos para gradua\u00e7\u00e3o, com descontos que variam entre 50%, 75% e 100% (integrais)\",\"inLanguage\":\"pt-BR\",\"potentialAction\":[{\"@type\":\"ReadAction\",\"target\":[\"https:\/\/www.manaus.am.gov.br\/semcom\/prefeitura-semad-reuniaoies\/\"]}]},{\"@type\":\"ImageObject\",\"inLanguage\":\"pt-BR\",\"@id\":\"https:\/\/www.manaus.am.gov.br\/semcom\/prefeitura-semad-reuniaoies\/#primaryimage\",\"url\":\"https:\/\/www.manaus.am.gov.br\/semcom\/wp-content\/uploads\/sites\/5\/2025\/08\/Reuniao-de-Alinhamento-IES-Espi-3.jpeg\",\"contentUrl\":\"https:\/\/www.manaus.am.gov.br\/semcom\/wp-content\/uploads\/sites\/5\/2025\/08\/Reuniao-de-Alinhamento-IES-Espi-3.jpeg\",\"width\":4032,\"height\":3024},{\"@type\":\"WebSite\",\"@id\":\"https:\/\/www.manaus.am.gov.br\/semcom\/#website\",\"url\":\"https:\/\/www.manaus.am.gov.br\/semcom\/\",\"name\":\"SEMCOM\",\"description\":\"Secretaria Municipal de Comunica\u00e7\u00e3o\",\"potentialAction\":[{\"@type\":\"SearchAction\",\"target\":{\"@type\":\"EntryPoint\",\"urlTemplate\":\"https:\/\/www.manaus.am.gov.br\/semcom\/?s={search_term_string}\"},\"query-input\":\"required name=search_term_string\"}],\"inLanguage\":\"pt-BR\"},{\"@type\":\"Person\",\"@id\":\"https:\/\/www.manaus.am.gov.br\/semcom\/#\/schema\/person\/4e49f4e267757a06ca072ec61b2b9968\",\"name\":\"Adriana Costa\",\"image\":{\"@type\":\"ImageObject\",\"inLanguage\":\"pt-BR\",\"@id\":\"https:\/\/www.manaus.am.gov.br\/semcom\/#\/schema\/person\/image\/\",\"url\":\"https:\/\/secure.gravatar.com\/avatar\/576258617ef7194f718179e766d57bd4?s=96&d=mm&r=g\",\"contentUrl\":\"https:\/\/secure.gravatar.com\/avatar\/576258617ef7194f718179e766d57bd4?s=96&d=mm&r=g\",\"caption\":\"Adriana Costa\"}}]}<\/script>\n<!-- \/ Yoast SEO plugin. -->","yoast_head_json":{"title":"Prefeitura de Manaus realiza reuni\u00e3o de alinhamento com institui\u00e7\u00f5es de ensino superior para a oferta de bolsas de estudos para gradua\u00e7\u00e3o","description":"A Prefeitura de Manaus lan\u00e7a, na segunda quinzena do m\u00eas de setembro, o edital do Programa Bolsa Universidade (PBU) 2026, para a concess\u00e3o de bolsas de estudos para gradua\u00e7\u00e3o, com descontos que variam entre 50%, 75% e 100% (integrais)","robots":{"index":"index","follow":"follow","max-snippet":"max-snippet:-1","max-image-preview":"max-image-preview:large","max-video-preview":"max-video-preview:-1"},"canonical":"https:\/\/www.manaus.am.gov.br\/semcom\/prefeitura-semad-reuniaoies\/","og_locale":"pt_BR","og_type":"article","og_title":"Prefeitura de Manaus realiza reuni\u00e3o de alinhamento com institui\u00e7\u00f5es de ensino superior para a oferta de bolsas de estudos para gradua\u00e7\u00e3o","og_description":"A Prefeitura de Manaus lan\u00e7a, na segunda quinzena do m\u00eas de setembro, o edital do Programa Bolsa Universidade (PBU) 2026, para a concess\u00e3o de bolsas de estudos para gradua\u00e7\u00e3o, com descontos que variam entre 50%, 75% e 100% (integrais)","og_url":"https:\/\/www.manaus.am.gov.br\/semcom\/prefeitura-semad-reuniaoies\/","og_site_name":"SEMCOM","article_published_time":"2025-08-13T18:45:16+00:00","article_modified_time":"2025-08-13T18:45:17+00:00","og_image":[{"width":4032,"height":3024,"url":"https:\/\/www.manaus.am.gov.br\/semcom\/wp-content\/uploads\/sites\/5\/2025\/08\/Reuniao-de-Alinhamento-IES-Espi-3.jpeg","type":"image\/jpeg"}],"author":"Adriana Costa","twitter_card":"summary_large_image","twitter_misc":{"Written by":"Adriana Costa","Est. reading time":"3 minutos"},"schema":{"@context":"https:\/\/schema.org","@graph":[{"@type":"WebPage","@id":"https:\/\/www.manaus.am.gov.br\/semcom\/prefeitura-semad-reuniaoies\/","url":"https:\/\/www.manaus.am.gov.br\/semcom\/prefeitura-semad-reuniaoies\/","name":"Prefeitura de Manaus realiza reuni\u00e3o de alinhamento com institui\u00e7\u00f5es de ensino superior para a oferta de bolsas de estudos para gradua\u00e7\u00e3o","isPartOf":{"@id":"https:\/\/www.manaus.am.gov.br\/semcom\/#website"},"primaryImageOfPage":{"@id":"https:\/\/www.manaus.am.gov.br\/semcom\/prefeitura-semad-reuniaoies\/#primaryimage"},"image":{"@id":"https:\/\/www.manaus.am.gov.br\/semcom\/prefeitura-semad-reuniaoies\/#primaryimage"},"thumbnailUrl":"https:\/\/www.manaus.am.gov.br\/semcom\/wp-content\/uploads\/sites\/5\/2025\/08\/Reuniao-de-Alinhamento-IES-Espi-3.jpeg","datePublished":"2025-08-13T18:45:16+00:00","dateModified":"2025-08-13T18:45:17+00:00","author":{"@id":"https:\/\/www.manaus.am.gov.br\/semcom\/#\/schema\/person\/4e49f4e267757a06ca072ec61b2b9968"},"description":"A Prefeitura de Manaus lan\u00e7a, na segunda quinzena do m\u00eas de setembro, o edital do Programa Bolsa Universidade (PBU) 2026, para a concess\u00e3o de bolsas de estudos para gradua\u00e7\u00e3o, com descontos que variam entre 50%, 75% e 100% (integrais)","inLanguage":"pt-BR","potentialAction":[{"@type":"ReadAction","target":["https:\/\/www.manaus.am.gov.br\/semcom\/prefeitura-semad-reuniaoies\/"]}]},{"@type":"ImageObject","inLanguage":"pt-BR","@id":"https:\/\/www.manaus.am.gov.br\/semcom\/prefeitura-semad-reuniaoies\/#primaryimage","url":"https:\/\/www.manaus.am.gov.br\/semcom\/wp-content\/uploads\/sites\/5\/2025\/08\/Reuniao-de-Alinhamento-IES-Espi-3.jpeg","contentUrl":"https:\/\/www.manaus.am.gov.br\/semcom\/wp-content\/uploads\/sites\/5\/2025\/08\/Reuniao-de-Alinhamento-IES-Espi-3.jpeg","width":4032,"height":3024},{"@type":"WebSite","@id":"https:\/\/www.manaus.am.gov.br\/semcom\/#website","url":"https:\/\/www.manaus.am.gov.br\/semcom\/","name":"SEMCOM","description":"Secretaria Municipal de Comunica\u00e7\u00e3o","potentialAction":[{"@type":"SearchAction","target":{"@type":"EntryPoint","urlTemplate":"https:\/\/www.manaus.am.gov.br\/semcom\/?s={search_term_string}"},"query-input":"required name=search_term_string"}],"inLanguage":"pt-BR"},{"@type":"Person","@id":"https:\/\/www.manaus.am.gov.br\/semcom\/#\/schema\/person\/4e49f4e267757a06ca072ec61b2b9968","name":"Adriana Costa","image":{"@type":"ImageObject","inLanguage":"pt-BR","@id":"https:\/\/www.manaus.am.gov.br\/semcom\/#\/schema\/person\/image\/","url":"https:\/\/secure.gravatar.com\/avatar\/576258617ef7194f718179e766d57bd4?s=96&d=mm&r=g","contentUrl":"https:\/\/secure.gravatar.com\/avatar\/576258617ef7194f718179e766d57bd4?s=96&d=mm&r=g","caption":"Adriana Costa"}}]}},"_links":{"self":[{"href":"https:\/\/www.manaus.am.gov.br\/semcom\/wp-json\/wp\/v2\/posts\/243639"}],"collection":[{"href":"https:\/\/www.manaus.am.gov.br\/semcom\/wp-json\/wp\/v2\/posts"}],"about":[{"href":"https:\/\/www.manaus.am.gov.br\/semcom\/wp-json\/wp\/v2\/types\/post"}],"author":[{"embeddable":true,"href":"https:\/\/www.manaus.am.gov.br\/semcom\/wp-json\/wp\/v2\/users\/23"}],"replies":[{"embeddable":true,"href":"https:\/\/www.manaus.am.gov.br\/semcom\/wp-json\/wp\/v2\/comments?post=243639"}],"version-history":[{"count":0,"href":"https:\/\/www.manaus.am.gov.br\/semcom\/wp-json\/wp\/v2\/posts\/243639\/revisions"}],"wp:featuredmedia":[{"embeddable":true,"href":"https:\/\/www.manaus.am.gov.br\/semcom\/wp-json\/wp\/v2\/media\/243640"}],"wp:attachment":[{"href":"https:\/\/www.manaus.am.gov.br\/semcom\/wp-json\/wp\/v2\/media?parent=243639"}],"wp:term":[{"taxonomy":"category","embeddable":true,"href":"https:\/\/www.manaus.am.gov.br\/semcom\/wp-json\/wp\/v2\/categories?post=243639"},{"taxonomy":"post_tag","embeddable":true,"href":"https:\/\/www.manaus.am.gov.br\/semcom\/wp-json\/wp\/v2\/tags?post=243639"}],"curies":[{"name":"wp","href":"https:\/\/api.w.org\/{rel}","templated":true}]}}