{"id":243622,"date":"2025-08-13T11:12:21","date_gmt":"2025-08-13T14:12:21","guid":{"rendered":"https:\/\/www.manaus.am.gov.br\/semcom\/prefeitura-semef-iptu-6aparcela\/"},"modified":"2025-08-13T11:12:23","modified_gmt":"2025-08-13T14:12:23","slug":"prefeitura-semef-iptu-6aparcela","status":"publish","type":"post","link":"https:\/\/www.manaus.am.gov.br\/semcom\/prefeitura-semef-iptu-6aparcela\/","title":{"rendered":"Prefeitura de Manaus alerta para vencimento de parcela do IPTU nesta sexta-feira"},"content":{"rendered":"\n<p>A Prefeitura de Manaus alerta os contribuintes para o vencimento da 6\u00aa parcela do Imposto Predial e Territorial Urbano (IPTU), que ocorrer\u00e1 nesta sexta-feira, 15\/8. Os cidad\u00e3os que optaram pelo parcelamento do tributo devem ficar atentos ao prazo para garantir as vantagens exclusivas oferecidas pelo munic\u00edpio.<\/p>\n\n\n\n<p>O pagamento em dia evita a incid\u00eancia de juros e multas e assegura a participa\u00e7\u00e3o autom\u00e1tica na campanha \u201cIPTU Premiado\u201d que, ao longo do ano, sorteia pr\u00eamios entre R$ 5 mil e R$ 40 mil para os contribuintes adimplentes. Al\u00e9m disso, no final do ano, a campanha ter\u00e1 sorteios especiais: um pr\u00eamio de R$ 200 mil para os contribuintes que estiverem em dia com todas as parcelas do exerc\u00edcio; e o superpr\u00eamio de R$ 300 mil, destinado \u00e0queles que n\u00e3o possu\u00edrem nenhuma d\u00edvida de IPTU, incluindo d\u00e9bitos de anos anteriores.<\/p>\n\n\n\n<p>\u201c\u00c9 fundamental que o contribuinte n\u00e3o deixe passar a data de vencimento. Al\u00e9m de evitar encargos adicionais, ele mant\u00e9m seu nome na lista de sorteios e ainda contribui para o desenvolvimento da cidade\u201d, destacou o subsecret\u00e1rio da Receita da Secretaria Municipal de Finan\u00e7as, Planejamento e Tecnologia da Informa\u00e7\u00e3o (Semef), Arminio Pontes.<\/p>\n\n\n\n<p>Segunda via<\/p>\n\n\n\n<p>O contribuinte que n\u00e3o possuir a guia de pagamento pode emitir a segunda via, de forma r\u00e1pida e pr\u00e1tica, pelo aplicativo Manaus Atende Digital, dispon\u00edvel gratuitamente na App Store (iOS) e no Google Play (Android). A plataforma oferece a funcionalidade IPTU Digital, que permite acesso on-line a todas as informa\u00e7\u00f5es do tributo, dispensando o carn\u00ea f\u00edsico e garantindo um desconto anual de 2% para quem optar pelo recurso.<\/p>\n\n\n\n<p>Outra alternativa \u00e9 emitir a guia pelo portal de servi\u00e7os Manaus Atende (<a href=\"http:\/\/manausatende.manaus.am.gov.br\/\" target=\"_blank\" rel=\"noreferrer noopener\">manausatende.manaus.am.gov.br<\/a>), clicando no \u00edcone da Semef e, em seguida, em Cidad\u00e3o; IPTU; Pagamento de IPTU (2\u00aa via). Mais informa\u00e7\u00f5es podem ser obtidas pelo telefone 156 ou pelo WhatsApp (92) 3672-1600.<\/p>\n\n\n\n<p>&#8212; &#8212; &#8212;<\/p>\n\n\n\n<p><strong>Texto <\/strong>\u2013 Anderson Farias\/Semef<\/p>\n","protected":false},"excerpt":{"rendered":"","protected":false},"author":23,"featured_media":243623,"comment_status":"closed","ping_status":"closed","sticky":false,"template":"","format":"standard","meta":{"footnotes":""},"categories":[722],"tags":[15267,156,648,77,157],"acf":[],"yoast_head":"<!-- This site is optimized with the Yoast SEO plugin v23.0 - https:\/\/yoast.com\/wordpress\/plugins\/seo\/ -->\n<title>Prefeitura de Manaus alerta para vencimento de parcela do IPTU nesta sexta-feira<\/title>\n<meta name=\"description\" content=\"A Prefeitura de Manaus alerta os contribuintes para o vencimento da 6\u00aa parcela do Imposto Predial e Territorial Urbano (IPTU), que ocorrer\u00e1 nesta sexta-feira, 15\/8.\" \/>\n<meta name=\"robots\" content=\"index, follow, max-snippet:-1, max-image-preview:large, max-video-preview:-1\" \/>\n<link rel=\"canonical\" href=\"https:\/\/www.manaus.am.gov.br\/semcom\/prefeitura-semef-iptu-6aparcela\/\" \/>\n<meta property=\"og:locale\" content=\"pt_BR\" \/>\n<meta property=\"og:type\" content=\"article\" \/>\n<meta property=\"og:title\" content=\"Prefeitura de Manaus alerta para vencimento de parcela do IPTU nesta sexta-feira\" \/>\n<meta property=\"og:description\" content=\"A Prefeitura de Manaus alerta os contribuintes para o vencimento da 6\u00aa parcela do Imposto Predial e Territorial Urbano (IPTU), que ocorrer\u00e1 nesta sexta-feira, 15\/8.\" \/>\n<meta property=\"og:url\" content=\"https:\/\/www.manaus.am.gov.br\/semcom\/prefeitura-semef-iptu-6aparcela\/\" \/>\n<meta property=\"og:site_name\" content=\"SEMCOM\" \/>\n<meta property=\"article:published_time\" content=\"2025-08-13T14:12:21+00:00\" \/>\n<meta property=\"article:modified_time\" content=\"2025-08-13T14:12:23+00:00\" \/>\n<meta property=\"og:image\" content=\"https:\/\/www.manaus.am.gov.br\/semcom\/wp-content\/uploads\/sites\/5\/2025\/08\/TELA-IPTU-DIGITAL-3.jpeg\" \/>\n\t<meta property=\"og:image:width\" content=\"4032\" \/>\n\t<meta property=\"og:image:height\" content=\"3024\" \/>\n\t<meta property=\"og:image:type\" content=\"image\/jpeg\" \/>\n<meta name=\"author\" content=\"Adriana Costa\" \/>\n<meta name=\"twitter:card\" content=\"summary_large_image\" \/>\n<meta name=\"twitter:label1\" content=\"Written by\" \/>\n\t<meta name=\"twitter:data1\" content=\"Adriana Costa\" \/>\n\t<meta name=\"twitter:label2\" content=\"Est. reading time\" \/>\n\t<meta name=\"twitter:data2\" content=\"2 minutos\" \/>\n<script type=\"application\/ld+json\" class=\"yoast-schema-graph\">{\"@context\":\"https:\/\/schema.org\",\"@graph\":[{\"@type\":\"WebPage\",\"@id\":\"https:\/\/www.manaus.am.gov.br\/semcom\/prefeitura-semef-iptu-6aparcela\/\",\"url\":\"https:\/\/www.manaus.am.gov.br\/semcom\/prefeitura-semef-iptu-6aparcela\/\",\"name\":\"Prefeitura de Manaus alerta para vencimento de parcela do IPTU nesta sexta-feira\",\"isPartOf\":{\"@id\":\"https:\/\/www.manaus.am.gov.br\/semcom\/#website\"},\"primaryImageOfPage\":{\"@id\":\"https:\/\/www.manaus.am.gov.br\/semcom\/prefeitura-semef-iptu-6aparcela\/#primaryimage\"},\"image\":{\"@id\":\"https:\/\/www.manaus.am.gov.br\/semcom\/prefeitura-semef-iptu-6aparcela\/#primaryimage\"},\"thumbnailUrl\":\"https:\/\/www.manaus.am.gov.br\/semcom\/wp-content\/uploads\/sites\/5\/2025\/08\/TELA-IPTU-DIGITAL-3.jpeg\",\"datePublished\":\"2025-08-13T14:12:21+00:00\",\"dateModified\":\"2025-08-13T14:12:23+00:00\",\"author\":{\"@id\":\"https:\/\/www.manaus.am.gov.br\/semcom\/#\/schema\/person\/4e49f4e267757a06ca072ec61b2b9968\"},\"description\":\"A Prefeitura de Manaus alerta os contribuintes para o vencimento da 6\u00aa parcela do Imposto Predial e Territorial Urbano (IPTU), que ocorrer\u00e1 nesta sexta-feira, 15\/8.\",\"inLanguage\":\"pt-BR\",\"potentialAction\":[{\"@type\":\"ReadAction\",\"target\":[\"https:\/\/www.manaus.am.gov.br\/semcom\/prefeitura-semef-iptu-6aparcela\/\"]}]},{\"@type\":\"ImageObject\",\"inLanguage\":\"pt-BR\",\"@id\":\"https:\/\/www.manaus.am.gov.br\/semcom\/prefeitura-semef-iptu-6aparcela\/#primaryimage\",\"url\":\"https:\/\/www.manaus.am.gov.br\/semcom\/wp-content\/uploads\/sites\/5\/2025\/08\/TELA-IPTU-DIGITAL-3.jpeg\",\"contentUrl\":\"https:\/\/www.manaus.am.gov.br\/semcom\/wp-content\/uploads\/sites\/5\/2025\/08\/TELA-IPTU-DIGITAL-3.jpeg\",\"width\":4032,\"height\":3024},{\"@type\":\"WebSite\",\"@id\":\"https:\/\/www.manaus.am.gov.br\/semcom\/#website\",\"url\":\"https:\/\/www.manaus.am.gov.br\/semcom\/\",\"name\":\"SEMCOM\",\"description\":\"Secretaria Municipal de Comunica\u00e7\u00e3o\",\"potentialAction\":[{\"@type\":\"SearchAction\",\"target\":{\"@type\":\"EntryPoint\",\"urlTemplate\":\"https:\/\/www.manaus.am.gov.br\/semcom\/?s={search_term_string}\"},\"query-input\":\"required name=search_term_string\"}],\"inLanguage\":\"pt-BR\"},{\"@type\":\"Person\",\"@id\":\"https:\/\/www.manaus.am.gov.br\/semcom\/#\/schema\/person\/4e49f4e267757a06ca072ec61b2b9968\",\"name\":\"Adriana Costa\",\"image\":{\"@type\":\"ImageObject\",\"inLanguage\":\"pt-BR\",\"@id\":\"https:\/\/www.manaus.am.gov.br\/semcom\/#\/schema\/person\/image\/\",\"url\":\"https:\/\/secure.gravatar.com\/avatar\/576258617ef7194f718179e766d57bd4?s=96&d=mm&r=g\",\"contentUrl\":\"https:\/\/secure.gravatar.com\/avatar\/576258617ef7194f718179e766d57bd4?s=96&d=mm&r=g\",\"caption\":\"Adriana Costa\"}}]}<\/script>\n<!-- \/ Yoast SEO plugin. -->","yoast_head_json":{"title":"Prefeitura de Manaus alerta para vencimento de parcela do IPTU nesta sexta-feira","description":"A Prefeitura de Manaus alerta os contribuintes para o vencimento da 6\u00aa parcela do Imposto Predial e Territorial Urbano (IPTU), que ocorrer\u00e1 nesta sexta-feira, 15\/8.","robots":{"index":"index","follow":"follow","max-snippet":"max-snippet:-1","max-image-preview":"max-image-preview:large","max-video-preview":"max-video-preview:-1"},"canonical":"https:\/\/www.manaus.am.gov.br\/semcom\/prefeitura-semef-iptu-6aparcela\/","og_locale":"pt_BR","og_type":"article","og_title":"Prefeitura de Manaus alerta para vencimento de parcela do IPTU nesta sexta-feira","og_description":"A Prefeitura de Manaus alerta os contribuintes para o vencimento da 6\u00aa parcela do Imposto Predial e Territorial Urbano (IPTU), que ocorrer\u00e1 nesta sexta-feira, 15\/8.","og_url":"https:\/\/www.manaus.am.gov.br\/semcom\/prefeitura-semef-iptu-6aparcela\/","og_site_name":"SEMCOM","article_published_time":"2025-08-13T14:12:21+00:00","article_modified_time":"2025-08-13T14:12:23+00:00","og_image":[{"width":4032,"height":3024,"url":"https:\/\/www.manaus.am.gov.br\/semcom\/wp-content\/uploads\/sites\/5\/2025\/08\/TELA-IPTU-DIGITAL-3.jpeg","type":"image\/jpeg"}],"author":"Adriana Costa","twitter_card":"summary_large_image","twitter_misc":{"Written by":"Adriana Costa","Est. reading time":"2 minutos"},"schema":{"@context":"https:\/\/schema.org","@graph":[{"@type":"WebPage","@id":"https:\/\/www.manaus.am.gov.br\/semcom\/prefeitura-semef-iptu-6aparcela\/","url":"https:\/\/www.manaus.am.gov.br\/semcom\/prefeitura-semef-iptu-6aparcela\/","name":"Prefeitura de Manaus alerta para vencimento de parcela do IPTU nesta sexta-feira","isPartOf":{"@id":"https:\/\/www.manaus.am.gov.br\/semcom\/#website"},"primaryImageOfPage":{"@id":"https:\/\/www.manaus.am.gov.br\/semcom\/prefeitura-semef-iptu-6aparcela\/#primaryimage"},"image":{"@id":"https:\/\/www.manaus.am.gov.br\/semcom\/prefeitura-semef-iptu-6aparcela\/#primaryimage"},"thumbnailUrl":"https:\/\/www.manaus.am.gov.br\/semcom\/wp-content\/uploads\/sites\/5\/2025\/08\/TELA-IPTU-DIGITAL-3.jpeg","datePublished":"2025-08-13T14:12:21+00:00","dateModified":"2025-08-13T14:12:23+00:00","author":{"@id":"https:\/\/www.manaus.am.gov.br\/semcom\/#\/schema\/person\/4e49f4e267757a06ca072ec61b2b9968"},"description":"A Prefeitura de Manaus alerta os contribuintes para o vencimento da 6\u00aa parcela do Imposto Predial e Territorial Urbano (IPTU), que ocorrer\u00e1 nesta sexta-feira, 15\/8.","inLanguage":"pt-BR","potentialAction":[{"@type":"ReadAction","target":["https:\/\/www.manaus.am.gov.br\/semcom\/prefeitura-semef-iptu-6aparcela\/"]}]},{"@type":"ImageObject","inLanguage":"pt-BR","@id":"https:\/\/www.manaus.am.gov.br\/semcom\/prefeitura-semef-iptu-6aparcela\/#primaryimage","url":"https:\/\/www.manaus.am.gov.br\/semcom\/wp-content\/uploads\/sites\/5\/2025\/08\/TELA-IPTU-DIGITAL-3.jpeg","contentUrl":"https:\/\/www.manaus.am.gov.br\/semcom\/wp-content\/uploads\/sites\/5\/2025\/08\/TELA-IPTU-DIGITAL-3.jpeg","width":4032,"height":3024},{"@type":"WebSite","@id":"https:\/\/www.manaus.am.gov.br\/semcom\/#website","url":"https:\/\/www.manaus.am.gov.br\/semcom\/","name":"SEMCOM","description":"Secretaria Municipal de Comunica\u00e7\u00e3o","potentialAction":[{"@type":"SearchAction","target":{"@type":"EntryPoint","urlTemplate":"https:\/\/www.manaus.am.gov.br\/semcom\/?s={search_term_string}"},"query-input":"required name=search_term_string"}],"inLanguage":"pt-BR"},{"@type":"Person","@id":"https:\/\/www.manaus.am.gov.br\/semcom\/#\/schema\/person\/4e49f4e267757a06ca072ec61b2b9968","name":"Adriana Costa","image":{"@type":"ImageObject","inLanguage":"pt-BR","@id":"https:\/\/www.manaus.am.gov.br\/semcom\/#\/schema\/person\/image\/","url":"https:\/\/secure.gravatar.com\/avatar\/576258617ef7194f718179e766d57bd4?s=96&d=mm&r=g","contentUrl":"https:\/\/secure.gravatar.com\/avatar\/576258617ef7194f718179e766d57bd4?s=96&d=mm&r=g","caption":"Adriana Costa"}}]}},"_links":{"self":[{"href":"https:\/\/www.manaus.am.gov.br\/semcom\/wp-json\/wp\/v2\/posts\/243622"}],"collection":[{"href":"https:\/\/www.manaus.am.gov.br\/semcom\/wp-json\/wp\/v2\/posts"}],"about":[{"href":"https:\/\/www.manaus.am.gov.br\/semcom\/wp-json\/wp\/v2\/types\/post"}],"author":[{"embeddable":true,"href":"https:\/\/www.manaus.am.gov.br\/semcom\/wp-json\/wp\/v2\/users\/23"}],"replies":[{"embeddable":true,"href":"https:\/\/www.manaus.am.gov.br\/semcom\/wp-json\/wp\/v2\/comments?post=243622"}],"version-history":[{"count":0,"href":"https:\/\/www.manaus.am.gov.br\/semcom\/wp-json\/wp\/v2\/posts\/243622\/revisions"}],"wp:featuredmedia":[{"embeddable":true,"href":"https:\/\/www.manaus.am.gov.br\/semcom\/wp-json\/wp\/v2\/media\/243623"}],"wp:attachment":[{"href":"https:\/\/www.manaus.am.gov.br\/semcom\/wp-json\/wp\/v2\/media?parent=243622"}],"wp:term":[{"taxonomy":"category","embeddable":true,"href":"https:\/\/www.manaus.am.gov.br\/semcom\/wp-json\/wp\/v2\/categories?post=243622"},{"taxonomy":"post_tag","embeddable":true,"href":"https:\/\/www.manaus.am.gov.br\/semcom\/wp-json\/wp\/v2\/tags?post=243622"}],"curies":[{"name":"wp","href":"https:\/\/api.w.org\/{rel}","templated":true}]}}