{"id":243582,"date":"2025-08-12T14:09:37","date_gmt":"2025-08-12T18:09:37","guid":{"rendered":"https:\/\/www.manaus.am.gov.br\/semcom\/ampliacao-vagas-feirinha-do-imigrante\/"},"modified":"2025-08-12T15:11:39","modified_gmt":"2025-08-12T18:11:39","slug":"ampliacao-vagas-feirinha-do-imigrante","status":"publish","type":"post","link":"https:\/\/www.manaus.am.gov.br\/semcom\/ampliacao-vagas-feirinha-do-imigrante\/","title":{"rendered":"Prefeitura de Manaus amplia vagas na \u2018Feirinha do Imigrante\u2019 na rua Rocha dos Santos"},"content":{"rendered":"\n<p>A Prefeitura de Manaus, por meio da Secretaria Municipal de Agricultura, Abastecimento, Centro e Com\u00e9rcio Informal (Semacc), vai ampliar o n\u00famero de vagas na \u201cFeirinha do Imigrante\u201d, localizada na rua Rocha dos Santos, no Centro, zona Sul da cidade. Criada em 2022, a \u00e1rea abriga atualmente 84 vendedores informais \u2014 imigrantes que encontraram no com\u00e9rcio uma oportunidade de sustento e integra\u00e7\u00e3o social.<\/p>\n\n\n\n<p>Com as a\u00e7\u00f5es de reordenamento realizadas, nesta ter\u00e7a-feira, 12\/8, cerca de 20 novas vagas foram abertas para receber vendedores que atuavam de forma irregular na \u00e1rea conhecida como \u201cpared\u00e3o\u201d, na avenida Epaminondas. Esses trabalhadores est\u00e3o sendo realocados para a estrutura da feira, garantindo melhores condi\u00e7\u00f5es de trabalho e a regulariza\u00e7\u00e3o da atividade.<\/p>\n\n\n\n<p>Segundo o titular da Semacc, Wanderson Costa, a amplia\u00e7\u00e3o das vagas refor\u00e7a o compromisso de promover inclus\u00e3o e gerar renda para fam\u00edlias que, vindas de outros pa\u00edses, escolheram Manaus como lar.<\/p>\n\n\n\n<p>\u201cEstamos garantindo espa\u00e7o digno de trabalho e, ao mesmo tempo, organizando o centro da cidade. Vamos oportunizar de forma segura como determina o prefeito David Almeida. J\u00e1 adianto que vamos realizar treinamentos e cursos de manipula\u00e7\u00e3o de alimentos, com o apoio da Vigil\u00e2ncia Sanit\u00e1ria. Tamb\u00e9m vamos padronizar o espa\u00e7o, cadastrar todos os vendedores. Nosso \u00fanico intuito \u00e9 melhorar a vida de todos, pois do jeito que estava, n\u00e3o poderia continuar\u201d, afirmou.<\/p>\n\n\n\n<p>A medida integra o programa municipal de ordenamento do com\u00e9rcio informal, que busca organizar o espa\u00e7o p\u00fablico, melhorar a mobilidade urbana e assegurar que os vendedores atuem em locais adequados.<\/p>\n\n\n\n<p>A \u201cFeirinha do Imigrante\u201d \u00e9 reconhecida por oferecer produtos variados, de roupas e cal\u00e7ados a alimentos, artesanatos t\u00edpicos dos pa\u00edses de origem dos feirantes, al\u00e9m de frutas e verduras.<\/p>\n\n\n\n<figure class=\"wp-block-image size-large\"><img loading=\"lazy\" decoding=\"async\" width=\"1024\" height=\"683\" src=\"https:\/\/www.manaus.am.gov.br\/semcom\/wp-content\/uploads\/sites\/5\/2025\/08\/54716516513_da8f970be3_k-1024x683.jpg\" alt=\"\" class=\"wp-image-243585\" srcset=\"https:\/\/www.manaus.am.gov.br\/semcom\/wp-content\/uploads\/sites\/5\/2025\/08\/54716516513_da8f970be3_k-1024x683.jpg 1024w, https:\/\/www.manaus.am.gov.br\/semcom\/wp-content\/uploads\/sites\/5\/2025\/08\/54716516513_da8f970be3_k-300x200.jpg 300w, https:\/\/www.manaus.am.gov.br\/semcom\/wp-content\/uploads\/sites\/5\/2025\/08\/54716516513_da8f970be3_k-768x512.jpg 768w, https:\/\/www.manaus.am.gov.br\/semcom\/wp-content\/uploads\/sites\/5\/2025\/08\/54716516513_da8f970be3_k-1536x1024.jpg 1536w, https:\/\/www.manaus.am.gov.br\/semcom\/wp-content\/uploads\/sites\/5\/2025\/08\/54716516513_da8f970be3_k.jpg 2048w\" sizes=\"(max-width: 1024px) 100vw, 1024px\" \/><\/figure>\n\n\n\n<p>&#8212; &#8212; &#8212;<\/p>\n\n\n\n<p><strong>Texto &#8211; <\/strong>Polyana Brelaz\/Semacc<\/p>\n\n\n\n<p><strong>Fotos \u2013 <\/strong>Jo\u00e3o Viana\/Semacc<\/p>\n\n\n\n<p><strong>Dispon\u00edveis em &#8211; <\/strong><a href=\"https:\/\/flic.kr\/s\/aHBqjCqzzs\">https:\/\/flic.kr\/s\/aHBqjCqzzs<\/a><\/p>\n","protected":false},"excerpt":{"rendered":"","protected":false},"author":39,"featured_media":243583,"comment_status":"closed","ping_status":"closed","sticky":false,"template":"","format":"standard","meta":{"footnotes":""},"categories":[357],"tags":[16226,16227,16228,16229,55],"acf":[],"yoast_head":"<!-- This site is optimized with the Yoast SEO plugin v23.0 - https:\/\/yoast.com\/wordpress\/plugins\/seo\/ -->\n<title>Amplia\u00e7\u00e3o de vagas na Feirinha do Imigrante<\/title>\n<meta name=\"description\" content=\"Prefeitura de Manaus, por meio da Semacc, amplia vagas na \u2018Feirinha do Imigrante\u2019 na rua Rocha dos Santos, no Centro.\" \/>\n<meta name=\"robots\" content=\"index, follow, max-snippet:-1, max-image-preview:large, max-video-preview:-1\" \/>\n<link rel=\"canonical\" href=\"https:\/\/www.manaus.am.gov.br\/semcom\/ampliacao-vagas-feirinha-do-imigrante\/\" \/>\n<meta property=\"og:locale\" content=\"pt_BR\" \/>\n<meta property=\"og:type\" content=\"article\" \/>\n<meta property=\"og:title\" content=\"Amplia\u00e7\u00e3o de vagas na Feirinha do Imigrante\" \/>\n<meta property=\"og:description\" content=\"Prefeitura de Manaus, por meio da Semacc, amplia vagas na \u2018Feirinha do Imigrante\u2019 na rua Rocha dos Santos, no Centro.\" \/>\n<meta property=\"og:url\" content=\"https:\/\/www.manaus.am.gov.br\/semcom\/ampliacao-vagas-feirinha-do-imigrante\/\" \/>\n<meta property=\"og:site_name\" content=\"SEMCOM\" \/>\n<meta property=\"article:published_time\" content=\"2025-08-12T18:09:37+00:00\" \/>\n<meta property=\"article:modified_time\" content=\"2025-08-12T18:11:39+00:00\" \/>\n<meta property=\"og:image\" content=\"https:\/\/www.manaus.am.gov.br\/semcom\/wp-content\/uploads\/sites\/5\/2025\/08\/54716513958_a5fcbc751e_k.jpg\" \/>\n\t<meta property=\"og:image:width\" content=\"2048\" \/>\n\t<meta property=\"og:image:height\" content=\"1365\" \/>\n\t<meta property=\"og:image:type\" content=\"image\/jpeg\" \/>\n<meta name=\"author\" content=\"Bruna Greco\" \/>\n<meta name=\"twitter:card\" content=\"summary_large_image\" \/>\n<meta name=\"twitter:label1\" content=\"Written by\" \/>\n\t<meta name=\"twitter:data1\" content=\"Bruna Greco\" \/>\n\t<meta name=\"twitter:label2\" content=\"Est. reading time\" \/>\n\t<meta name=\"twitter:data2\" content=\"2 minutos\" \/>\n<script type=\"application\/ld+json\" class=\"yoast-schema-graph\">{\"@context\":\"https:\/\/schema.org\",\"@graph\":[{\"@type\":\"WebPage\",\"@id\":\"https:\/\/www.manaus.am.gov.br\/semcom\/ampliacao-vagas-feirinha-do-imigrante\/\",\"url\":\"https:\/\/www.manaus.am.gov.br\/semcom\/ampliacao-vagas-feirinha-do-imigrante\/\",\"name\":\"Amplia\u00e7\u00e3o de vagas na Feirinha do Imigrante\",\"isPartOf\":{\"@id\":\"https:\/\/www.manaus.am.gov.br\/semcom\/#website\"},\"primaryImageOfPage\":{\"@id\":\"https:\/\/www.manaus.am.gov.br\/semcom\/ampliacao-vagas-feirinha-do-imigrante\/#primaryimage\"},\"image\":{\"@id\":\"https:\/\/www.manaus.am.gov.br\/semcom\/ampliacao-vagas-feirinha-do-imigrante\/#primaryimage\"},\"thumbnailUrl\":\"https:\/\/www.manaus.am.gov.br\/semcom\/wp-content\/uploads\/sites\/5\/2025\/08\/54716513958_a5fcbc751e_k.jpg\",\"datePublished\":\"2025-08-12T18:09:37+00:00\",\"dateModified\":\"2025-08-12T18:11:39+00:00\",\"author\":{\"@id\":\"https:\/\/www.manaus.am.gov.br\/semcom\/#\/schema\/person\/05d223aea2bf115f9883a6ff3683d81b\"},\"description\":\"Prefeitura de Manaus, por meio da Semacc, amplia vagas na \u2018Feirinha do Imigrante\u2019 na rua Rocha dos Santos, no Centro.\",\"inLanguage\":\"pt-BR\",\"potentialAction\":[{\"@type\":\"ReadAction\",\"target\":[\"https:\/\/www.manaus.am.gov.br\/semcom\/ampliacao-vagas-feirinha-do-imigrante\/\"]}]},{\"@type\":\"ImageObject\",\"inLanguage\":\"pt-BR\",\"@id\":\"https:\/\/www.manaus.am.gov.br\/semcom\/ampliacao-vagas-feirinha-do-imigrante\/#primaryimage\",\"url\":\"https:\/\/www.manaus.am.gov.br\/semcom\/wp-content\/uploads\/sites\/5\/2025\/08\/54716513958_a5fcbc751e_k.jpg\",\"contentUrl\":\"https:\/\/www.manaus.am.gov.br\/semcom\/wp-content\/uploads\/sites\/5\/2025\/08\/54716513958_a5fcbc751e_k.jpg\",\"width\":2048,\"height\":1365,\"caption\":\"#paratodosverem - Feirinha do Imigrante na rua Rocha dos Santos, no Centro\"},{\"@type\":\"WebSite\",\"@id\":\"https:\/\/www.manaus.am.gov.br\/semcom\/#website\",\"url\":\"https:\/\/www.manaus.am.gov.br\/semcom\/\",\"name\":\"SEMCOM\",\"description\":\"Secretaria Municipal de Comunica\u00e7\u00e3o\",\"potentialAction\":[{\"@type\":\"SearchAction\",\"target\":{\"@type\":\"EntryPoint\",\"urlTemplate\":\"https:\/\/www.manaus.am.gov.br\/semcom\/?s={search_term_string}\"},\"query-input\":\"required name=search_term_string\"}],\"inLanguage\":\"pt-BR\"},{\"@type\":\"Person\",\"@id\":\"https:\/\/www.manaus.am.gov.br\/semcom\/#\/schema\/person\/05d223aea2bf115f9883a6ff3683d81b\",\"name\":\"Bruna Greco\",\"image\":{\"@type\":\"ImageObject\",\"inLanguage\":\"pt-BR\",\"@id\":\"https:\/\/www.manaus.am.gov.br\/semcom\/#\/schema\/person\/image\/\",\"url\":\"https:\/\/secure.gravatar.com\/avatar\/9c877d1a6adc2a055330e5c09a8653ce?s=96&d=mm&r=g\",\"contentUrl\":\"https:\/\/secure.gravatar.com\/avatar\/9c877d1a6adc2a055330e5c09a8653ce?s=96&d=mm&r=g\",\"caption\":\"Bruna Greco\"}}]}<\/script>\n<!-- \/ Yoast SEO plugin. -->","yoast_head_json":{"title":"Amplia\u00e7\u00e3o de vagas na Feirinha do Imigrante","description":"Prefeitura de Manaus, por meio da Semacc, amplia vagas na \u2018Feirinha do Imigrante\u2019 na rua Rocha dos Santos, no Centro.","robots":{"index":"index","follow":"follow","max-snippet":"max-snippet:-1","max-image-preview":"max-image-preview:large","max-video-preview":"max-video-preview:-1"},"canonical":"https:\/\/www.manaus.am.gov.br\/semcom\/ampliacao-vagas-feirinha-do-imigrante\/","og_locale":"pt_BR","og_type":"article","og_title":"Amplia\u00e7\u00e3o de vagas na Feirinha do Imigrante","og_description":"Prefeitura de Manaus, por meio da Semacc, amplia vagas na \u2018Feirinha do Imigrante\u2019 na rua Rocha dos Santos, no Centro.","og_url":"https:\/\/www.manaus.am.gov.br\/semcom\/ampliacao-vagas-feirinha-do-imigrante\/","og_site_name":"SEMCOM","article_published_time":"2025-08-12T18:09:37+00:00","article_modified_time":"2025-08-12T18:11:39+00:00","og_image":[{"width":2048,"height":1365,"url":"https:\/\/www.manaus.am.gov.br\/semcom\/wp-content\/uploads\/sites\/5\/2025\/08\/54716513958_a5fcbc751e_k.jpg","type":"image\/jpeg"}],"author":"Bruna Greco","twitter_card":"summary_large_image","twitter_misc":{"Written by":"Bruna Greco","Est. reading time":"2 minutos"},"schema":{"@context":"https:\/\/schema.org","@graph":[{"@type":"WebPage","@id":"https:\/\/www.manaus.am.gov.br\/semcom\/ampliacao-vagas-feirinha-do-imigrante\/","url":"https:\/\/www.manaus.am.gov.br\/semcom\/ampliacao-vagas-feirinha-do-imigrante\/","name":"Amplia\u00e7\u00e3o de vagas na Feirinha do Imigrante","isPartOf":{"@id":"https:\/\/www.manaus.am.gov.br\/semcom\/#website"},"primaryImageOfPage":{"@id":"https:\/\/www.manaus.am.gov.br\/semcom\/ampliacao-vagas-feirinha-do-imigrante\/#primaryimage"},"image":{"@id":"https:\/\/www.manaus.am.gov.br\/semcom\/ampliacao-vagas-feirinha-do-imigrante\/#primaryimage"},"thumbnailUrl":"https:\/\/www.manaus.am.gov.br\/semcom\/wp-content\/uploads\/sites\/5\/2025\/08\/54716513958_a5fcbc751e_k.jpg","datePublished":"2025-08-12T18:09:37+00:00","dateModified":"2025-08-12T18:11:39+00:00","author":{"@id":"https:\/\/www.manaus.am.gov.br\/semcom\/#\/schema\/person\/05d223aea2bf115f9883a6ff3683d81b"},"description":"Prefeitura de Manaus, por meio da Semacc, amplia vagas na \u2018Feirinha do Imigrante\u2019 na rua Rocha dos Santos, no Centro.","inLanguage":"pt-BR","potentialAction":[{"@type":"ReadAction","target":["https:\/\/www.manaus.am.gov.br\/semcom\/ampliacao-vagas-feirinha-do-imigrante\/"]}]},{"@type":"ImageObject","inLanguage":"pt-BR","@id":"https:\/\/www.manaus.am.gov.br\/semcom\/ampliacao-vagas-feirinha-do-imigrante\/#primaryimage","url":"https:\/\/www.manaus.am.gov.br\/semcom\/wp-content\/uploads\/sites\/5\/2025\/08\/54716513958_a5fcbc751e_k.jpg","contentUrl":"https:\/\/www.manaus.am.gov.br\/semcom\/wp-content\/uploads\/sites\/5\/2025\/08\/54716513958_a5fcbc751e_k.jpg","width":2048,"height":1365,"caption":"#paratodosverem - Feirinha do Imigrante na rua Rocha dos Santos, no Centro"},{"@type":"WebSite","@id":"https:\/\/www.manaus.am.gov.br\/semcom\/#website","url":"https:\/\/www.manaus.am.gov.br\/semcom\/","name":"SEMCOM","description":"Secretaria Municipal de Comunica\u00e7\u00e3o","potentialAction":[{"@type":"SearchAction","target":{"@type":"EntryPoint","urlTemplate":"https:\/\/www.manaus.am.gov.br\/semcom\/?s={search_term_string}"},"query-input":"required name=search_term_string"}],"inLanguage":"pt-BR"},{"@type":"Person","@id":"https:\/\/www.manaus.am.gov.br\/semcom\/#\/schema\/person\/05d223aea2bf115f9883a6ff3683d81b","name":"Bruna Greco","image":{"@type":"ImageObject","inLanguage":"pt-BR","@id":"https:\/\/www.manaus.am.gov.br\/semcom\/#\/schema\/person\/image\/","url":"https:\/\/secure.gravatar.com\/avatar\/9c877d1a6adc2a055330e5c09a8653ce?s=96&d=mm&r=g","contentUrl":"https:\/\/secure.gravatar.com\/avatar\/9c877d1a6adc2a055330e5c09a8653ce?s=96&d=mm&r=g","caption":"Bruna Greco"}}]}},"_links":{"self":[{"href":"https:\/\/www.manaus.am.gov.br\/semcom\/wp-json\/wp\/v2\/posts\/243582"}],"collection":[{"href":"https:\/\/www.manaus.am.gov.br\/semcom\/wp-json\/wp\/v2\/posts"}],"about":[{"href":"https:\/\/www.manaus.am.gov.br\/semcom\/wp-json\/wp\/v2\/types\/post"}],"author":[{"embeddable":true,"href":"https:\/\/www.manaus.am.gov.br\/semcom\/wp-json\/wp\/v2\/users\/39"}],"replies":[{"embeddable":true,"href":"https:\/\/www.manaus.am.gov.br\/semcom\/wp-json\/wp\/v2\/comments?post=243582"}],"version-history":[{"count":2,"href":"https:\/\/www.manaus.am.gov.br\/semcom\/wp-json\/wp\/v2\/posts\/243582\/revisions"}],"predecessor-version":[{"id":243586,"href":"https:\/\/www.manaus.am.gov.br\/semcom\/wp-json\/wp\/v2\/posts\/243582\/revisions\/243586"}],"wp:featuredmedia":[{"embeddable":true,"href":"https:\/\/www.manaus.am.gov.br\/semcom\/wp-json\/wp\/v2\/media\/243583"}],"wp:attachment":[{"href":"https:\/\/www.manaus.am.gov.br\/semcom\/wp-json\/wp\/v2\/media?parent=243582"}],"wp:term":[{"taxonomy":"category","embeddable":true,"href":"https:\/\/www.manaus.am.gov.br\/semcom\/wp-json\/wp\/v2\/categories?post=243582"},{"taxonomy":"post_tag","embeddable":true,"href":"https:\/\/www.manaus.am.gov.br\/semcom\/wp-json\/wp\/v2\/tags?post=243582"}],"curies":[{"name":"wp","href":"https:\/\/api.w.org\/{rel}","templated":true}]}}