{"id":243326,"date":"2025-08-11T10:44:29","date_gmt":"2025-08-11T13:44:29","guid":{"rendered":"https:\/\/www.manaus.am.gov.br\/semcom\/prefeitura-semtepi-cursodesignerdesobrancelhas\/"},"modified":"2025-08-11T10:44:31","modified_gmt":"2025-08-11T13:44:31","slug":"prefeitura-semtepi-cursodesignerdesobrancelhas","status":"publish","type":"post","link":"https:\/\/www.manaus.am.gov.br\/semcom\/prefeitura-semtepi-cursodesignerdesobrancelhas\/","title":{"rendered":"Prefeitura de Manaus oferta 100 vagas para oficina \u2018Designer de Sobrancelhas\u2019"},"content":{"rendered":"\n<p>A Prefeitura de Manaus, por meio da Secretaria Municipal do Trabalho, Empreendedorismo e Inova\u00e7\u00e3o (Semtepi), em parceria com Omar Castro, oferta, nesta segunda-feira, 11\/8, cem vagas para a oficina \u2018Designer de Sobrancelhas\u2019. O curso ser\u00e1 realizado das 8h \u00e0s 12h, do dia 18 a 22\/8, na galeria dos Rem\u00e9dios, localizada na rua Miranda Le\u00e3o, 82, bairro Centro. As inscri\u00e7\u00f5es ser\u00e3o realizadas at\u00e9 as 17h de hoje.<\/p>\n\n\n\n<p>Voltado para quem deseja ingressar ou se especializar no segmento de beleza, o curso tem como objetivo capacitar o aluno a modelar, corrigir e harmonizar sobrancelhas, valorizando a est\u00e9tica facial com t\u00e9cnicas precisas e personalizadas. Al\u00e9m de ampliar compet\u00eancias t\u00e9cnicas, oferece conhecimentos sobre atendimento ao cliente e tend\u00eancias do mercado. Indicado tanto para iniciantes quanto para profissionais que buscam atualiza\u00e7\u00e3o.<\/p>\n\n\n\n<p>\u201cA gest\u00e3o p\u00fablica fomenta o empreendedorismo local ao oferecer cursos como este, que capacitam cidad\u00e3os para gerar renda e abrir o pr\u00f3prio neg\u00f3cio. Essa a\u00e7\u00e3o fortalece a economia, amplia oportunidades no setor de beleza, um dos que mais cresce, e incentiva a formaliza\u00e7\u00e3o de novos empreendedores\u201d, destacou o secret\u00e1rio da Semtepi, Alonso Oliveira.<\/p>\n\n\n\n<p>Os interessados podem se inscrever pelo link&nbsp;<a href=\"https:\/\/forms.gle\/KDUis43inAb1z1he7\" target=\"_blank\" rel=\"noreferrer noopener\">https:\/\/forms.gle\/KDUis43inAb1z1he7<\/a>&nbsp;e devem se atentar quanto \u00e0 divulga\u00e7\u00e3o da lista de selecionados que ser\u00e1 publicada a partir das 12h do dia 14\/8.<\/p>\n\n\n\n<p>&#8212; &#8212; &#8212;<\/p>\n\n\n\n<p><strong>Texto e fotos <\/strong>\u2013\u00a0Divulga\u00e7\u00e3o \/ Semtepi<\/p>\n","protected":false},"excerpt":{"rendered":"","protected":false},"author":23,"featured_media":243327,"comment_status":"closed","ping_status":"closed","sticky":false,"template":"","format":"standard","meta":{"footnotes":""},"categories":[1591],"tags":[899,16195,757,77,22],"acf":[],"yoast_head":"<!-- This site is optimized with the Yoast SEO plugin v23.0 - https:\/\/yoast.com\/wordpress\/plugins\/seo\/ -->\n<title>Prefeitura de Manaus oferta 100 vagas para oficina \u2018Designer de Sobrancelhas\u2019<\/title>\n<meta name=\"description\" content=\"A Prefeitura de Manaus, por meio da Secretaria Municipal do Trabalho, Empreendedorismo e Inova\u00e7\u00e3o (Semtepi), em parceria com Omar Castro, oferta, nesta segunda-feira, 11\/8, cem vagas para a oficina \u2018Designer de Sobrancelhas\u2019.\" \/>\n<meta name=\"robots\" content=\"index, follow, max-snippet:-1, max-image-preview:large, max-video-preview:-1\" \/>\n<link rel=\"canonical\" href=\"https:\/\/www.manaus.am.gov.br\/semcom\/prefeitura-semtepi-cursodesignerdesobrancelhas\/\" \/>\n<meta property=\"og:locale\" content=\"pt_BR\" \/>\n<meta property=\"og:type\" content=\"article\" \/>\n<meta property=\"og:title\" content=\"Prefeitura de Manaus oferta 100 vagas para oficina \u2018Designer de Sobrancelhas\u2019\" \/>\n<meta property=\"og:description\" content=\"A Prefeitura de Manaus, por meio da Secretaria Municipal do Trabalho, Empreendedorismo e Inova\u00e7\u00e3o (Semtepi), em parceria com Omar Castro, oferta, nesta segunda-feira, 11\/8, cem vagas para a oficina \u2018Designer de Sobrancelhas\u2019.\" \/>\n<meta property=\"og:url\" content=\"https:\/\/www.manaus.am.gov.br\/semcom\/prefeitura-semtepi-cursodesignerdesobrancelhas\/\" \/>\n<meta property=\"og:site_name\" content=\"SEMCOM\" \/>\n<meta property=\"article:published_time\" content=\"2025-08-11T13:44:29+00:00\" \/>\n<meta property=\"article:modified_time\" content=\"2025-08-11T13:44:31+00:00\" \/>\n<meta property=\"og:image\" content=\"https:\/\/www.manaus.am.gov.br\/semcom\/wp-content\/uploads\/sites\/5\/2025\/08\/WhatsApp-Image-2025-08-11-at-09.20.42.jpeg\" \/>\n\t<meta property=\"og:image:width\" content=\"1600\" \/>\n\t<meta property=\"og:image:height\" content=\"1200\" \/>\n\t<meta property=\"og:image:type\" content=\"image\/jpeg\" \/>\n<meta name=\"author\" content=\"Adriana Costa\" \/>\n<meta name=\"twitter:card\" content=\"summary_large_image\" \/>\n<meta name=\"twitter:label1\" content=\"Written by\" \/>\n\t<meta name=\"twitter:data1\" content=\"Adriana Costa\" \/>\n\t<meta name=\"twitter:label2\" content=\"Est. reading time\" \/>\n\t<meta name=\"twitter:data2\" content=\"2 minutos\" \/>\n<script type=\"application\/ld+json\" class=\"yoast-schema-graph\">{\"@context\":\"https:\/\/schema.org\",\"@graph\":[{\"@type\":\"WebPage\",\"@id\":\"https:\/\/www.manaus.am.gov.br\/semcom\/prefeitura-semtepi-cursodesignerdesobrancelhas\/\",\"url\":\"https:\/\/www.manaus.am.gov.br\/semcom\/prefeitura-semtepi-cursodesignerdesobrancelhas\/\",\"name\":\"Prefeitura de Manaus oferta 100 vagas para oficina \u2018Designer de Sobrancelhas\u2019\",\"isPartOf\":{\"@id\":\"https:\/\/www.manaus.am.gov.br\/semcom\/#website\"},\"primaryImageOfPage\":{\"@id\":\"https:\/\/www.manaus.am.gov.br\/semcom\/prefeitura-semtepi-cursodesignerdesobrancelhas\/#primaryimage\"},\"image\":{\"@id\":\"https:\/\/www.manaus.am.gov.br\/semcom\/prefeitura-semtepi-cursodesignerdesobrancelhas\/#primaryimage\"},\"thumbnailUrl\":\"https:\/\/www.manaus.am.gov.br\/semcom\/wp-content\/uploads\/sites\/5\/2025\/08\/WhatsApp-Image-2025-08-11-at-09.20.42.jpeg\",\"datePublished\":\"2025-08-11T13:44:29+00:00\",\"dateModified\":\"2025-08-11T13:44:31+00:00\",\"author\":{\"@id\":\"https:\/\/www.manaus.am.gov.br\/semcom\/#\/schema\/person\/4e49f4e267757a06ca072ec61b2b9968\"},\"description\":\"A Prefeitura de Manaus, por meio da Secretaria Municipal do Trabalho, Empreendedorismo e Inova\u00e7\u00e3o (Semtepi), em parceria com Omar Castro, oferta, nesta segunda-feira, 11\/8, cem vagas para a oficina \u2018Designer de Sobrancelhas\u2019.\",\"inLanguage\":\"pt-BR\",\"potentialAction\":[{\"@type\":\"ReadAction\",\"target\":[\"https:\/\/www.manaus.am.gov.br\/semcom\/prefeitura-semtepi-cursodesignerdesobrancelhas\/\"]}]},{\"@type\":\"ImageObject\",\"inLanguage\":\"pt-BR\",\"@id\":\"https:\/\/www.manaus.am.gov.br\/semcom\/prefeitura-semtepi-cursodesignerdesobrancelhas\/#primaryimage\",\"url\":\"https:\/\/www.manaus.am.gov.br\/semcom\/wp-content\/uploads\/sites\/5\/2025\/08\/WhatsApp-Image-2025-08-11-at-09.20.42.jpeg\",\"contentUrl\":\"https:\/\/www.manaus.am.gov.br\/semcom\/wp-content\/uploads\/sites\/5\/2025\/08\/WhatsApp-Image-2025-08-11-at-09.20.42.jpeg\",\"width\":1600,\"height\":1200},{\"@type\":\"WebSite\",\"@id\":\"https:\/\/www.manaus.am.gov.br\/semcom\/#website\",\"url\":\"https:\/\/www.manaus.am.gov.br\/semcom\/\",\"name\":\"SEMCOM\",\"description\":\"Secretaria Municipal de Comunica\u00e7\u00e3o\",\"potentialAction\":[{\"@type\":\"SearchAction\",\"target\":{\"@type\":\"EntryPoint\",\"urlTemplate\":\"https:\/\/www.manaus.am.gov.br\/semcom\/?s={search_term_string}\"},\"query-input\":\"required name=search_term_string\"}],\"inLanguage\":\"pt-BR\"},{\"@type\":\"Person\",\"@id\":\"https:\/\/www.manaus.am.gov.br\/semcom\/#\/schema\/person\/4e49f4e267757a06ca072ec61b2b9968\",\"name\":\"Adriana Costa\",\"image\":{\"@type\":\"ImageObject\",\"inLanguage\":\"pt-BR\",\"@id\":\"https:\/\/www.manaus.am.gov.br\/semcom\/#\/schema\/person\/image\/\",\"url\":\"https:\/\/secure.gravatar.com\/avatar\/576258617ef7194f718179e766d57bd4?s=96&d=mm&r=g\",\"contentUrl\":\"https:\/\/secure.gravatar.com\/avatar\/576258617ef7194f718179e766d57bd4?s=96&d=mm&r=g\",\"caption\":\"Adriana Costa\"}}]}<\/script>\n<!-- \/ Yoast SEO plugin. -->","yoast_head_json":{"title":"Prefeitura de Manaus oferta 100 vagas para oficina \u2018Designer de Sobrancelhas\u2019","description":"A Prefeitura de Manaus, por meio da Secretaria Municipal do Trabalho, Empreendedorismo e Inova\u00e7\u00e3o (Semtepi), em parceria com Omar Castro, oferta, nesta segunda-feira, 11\/8, cem vagas para a oficina \u2018Designer de Sobrancelhas\u2019.","robots":{"index":"index","follow":"follow","max-snippet":"max-snippet:-1","max-image-preview":"max-image-preview:large","max-video-preview":"max-video-preview:-1"},"canonical":"https:\/\/www.manaus.am.gov.br\/semcom\/prefeitura-semtepi-cursodesignerdesobrancelhas\/","og_locale":"pt_BR","og_type":"article","og_title":"Prefeitura de Manaus oferta 100 vagas para oficina \u2018Designer de Sobrancelhas\u2019","og_description":"A Prefeitura de Manaus, por meio da Secretaria Municipal do Trabalho, Empreendedorismo e Inova\u00e7\u00e3o (Semtepi), em parceria com Omar Castro, oferta, nesta segunda-feira, 11\/8, cem vagas para a oficina \u2018Designer de Sobrancelhas\u2019.","og_url":"https:\/\/www.manaus.am.gov.br\/semcom\/prefeitura-semtepi-cursodesignerdesobrancelhas\/","og_site_name":"SEMCOM","article_published_time":"2025-08-11T13:44:29+00:00","article_modified_time":"2025-08-11T13:44:31+00:00","og_image":[{"width":1600,"height":1200,"url":"https:\/\/www.manaus.am.gov.br\/semcom\/wp-content\/uploads\/sites\/5\/2025\/08\/WhatsApp-Image-2025-08-11-at-09.20.42.jpeg","type":"image\/jpeg"}],"author":"Adriana Costa","twitter_card":"summary_large_image","twitter_misc":{"Written by":"Adriana Costa","Est. reading time":"2 minutos"},"schema":{"@context":"https:\/\/schema.org","@graph":[{"@type":"WebPage","@id":"https:\/\/www.manaus.am.gov.br\/semcom\/prefeitura-semtepi-cursodesignerdesobrancelhas\/","url":"https:\/\/www.manaus.am.gov.br\/semcom\/prefeitura-semtepi-cursodesignerdesobrancelhas\/","name":"Prefeitura de Manaus oferta 100 vagas para oficina \u2018Designer de Sobrancelhas\u2019","isPartOf":{"@id":"https:\/\/www.manaus.am.gov.br\/semcom\/#website"},"primaryImageOfPage":{"@id":"https:\/\/www.manaus.am.gov.br\/semcom\/prefeitura-semtepi-cursodesignerdesobrancelhas\/#primaryimage"},"image":{"@id":"https:\/\/www.manaus.am.gov.br\/semcom\/prefeitura-semtepi-cursodesignerdesobrancelhas\/#primaryimage"},"thumbnailUrl":"https:\/\/www.manaus.am.gov.br\/semcom\/wp-content\/uploads\/sites\/5\/2025\/08\/WhatsApp-Image-2025-08-11-at-09.20.42.jpeg","datePublished":"2025-08-11T13:44:29+00:00","dateModified":"2025-08-11T13:44:31+00:00","author":{"@id":"https:\/\/www.manaus.am.gov.br\/semcom\/#\/schema\/person\/4e49f4e267757a06ca072ec61b2b9968"},"description":"A Prefeitura de Manaus, por meio da Secretaria Municipal do Trabalho, Empreendedorismo e Inova\u00e7\u00e3o (Semtepi), em parceria com Omar Castro, oferta, nesta segunda-feira, 11\/8, cem vagas para a oficina \u2018Designer de Sobrancelhas\u2019.","inLanguage":"pt-BR","potentialAction":[{"@type":"ReadAction","target":["https:\/\/www.manaus.am.gov.br\/semcom\/prefeitura-semtepi-cursodesignerdesobrancelhas\/"]}]},{"@type":"ImageObject","inLanguage":"pt-BR","@id":"https:\/\/www.manaus.am.gov.br\/semcom\/prefeitura-semtepi-cursodesignerdesobrancelhas\/#primaryimage","url":"https:\/\/www.manaus.am.gov.br\/semcom\/wp-content\/uploads\/sites\/5\/2025\/08\/WhatsApp-Image-2025-08-11-at-09.20.42.jpeg","contentUrl":"https:\/\/www.manaus.am.gov.br\/semcom\/wp-content\/uploads\/sites\/5\/2025\/08\/WhatsApp-Image-2025-08-11-at-09.20.42.jpeg","width":1600,"height":1200},{"@type":"WebSite","@id":"https:\/\/www.manaus.am.gov.br\/semcom\/#website","url":"https:\/\/www.manaus.am.gov.br\/semcom\/","name":"SEMCOM","description":"Secretaria Municipal de Comunica\u00e7\u00e3o","potentialAction":[{"@type":"SearchAction","target":{"@type":"EntryPoint","urlTemplate":"https:\/\/www.manaus.am.gov.br\/semcom\/?s={search_term_string}"},"query-input":"required name=search_term_string"}],"inLanguage":"pt-BR"},{"@type":"Person","@id":"https:\/\/www.manaus.am.gov.br\/semcom\/#\/schema\/person\/4e49f4e267757a06ca072ec61b2b9968","name":"Adriana Costa","image":{"@type":"ImageObject","inLanguage":"pt-BR","@id":"https:\/\/www.manaus.am.gov.br\/semcom\/#\/schema\/person\/image\/","url":"https:\/\/secure.gravatar.com\/avatar\/576258617ef7194f718179e766d57bd4?s=96&d=mm&r=g","contentUrl":"https:\/\/secure.gravatar.com\/avatar\/576258617ef7194f718179e766d57bd4?s=96&d=mm&r=g","caption":"Adriana Costa"}}]}},"_links":{"self":[{"href":"https:\/\/www.manaus.am.gov.br\/semcom\/wp-json\/wp\/v2\/posts\/243326"}],"collection":[{"href":"https:\/\/www.manaus.am.gov.br\/semcom\/wp-json\/wp\/v2\/posts"}],"about":[{"href":"https:\/\/www.manaus.am.gov.br\/semcom\/wp-json\/wp\/v2\/types\/post"}],"author":[{"embeddable":true,"href":"https:\/\/www.manaus.am.gov.br\/semcom\/wp-json\/wp\/v2\/users\/23"}],"replies":[{"embeddable":true,"href":"https:\/\/www.manaus.am.gov.br\/semcom\/wp-json\/wp\/v2\/comments?post=243326"}],"version-history":[{"count":0,"href":"https:\/\/www.manaus.am.gov.br\/semcom\/wp-json\/wp\/v2\/posts\/243326\/revisions"}],"wp:featuredmedia":[{"embeddable":true,"href":"https:\/\/www.manaus.am.gov.br\/semcom\/wp-json\/wp\/v2\/media\/243327"}],"wp:attachment":[{"href":"https:\/\/www.manaus.am.gov.br\/semcom\/wp-json\/wp\/v2\/media?parent=243326"}],"wp:term":[{"taxonomy":"category","embeddable":true,"href":"https:\/\/www.manaus.am.gov.br\/semcom\/wp-json\/wp\/v2\/categories?post=243326"},{"taxonomy":"post_tag","embeddable":true,"href":"https:\/\/www.manaus.am.gov.br\/semcom\/wp-json\/wp\/v2\/tags?post=243326"}],"curies":[{"name":"wp","href":"https:\/\/api.w.org\/{rel}","templated":true}]}}