{"id":243320,"date":"2025-08-10T16:10:54","date_gmt":"2025-08-10T19:10:54","guid":{"rendered":"https:\/\/www.manaus.am.gov.br\/semcom\/programacao-cemiterios-de-manaus\/"},"modified":"2025-08-10T16:10:55","modified_gmt":"2025-08-10T19:10:55","slug":"programacao-cemiterios-de-manaus","status":"publish","type":"post","link":"https:\/\/www.manaus.am.gov.br\/semcom\/programacao-cemiterios-de-manaus\/","title":{"rendered":"Cemit\u00e9rios de Manaus recebem programa\u00e7\u00e3o religiosa e a\u00e7\u00f5es de acolhimento neste domingo, Dia dos Pais"},"content":{"rendered":"\n<p>A Prefeitura de Manaus, por meio da Secretaria Municipal de Limpeza Urbana (Semulsp), realizou, neste domingo, 10\/8, Dia dos Pais, uma grande opera\u00e7\u00e3o de cuidado e estrutura nos cemit\u00e9rios da cidade. Todos os dez cemit\u00e9rios p\u00fablicos \u2013 seis urbanos e quatro da zona rural \u2013 receberam aten\u00e7\u00e3o especial com limpeza minuciosa, capina\u00e7\u00e3o, poda, pintura e revitaliza\u00e7\u00e3o de \u00e1reas comuns como os cruzeiros e os corredores de visita\u00e7\u00e3o.<br><br>Missas e cultos foram celebrados ao longo do dia, reunindo fam\u00edlias e promovendo momentos de f\u00e9 e reflex\u00e3o. As equipes da Semulsp acompanharam os trabalhos.<br><br>\u201cNa gest\u00e3o do prefeito David Almeida, revitalizamos todos os cemit\u00e9rios p\u00fablicos de Manaus. Hoje, eles est\u00e3o limpos, organizados e com manuten\u00e7\u00e3o di\u00e1ria. Em datas como o Dia dos Pais, a for\u00e7a-tarefa da Semulsp garante que as fam\u00edlias encontrem espa\u00e7os dignos para homenagear seus entes queridos\u201d, destacou o secret\u00e1rio da Semulsp, Sab\u00e1 Reis.<br><br>A dona de casa Lisbella Carmosina Freitas visitou o cemit\u00e9rio S\u00e3o Jo\u00e3o Batista, na zona Sul, para prestar homenagem e destacou como positiva a opera\u00e7\u00e3o realizada.<br><br>\u201c\u00c9 um momento de saudade e gratid\u00e3o, e \u00e9 muito bom encontrarmos os espa\u00e7os limpos. Eu n\u00e3o poderia deixar de vir aqui primeiro, trazer meu amor e minhas ora\u00e7\u00f5es\u201d, disse.<\/p>\n\n\n\n<p>O cemit\u00e9rio Nossa Senhora Aparecida, no Tarum\u00e3, o maior de Manaus, tamb\u00e9m foi o mais visitado neste Dia dos Pais. Acompanhada de sua fam\u00edlia, a aposentada S\u00f4nia Maria Barbosa, de 69 anos, agradeceu as a\u00e7\u00f5es das secretarias envolvidas.<br><br>\u201cSempre venho aqui, quase todo m\u00eas. Agora est\u00e1 muito mais bonito e bem cuidado. As pessoas est\u00e3o zelando, limpando tudo. Hoje, ainda teve m\u00fasica para acalmar o cora\u00e7\u00e3o, e isso ajuda muito. A gente fica feliz de ver tudo limpinho\u201d, afirmou, emocionada.<br><br><strong>Organiza\u00e7\u00e3o em todos os cemit\u00e9rios<\/strong><\/p>\n\n\n\n<p>Em todos os dez cemit\u00e9rios p\u00fablicos de Manaus, os visitantes foram recebidos por servidores Semulsp, que trabalharam junto aos funcion\u00e1rios dos campos santos para garantir um ambiente acolhedor. Al\u00e9m da m\u00fasica ao vivo, com repert\u00f3rio de louvores e can\u00e7\u00f5es em homenagem aos pais, houve distribui\u00e7\u00e3o de mudas de plantas medicinais e decorativas.<br><br>Nos per\u00edodos comemorativos, como Dia das M\u00e3es, Finados e agora o Dia dos Pais, a Semulsp monta opera\u00e7\u00f5es especiais de limpeza e organiza\u00e7\u00e3o, refor\u00e7ando o compromisso da prefeitura em cuidar dos espa\u00e7os de mem\u00f3ria e respeito da cidade.<\/p>\n\n\n\n<p>\u2014 \u2014 \u2014<br><strong>Texto &#8211; <\/strong>Marcilene Frutuoso \/ Semcom e<strong> <\/strong>Dora Tupinamb\u00e1 \/Semulsp<br><strong>Fotos &#8211;<\/strong> Cl\u00f3vis Miranda \/ Semcom e Alex Melo \/Semulsp<br><strong>Dispon\u00edveis em &#8211;<\/strong> <a href=\"https:\/\/flic.kr\/s\/aHBqjCqjAD\">https:\/\/flic.kr\/s\/aHBqjCqjAD<\/a>&nbsp;<\/p>\n","protected":false},"excerpt":{"rendered":"","protected":false},"author":68,"featured_media":243321,"comment_status":"closed","ping_status":"closed","sticky":false,"template":"","format":"standard","meta":{"footnotes":""},"categories":[1785],"tags":[16193,6658,77,301],"acf":[],"yoast_head":"<!-- This site is optimized with the Yoast SEO plugin v23.0 - https:\/\/yoast.com\/wordpress\/plugins\/seo\/ -->\n<title>Cemit\u00e9rios de Manaus recebem programa\u00e7\u00e3o religiosa e a\u00e7\u00f5es de acolhimento neste domingo, Dia dos Pais<\/title>\n<meta name=\"description\" content=\"A Prefeitura de Manaus, por meio da Secretaria Municipal de Limpeza Urbana (Semulsp), realizou, neste domingo, 10\/8, Dia dos Pais, uma grande opera\u00e7\u00e3o de cuidado e estrutura nos cemit\u00e9rios da cidade. Todos os dez cemit\u00e9rios p\u00fablicos \u2013 seis urbanos e quatro da zona rural \u2013 receberam aten\u00e7\u00e3o especial com limpeza minuciosa, capina\u00e7\u00e3o, poda, pintura e revitaliza\u00e7\u00e3o de \u00e1reas comuns como os cruzeiros e os corredores de visita\u00e7\u00e3o.\" \/>\n<meta name=\"robots\" content=\"index, follow, max-snippet:-1, max-image-preview:large, max-video-preview:-1\" \/>\n<link rel=\"canonical\" href=\"https:\/\/www.manaus.am.gov.br\/semcom\/programacao-cemiterios-de-manaus\/\" \/>\n<meta property=\"og:locale\" content=\"pt_BR\" \/>\n<meta property=\"og:type\" content=\"article\" \/>\n<meta property=\"og:title\" content=\"Cemit\u00e9rios de Manaus recebem programa\u00e7\u00e3o religiosa e a\u00e7\u00f5es de acolhimento neste domingo, Dia dos Pais\" \/>\n<meta property=\"og:description\" content=\"A Prefeitura de Manaus, por meio da Secretaria Municipal de Limpeza Urbana (Semulsp), realizou, neste domingo, 10\/8, Dia dos Pais, uma grande opera\u00e7\u00e3o de cuidado e estrutura nos cemit\u00e9rios da cidade. Todos os dez cemit\u00e9rios p\u00fablicos \u2013 seis urbanos e quatro da zona rural \u2013 receberam aten\u00e7\u00e3o especial com limpeza minuciosa, capina\u00e7\u00e3o, poda, pintura e revitaliza\u00e7\u00e3o de \u00e1reas comuns como os cruzeiros e os corredores de visita\u00e7\u00e3o.\" \/>\n<meta property=\"og:url\" content=\"https:\/\/www.manaus.am.gov.br\/semcom\/programacao-cemiterios-de-manaus\/\" \/>\n<meta property=\"og:site_name\" content=\"SEMCOM\" \/>\n<meta property=\"article:published_time\" content=\"2025-08-10T19:10:54+00:00\" \/>\n<meta property=\"article:modified_time\" content=\"2025-08-10T19:10:55+00:00\" \/>\n<meta property=\"og:image\" content=\"https:\/\/www.manaus.am.gov.br\/semcom\/wp-content\/uploads\/sites\/5\/2025\/08\/54712247475_72f70cd01d_c.jpg\" \/>\n\t<meta property=\"og:image:width\" content=\"799\" \/>\n\t<meta property=\"og:image:height\" content=\"533\" \/>\n\t<meta property=\"og:image:type\" content=\"image\/jpeg\" \/>\n<meta name=\"author\" content=\"bvalente\" \/>\n<meta name=\"twitter:card\" content=\"summary_large_image\" \/>\n<meta name=\"twitter:label1\" content=\"Written by\" \/>\n\t<meta name=\"twitter:data1\" content=\"bvalente\" \/>\n\t<meta name=\"twitter:label2\" content=\"Est. reading time\" \/>\n\t<meta name=\"twitter:data2\" content=\"3 minutos\" \/>\n<script type=\"application\/ld+json\" class=\"yoast-schema-graph\">{\"@context\":\"https:\/\/schema.org\",\"@graph\":[{\"@type\":\"WebPage\",\"@id\":\"https:\/\/www.manaus.am.gov.br\/semcom\/programacao-cemiterios-de-manaus\/\",\"url\":\"https:\/\/www.manaus.am.gov.br\/semcom\/programacao-cemiterios-de-manaus\/\",\"name\":\"Cemit\u00e9rios de Manaus recebem programa\u00e7\u00e3o religiosa e a\u00e7\u00f5es de acolhimento neste domingo, Dia dos Pais\",\"isPartOf\":{\"@id\":\"https:\/\/www.manaus.am.gov.br\/semcom\/#website\"},\"primaryImageOfPage\":{\"@id\":\"https:\/\/www.manaus.am.gov.br\/semcom\/programacao-cemiterios-de-manaus\/#primaryimage\"},\"image\":{\"@id\":\"https:\/\/www.manaus.am.gov.br\/semcom\/programacao-cemiterios-de-manaus\/#primaryimage\"},\"thumbnailUrl\":\"https:\/\/www.manaus.am.gov.br\/semcom\/wp-content\/uploads\/sites\/5\/2025\/08\/54712247475_72f70cd01d_c.jpg\",\"datePublished\":\"2025-08-10T19:10:54+00:00\",\"dateModified\":\"2025-08-10T19:10:55+00:00\",\"author\":{\"@id\":\"https:\/\/www.manaus.am.gov.br\/semcom\/#\/schema\/person\/466a0e03ae4b6062809046bd560ac955\"},\"description\":\"A Prefeitura de Manaus, por meio da Secretaria Municipal de Limpeza Urbana (Semulsp), realizou, neste domingo, 10\/8, Dia dos Pais, uma grande opera\u00e7\u00e3o de cuidado e estrutura nos cemit\u00e9rios da cidade. Todos os dez cemit\u00e9rios p\u00fablicos \u2013 seis urbanos e quatro da zona rural \u2013 receberam aten\u00e7\u00e3o especial com limpeza minuciosa, capina\u00e7\u00e3o, poda, pintura e revitaliza\u00e7\u00e3o de \u00e1reas comuns como os cruzeiros e os corredores de visita\u00e7\u00e3o.\",\"inLanguage\":\"pt-BR\",\"potentialAction\":[{\"@type\":\"ReadAction\",\"target\":[\"https:\/\/www.manaus.am.gov.br\/semcom\/programacao-cemiterios-de-manaus\/\"]}]},{\"@type\":\"ImageObject\",\"inLanguage\":\"pt-BR\",\"@id\":\"https:\/\/www.manaus.am.gov.br\/semcom\/programacao-cemiterios-de-manaus\/#primaryimage\",\"url\":\"https:\/\/www.manaus.am.gov.br\/semcom\/wp-content\/uploads\/sites\/5\/2025\/08\/54712247475_72f70cd01d_c.jpg\",\"contentUrl\":\"https:\/\/www.manaus.am.gov.br\/semcom\/wp-content\/uploads\/sites\/5\/2025\/08\/54712247475_72f70cd01d_c.jpg\",\"width\":799,\"height\":533},{\"@type\":\"WebSite\",\"@id\":\"https:\/\/www.manaus.am.gov.br\/semcom\/#website\",\"url\":\"https:\/\/www.manaus.am.gov.br\/semcom\/\",\"name\":\"SEMCOM\",\"description\":\"Secretaria Municipal de Comunica\u00e7\u00e3o\",\"potentialAction\":[{\"@type\":\"SearchAction\",\"target\":{\"@type\":\"EntryPoint\",\"urlTemplate\":\"https:\/\/www.manaus.am.gov.br\/semcom\/?s={search_term_string}\"},\"query-input\":\"required name=search_term_string\"}],\"inLanguage\":\"pt-BR\"},{\"@type\":\"Person\",\"@id\":\"https:\/\/www.manaus.am.gov.br\/semcom\/#\/schema\/person\/466a0e03ae4b6062809046bd560ac955\",\"name\":\"bvalente\",\"image\":{\"@type\":\"ImageObject\",\"inLanguage\":\"pt-BR\",\"@id\":\"https:\/\/www.manaus.am.gov.br\/semcom\/#\/schema\/person\/image\/\",\"url\":\"https:\/\/secure.gravatar.com\/avatar\/3e69bc2b014bdad41adfec3a39de07d2?s=96&d=mm&r=g\",\"contentUrl\":\"https:\/\/secure.gravatar.com\/avatar\/3e69bc2b014bdad41adfec3a39de07d2?s=96&d=mm&r=g\",\"caption\":\"bvalente\"}}]}<\/script>\n<!-- \/ Yoast SEO plugin. -->","yoast_head_json":{"title":"Cemit\u00e9rios de Manaus recebem programa\u00e7\u00e3o religiosa e a\u00e7\u00f5es de acolhimento neste domingo, Dia dos Pais","description":"A Prefeitura de Manaus, por meio da Secretaria Municipal de Limpeza Urbana (Semulsp), realizou, neste domingo, 10\/8, Dia dos Pais, uma grande opera\u00e7\u00e3o de cuidado e estrutura nos cemit\u00e9rios da cidade. Todos os dez cemit\u00e9rios p\u00fablicos \u2013 seis urbanos e quatro da zona rural \u2013 receberam aten\u00e7\u00e3o especial com limpeza minuciosa, capina\u00e7\u00e3o, poda, pintura e revitaliza\u00e7\u00e3o de \u00e1reas comuns como os cruzeiros e os corredores de visita\u00e7\u00e3o.","robots":{"index":"index","follow":"follow","max-snippet":"max-snippet:-1","max-image-preview":"max-image-preview:large","max-video-preview":"max-video-preview:-1"},"canonical":"https:\/\/www.manaus.am.gov.br\/semcom\/programacao-cemiterios-de-manaus\/","og_locale":"pt_BR","og_type":"article","og_title":"Cemit\u00e9rios de Manaus recebem programa\u00e7\u00e3o religiosa e a\u00e7\u00f5es de acolhimento neste domingo, Dia dos Pais","og_description":"A Prefeitura de Manaus, por meio da Secretaria Municipal de Limpeza Urbana (Semulsp), realizou, neste domingo, 10\/8, Dia dos Pais, uma grande opera\u00e7\u00e3o de cuidado e estrutura nos cemit\u00e9rios da cidade. Todos os dez cemit\u00e9rios p\u00fablicos \u2013 seis urbanos e quatro da zona rural \u2013 receberam aten\u00e7\u00e3o especial com limpeza minuciosa, capina\u00e7\u00e3o, poda, pintura e revitaliza\u00e7\u00e3o de \u00e1reas comuns como os cruzeiros e os corredores de visita\u00e7\u00e3o.","og_url":"https:\/\/www.manaus.am.gov.br\/semcom\/programacao-cemiterios-de-manaus\/","og_site_name":"SEMCOM","article_published_time":"2025-08-10T19:10:54+00:00","article_modified_time":"2025-08-10T19:10:55+00:00","og_image":[{"width":799,"height":533,"url":"https:\/\/www.manaus.am.gov.br\/semcom\/wp-content\/uploads\/sites\/5\/2025\/08\/54712247475_72f70cd01d_c.jpg","type":"image\/jpeg"}],"author":"bvalente","twitter_card":"summary_large_image","twitter_misc":{"Written by":"bvalente","Est. reading time":"3 minutos"},"schema":{"@context":"https:\/\/schema.org","@graph":[{"@type":"WebPage","@id":"https:\/\/www.manaus.am.gov.br\/semcom\/programacao-cemiterios-de-manaus\/","url":"https:\/\/www.manaus.am.gov.br\/semcom\/programacao-cemiterios-de-manaus\/","name":"Cemit\u00e9rios de Manaus recebem programa\u00e7\u00e3o religiosa e a\u00e7\u00f5es de acolhimento neste domingo, Dia dos Pais","isPartOf":{"@id":"https:\/\/www.manaus.am.gov.br\/semcom\/#website"},"primaryImageOfPage":{"@id":"https:\/\/www.manaus.am.gov.br\/semcom\/programacao-cemiterios-de-manaus\/#primaryimage"},"image":{"@id":"https:\/\/www.manaus.am.gov.br\/semcom\/programacao-cemiterios-de-manaus\/#primaryimage"},"thumbnailUrl":"https:\/\/www.manaus.am.gov.br\/semcom\/wp-content\/uploads\/sites\/5\/2025\/08\/54712247475_72f70cd01d_c.jpg","datePublished":"2025-08-10T19:10:54+00:00","dateModified":"2025-08-10T19:10:55+00:00","author":{"@id":"https:\/\/www.manaus.am.gov.br\/semcom\/#\/schema\/person\/466a0e03ae4b6062809046bd560ac955"},"description":"A Prefeitura de Manaus, por meio da Secretaria Municipal de Limpeza Urbana (Semulsp), realizou, neste domingo, 10\/8, Dia dos Pais, uma grande opera\u00e7\u00e3o de cuidado e estrutura nos cemit\u00e9rios da cidade. Todos os dez cemit\u00e9rios p\u00fablicos \u2013 seis urbanos e quatro da zona rural \u2013 receberam aten\u00e7\u00e3o especial com limpeza minuciosa, capina\u00e7\u00e3o, poda, pintura e revitaliza\u00e7\u00e3o de \u00e1reas comuns como os cruzeiros e os corredores de visita\u00e7\u00e3o.","inLanguage":"pt-BR","potentialAction":[{"@type":"ReadAction","target":["https:\/\/www.manaus.am.gov.br\/semcom\/programacao-cemiterios-de-manaus\/"]}]},{"@type":"ImageObject","inLanguage":"pt-BR","@id":"https:\/\/www.manaus.am.gov.br\/semcom\/programacao-cemiterios-de-manaus\/#primaryimage","url":"https:\/\/www.manaus.am.gov.br\/semcom\/wp-content\/uploads\/sites\/5\/2025\/08\/54712247475_72f70cd01d_c.jpg","contentUrl":"https:\/\/www.manaus.am.gov.br\/semcom\/wp-content\/uploads\/sites\/5\/2025\/08\/54712247475_72f70cd01d_c.jpg","width":799,"height":533},{"@type":"WebSite","@id":"https:\/\/www.manaus.am.gov.br\/semcom\/#website","url":"https:\/\/www.manaus.am.gov.br\/semcom\/","name":"SEMCOM","description":"Secretaria Municipal de Comunica\u00e7\u00e3o","potentialAction":[{"@type":"SearchAction","target":{"@type":"EntryPoint","urlTemplate":"https:\/\/www.manaus.am.gov.br\/semcom\/?s={search_term_string}"},"query-input":"required name=search_term_string"}],"inLanguage":"pt-BR"},{"@type":"Person","@id":"https:\/\/www.manaus.am.gov.br\/semcom\/#\/schema\/person\/466a0e03ae4b6062809046bd560ac955","name":"bvalente","image":{"@type":"ImageObject","inLanguage":"pt-BR","@id":"https:\/\/www.manaus.am.gov.br\/semcom\/#\/schema\/person\/image\/","url":"https:\/\/secure.gravatar.com\/avatar\/3e69bc2b014bdad41adfec3a39de07d2?s=96&d=mm&r=g","contentUrl":"https:\/\/secure.gravatar.com\/avatar\/3e69bc2b014bdad41adfec3a39de07d2?s=96&d=mm&r=g","caption":"bvalente"}}]}},"_links":{"self":[{"href":"https:\/\/www.manaus.am.gov.br\/semcom\/wp-json\/wp\/v2\/posts\/243320"}],"collection":[{"href":"https:\/\/www.manaus.am.gov.br\/semcom\/wp-json\/wp\/v2\/posts"}],"about":[{"href":"https:\/\/www.manaus.am.gov.br\/semcom\/wp-json\/wp\/v2\/types\/post"}],"author":[{"embeddable":true,"href":"https:\/\/www.manaus.am.gov.br\/semcom\/wp-json\/wp\/v2\/users\/68"}],"replies":[{"embeddable":true,"href":"https:\/\/www.manaus.am.gov.br\/semcom\/wp-json\/wp\/v2\/comments?post=243320"}],"version-history":[{"count":0,"href":"https:\/\/www.manaus.am.gov.br\/semcom\/wp-json\/wp\/v2\/posts\/243320\/revisions"}],"wp:featuredmedia":[{"embeddable":true,"href":"https:\/\/www.manaus.am.gov.br\/semcom\/wp-json\/wp\/v2\/media\/243321"}],"wp:attachment":[{"href":"https:\/\/www.manaus.am.gov.br\/semcom\/wp-json\/wp\/v2\/media?parent=243320"}],"wp:term":[{"taxonomy":"category","embeddable":true,"href":"https:\/\/www.manaus.am.gov.br\/semcom\/wp-json\/wp\/v2\/categories?post=243320"},{"taxonomy":"post_tag","embeddable":true,"href":"https:\/\/www.manaus.am.gov.br\/semcom\/wp-json\/wp\/v2\/tags?post=243320"}],"curies":[{"name":"wp","href":"https:\/\/api.w.org\/{rel}","templated":true}]}}