{"id":243312,"date":"2025-08-09T13:44:49","date_gmt":"2025-08-09T16:44:49","guid":{"rendered":"https:\/\/www.manaus.am.gov.br\/semcom\/flagrante-e-aciona-empresas\/"},"modified":"2025-08-09T13:44:50","modified_gmt":"2025-08-09T16:44:50","slug":"flagrante-e-aciona-empresas","status":"publish","type":"post","link":"https:\/\/www.manaus.am.gov.br\/semcom\/flagrante-e-aciona-empresas\/","title":{"rendered":"Prefeitura de Manaus notifica aplica\u00e7\u00e3o de lambe-lambe em flagrante e aciona empresas"},"content":{"rendered":"\n<p><strong><br><\/strong>Refor\u00e7ando os trabalhos para combater a polui\u00e7\u00e3o visual urbana, a Prefeitura de Manaus, por meio do Instituto Municipal de Planejamento Urbano (Implurb), tem intensificado a\u00e7\u00f5es e notifica\u00e7\u00f5es para coibir os lambe-lambes colados em paredes, colunas, muros, postes e demais \u00e1reas p\u00fablicas da capital.<br><br>Al\u00e9m das notifica\u00e7\u00f5es de rotina e das fiscaliza\u00e7\u00f5es, na sexta-feira, 8\/8, a equipe do Implurb flagrou uma situa\u00e7\u00e3o irregular, na avenida Darcy Vargas, onde um homem estava com material de colagem e dezenas de cartazes para aplica\u00e7\u00e3o em muros de \u00e1reas p\u00fablicas e particulares, sem autoriza\u00e7\u00e3o.<br><br>Conforme o art. 69 do C\u00f3digo de Posturas de Manaus (lei complementar 005\/2014, no Cap\u00edtulo Engenhos Publicit\u00e1rios, \u00e9 \u201cexpressamente proibido a instala\u00e7\u00e3o de engenhos publicit\u00e1rios\u201d como cartazes, colagens e picha\u00e7\u00f5es em mobili\u00e1rios urbanos, muro, parede, tapume e fachadas comerciais.<\/p>\n\n\n\n<p><strong>Polui\u00e7\u00e3o visual<\/strong><strong><br><\/strong><strong><br><\/strong>O objetivo \u00e9 enquadrar os lambe-lambe que, em enorme quantidade, al\u00e9m de faixas, cartazes e banners, aumentam a polui\u00e7\u00e3o visual na paisagem urbana. \u201c\u00c9 preciso deixar claro que a polui\u00e7\u00e3o visual \u00e9 uma ilegalidade, \u00e9 uma afronta ao C\u00f3digo de Posturas do nosso munic\u00edpio, que pode, inclusive, ser um crime ambiental, porque pichar patrim\u00f4nios, pichar viadutos, postes, afixar cartazes, isso traz toda uma polui\u00e7\u00e3o ao meio ambiente. A equipe flagrou uma pessoa colando lambe-lambe, gerando uma notifica\u00e7\u00e3o e apreens\u00e3o do material, assim como a empresa que o contratou. Estamos refor\u00e7ando estas a\u00e7\u00f5es para fiscalizar, notificar e multar os autores e empresas que veiculam e produzem este tipo de conte\u00fado irregular\u201d, explicou o vice-presidente do Implurb, Ant\u00f4nio Peixoto.<br><br>O vice-presidente lembrou que as empresas produtoras de eventos tamb\u00e9m ser\u00e3o acionadas, em raz\u00e3o do uso da publicidade ilegal e que suja a capital. \u201c\u00c9 preciso atuar para evitar estas infra\u00e7\u00f5es, para que possamos ter uma cidade minimamente ordenada e sem essa polui\u00e7\u00e3o visual\u201d.<\/p>\n\n\n\n<p><strong>Publicidade irregular<\/strong><strong><br><\/strong><strong><br><\/strong>Em excesso, a m\u00eddia publicit\u00e1ria acaba formando polui\u00e7\u00e3o visual, especialmente com o uso de material gr\u00e1fico em papel e pl\u00e1stico, deteriorando a paisagem urbana. Empresas e pessoas f\u00edsicas ou jur\u00eddicas que fazem publicidade irregular, em locais como postes, \u00e1rvores, logradouros p\u00fablicos, cal\u00e7adas, sinaliza\u00e7\u00e3o de tr\u00e2nsito, pontes, viadutos, passarelas e outros espa\u00e7os similares, est\u00e3o sujeitas ainda a aplica\u00e7\u00e3o de multas pela infra\u00e7\u00e3o, variando de 4 UFMs (Unidade Fiscal do Munic\u00edpio), R$ 581,48, at\u00e9 70 UFMs, R$ 10.175,90, conforme o C\u00f3digo de Posturas da cidade, a lei complementar 005\/2014. A UFM est\u00e1 em R$ 145,37.<br><br>\u00c9 proibido, por exemplo, instalar engenhos em leitos dos rios, igarap\u00e9s, praias; postes de ilumina\u00e7\u00e3o p\u00fablica ou rede de telefonia, faixas ou placas acopladas \u00e0 sinaliza\u00e7\u00e3o de tr\u00e2nsito; obras p\u00fablicas, como pontes, viadutos, passarelas, al\u00e9m de est\u00e1tuas, esculturas, monumentos e bancos em logradouros e similares; no passeio p\u00fablico, salvo quando os mobili\u00e1rios urbanos s\u00e3o regularizados e n\u00e3o prejudiquem a mobilidade urbana. A regulamenta\u00e7\u00e3o dos engenhos \u00e9 prevista no Plano Diretor, no C\u00f3digo de Posturas de Manaus (Lei 005\/2014).<\/p>\n\n\n\n<p><strong>Fiscaliza\u00e7\u00e3o<\/strong><strong><br><\/strong><strong><br><\/strong>Den\u00fancias s\u00e3o atendidas pelo Disque Den\u00fancia no telefone 3673-9305 e pelo 161, de segunda a sexta-feira, das 8h \u00e0s 14h, exceto feriados e pontos facultativos, e no disquedenuncia.implurb@manaus.am.gov.br.&nbsp;<\/p>\n\n\n\n<p>&#8212; &#8212; &#8212;<\/p>\n\n\n\n<p><strong>Texto<\/strong> \u2013 Claudia do Valle \/Implurb<br><strong>Fotos<\/strong> \u2013 Divulga\u00e7\u00e3o\/Implurb e Semcom<\/p>\n","protected":false},"excerpt":{"rendered":"","protected":false},"author":68,"featured_media":243313,"comment_status":"closed","ping_status":"closed","sticky":false,"template":"","format":"standard","meta":{"footnotes":""},"categories":[2807],"tags":[65,77,16189],"acf":[],"yoast_head":"<!-- This site is optimized with the Yoast SEO plugin v23.0 - https:\/\/yoast.com\/wordpress\/plugins\/seo\/ -->\n<title>Prefeitura de Manaus notifica aplica\u00e7\u00e3o de lambe-lambe em flagrante e aciona empresas<\/title>\n<meta name=\"description\" content=\"Refor\u00e7ando os trabalhos para combater a polui\u00e7\u00e3o visual urbana, a Prefeitura de Manaus, por meio do Instituto Municipal de Planejamento Urbano (Implurb), tem intensificado a\u00e7\u00f5es e notifica\u00e7\u00f5es para coibir os lambe-lambes colados em paredes, colunas, muros, postes e demais \u00e1reas p\u00fablicas da capital.\" \/>\n<meta name=\"robots\" content=\"index, follow, max-snippet:-1, max-image-preview:large, max-video-preview:-1\" \/>\n<link rel=\"canonical\" href=\"https:\/\/www.manaus.am.gov.br\/semcom\/flagrante-e-aciona-empresas\/\" \/>\n<meta property=\"og:locale\" content=\"pt_BR\" \/>\n<meta property=\"og:type\" content=\"article\" \/>\n<meta property=\"og:title\" content=\"Prefeitura de Manaus notifica aplica\u00e7\u00e3o de lambe-lambe em flagrante e aciona empresas\" \/>\n<meta property=\"og:description\" content=\"Refor\u00e7ando os trabalhos para combater a polui\u00e7\u00e3o visual urbana, a Prefeitura de Manaus, por meio do Instituto Municipal de Planejamento Urbano (Implurb), tem intensificado a\u00e7\u00f5es e notifica\u00e7\u00f5es para coibir os lambe-lambes colados em paredes, colunas, muros, postes e demais \u00e1reas p\u00fablicas da capital.\" \/>\n<meta property=\"og:url\" content=\"https:\/\/www.manaus.am.gov.br\/semcom\/flagrante-e-aciona-empresas\/\" \/>\n<meta property=\"og:site_name\" content=\"SEMCOM\" \/>\n<meta property=\"article:published_time\" content=\"2025-08-09T16:44:49+00:00\" \/>\n<meta property=\"article:modified_time\" content=\"2025-08-09T16:44:50+00:00\" \/>\n<meta property=\"og:image\" content=\"https:\/\/www.manaus.am.gov.br\/semcom\/wp-content\/uploads\/sites\/5\/2025\/08\/limpeza-1.jpg\" \/>\n\t<meta property=\"og:image:width\" content=\"2048\" \/>\n\t<meta property=\"og:image:height\" content=\"1365\" \/>\n\t<meta property=\"og:image:type\" content=\"image\/jpeg\" \/>\n<meta name=\"author\" content=\"bvalente\" \/>\n<meta name=\"twitter:card\" content=\"summary_large_image\" \/>\n<meta name=\"twitter:label1\" content=\"Written by\" \/>\n\t<meta name=\"twitter:data1\" content=\"bvalente\" \/>\n\t<meta name=\"twitter:label2\" content=\"Est. reading time\" \/>\n\t<meta name=\"twitter:data2\" content=\"3 minutos\" \/>\n<script type=\"application\/ld+json\" class=\"yoast-schema-graph\">{\"@context\":\"https:\/\/schema.org\",\"@graph\":[{\"@type\":\"WebPage\",\"@id\":\"https:\/\/www.manaus.am.gov.br\/semcom\/flagrante-e-aciona-empresas\/\",\"url\":\"https:\/\/www.manaus.am.gov.br\/semcom\/flagrante-e-aciona-empresas\/\",\"name\":\"Prefeitura de Manaus notifica aplica\u00e7\u00e3o de lambe-lambe em flagrante e aciona empresas\",\"isPartOf\":{\"@id\":\"https:\/\/www.manaus.am.gov.br\/semcom\/#website\"},\"primaryImageOfPage\":{\"@id\":\"https:\/\/www.manaus.am.gov.br\/semcom\/flagrante-e-aciona-empresas\/#primaryimage\"},\"image\":{\"@id\":\"https:\/\/www.manaus.am.gov.br\/semcom\/flagrante-e-aciona-empresas\/#primaryimage\"},\"thumbnailUrl\":\"https:\/\/www.manaus.am.gov.br\/semcom\/wp-content\/uploads\/sites\/5\/2025\/08\/limpeza-1.jpg\",\"datePublished\":\"2025-08-09T16:44:49+00:00\",\"dateModified\":\"2025-08-09T16:44:50+00:00\",\"author\":{\"@id\":\"https:\/\/www.manaus.am.gov.br\/semcom\/#\/schema\/person\/466a0e03ae4b6062809046bd560ac955\"},\"description\":\"Refor\u00e7ando os trabalhos para combater a polui\u00e7\u00e3o visual urbana, a Prefeitura de Manaus, por meio do Instituto Municipal de Planejamento Urbano (Implurb), tem intensificado a\u00e7\u00f5es e notifica\u00e7\u00f5es para coibir os lambe-lambes colados em paredes, colunas, muros, postes e demais \u00e1reas p\u00fablicas da capital.\",\"inLanguage\":\"pt-BR\",\"potentialAction\":[{\"@type\":\"ReadAction\",\"target\":[\"https:\/\/www.manaus.am.gov.br\/semcom\/flagrante-e-aciona-empresas\/\"]}]},{\"@type\":\"ImageObject\",\"inLanguage\":\"pt-BR\",\"@id\":\"https:\/\/www.manaus.am.gov.br\/semcom\/flagrante-e-aciona-empresas\/#primaryimage\",\"url\":\"https:\/\/www.manaus.am.gov.br\/semcom\/wp-content\/uploads\/sites\/5\/2025\/08\/limpeza-1.jpg\",\"contentUrl\":\"https:\/\/www.manaus.am.gov.br\/semcom\/wp-content\/uploads\/sites\/5\/2025\/08\/limpeza-1.jpg\",\"width\":2048,\"height\":1365},{\"@type\":\"WebSite\",\"@id\":\"https:\/\/www.manaus.am.gov.br\/semcom\/#website\",\"url\":\"https:\/\/www.manaus.am.gov.br\/semcom\/\",\"name\":\"SEMCOM\",\"description\":\"Secretaria Municipal de Comunica\u00e7\u00e3o\",\"potentialAction\":[{\"@type\":\"SearchAction\",\"target\":{\"@type\":\"EntryPoint\",\"urlTemplate\":\"https:\/\/www.manaus.am.gov.br\/semcom\/?s={search_term_string}\"},\"query-input\":\"required name=search_term_string\"}],\"inLanguage\":\"pt-BR\"},{\"@type\":\"Person\",\"@id\":\"https:\/\/www.manaus.am.gov.br\/semcom\/#\/schema\/person\/466a0e03ae4b6062809046bd560ac955\",\"name\":\"bvalente\",\"image\":{\"@type\":\"ImageObject\",\"inLanguage\":\"pt-BR\",\"@id\":\"https:\/\/www.manaus.am.gov.br\/semcom\/#\/schema\/person\/image\/\",\"url\":\"https:\/\/secure.gravatar.com\/avatar\/3e69bc2b014bdad41adfec3a39de07d2?s=96&d=mm&r=g\",\"contentUrl\":\"https:\/\/secure.gravatar.com\/avatar\/3e69bc2b014bdad41adfec3a39de07d2?s=96&d=mm&r=g\",\"caption\":\"bvalente\"}}]}<\/script>\n<!-- \/ Yoast SEO plugin. -->","yoast_head_json":{"title":"Prefeitura de Manaus notifica aplica\u00e7\u00e3o de lambe-lambe em flagrante e aciona empresas","description":"Refor\u00e7ando os trabalhos para combater a polui\u00e7\u00e3o visual urbana, a Prefeitura de Manaus, por meio do Instituto Municipal de Planejamento Urbano (Implurb), tem intensificado a\u00e7\u00f5es e notifica\u00e7\u00f5es para coibir os lambe-lambes colados em paredes, colunas, muros, postes e demais \u00e1reas p\u00fablicas da capital.","robots":{"index":"index","follow":"follow","max-snippet":"max-snippet:-1","max-image-preview":"max-image-preview:large","max-video-preview":"max-video-preview:-1"},"canonical":"https:\/\/www.manaus.am.gov.br\/semcom\/flagrante-e-aciona-empresas\/","og_locale":"pt_BR","og_type":"article","og_title":"Prefeitura de Manaus notifica aplica\u00e7\u00e3o de lambe-lambe em flagrante e aciona empresas","og_description":"Refor\u00e7ando os trabalhos para combater a polui\u00e7\u00e3o visual urbana, a Prefeitura de Manaus, por meio do Instituto Municipal de Planejamento Urbano (Implurb), tem intensificado a\u00e7\u00f5es e notifica\u00e7\u00f5es para coibir os lambe-lambes colados em paredes, colunas, muros, postes e demais \u00e1reas p\u00fablicas da capital.","og_url":"https:\/\/www.manaus.am.gov.br\/semcom\/flagrante-e-aciona-empresas\/","og_site_name":"SEMCOM","article_published_time":"2025-08-09T16:44:49+00:00","article_modified_time":"2025-08-09T16:44:50+00:00","og_image":[{"width":2048,"height":1365,"url":"https:\/\/www.manaus.am.gov.br\/semcom\/wp-content\/uploads\/sites\/5\/2025\/08\/limpeza-1.jpg","type":"image\/jpeg"}],"author":"bvalente","twitter_card":"summary_large_image","twitter_misc":{"Written by":"bvalente","Est. reading time":"3 minutos"},"schema":{"@context":"https:\/\/schema.org","@graph":[{"@type":"WebPage","@id":"https:\/\/www.manaus.am.gov.br\/semcom\/flagrante-e-aciona-empresas\/","url":"https:\/\/www.manaus.am.gov.br\/semcom\/flagrante-e-aciona-empresas\/","name":"Prefeitura de Manaus notifica aplica\u00e7\u00e3o de lambe-lambe em flagrante e aciona empresas","isPartOf":{"@id":"https:\/\/www.manaus.am.gov.br\/semcom\/#website"},"primaryImageOfPage":{"@id":"https:\/\/www.manaus.am.gov.br\/semcom\/flagrante-e-aciona-empresas\/#primaryimage"},"image":{"@id":"https:\/\/www.manaus.am.gov.br\/semcom\/flagrante-e-aciona-empresas\/#primaryimage"},"thumbnailUrl":"https:\/\/www.manaus.am.gov.br\/semcom\/wp-content\/uploads\/sites\/5\/2025\/08\/limpeza-1.jpg","datePublished":"2025-08-09T16:44:49+00:00","dateModified":"2025-08-09T16:44:50+00:00","author":{"@id":"https:\/\/www.manaus.am.gov.br\/semcom\/#\/schema\/person\/466a0e03ae4b6062809046bd560ac955"},"description":"Refor\u00e7ando os trabalhos para combater a polui\u00e7\u00e3o visual urbana, a Prefeitura de Manaus, por meio do Instituto Municipal de Planejamento Urbano (Implurb), tem intensificado a\u00e7\u00f5es e notifica\u00e7\u00f5es para coibir os lambe-lambes colados em paredes, colunas, muros, postes e demais \u00e1reas p\u00fablicas da capital.","inLanguage":"pt-BR","potentialAction":[{"@type":"ReadAction","target":["https:\/\/www.manaus.am.gov.br\/semcom\/flagrante-e-aciona-empresas\/"]}]},{"@type":"ImageObject","inLanguage":"pt-BR","@id":"https:\/\/www.manaus.am.gov.br\/semcom\/flagrante-e-aciona-empresas\/#primaryimage","url":"https:\/\/www.manaus.am.gov.br\/semcom\/wp-content\/uploads\/sites\/5\/2025\/08\/limpeza-1.jpg","contentUrl":"https:\/\/www.manaus.am.gov.br\/semcom\/wp-content\/uploads\/sites\/5\/2025\/08\/limpeza-1.jpg","width":2048,"height":1365},{"@type":"WebSite","@id":"https:\/\/www.manaus.am.gov.br\/semcom\/#website","url":"https:\/\/www.manaus.am.gov.br\/semcom\/","name":"SEMCOM","description":"Secretaria Municipal de Comunica\u00e7\u00e3o","potentialAction":[{"@type":"SearchAction","target":{"@type":"EntryPoint","urlTemplate":"https:\/\/www.manaus.am.gov.br\/semcom\/?s={search_term_string}"},"query-input":"required name=search_term_string"}],"inLanguage":"pt-BR"},{"@type":"Person","@id":"https:\/\/www.manaus.am.gov.br\/semcom\/#\/schema\/person\/466a0e03ae4b6062809046bd560ac955","name":"bvalente","image":{"@type":"ImageObject","inLanguage":"pt-BR","@id":"https:\/\/www.manaus.am.gov.br\/semcom\/#\/schema\/person\/image\/","url":"https:\/\/secure.gravatar.com\/avatar\/3e69bc2b014bdad41adfec3a39de07d2?s=96&d=mm&r=g","contentUrl":"https:\/\/secure.gravatar.com\/avatar\/3e69bc2b014bdad41adfec3a39de07d2?s=96&d=mm&r=g","caption":"bvalente"}}]}},"_links":{"self":[{"href":"https:\/\/www.manaus.am.gov.br\/semcom\/wp-json\/wp\/v2\/posts\/243312"}],"collection":[{"href":"https:\/\/www.manaus.am.gov.br\/semcom\/wp-json\/wp\/v2\/posts"}],"about":[{"href":"https:\/\/www.manaus.am.gov.br\/semcom\/wp-json\/wp\/v2\/types\/post"}],"author":[{"embeddable":true,"href":"https:\/\/www.manaus.am.gov.br\/semcom\/wp-json\/wp\/v2\/users\/68"}],"replies":[{"embeddable":true,"href":"https:\/\/www.manaus.am.gov.br\/semcom\/wp-json\/wp\/v2\/comments?post=243312"}],"version-history":[{"count":0,"href":"https:\/\/www.manaus.am.gov.br\/semcom\/wp-json\/wp\/v2\/posts\/243312\/revisions"}],"wp:featuredmedia":[{"embeddable":true,"href":"https:\/\/www.manaus.am.gov.br\/semcom\/wp-json\/wp\/v2\/media\/243313"}],"wp:attachment":[{"href":"https:\/\/www.manaus.am.gov.br\/semcom\/wp-json\/wp\/v2\/media?parent=243312"}],"wp:term":[{"taxonomy":"category","embeddable":true,"href":"https:\/\/www.manaus.am.gov.br\/semcom\/wp-json\/wp\/v2\/categories?post=243312"},{"taxonomy":"post_tag","embeddable":true,"href":"https:\/\/www.manaus.am.gov.br\/semcom\/wp-json\/wp\/v2\/tags?post=243312"}],"curies":[{"name":"wp","href":"https:\/\/api.w.org\/{rel}","templated":true}]}}