{"id":243298,"date":"2025-08-08T18:50:37","date_gmt":"2025-08-08T21:50:37","guid":{"rendered":"https:\/\/www.manaus.am.gov.br\/semcom\/feirao-negocia-manaus\/"},"modified":"2025-08-08T18:51:43","modified_gmt":"2025-08-08T21:51:43","slug":"feirao-negocia-manaus","status":"publish","type":"post","link":"https:\/\/www.manaus.am.gov.br\/semcom\/feirao-negocia-manaus\/","title":{"rendered":"Feir\u00e3o \u2018Negocia Manaus\u2019 da prefeitura encerra segunda edi\u00e7\u00e3o com mais de 900 acordos para quita\u00e7\u00e3o de d\u00edvidas"},"content":{"rendered":"\n<p>A segunda edi\u00e7\u00e3o do feir\u00e3o \u201cNegocia Manaus\u201d, promovido pela Prefeitura de Manaus, por meio do Servi\u00e7o de Atendimento e Prote\u00e7\u00e3o ao Consumidor (Procon Manaus), encerrou, nesta sexta-feira, 8\/8, com mais de 1,4 mil atendimentos realizados e mais de 900 acordos formalizados entre consumidores e concession\u00e1rias de servi\u00e7os essenciais. A a\u00e7\u00e3o aconteceu ao longo de cinco dias, no shopping Phelippe Daou, zona Norte da cidade, reunindo as empresas \u00c1guas de Manaus, Amazonas Energia e IP Fibra.<\/p>\n\n\n\n<p>A presidente do Procon Manaus, Onilda Abreu, ressaltou a relev\u00e2ncia do feir\u00e3o como uma iniciativa concreta de cidadania, voltada para o enfrentamento da inadimpl\u00eancia de forma humana e acess\u00edvel. \u201cNosso objetivo \u00e9 garantir que o consumidor tenha acesso facilitado \u00e0 regulariza\u00e7\u00e3o de d\u00e9bitos, com condi\u00e7\u00f5es reais de pagamento. Sabemos que muitos est\u00e3o em situa\u00e7\u00e3o de vulnerabilidade, e a\u00e7\u00f5es como essa representam a presen\u00e7a do poder p\u00fablico atuando diretamente para aliviar o peso das contas atrasadas e devolver tranquilidade \u00e0s fam\u00edlias manauaras\u201d, declarou.&nbsp;<\/p>\n\n\n\n<p>Durante o evento, os consumidores puderam negociar d\u00edvidas com entrada reduzida, descontos que chegavam at\u00e9 100% em juros e multas, al\u00e9m de parcelamentos que se ajustavam \u00e0 realidade financeira de cada um.&nbsp;<\/p>\n\n\n\n<p>A dona de casa Michele Costa foi uma das consumidoras que aproveitou o feir\u00e3o para resolver sua situa\u00e7\u00e3o financeira. &#8220;Gra\u00e7as a Deus, consegui resolver minha situa\u00e7\u00e3o. Fui excelentemente atendida por todos. E \u00e9 muito importante voc\u00ea vir tamb\u00e9m negociar sua d\u00edvida. Muitas vezes a gente n\u00e3o tem aquele valor \u00e0 vista para pagar, mas na renegocia\u00e7\u00e3o a gente consegue. \u00c9 de muita import\u00e2ncia esse trabalho da prefeitura para ajudar a gente, principalmente as pessoas que n\u00e3o t\u00eam trabalho fixo. Eu, por exemplo, n\u00e3o tenho trabalho fixo, sou dona do lar. Estava com essa d\u00edvida que estava tirando meu sono, e vim aqui e consegui resolver&#8221;, afirmou.&nbsp;<\/p>\n\n\n\n<p>A movimenta\u00e7\u00e3o gerada pelo evento tamb\u00e9m beneficiou diretamente os permission\u00e1rios do shopping Phelippe Daou, como relatou Deusa Medeiros. &#8220;Alavancou as minhas vendas, n\u00e3o s\u00f3 as minhas, mas de v\u00e1rios permission\u00e1rios. \u00c9 isso que esses feir\u00f5es fazem: alavancam as nossas vendas, o movimento melhora, a popula\u00e7\u00e3o passa a conhecer o shopping Phelippe Daou de um outro jeito, e isso \u00e9 muito importante. Isso s\u00f3 veio para somar. Que venham outros feir\u00f5es como esse&#8221;, disse.<\/p>\n\n\n\n<p><strong>Retorno das atividades<\/strong><\/p>\n\n\n\n<p>Durante esta semana, os atendimentos de abertura de reclama\u00e7\u00f5es e orienta\u00e7\u00e3o jur\u00eddica na sede do Procon Manaus foram suspensos para a realiza\u00e7\u00e3o do feir\u00e3o \u201cNegocia Manaus\u201d. A partir de segunda-feira, 11\/8, os servi\u00e7os voltam ao normal, das 8h \u00e0s 14h, de segunda a sexta.<\/p>\n\n\n\n<p>O consumidor tamb\u00e9m pode buscar atendimento no ponto da Galeria Esp\u00edrito Santo, na rua 24 de Maio, 119, bairro Centro. \u00c9 necess\u00e1rio apresentar RG ou CNH, CPF, comprovante de resid\u00eancia e documentos relacionados \u00e0 queixa.<\/p>\n\n\n\n<p><br><strong>\u2014 \u2014 \u2014<\/strong><\/p>\n\n\n\n<p><strong>Texto \u2013 <\/strong>Lara Bernardes\/Procon&nbsp;<\/p>\n\n\n\n<p><strong>Fotos \u2013 <\/strong>Jo\u00e3o Viana\/Semcom<br><strong>Dispon\u00edveis em \u2013 <\/strong><a href=\"https:\/\/flic.kr\/s\/aHBqjCpTXv\">https:\/\/flic.kr\/s\/aHBqjCpTXv<\/a>&nbsp;<\/p>\n","protected":false},"excerpt":{"rendered":"","protected":false},"author":68,"featured_media":243299,"comment_status":"closed","ping_status":"closed","sticky":false,"template":"","format":"standard","meta":{"footnotes":""},"categories":[977],"tags":[16183,77],"acf":[],"yoast_head":"<!-- This site is optimized with the Yoast SEO plugin v23.0 - https:\/\/yoast.com\/wordpress\/plugins\/seo\/ -->\n<title>Feir\u00e3o \u2018Negocia Manaus\u2019 da prefeitura encerra segunda edi\u00e7\u00e3o com mais de 900 acordos para quita\u00e7\u00e3o de d\u00edvidas<\/title>\n<meta name=\"description\" content=\"A segunda edi\u00e7\u00e3o do feir\u00e3o \u201cNegocia Manaus\u201d, promovido pela Prefeitura de Manaus, por meio do Servi\u00e7o de Atendimento e Prote\u00e7\u00e3o ao Consumidor (Procon Manaus), encerrou, nesta sexta-feira, 8\/8, com mais de 1,4 mil atendimentos realizados e mais de 900 acordos formalizados entre consumidores e concession\u00e1rias de servi\u00e7os essenciais. A a\u00e7\u00e3o aconteceu ao longo de cinco dias, no shopping Phelippe Daou, zona Norte da cidade, reunindo as empresas \u00c1guas de Manaus, Amazonas Energia e IP Fibra.\" \/>\n<meta name=\"robots\" content=\"index, follow, max-snippet:-1, max-image-preview:large, max-video-preview:-1\" \/>\n<link rel=\"canonical\" href=\"https:\/\/www.manaus.am.gov.br\/semcom\/feirao-negocia-manaus\/\" \/>\n<meta property=\"og:locale\" content=\"pt_BR\" \/>\n<meta property=\"og:type\" content=\"article\" \/>\n<meta property=\"og:title\" content=\"Feir\u00e3o \u2018Negocia Manaus\u2019 da prefeitura encerra segunda edi\u00e7\u00e3o com mais de 900 acordos para quita\u00e7\u00e3o de d\u00edvidas\" \/>\n<meta property=\"og:description\" content=\"A segunda edi\u00e7\u00e3o do feir\u00e3o \u201cNegocia Manaus\u201d, promovido pela Prefeitura de Manaus, por meio do Servi\u00e7o de Atendimento e Prote\u00e7\u00e3o ao Consumidor (Procon Manaus), encerrou, nesta sexta-feira, 8\/8, com mais de 1,4 mil atendimentos realizados e mais de 900 acordos formalizados entre consumidores e concession\u00e1rias de servi\u00e7os essenciais. A a\u00e7\u00e3o aconteceu ao longo de cinco dias, no shopping Phelippe Daou, zona Norte da cidade, reunindo as empresas \u00c1guas de Manaus, Amazonas Energia e IP Fibra.\" \/>\n<meta property=\"og:url\" content=\"https:\/\/www.manaus.am.gov.br\/semcom\/feirao-negocia-manaus\/\" \/>\n<meta property=\"og:site_name\" content=\"SEMCOM\" \/>\n<meta property=\"article:published_time\" content=\"2025-08-08T21:50:37+00:00\" \/>\n<meta property=\"article:modified_time\" content=\"2025-08-08T21:51:43+00:00\" \/>\n<meta property=\"og:image\" content=\"https:\/\/www.manaus.am.gov.br\/semcom\/wp-content\/uploads\/sites\/5\/2025\/08\/54703921098_ca0c81d1e1_c-1.jpg\" \/>\n\t<meta property=\"og:image:width\" content=\"799\" \/>\n\t<meta property=\"og:image:height\" content=\"533\" \/>\n\t<meta property=\"og:image:type\" content=\"image\/jpeg\" \/>\n<meta name=\"author\" content=\"bvalente\" \/>\n<meta name=\"twitter:card\" content=\"summary_large_image\" \/>\n<meta name=\"twitter:label1\" content=\"Written by\" \/>\n\t<meta name=\"twitter:data1\" content=\"bvalente\" \/>\n\t<meta name=\"twitter:label2\" content=\"Est. reading time\" \/>\n\t<meta name=\"twitter:data2\" content=\"1 minuto\" \/>\n<script type=\"application\/ld+json\" class=\"yoast-schema-graph\">{\"@context\":\"https:\/\/schema.org\",\"@graph\":[{\"@type\":\"WebPage\",\"@id\":\"https:\/\/www.manaus.am.gov.br\/semcom\/feirao-negocia-manaus\/\",\"url\":\"https:\/\/www.manaus.am.gov.br\/semcom\/feirao-negocia-manaus\/\",\"name\":\"Feir\u00e3o \u2018Negocia Manaus\u2019 da prefeitura encerra segunda edi\u00e7\u00e3o com mais de 900 acordos para quita\u00e7\u00e3o de d\u00edvidas\",\"isPartOf\":{\"@id\":\"https:\/\/www.manaus.am.gov.br\/semcom\/#website\"},\"primaryImageOfPage\":{\"@id\":\"https:\/\/www.manaus.am.gov.br\/semcom\/feirao-negocia-manaus\/#primaryimage\"},\"image\":{\"@id\":\"https:\/\/www.manaus.am.gov.br\/semcom\/feirao-negocia-manaus\/#primaryimage\"},\"thumbnailUrl\":\"https:\/\/www.manaus.am.gov.br\/semcom\/wp-content\/uploads\/sites\/5\/2025\/08\/54703921098_ca0c81d1e1_c-1.jpg\",\"datePublished\":\"2025-08-08T21:50:37+00:00\",\"dateModified\":\"2025-08-08T21:51:43+00:00\",\"author\":{\"@id\":\"https:\/\/www.manaus.am.gov.br\/semcom\/#\/schema\/person\/466a0e03ae4b6062809046bd560ac955\"},\"description\":\"A segunda edi\u00e7\u00e3o do feir\u00e3o \u201cNegocia Manaus\u201d, promovido pela Prefeitura de Manaus, por meio do Servi\u00e7o de Atendimento e Prote\u00e7\u00e3o ao Consumidor (Procon Manaus), encerrou, nesta sexta-feira, 8\/8, com mais de 1,4 mil atendimentos realizados e mais de 900 acordos formalizados entre consumidores e concession\u00e1rias de servi\u00e7os essenciais. A a\u00e7\u00e3o aconteceu ao longo de cinco dias, no shopping Phelippe Daou, zona Norte da cidade, reunindo as empresas \u00c1guas de Manaus, Amazonas Energia e IP Fibra.\",\"inLanguage\":\"pt-BR\",\"potentialAction\":[{\"@type\":\"ReadAction\",\"target\":[\"https:\/\/www.manaus.am.gov.br\/semcom\/feirao-negocia-manaus\/\"]}]},{\"@type\":\"ImageObject\",\"inLanguage\":\"pt-BR\",\"@id\":\"https:\/\/www.manaus.am.gov.br\/semcom\/feirao-negocia-manaus\/#primaryimage\",\"url\":\"https:\/\/www.manaus.am.gov.br\/semcom\/wp-content\/uploads\/sites\/5\/2025\/08\/54703921098_ca0c81d1e1_c-1.jpg\",\"contentUrl\":\"https:\/\/www.manaus.am.gov.br\/semcom\/wp-content\/uploads\/sites\/5\/2025\/08\/54703921098_ca0c81d1e1_c-1.jpg\",\"width\":799,\"height\":533},{\"@type\":\"WebSite\",\"@id\":\"https:\/\/www.manaus.am.gov.br\/semcom\/#website\",\"url\":\"https:\/\/www.manaus.am.gov.br\/semcom\/\",\"name\":\"SEMCOM\",\"description\":\"Secretaria Municipal de Comunica\u00e7\u00e3o\",\"potentialAction\":[{\"@type\":\"SearchAction\",\"target\":{\"@type\":\"EntryPoint\",\"urlTemplate\":\"https:\/\/www.manaus.am.gov.br\/semcom\/?s={search_term_string}\"},\"query-input\":\"required name=search_term_string\"}],\"inLanguage\":\"pt-BR\"},{\"@type\":\"Person\",\"@id\":\"https:\/\/www.manaus.am.gov.br\/semcom\/#\/schema\/person\/466a0e03ae4b6062809046bd560ac955\",\"name\":\"bvalente\",\"image\":{\"@type\":\"ImageObject\",\"inLanguage\":\"pt-BR\",\"@id\":\"https:\/\/www.manaus.am.gov.br\/semcom\/#\/schema\/person\/image\/\",\"url\":\"https:\/\/secure.gravatar.com\/avatar\/3e69bc2b014bdad41adfec3a39de07d2?s=96&d=mm&r=g\",\"contentUrl\":\"https:\/\/secure.gravatar.com\/avatar\/3e69bc2b014bdad41adfec3a39de07d2?s=96&d=mm&r=g\",\"caption\":\"bvalente\"}}]}<\/script>\n<!-- \/ Yoast SEO plugin. -->","yoast_head_json":{"title":"Feir\u00e3o \u2018Negocia Manaus\u2019 da prefeitura encerra segunda edi\u00e7\u00e3o com mais de 900 acordos para quita\u00e7\u00e3o de d\u00edvidas","description":"A segunda edi\u00e7\u00e3o do feir\u00e3o \u201cNegocia Manaus\u201d, promovido pela Prefeitura de Manaus, por meio do Servi\u00e7o de Atendimento e Prote\u00e7\u00e3o ao Consumidor (Procon Manaus), encerrou, nesta sexta-feira, 8\/8, com mais de 1,4 mil atendimentos realizados e mais de 900 acordos formalizados entre consumidores e concession\u00e1rias de servi\u00e7os essenciais. A a\u00e7\u00e3o aconteceu ao longo de cinco dias, no shopping Phelippe Daou, zona Norte da cidade, reunindo as empresas \u00c1guas de Manaus, Amazonas Energia e IP Fibra.","robots":{"index":"index","follow":"follow","max-snippet":"max-snippet:-1","max-image-preview":"max-image-preview:large","max-video-preview":"max-video-preview:-1"},"canonical":"https:\/\/www.manaus.am.gov.br\/semcom\/feirao-negocia-manaus\/","og_locale":"pt_BR","og_type":"article","og_title":"Feir\u00e3o \u2018Negocia Manaus\u2019 da prefeitura encerra segunda edi\u00e7\u00e3o com mais de 900 acordos para quita\u00e7\u00e3o de d\u00edvidas","og_description":"A segunda edi\u00e7\u00e3o do feir\u00e3o \u201cNegocia Manaus\u201d, promovido pela Prefeitura de Manaus, por meio do Servi\u00e7o de Atendimento e Prote\u00e7\u00e3o ao Consumidor (Procon Manaus), encerrou, nesta sexta-feira, 8\/8, com mais de 1,4 mil atendimentos realizados e mais de 900 acordos formalizados entre consumidores e concession\u00e1rias de servi\u00e7os essenciais. A a\u00e7\u00e3o aconteceu ao longo de cinco dias, no shopping Phelippe Daou, zona Norte da cidade, reunindo as empresas \u00c1guas de Manaus, Amazonas Energia e IP Fibra.","og_url":"https:\/\/www.manaus.am.gov.br\/semcom\/feirao-negocia-manaus\/","og_site_name":"SEMCOM","article_published_time":"2025-08-08T21:50:37+00:00","article_modified_time":"2025-08-08T21:51:43+00:00","og_image":[{"width":799,"height":533,"url":"https:\/\/www.manaus.am.gov.br\/semcom\/wp-content\/uploads\/sites\/5\/2025\/08\/54703921098_ca0c81d1e1_c-1.jpg","type":"image\/jpeg"}],"author":"bvalente","twitter_card":"summary_large_image","twitter_misc":{"Written by":"bvalente","Est. reading time":"1 minuto"},"schema":{"@context":"https:\/\/schema.org","@graph":[{"@type":"WebPage","@id":"https:\/\/www.manaus.am.gov.br\/semcom\/feirao-negocia-manaus\/","url":"https:\/\/www.manaus.am.gov.br\/semcom\/feirao-negocia-manaus\/","name":"Feir\u00e3o \u2018Negocia Manaus\u2019 da prefeitura encerra segunda edi\u00e7\u00e3o com mais de 900 acordos para quita\u00e7\u00e3o de d\u00edvidas","isPartOf":{"@id":"https:\/\/www.manaus.am.gov.br\/semcom\/#website"},"primaryImageOfPage":{"@id":"https:\/\/www.manaus.am.gov.br\/semcom\/feirao-negocia-manaus\/#primaryimage"},"image":{"@id":"https:\/\/www.manaus.am.gov.br\/semcom\/feirao-negocia-manaus\/#primaryimage"},"thumbnailUrl":"https:\/\/www.manaus.am.gov.br\/semcom\/wp-content\/uploads\/sites\/5\/2025\/08\/54703921098_ca0c81d1e1_c-1.jpg","datePublished":"2025-08-08T21:50:37+00:00","dateModified":"2025-08-08T21:51:43+00:00","author":{"@id":"https:\/\/www.manaus.am.gov.br\/semcom\/#\/schema\/person\/466a0e03ae4b6062809046bd560ac955"},"description":"A segunda edi\u00e7\u00e3o do feir\u00e3o \u201cNegocia Manaus\u201d, promovido pela Prefeitura de Manaus, por meio do Servi\u00e7o de Atendimento e Prote\u00e7\u00e3o ao Consumidor (Procon Manaus), encerrou, nesta sexta-feira, 8\/8, com mais de 1,4 mil atendimentos realizados e mais de 900 acordos formalizados entre consumidores e concession\u00e1rias de servi\u00e7os essenciais. A a\u00e7\u00e3o aconteceu ao longo de cinco dias, no shopping Phelippe Daou, zona Norte da cidade, reunindo as empresas \u00c1guas de Manaus, Amazonas Energia e IP Fibra.","inLanguage":"pt-BR","potentialAction":[{"@type":"ReadAction","target":["https:\/\/www.manaus.am.gov.br\/semcom\/feirao-negocia-manaus\/"]}]},{"@type":"ImageObject","inLanguage":"pt-BR","@id":"https:\/\/www.manaus.am.gov.br\/semcom\/feirao-negocia-manaus\/#primaryimage","url":"https:\/\/www.manaus.am.gov.br\/semcom\/wp-content\/uploads\/sites\/5\/2025\/08\/54703921098_ca0c81d1e1_c-1.jpg","contentUrl":"https:\/\/www.manaus.am.gov.br\/semcom\/wp-content\/uploads\/sites\/5\/2025\/08\/54703921098_ca0c81d1e1_c-1.jpg","width":799,"height":533},{"@type":"WebSite","@id":"https:\/\/www.manaus.am.gov.br\/semcom\/#website","url":"https:\/\/www.manaus.am.gov.br\/semcom\/","name":"SEMCOM","description":"Secretaria Municipal de Comunica\u00e7\u00e3o","potentialAction":[{"@type":"SearchAction","target":{"@type":"EntryPoint","urlTemplate":"https:\/\/www.manaus.am.gov.br\/semcom\/?s={search_term_string}"},"query-input":"required name=search_term_string"}],"inLanguage":"pt-BR"},{"@type":"Person","@id":"https:\/\/www.manaus.am.gov.br\/semcom\/#\/schema\/person\/466a0e03ae4b6062809046bd560ac955","name":"bvalente","image":{"@type":"ImageObject","inLanguage":"pt-BR","@id":"https:\/\/www.manaus.am.gov.br\/semcom\/#\/schema\/person\/image\/","url":"https:\/\/secure.gravatar.com\/avatar\/3e69bc2b014bdad41adfec3a39de07d2?s=96&d=mm&r=g","contentUrl":"https:\/\/secure.gravatar.com\/avatar\/3e69bc2b014bdad41adfec3a39de07d2?s=96&d=mm&r=g","caption":"bvalente"}}]}},"_links":{"self":[{"href":"https:\/\/www.manaus.am.gov.br\/semcom\/wp-json\/wp\/v2\/posts\/243298"}],"collection":[{"href":"https:\/\/www.manaus.am.gov.br\/semcom\/wp-json\/wp\/v2\/posts"}],"about":[{"href":"https:\/\/www.manaus.am.gov.br\/semcom\/wp-json\/wp\/v2\/types\/post"}],"author":[{"embeddable":true,"href":"https:\/\/www.manaus.am.gov.br\/semcom\/wp-json\/wp\/v2\/users\/68"}],"replies":[{"embeddable":true,"href":"https:\/\/www.manaus.am.gov.br\/semcom\/wp-json\/wp\/v2\/comments?post=243298"}],"version-history":[{"count":1,"href":"https:\/\/www.manaus.am.gov.br\/semcom\/wp-json\/wp\/v2\/posts\/243298\/revisions"}],"predecessor-version":[{"id":243300,"href":"https:\/\/www.manaus.am.gov.br\/semcom\/wp-json\/wp\/v2\/posts\/243298\/revisions\/243300"}],"wp:featuredmedia":[{"embeddable":true,"href":"https:\/\/www.manaus.am.gov.br\/semcom\/wp-json\/wp\/v2\/media\/243299"}],"wp:attachment":[{"href":"https:\/\/www.manaus.am.gov.br\/semcom\/wp-json\/wp\/v2\/media?parent=243298"}],"wp:term":[{"taxonomy":"category","embeddable":true,"href":"https:\/\/www.manaus.am.gov.br\/semcom\/wp-json\/wp\/v2\/categories?post=243298"},{"taxonomy":"post_tag","embeddable":true,"href":"https:\/\/www.manaus.am.gov.br\/semcom\/wp-json\/wp\/v2\/tags?post=243298"}],"curies":[{"name":"wp","href":"https:\/\/api.w.org\/{rel}","templated":true}]}}