{"id":243244,"date":"2025-08-08T12:56:09","date_gmt":"2025-08-08T16:56:09","guid":{"rendered":"https:\/\/www.manaus.am.gov.br\/semcom\/mutirao-no-bairro-avenida-epaminondas\/"},"modified":"2025-08-08T12:56:09","modified_gmt":"2025-08-08T16:56:09","slug":"mutirao-no-bairro-avenida-epaminondas","status":"publish","type":"post","link":"https:\/\/www.manaus.am.gov.br\/semcom\/mutirao-no-bairro-avenida-epaminondas\/","title":{"rendered":"Prefeitura de Manaus intensifica opera\u00e7\u00e3o \u2018Mutir\u00e3o no Bairro\u2019 na avenida Epaminondas"},"content":{"rendered":"\n<p>Dando continuidade ao reordenamento do Centro, a Prefeitura de Manaus intensificou, nesta sexta-feira, 8\/8, as a\u00e7\u00f5es da opera\u00e7\u00e3o \u201cMutir\u00e3o no Bairro\u201d. Desta vez, com foco na avenida Epaminondas, uma das principais vias da zona Sul da cidade, visando promover mais mobilidade, seguran\u00e7a e dignidade para trabalhadores e cidad\u00e3os que circulam diariamente pela regi\u00e3o.<\/p>\n\n\n\n<p>A iniciativa, coordenada pela Secretaria Municipal de Agricultura, Abastecimento, Centro e Com\u00e9rcio Informal (Semacc), contou com o apoio da Guarda Municipal de Manaus (GMM), Secretaria Municipal de Limpeza Urbana (Semulsp), Vigil\u00e2ncia Sanit\u00e1ria (Visa Manaus) e do Centro de Coopera\u00e7\u00e3o da Cidade (CCC), al\u00e9m da parceria com a tropa da Pol\u00edcia Militar e a cavalaria da Pol\u00edcia.<\/p>\n\n\n\n<p>Segundo o titular da Semacc, Wanderson Costa, a a\u00e7\u00e3o tem car\u00e1ter permanente e com a colabora\u00e7\u00e3o da popula\u00e7\u00e3o e do com\u00e9rcio local.&nbsp;\u201cEstamos em uma for\u00e7a-tarefa. O Centro \u00e9 nosso, e vamos devolv\u00ea-lo \u00e0 popula\u00e7\u00e3o como um espa\u00e7o seguro, organizado e pacificado. Nosso objetivo \u00e9 reorganizar, n\u00e3o prejudicar. Estamos abertos ao di\u00e1logo com os trabalhadores para que sejam cadastrados e realocados em \u00e1reas adequadas, onde possam atuar de forma regular, conforme a Lei n\u00ba 123\u201d, afirmou.<\/p>\n\n\n\n<p>Nesta etapa, cerca de cem fiscais da Semacc participaram da a\u00e7\u00e3o, que tamb\u00e9m contou com o aux\u00edlio de quatro caminh\u00f5es ba\u00fa e um caminh\u00e3o de grande porte, utilizados no transporte de materiais apreendidos. A atua\u00e7\u00e3o conjunta entre os \u00f3rg\u00e3os refor\u00e7a o car\u00e1ter integrado da opera\u00e7\u00e3o.<\/p>\n\n\n\n<p>Com dura\u00e7\u00e3o prevista de 90 dias, o \u201cMutir\u00e3o no Bairro\u201d seguir\u00e1 com a\u00e7\u00f5es de fiscaliza\u00e7\u00e3o, ordenamento urbano e orienta\u00e7\u00e3o aos vendedores informais que atuam de forma irregular nas principais \u00e1reas do centro de Manaus.<\/p>\n\n\n\n<p>A prefeitura reafirma o compromisso com o uso respons\u00e1vel do espa\u00e7o p\u00fablico, com a legalidade e com a constru\u00e7\u00e3o de uma cidade mais limpa, organizada e acess\u00edvel.<\/p>\n\n\n\n<p>De 5 a 8\/8, os cinco primeiros dias da opera\u00e7\u00e3o, foram registradas as seguintes a\u00e7\u00f5es: 300 carrinhos e mobili\u00e1rios irregulares apreendidos; sete dep\u00f3sitos clandestinos desativados; um galp\u00e3o com armazenamento inadequado de alimentos fechado na rua Henrique Antony; e uma f\u00e1brica clandestina de salgados interditada por falta de condi\u00e7\u00f5es sanit\u00e1rias.<\/p>\n\n\n\n<p>A Visa Manaus tamb\u00e9m apreendeu alimentos vencidos e impr\u00f3prios para o consumo, com foco na prote\u00e7\u00e3o da sa\u00fade p\u00fablica.<\/p>\n\n\n\n<p>Al\u00e9m disso, 20 cidad\u00e3os haitianos foram notificados por ocupa\u00e7\u00e3o irregular de espa\u00e7o p\u00fablico. Todos foram orientados a comparecer \u00e0 sede da Semacc na pr\u00f3xima segunda-feira, 11\/8, munidos de documentos pessoais, para cadastro e poss\u00edvel realoca\u00e7\u00e3o em \u00e1reas regulamentadas.<\/p>\n\n\n\n<figure class=\"wp-block-image size-large\"><img loading=\"lazy\" decoding=\"async\" width=\"1024\" height=\"683\" src=\"https:\/\/www.manaus.am.gov.br\/semcom\/wp-content\/uploads\/sites\/5\/2025\/08\/54707975313_b74a7fecb2_k-1024x683.jpg\" alt=\"\" class=\"wp-image-243246\" srcset=\"https:\/\/www.manaus.am.gov.br\/semcom\/wp-content\/uploads\/sites\/5\/2025\/08\/54707975313_b74a7fecb2_k-1024x683.jpg 1024w, https:\/\/www.manaus.am.gov.br\/semcom\/wp-content\/uploads\/sites\/5\/2025\/08\/54707975313_b74a7fecb2_k-300x200.jpg 300w, https:\/\/www.manaus.am.gov.br\/semcom\/wp-content\/uploads\/sites\/5\/2025\/08\/54707975313_b74a7fecb2_k-768x512.jpg 768w, https:\/\/www.manaus.am.gov.br\/semcom\/wp-content\/uploads\/sites\/5\/2025\/08\/54707975313_b74a7fecb2_k-1536x1024.jpg 1536w, https:\/\/www.manaus.am.gov.br\/semcom\/wp-content\/uploads\/sites\/5\/2025\/08\/54707975313_b74a7fecb2_k.jpg 2048w\" sizes=\"(max-width: 1024px) 100vw, 1024px\" \/><\/figure>\n\n\n\n<p>&#8212; &#8212; &#8212;<\/p>\n\n\n\n<p><strong>Texto &#8211;\u00a0<\/strong>Polyana Brelaz\/Semacc<\/p>\n\n\n\n<p><strong>Fotos \u2013 <\/strong>Jo\u00e3o Viana\/Semcom<\/p>\n\n\n\n<p><strong>Dispon\u00edveis em &#8211; <\/strong><a href=\"https:\/\/flic.kr\/s\/aHBqjCq8gj\">https:\/\/flic.kr\/s\/aHBqjCq8gj<\/a><\/p>\n\n\n\n<p><\/p>\n","protected":false},"excerpt":{"rendered":"","protected":false},"author":39,"featured_media":243245,"comment_status":"closed","ping_status":"closed","sticky":false,"template":"","format":"standard","meta":{"footnotes":""},"categories":[357],"tags":[4174,16165,88,16166,77,55],"acf":[],"yoast_head":"<!-- This site is optimized with the Yoast SEO plugin v23.0 - https:\/\/yoast.com\/wordpress\/plugins\/seo\/ -->\n<title>Opera\u00e7\u00e3o \u2018Mutir\u00e3o no Bairro\u2019 na avenida Epaminondas<\/title>\n<meta name=\"description\" content=\"Prefeitura de Manaus, por meio da Semacc, intensifica, nesta sexta-feira, 8\/8, opera\u00e7\u00e3o \u2018Mutir\u00e3o no Bairro\u2019 na avenida Epaminondas.\" \/>\n<meta name=\"robots\" content=\"index, follow, max-snippet:-1, max-image-preview:large, max-video-preview:-1\" \/>\n<link rel=\"canonical\" href=\"https:\/\/www.manaus.am.gov.br\/semcom\/mutirao-no-bairro-avenida-epaminondas\/\" \/>\n<meta property=\"og:locale\" content=\"pt_BR\" \/>\n<meta property=\"og:type\" content=\"article\" \/>\n<meta property=\"og:title\" content=\"Opera\u00e7\u00e3o \u2018Mutir\u00e3o no Bairro\u2019 na avenida Epaminondas\" \/>\n<meta property=\"og:description\" content=\"Prefeitura de Manaus, por meio da Semacc, intensifica, nesta sexta-feira, 8\/8, opera\u00e7\u00e3o \u2018Mutir\u00e3o no Bairro\u2019 na avenida Epaminondas.\" \/>\n<meta property=\"og:url\" content=\"https:\/\/www.manaus.am.gov.br\/semcom\/mutirao-no-bairro-avenida-epaminondas\/\" \/>\n<meta property=\"og:site_name\" content=\"SEMCOM\" \/>\n<meta property=\"article:published_time\" content=\"2025-08-08T16:56:09+00:00\" \/>\n<meta property=\"og:image\" content=\"https:\/\/www.manaus.am.gov.br\/semcom\/wp-content\/uploads\/sites\/5\/2025\/08\/54707997924_c2da57af32_k.jpg\" \/>\n\t<meta property=\"og:image:width\" content=\"2048\" \/>\n\t<meta property=\"og:image:height\" content=\"1365\" \/>\n\t<meta property=\"og:image:type\" content=\"image\/jpeg\" \/>\n<meta name=\"author\" content=\"Bruna Greco\" \/>\n<meta name=\"twitter:card\" content=\"summary_large_image\" \/>\n<meta name=\"twitter:label1\" content=\"Written by\" \/>\n\t<meta name=\"twitter:data1\" content=\"Bruna Greco\" \/>\n\t<meta name=\"twitter:label2\" content=\"Est. reading time\" \/>\n\t<meta name=\"twitter:data2\" content=\"3 minutos\" \/>\n<script type=\"application\/ld+json\" class=\"yoast-schema-graph\">{\"@context\":\"https:\/\/schema.org\",\"@graph\":[{\"@type\":\"WebPage\",\"@id\":\"https:\/\/www.manaus.am.gov.br\/semcom\/mutirao-no-bairro-avenida-epaminondas\/\",\"url\":\"https:\/\/www.manaus.am.gov.br\/semcom\/mutirao-no-bairro-avenida-epaminondas\/\",\"name\":\"Opera\u00e7\u00e3o \u2018Mutir\u00e3o no Bairro\u2019 na avenida Epaminondas\",\"isPartOf\":{\"@id\":\"https:\/\/www.manaus.am.gov.br\/semcom\/#website\"},\"primaryImageOfPage\":{\"@id\":\"https:\/\/www.manaus.am.gov.br\/semcom\/mutirao-no-bairro-avenida-epaminondas\/#primaryimage\"},\"image\":{\"@id\":\"https:\/\/www.manaus.am.gov.br\/semcom\/mutirao-no-bairro-avenida-epaminondas\/#primaryimage\"},\"thumbnailUrl\":\"https:\/\/www.manaus.am.gov.br\/semcom\/wp-content\/uploads\/sites\/5\/2025\/08\/54707997924_c2da57af32_k.jpg\",\"datePublished\":\"2025-08-08T16:56:09+00:00\",\"dateModified\":\"2025-08-08T16:56:09+00:00\",\"author\":{\"@id\":\"https:\/\/www.manaus.am.gov.br\/semcom\/#\/schema\/person\/05d223aea2bf115f9883a6ff3683d81b\"},\"description\":\"Prefeitura de Manaus, por meio da Semacc, intensifica, nesta sexta-feira, 8\/8, opera\u00e7\u00e3o \u2018Mutir\u00e3o no Bairro\u2019 na avenida Epaminondas.\",\"inLanguage\":\"pt-BR\",\"potentialAction\":[{\"@type\":\"ReadAction\",\"target\":[\"https:\/\/www.manaus.am.gov.br\/semcom\/mutirao-no-bairro-avenida-epaminondas\/\"]}]},{\"@type\":\"ImageObject\",\"inLanguage\":\"pt-BR\",\"@id\":\"https:\/\/www.manaus.am.gov.br\/semcom\/mutirao-no-bairro-avenida-epaminondas\/#primaryimage\",\"url\":\"https:\/\/www.manaus.am.gov.br\/semcom\/wp-content\/uploads\/sites\/5\/2025\/08\/54707997924_c2da57af32_k.jpg\",\"contentUrl\":\"https:\/\/www.manaus.am.gov.br\/semcom\/wp-content\/uploads\/sites\/5\/2025\/08\/54707997924_c2da57af32_k.jpg\",\"width\":2048,\"height\":1365,\"caption\":\"#paratodosverem - Equipes da Prefeitura de Manaus realizando a\u00e7\u00f5es de reordenamento durante o quinto dia do \\\"Mutir\u00e3o no Bairro\\\" no Centro\"},{\"@type\":\"WebSite\",\"@id\":\"https:\/\/www.manaus.am.gov.br\/semcom\/#website\",\"url\":\"https:\/\/www.manaus.am.gov.br\/semcom\/\",\"name\":\"SEMCOM\",\"description\":\"Secretaria Municipal de Comunica\u00e7\u00e3o\",\"potentialAction\":[{\"@type\":\"SearchAction\",\"target\":{\"@type\":\"EntryPoint\",\"urlTemplate\":\"https:\/\/www.manaus.am.gov.br\/semcom\/?s={search_term_string}\"},\"query-input\":\"required name=search_term_string\"}],\"inLanguage\":\"pt-BR\"},{\"@type\":\"Person\",\"@id\":\"https:\/\/www.manaus.am.gov.br\/semcom\/#\/schema\/person\/05d223aea2bf115f9883a6ff3683d81b\",\"name\":\"Bruna Greco\",\"image\":{\"@type\":\"ImageObject\",\"inLanguage\":\"pt-BR\",\"@id\":\"https:\/\/www.manaus.am.gov.br\/semcom\/#\/schema\/person\/image\/\",\"url\":\"https:\/\/secure.gravatar.com\/avatar\/9c877d1a6adc2a055330e5c09a8653ce?s=96&d=mm&r=g\",\"contentUrl\":\"https:\/\/secure.gravatar.com\/avatar\/9c877d1a6adc2a055330e5c09a8653ce?s=96&d=mm&r=g\",\"caption\":\"Bruna Greco\"}}]}<\/script>\n<!-- \/ Yoast SEO plugin. -->","yoast_head_json":{"title":"Opera\u00e7\u00e3o \u2018Mutir\u00e3o no Bairro\u2019 na avenida Epaminondas","description":"Prefeitura de Manaus, por meio da Semacc, intensifica, nesta sexta-feira, 8\/8, opera\u00e7\u00e3o \u2018Mutir\u00e3o no Bairro\u2019 na avenida Epaminondas.","robots":{"index":"index","follow":"follow","max-snippet":"max-snippet:-1","max-image-preview":"max-image-preview:large","max-video-preview":"max-video-preview:-1"},"canonical":"https:\/\/www.manaus.am.gov.br\/semcom\/mutirao-no-bairro-avenida-epaminondas\/","og_locale":"pt_BR","og_type":"article","og_title":"Opera\u00e7\u00e3o \u2018Mutir\u00e3o no Bairro\u2019 na avenida Epaminondas","og_description":"Prefeitura de Manaus, por meio da Semacc, intensifica, nesta sexta-feira, 8\/8, opera\u00e7\u00e3o \u2018Mutir\u00e3o no Bairro\u2019 na avenida Epaminondas.","og_url":"https:\/\/www.manaus.am.gov.br\/semcom\/mutirao-no-bairro-avenida-epaminondas\/","og_site_name":"SEMCOM","article_published_time":"2025-08-08T16:56:09+00:00","og_image":[{"width":2048,"height":1365,"url":"https:\/\/www.manaus.am.gov.br\/semcom\/wp-content\/uploads\/sites\/5\/2025\/08\/54707997924_c2da57af32_k.jpg","type":"image\/jpeg"}],"author":"Bruna Greco","twitter_card":"summary_large_image","twitter_misc":{"Written by":"Bruna Greco","Est. reading time":"3 minutos"},"schema":{"@context":"https:\/\/schema.org","@graph":[{"@type":"WebPage","@id":"https:\/\/www.manaus.am.gov.br\/semcom\/mutirao-no-bairro-avenida-epaminondas\/","url":"https:\/\/www.manaus.am.gov.br\/semcom\/mutirao-no-bairro-avenida-epaminondas\/","name":"Opera\u00e7\u00e3o \u2018Mutir\u00e3o no Bairro\u2019 na avenida Epaminondas","isPartOf":{"@id":"https:\/\/www.manaus.am.gov.br\/semcom\/#website"},"primaryImageOfPage":{"@id":"https:\/\/www.manaus.am.gov.br\/semcom\/mutirao-no-bairro-avenida-epaminondas\/#primaryimage"},"image":{"@id":"https:\/\/www.manaus.am.gov.br\/semcom\/mutirao-no-bairro-avenida-epaminondas\/#primaryimage"},"thumbnailUrl":"https:\/\/www.manaus.am.gov.br\/semcom\/wp-content\/uploads\/sites\/5\/2025\/08\/54707997924_c2da57af32_k.jpg","datePublished":"2025-08-08T16:56:09+00:00","dateModified":"2025-08-08T16:56:09+00:00","author":{"@id":"https:\/\/www.manaus.am.gov.br\/semcom\/#\/schema\/person\/05d223aea2bf115f9883a6ff3683d81b"},"description":"Prefeitura de Manaus, por meio da Semacc, intensifica, nesta sexta-feira, 8\/8, opera\u00e7\u00e3o \u2018Mutir\u00e3o no Bairro\u2019 na avenida Epaminondas.","inLanguage":"pt-BR","potentialAction":[{"@type":"ReadAction","target":["https:\/\/www.manaus.am.gov.br\/semcom\/mutirao-no-bairro-avenida-epaminondas\/"]}]},{"@type":"ImageObject","inLanguage":"pt-BR","@id":"https:\/\/www.manaus.am.gov.br\/semcom\/mutirao-no-bairro-avenida-epaminondas\/#primaryimage","url":"https:\/\/www.manaus.am.gov.br\/semcom\/wp-content\/uploads\/sites\/5\/2025\/08\/54707997924_c2da57af32_k.jpg","contentUrl":"https:\/\/www.manaus.am.gov.br\/semcom\/wp-content\/uploads\/sites\/5\/2025\/08\/54707997924_c2da57af32_k.jpg","width":2048,"height":1365,"caption":"#paratodosverem - Equipes da Prefeitura de Manaus realizando a\u00e7\u00f5es de reordenamento durante o quinto dia do \"Mutir\u00e3o no Bairro\" no Centro"},{"@type":"WebSite","@id":"https:\/\/www.manaus.am.gov.br\/semcom\/#website","url":"https:\/\/www.manaus.am.gov.br\/semcom\/","name":"SEMCOM","description":"Secretaria Municipal de Comunica\u00e7\u00e3o","potentialAction":[{"@type":"SearchAction","target":{"@type":"EntryPoint","urlTemplate":"https:\/\/www.manaus.am.gov.br\/semcom\/?s={search_term_string}"},"query-input":"required name=search_term_string"}],"inLanguage":"pt-BR"},{"@type":"Person","@id":"https:\/\/www.manaus.am.gov.br\/semcom\/#\/schema\/person\/05d223aea2bf115f9883a6ff3683d81b","name":"Bruna Greco","image":{"@type":"ImageObject","inLanguage":"pt-BR","@id":"https:\/\/www.manaus.am.gov.br\/semcom\/#\/schema\/person\/image\/","url":"https:\/\/secure.gravatar.com\/avatar\/9c877d1a6adc2a055330e5c09a8653ce?s=96&d=mm&r=g","contentUrl":"https:\/\/secure.gravatar.com\/avatar\/9c877d1a6adc2a055330e5c09a8653ce?s=96&d=mm&r=g","caption":"Bruna Greco"}}]}},"_links":{"self":[{"href":"https:\/\/www.manaus.am.gov.br\/semcom\/wp-json\/wp\/v2\/posts\/243244"}],"collection":[{"href":"https:\/\/www.manaus.am.gov.br\/semcom\/wp-json\/wp\/v2\/posts"}],"about":[{"href":"https:\/\/www.manaus.am.gov.br\/semcom\/wp-json\/wp\/v2\/types\/post"}],"author":[{"embeddable":true,"href":"https:\/\/www.manaus.am.gov.br\/semcom\/wp-json\/wp\/v2\/users\/39"}],"replies":[{"embeddable":true,"href":"https:\/\/www.manaus.am.gov.br\/semcom\/wp-json\/wp\/v2\/comments?post=243244"}],"version-history":[{"count":1,"href":"https:\/\/www.manaus.am.gov.br\/semcom\/wp-json\/wp\/v2\/posts\/243244\/revisions"}],"predecessor-version":[{"id":243250,"href":"https:\/\/www.manaus.am.gov.br\/semcom\/wp-json\/wp\/v2\/posts\/243244\/revisions\/243250"}],"wp:featuredmedia":[{"embeddable":true,"href":"https:\/\/www.manaus.am.gov.br\/semcom\/wp-json\/wp\/v2\/media\/243245"}],"wp:attachment":[{"href":"https:\/\/www.manaus.am.gov.br\/semcom\/wp-json\/wp\/v2\/media?parent=243244"}],"wp:term":[{"taxonomy":"category","embeddable":true,"href":"https:\/\/www.manaus.am.gov.br\/semcom\/wp-json\/wp\/v2\/categories?post=243244"},{"taxonomy":"post_tag","embeddable":true,"href":"https:\/\/www.manaus.am.gov.br\/semcom\/wp-json\/wp\/v2\/tags?post=243244"}],"curies":[{"name":"wp","href":"https:\/\/api.w.org\/{rel}","templated":true}]}}