{"id":243126,"date":"2025-08-06T14:33:25","date_gmt":"2025-08-06T17:33:25","guid":{"rendered":"https:\/\/www.manaus.am.gov.br\/semcom\/prefeito-inspecao-residencialcarlosbraga\/"},"modified":"2025-08-06T14:33:28","modified_gmt":"2025-08-06T17:33:28","slug":"prefeito-inspecao-residencialcarlosbraga","status":"publish","type":"post","link":"https:\/\/www.manaus.am.gov.br\/semcom\/prefeito-inspecao-residencialcarlosbraga\/","title":{"rendered":"Prefeito David Almeida inspeciona obras do residencial Carlos Braga, primeiro constru\u00eddo e entregue pela gest\u00e3o"},"content":{"rendered":"\n<p>O prefeito de Manaus, David Almeida, inspecionou, na manh\u00e3 desta quarta-feira, 6\/8, a conclus\u00e3o das obras do&nbsp; conjunto habitacional Carlos Braga, localizado no Parque das Tribos, bairro Tarum\u00e3, na zona Oeste da capital. Todos os pr\u00e9dios do residencial&nbsp; j\u00e1&nbsp; foram erguidos, com estimativa de entrega entre setembro e outubro deste ano, beneficiando 576 fam\u00edlias.&nbsp;<\/p>\n\n\n\n<p>Este \u00e9 o primeiro conjunto habitacional constru\u00eddo pela gest\u00e3o, que ser\u00e1 entregue pelo prefeito David Almeida. De acordo com o chefe do Executivo municipal, os servi\u00e7os est\u00e3o na fase de acabamento dos blocos e seguindo para a fase de pavimenta\u00e7\u00e3o, execu\u00e7\u00e3o da rede de drenagem e de funda\u00e7\u00e3o das outras estruturas do empreendimento.<\/p>\n\n\n\n<p>&#8220;N\u00f3s j\u00e1 levantamos todos os blocos, estamos na fase de acabamento. Aqui est\u00e1 sendo feita a pavimenta\u00e7\u00e3o, a drenagem profunda. Na pr\u00f3xima semana, vamos fazer o asfaltamento de todas as ruas. Aqui, \u00e9 residencial Carlos Braga 1, 2 e 3, as obras avan\u00e7am a cada dia e a gente estima que, com o trabalho que n\u00f3s estamos fazendo, possamos entregar no final do m\u00eas de setembro ou no mais tardar at\u00e9 o meio de outubro.&nbsp;S\u00e3o 576 unidades que v\u00e3o beneficiar as fam\u00edlias de baixa renda, cadastradas no site da prefeitura, da Secretaria Municipal de Habita\u00e7\u00e3o&#8221;, completou David Almeida.<\/p>\n\n\n\n<p>O prefeito tamb\u00e9m destacou a import\u00e2ncia dessas obras para movimentar a economia local, fomentando a constru\u00e7\u00e3o civil. &#8220;Eu quero enfatizar que, com essas obras, a prefeitura fomenta tamb\u00e9m a gera\u00e7\u00e3o de emprego. Somente neste canteiro de obras, estamos empregando 385 pessoas. Isso faz com que a gente possa movimentar a economia, garantir o emprego e o sustento das fam\u00edlias dessas pessoas&#8221;, informou o prefeito.<\/p>\n\n\n\n<p>O secret\u00e1rio Jesus Alves, titular da Secretaria Municipal de Habita\u00e7\u00e3o e Assuntos Fundi\u00e1rios (Semhaf), afirmou que a prefeitura avan\u00e7a para garantir qualidade de vida para as fam\u00edlias que v\u00e3o ocupar as 576 moradias. \u201cO residencial Carlos Braga representa mais do que novas moradias, mas uma nova etapa na vida dessas fam\u00edlias. Nosso trabalho \u00e9 garantir que cada unidade seja entregue com qualidade, infraestrutura completa e condi\u00e7\u00f5es para que as pessoas possam viver com dignidade. Esse \u00e9 o compromisso da Prefeitura de Manaus com quem mais precisa\u201d, declarou.<\/p>\n\n\n\n<p>Inspe\u00e7\u00e3o<\/p>\n\n\n\n<p>O prefeito realiza inspe\u00e7\u00f5es de rotina nos empreendimentos residenciais. Na ter\u00e7a-feira, 5\/8, o chefe do Executivo municipal fiscalizou as obras do residencial em constru\u00e7\u00e3o na avenida do Turismo, tamb\u00e9m no bairro Tarum\u00e3, na zona Oeste. Os servi\u00e7os no local avan\u00e7am diariamente. O conjunto residencial tem previs\u00e3o de entrega at\u00e9 o m\u00eas de dezembro.<\/p>\n\n\n\n<p>A Prefeitura de Manaus segue avan\u00e7ando na dire\u00e7\u00e3o de garantir moradia digna para a popula\u00e7\u00e3o mais vulner\u00e1vel da cidade, para reduzir um d\u00e9ficit hist\u00f3rico na \u00e1rea habitacional da capital. A gest\u00e3o municipal, por meio do programa &#8220;Minha Casa, Minha Vida&#8221;, do governo federal, conseguiu firmar acordo com a Caixa Econ\u00f4mica para constru\u00e7\u00e3o de 11 residenciais, dos quais dois est\u00e3o em obras e o terceiro tem previs\u00e3o de que os servi\u00e7os sejam iniciados ainda neste ano.<\/p>\n\n\n\n<p>&#8212; &#8212; &#8212;<\/p>\n\n\n\n<p><strong>Texto\u00a0<\/strong>&#8211; Geraldo Farias \/ Semcom-Prefeito<\/p>\n\n\n\n<p><strong>Fotos\u00a0<\/strong>&#8211; Dhyeizo Lemos \/ Semcom-Prefeito<\/p>\n\n\n\n<p><strong>Dispon\u00edveis em <\/strong>&#8211; <a href=\"https:\/\/www.flickr.com\/gp\/prefeiturademanaus\/3Z93do196b\">https:\/\/www.flickr.com\/gp\/prefeiturademanaus\/3Z93do196b<\/a><\/p>\n","protected":false},"excerpt":{"rendered":"","protected":false},"author":23,"featured_media":243127,"comment_status":"closed","ping_status":"closed","sticky":false,"template":"","format":"standard","meta":{"footnotes":""},"categories":[2162],"tags":[14454,484,16124,2531,1356,778],"acf":[],"yoast_head":"<!-- This site is optimized with the Yoast SEO plugin v23.0 - https:\/\/yoast.com\/wordpress\/plugins\/seo\/ -->\n<title>Prefeito David Almeida inspeciona obras do residencial Carlos Braga, primeiro constru\u00eddo e entregue pela gest\u00e3o<\/title>\n<meta name=\"description\" content=\"O prefeito de Manaus, David Almeida, inspecionou, na manh\u00e3 desta quarta-feira, 6\/8, a conclus\u00e3o das obras do conjunto habitacional Carlos Braga, localizado no Parque das Tribos, bairro Tarum\u00e3, na zona Oeste da capital.\" \/>\n<meta name=\"robots\" content=\"index, follow, max-snippet:-1, max-image-preview:large, max-video-preview:-1\" \/>\n<link rel=\"canonical\" href=\"https:\/\/www.manaus.am.gov.br\/semcom\/prefeito-inspecao-residencialcarlosbraga\/\" \/>\n<meta property=\"og:locale\" content=\"pt_BR\" \/>\n<meta property=\"og:type\" content=\"article\" \/>\n<meta property=\"og:title\" content=\"Prefeito David Almeida inspeciona obras do residencial Carlos Braga, primeiro constru\u00eddo e entregue pela gest\u00e3o\" \/>\n<meta property=\"og:description\" content=\"O prefeito de Manaus, David Almeida, inspecionou, na manh\u00e3 desta quarta-feira, 6\/8, a conclus\u00e3o das obras do conjunto habitacional Carlos Braga, localizado no Parque das Tribos, bairro Tarum\u00e3, na zona Oeste da capital.\" \/>\n<meta property=\"og:url\" content=\"https:\/\/www.manaus.am.gov.br\/semcom\/prefeito-inspecao-residencialcarlosbraga\/\" \/>\n<meta property=\"og:site_name\" content=\"SEMCOM\" \/>\n<meta property=\"article:published_time\" content=\"2025-08-06T17:33:25+00:00\" \/>\n<meta property=\"article:modified_time\" content=\"2025-08-06T17:33:28+00:00\" \/>\n<meta property=\"og:image\" content=\"https:\/\/www.manaus.am.gov.br\/semcom\/wp-content\/uploads\/sites\/5\/2025\/08\/WhatsApp-Image-2025-08-06-at-12.33.08-2.jpeg\" \/>\n\t<meta property=\"og:image:width\" content=\"1600\" \/>\n\t<meta property=\"og:image:height\" content=\"1066\" \/>\n\t<meta property=\"og:image:type\" content=\"image\/jpeg\" \/>\n<meta name=\"author\" content=\"Adriana Costa\" \/>\n<meta name=\"twitter:card\" content=\"summary_large_image\" \/>\n<meta name=\"twitter:label1\" content=\"Written by\" \/>\n\t<meta name=\"twitter:data1\" content=\"Adriana Costa\" \/>\n\t<meta name=\"twitter:label2\" content=\"Est. reading time\" \/>\n\t<meta name=\"twitter:data2\" content=\"3 minutos\" \/>\n<script type=\"application\/ld+json\" class=\"yoast-schema-graph\">{\"@context\":\"https:\/\/schema.org\",\"@graph\":[{\"@type\":\"WebPage\",\"@id\":\"https:\/\/www.manaus.am.gov.br\/semcom\/prefeito-inspecao-residencialcarlosbraga\/\",\"url\":\"https:\/\/www.manaus.am.gov.br\/semcom\/prefeito-inspecao-residencialcarlosbraga\/\",\"name\":\"Prefeito David Almeida inspeciona obras do residencial Carlos Braga, primeiro constru\u00eddo e entregue pela gest\u00e3o\",\"isPartOf\":{\"@id\":\"https:\/\/www.manaus.am.gov.br\/semcom\/#website\"},\"primaryImageOfPage\":{\"@id\":\"https:\/\/www.manaus.am.gov.br\/semcom\/prefeito-inspecao-residencialcarlosbraga\/#primaryimage\"},\"image\":{\"@id\":\"https:\/\/www.manaus.am.gov.br\/semcom\/prefeito-inspecao-residencialcarlosbraga\/#primaryimage\"},\"thumbnailUrl\":\"https:\/\/www.manaus.am.gov.br\/semcom\/wp-content\/uploads\/sites\/5\/2025\/08\/WhatsApp-Image-2025-08-06-at-12.33.08-2.jpeg\",\"datePublished\":\"2025-08-06T17:33:25+00:00\",\"dateModified\":\"2025-08-06T17:33:28+00:00\",\"author\":{\"@id\":\"https:\/\/www.manaus.am.gov.br\/semcom\/#\/schema\/person\/4e49f4e267757a06ca072ec61b2b9968\"},\"description\":\"O prefeito de Manaus, David Almeida, inspecionou, na manh\u00e3 desta quarta-feira, 6\/8, a conclus\u00e3o das obras do conjunto habitacional Carlos Braga, localizado no Parque das Tribos, bairro Tarum\u00e3, na zona Oeste da capital.\",\"inLanguage\":\"pt-BR\",\"potentialAction\":[{\"@type\":\"ReadAction\",\"target\":[\"https:\/\/www.manaus.am.gov.br\/semcom\/prefeito-inspecao-residencialcarlosbraga\/\"]}]},{\"@type\":\"ImageObject\",\"inLanguage\":\"pt-BR\",\"@id\":\"https:\/\/www.manaus.am.gov.br\/semcom\/prefeito-inspecao-residencialcarlosbraga\/#primaryimage\",\"url\":\"https:\/\/www.manaus.am.gov.br\/semcom\/wp-content\/uploads\/sites\/5\/2025\/08\/WhatsApp-Image-2025-08-06-at-12.33.08-2.jpeg\",\"contentUrl\":\"https:\/\/www.manaus.am.gov.br\/semcom\/wp-content\/uploads\/sites\/5\/2025\/08\/WhatsApp-Image-2025-08-06-at-12.33.08-2.jpeg\",\"width\":1600,\"height\":1066},{\"@type\":\"WebSite\",\"@id\":\"https:\/\/www.manaus.am.gov.br\/semcom\/#website\",\"url\":\"https:\/\/www.manaus.am.gov.br\/semcom\/\",\"name\":\"SEMCOM\",\"description\":\"Secretaria Municipal de Comunica\u00e7\u00e3o\",\"potentialAction\":[{\"@type\":\"SearchAction\",\"target\":{\"@type\":\"EntryPoint\",\"urlTemplate\":\"https:\/\/www.manaus.am.gov.br\/semcom\/?s={search_term_string}\"},\"query-input\":\"required name=search_term_string\"}],\"inLanguage\":\"pt-BR\"},{\"@type\":\"Person\",\"@id\":\"https:\/\/www.manaus.am.gov.br\/semcom\/#\/schema\/person\/4e49f4e267757a06ca072ec61b2b9968\",\"name\":\"Adriana Costa\",\"image\":{\"@type\":\"ImageObject\",\"inLanguage\":\"pt-BR\",\"@id\":\"https:\/\/www.manaus.am.gov.br\/semcom\/#\/schema\/person\/image\/\",\"url\":\"https:\/\/secure.gravatar.com\/avatar\/576258617ef7194f718179e766d57bd4?s=96&d=mm&r=g\",\"contentUrl\":\"https:\/\/secure.gravatar.com\/avatar\/576258617ef7194f718179e766d57bd4?s=96&d=mm&r=g\",\"caption\":\"Adriana Costa\"}}]}<\/script>\n<!-- \/ Yoast SEO plugin. -->","yoast_head_json":{"title":"Prefeito David Almeida inspeciona obras do residencial Carlos Braga, primeiro constru\u00eddo e entregue pela gest\u00e3o","description":"O prefeito de Manaus, David Almeida, inspecionou, na manh\u00e3 desta quarta-feira, 6\/8, a conclus\u00e3o das obras do conjunto habitacional Carlos Braga, localizado no Parque das Tribos, bairro Tarum\u00e3, na zona Oeste da capital.","robots":{"index":"index","follow":"follow","max-snippet":"max-snippet:-1","max-image-preview":"max-image-preview:large","max-video-preview":"max-video-preview:-1"},"canonical":"https:\/\/www.manaus.am.gov.br\/semcom\/prefeito-inspecao-residencialcarlosbraga\/","og_locale":"pt_BR","og_type":"article","og_title":"Prefeito David Almeida inspeciona obras do residencial Carlos Braga, primeiro constru\u00eddo e entregue pela gest\u00e3o","og_description":"O prefeito de Manaus, David Almeida, inspecionou, na manh\u00e3 desta quarta-feira, 6\/8, a conclus\u00e3o das obras do conjunto habitacional Carlos Braga, localizado no Parque das Tribos, bairro Tarum\u00e3, na zona Oeste da capital.","og_url":"https:\/\/www.manaus.am.gov.br\/semcom\/prefeito-inspecao-residencialcarlosbraga\/","og_site_name":"SEMCOM","article_published_time":"2025-08-06T17:33:25+00:00","article_modified_time":"2025-08-06T17:33:28+00:00","og_image":[{"width":1600,"height":1066,"url":"https:\/\/www.manaus.am.gov.br\/semcom\/wp-content\/uploads\/sites\/5\/2025\/08\/WhatsApp-Image-2025-08-06-at-12.33.08-2.jpeg","type":"image\/jpeg"}],"author":"Adriana Costa","twitter_card":"summary_large_image","twitter_misc":{"Written by":"Adriana Costa","Est. reading time":"3 minutos"},"schema":{"@context":"https:\/\/schema.org","@graph":[{"@type":"WebPage","@id":"https:\/\/www.manaus.am.gov.br\/semcom\/prefeito-inspecao-residencialcarlosbraga\/","url":"https:\/\/www.manaus.am.gov.br\/semcom\/prefeito-inspecao-residencialcarlosbraga\/","name":"Prefeito David Almeida inspeciona obras do residencial Carlos Braga, primeiro constru\u00eddo e entregue pela gest\u00e3o","isPartOf":{"@id":"https:\/\/www.manaus.am.gov.br\/semcom\/#website"},"primaryImageOfPage":{"@id":"https:\/\/www.manaus.am.gov.br\/semcom\/prefeito-inspecao-residencialcarlosbraga\/#primaryimage"},"image":{"@id":"https:\/\/www.manaus.am.gov.br\/semcom\/prefeito-inspecao-residencialcarlosbraga\/#primaryimage"},"thumbnailUrl":"https:\/\/www.manaus.am.gov.br\/semcom\/wp-content\/uploads\/sites\/5\/2025\/08\/WhatsApp-Image-2025-08-06-at-12.33.08-2.jpeg","datePublished":"2025-08-06T17:33:25+00:00","dateModified":"2025-08-06T17:33:28+00:00","author":{"@id":"https:\/\/www.manaus.am.gov.br\/semcom\/#\/schema\/person\/4e49f4e267757a06ca072ec61b2b9968"},"description":"O prefeito de Manaus, David Almeida, inspecionou, na manh\u00e3 desta quarta-feira, 6\/8, a conclus\u00e3o das obras do conjunto habitacional Carlos Braga, localizado no Parque das Tribos, bairro Tarum\u00e3, na zona Oeste da capital.","inLanguage":"pt-BR","potentialAction":[{"@type":"ReadAction","target":["https:\/\/www.manaus.am.gov.br\/semcom\/prefeito-inspecao-residencialcarlosbraga\/"]}]},{"@type":"ImageObject","inLanguage":"pt-BR","@id":"https:\/\/www.manaus.am.gov.br\/semcom\/prefeito-inspecao-residencialcarlosbraga\/#primaryimage","url":"https:\/\/www.manaus.am.gov.br\/semcom\/wp-content\/uploads\/sites\/5\/2025\/08\/WhatsApp-Image-2025-08-06-at-12.33.08-2.jpeg","contentUrl":"https:\/\/www.manaus.am.gov.br\/semcom\/wp-content\/uploads\/sites\/5\/2025\/08\/WhatsApp-Image-2025-08-06-at-12.33.08-2.jpeg","width":1600,"height":1066},{"@type":"WebSite","@id":"https:\/\/www.manaus.am.gov.br\/semcom\/#website","url":"https:\/\/www.manaus.am.gov.br\/semcom\/","name":"SEMCOM","description":"Secretaria Municipal de Comunica\u00e7\u00e3o","potentialAction":[{"@type":"SearchAction","target":{"@type":"EntryPoint","urlTemplate":"https:\/\/www.manaus.am.gov.br\/semcom\/?s={search_term_string}"},"query-input":"required name=search_term_string"}],"inLanguage":"pt-BR"},{"@type":"Person","@id":"https:\/\/www.manaus.am.gov.br\/semcom\/#\/schema\/person\/4e49f4e267757a06ca072ec61b2b9968","name":"Adriana Costa","image":{"@type":"ImageObject","inLanguage":"pt-BR","@id":"https:\/\/www.manaus.am.gov.br\/semcom\/#\/schema\/person\/image\/","url":"https:\/\/secure.gravatar.com\/avatar\/576258617ef7194f718179e766d57bd4?s=96&d=mm&r=g","contentUrl":"https:\/\/secure.gravatar.com\/avatar\/576258617ef7194f718179e766d57bd4?s=96&d=mm&r=g","caption":"Adriana Costa"}}]}},"_links":{"self":[{"href":"https:\/\/www.manaus.am.gov.br\/semcom\/wp-json\/wp\/v2\/posts\/243126"}],"collection":[{"href":"https:\/\/www.manaus.am.gov.br\/semcom\/wp-json\/wp\/v2\/posts"}],"about":[{"href":"https:\/\/www.manaus.am.gov.br\/semcom\/wp-json\/wp\/v2\/types\/post"}],"author":[{"embeddable":true,"href":"https:\/\/www.manaus.am.gov.br\/semcom\/wp-json\/wp\/v2\/users\/23"}],"replies":[{"embeddable":true,"href":"https:\/\/www.manaus.am.gov.br\/semcom\/wp-json\/wp\/v2\/comments?post=243126"}],"version-history":[{"count":0,"href":"https:\/\/www.manaus.am.gov.br\/semcom\/wp-json\/wp\/v2\/posts\/243126\/revisions"}],"wp:featuredmedia":[{"embeddable":true,"href":"https:\/\/www.manaus.am.gov.br\/semcom\/wp-json\/wp\/v2\/media\/243127"}],"wp:attachment":[{"href":"https:\/\/www.manaus.am.gov.br\/semcom\/wp-json\/wp\/v2\/media?parent=243126"}],"wp:term":[{"taxonomy":"category","embeddable":true,"href":"https:\/\/www.manaus.am.gov.br\/semcom\/wp-json\/wp\/v2\/categories?post=243126"},{"taxonomy":"post_tag","embeddable":true,"href":"https:\/\/www.manaus.am.gov.br\/semcom\/wp-json\/wp\/v2\/tags?post=243126"}],"curies":[{"name":"wp","href":"https:\/\/api.w.org\/{rel}","templated":true}]}}