{"id":243117,"date":"2025-08-06T13:13:15","date_gmt":"2025-08-06T17:13:15","guid":{"rendered":"https:\/\/www.manaus.am.gov.br\/semcom\/feirantes-centro-acao-mutirao-nos-bairros\/"},"modified":"2025-08-06T14:38:27","modified_gmt":"2025-08-06T17:38:27","slug":"feirantes-centro-acao-mutirao-nos-bairros","status":"publish","type":"post","link":"https:\/\/www.manaus.am.gov.br\/semcom\/feirantes-centro-acao-mutirao-nos-bairros\/","title":{"rendered":"Feirantes do Centro avaliam a\u00e7\u00e3o do \u2018Mutir\u00e3o nos Bairros\u2019 da prefeitura e atestam que o povo voltou a entrar na feira"},"content":{"rendered":"\n<p>O vice-prefeito de Manaus e titular da Secretaria Municipal de Infraestrutura (Seminf), Renato Junior, na manh\u00e3 desta quarta-feira, 6\/8, escutou os&nbsp;permission\u00e1rios das feiras&nbsp;da Banana e da Manaus Moderna, no Centro, sobre os impactos do \u201cMutir\u00e3o no Bairro\u201d realizado na regi\u00e3o desde o in\u00edcio da semana. Este \u00e9 o terceiro dia da opera\u00e7\u00e3o, que deve se estender por 90 dias.<\/p>\n\n\n\n<p>A visita do vice-prefeito \u00e0s feiras foi acompanhada pelo titular da&nbsp;Secretaria Municipal de Agricultura, Abastecimento, Centro e Com\u00e9rcio Informal (Semacc), Wanderson Costa, que tamb\u00e9m ouviu os relatos de quem vive o dia a dia do com\u00e9rcio popular.<\/p>\n\n\n\n<p>\u201c\u00c9 uma alegria estar aqui hoje ao lado de quem sempre cuidou dessas feiras quando o poder p\u00fablico se ausentou. O m\u00e9rito da organiza\u00e7\u00e3o da feira da Banana \u00e9 dos permission\u00e1rios, da comiss\u00e3o gestora, liderada pelo Moacir Cintr\u00e3o. Agora, com o apoio da gest\u00e3o do prefeito David Almeida, estamos trazendo refor\u00e7o de verdade\u201d, afirma Renato Junior.<\/p>\n\n\n\n<p>Nos dois primeiros dias do mutir\u00e3o, mais de 166 mil quilos de lixo foram retirados do centro, com a atua\u00e7\u00e3o concentrada nos entornos das feiras da Banana e da Manaus Moderna. A Seminf recuperou 200 metros de cal\u00e7adas, meio-fio e tampas de galeria, al\u00e9m de restaurar trechos da orla. A Unidade Gestora Municipal de Abastecimento de Energia El\u00e9trica (UGPM-Energia) vistoriou 194 pontos de ilumina\u00e7\u00e3o e solicitou a implanta\u00e7\u00e3o de novos postes com lumin\u00e1rias LED nas imedia\u00e7\u00f5es da feira.<\/p>\n\n\n\n<p>\u201cTem gente que acha que isso \u00e9 s\u00f3 maquiagem, mas n\u00e3o \u00e9. A determina\u00e7\u00e3o do prefeito David Almeida \u00e9 avan\u00e7ar de verdade. S\u00e3o 16 secretarias atuando juntas para devolver organiza\u00e7\u00e3o, infraestrutura e dignidade ao Centro, incluindo assist\u00eancia social, fiscaliza\u00e7\u00e3o, ordenamento e valoriza\u00e7\u00e3o do com\u00e9rcio formal\u201d, afirma Wanderson Costa.<\/p>\n\n\n\n<p>Conforme o secret\u00e1rio da Semacc, o cumprimento da Lei 123, que pro\u00edbe com\u00e9rcio irregular em um raio de 200 metros ao redor de feiras e mercados, tem sido prioridade. \u201cO cliente precisa conseguir entrar na feira, comprar com seguran\u00e7a, ter acesso a produtos com proced\u00eancia e higiene. E isso s\u00f3 acontece quando o entorno \u00e9 respeitado. Estamos intensificando as fiscaliza\u00e7\u00f5es, e vamos continuar avan\u00e7ando\u201d, explica.<\/p>\n\n\n\n<p><strong>Permission\u00e1rios<\/strong><\/p>\n\n\n\n<p>Acompanhando de perto os trabalhos, os feirantes j\u00e1 relatam mudan\u00e7as, como refor\u00e7o na limpeza, organiza\u00e7\u00e3o das cal\u00e7adas, retirada de estruturas irregulares e, principalmente, o retorno de clientes. \u201cAgora voltou a ter ordem, seguran\u00e7a, o povo est\u00e1 entrando de novo\u201d, afirma o presidente da feira da Banana, Moacir Cintr\u00e3o.<\/p>\n\n\n\n<p>Moacir, que h\u00e1 d\u00e9cadas defende o espa\u00e7o como s\u00edmbolo da economia popular manauara, n\u00e3o escondeu a satisfa\u00e7\u00e3o com o novo momento. \u201cAntes o cliente evitava entrar na feira, por conta da bagun\u00e7a na entrada. Agora voltou a ter ordem, limpeza e ilumina\u00e7\u00e3o. A gente sente que dessa vez est\u00e3o olhando de verdade para a gente\u201d, disse.<\/p>\n\n\n\n<p>O mutir\u00e3o tem mirado o com\u00e9rcio irregular que, por anos, ocupou os arredores das feiras. S\u00f3 nos dois primeiros dias, foram apreendidos carrinhos clandestinos, dois pontos de fabrica\u00e7\u00e3o irregular foram fechados e 169 pessoas em situa\u00e7\u00e3o de rua foram abordadas com encaminhamento a abrigos, servi\u00e7os sociais ou oportunidades de trabalho.<\/p>\n\n\n\n<p>\u201c\u00c9 evidente que essas a\u00e7\u00f5es n\u00e3o s\u00e3o simples, mas s\u00e3o necess\u00e1rias. O Centro estava desorganizado demais. Eu tenho certeza de que o Renato e o Wanderson v\u00e3o encontrar solu\u00e7\u00f5es para que todos possam trabalhar com dignidade, inclusive os ambulantes que estavam em situa\u00e7\u00e3o irregular. Mas \u00e9 preciso respeitar o espa\u00e7o da feira, que recebe turistas do Brasil inteiro e merece ser um cart\u00e3o-postal da cidade\u201d, pontuou o presidente da feira da Banana.<\/p>\n\n\n\n<p>A movimenta\u00e7\u00e3o tamb\u00e9m trouxe mais seguran\u00e7a. A Guarda Municipal prendeu um assaltante em flagrante na regi\u00e3o e a Ag\u00eancia Nacional de Vigil\u00e2ncia Sanit\u00e1ria (Anvisa) est\u00e1 atuando em conjunto com a equipe para garantir a proced\u00eancia dos alimentos. \u201cQuem compra dentro da feira sabe o que est\u00e1 levando para a casa. Isso \u00e9 seguran\u00e7a alimentar. \u00c9 tamb\u00e9m um gesto de respeito com quem trabalha direito\u201d, refor\u00e7a Renato Junior.<\/p>\n\n\n\n<p>Para o feirante S\u00e9rgio Reis, que atua no atacado da Manaus Moderna, a opera\u00e7\u00e3o trouxe al\u00edvio. \u201cAgora tem ordem. N\u00f3s est\u00e1vamos sufocados pela informalidade irregular. Quando tem fiscaliza\u00e7\u00e3o, todo mundo respira melhor. O cliente volta, a confian\u00e7a volta\u201d, comenta.<\/p>\n\n\n\n<p>Com mais de 1.100 servidores municipais nas ruas, o \u201cMutir\u00e3o no Bairro\u201d no Centro avan\u00e7a em v\u00e1rias frentes, da reabertura de ruas ao ordenamento urbano. Mas, para quem vive o dia a dia da feira, como Moacir, a principal mudan\u00e7a j\u00e1 come\u00e7ou. \u201cO povo voltou a entrar. O Centro est\u00e1 voltando a ser nosso\u201d, finalizou.<\/p>\n\n\n\n<figure class=\"wp-block-image size-large\"><img loading=\"lazy\" decoding=\"async\" width=\"1024\" height=\"683\" src=\"https:\/\/www.manaus.am.gov.br\/semcom\/wp-content\/uploads\/sites\/5\/2025\/08\/54703872133_a885203ff6_k-1024x683.jpg\" alt=\"\" class=\"wp-image-243118\" srcset=\"https:\/\/www.manaus.am.gov.br\/semcom\/wp-content\/uploads\/sites\/5\/2025\/08\/54703872133_a885203ff6_k-1024x683.jpg 1024w, https:\/\/www.manaus.am.gov.br\/semcom\/wp-content\/uploads\/sites\/5\/2025\/08\/54703872133_a885203ff6_k-300x200.jpg 300w, https:\/\/www.manaus.am.gov.br\/semcom\/wp-content\/uploads\/sites\/5\/2025\/08\/54703872133_a885203ff6_k-768x512.jpg 768w, https:\/\/www.manaus.am.gov.br\/semcom\/wp-content\/uploads\/sites\/5\/2025\/08\/54703872133_a885203ff6_k-1536x1024.jpg 1536w, https:\/\/www.manaus.am.gov.br\/semcom\/wp-content\/uploads\/sites\/5\/2025\/08\/54703872133_a885203ff6_k.jpg 2048w\" sizes=\"(max-width: 1024px) 100vw, 1024px\" \/><\/figure>\n\n\n\n<p>&#8212; &#8212; &#8212;<\/p>\n\n\n\n<p><strong>Texto &#8211;<\/strong>&nbsp;Alessandra Taveira\/Vice-Prefeito<\/p>\n\n\n\n<p><strong>Fotos &#8211;<\/strong> Carlos Oliveira\/Vice-Prefeito e Valdo Le\u00e3o\/Semcom<\/p>\n\n\n\n<p><strong>Dispon\u00edveis em &#8211; <\/strong><a href=\"https:\/\/flic.kr\/s\/aHBqjCpM5Q\">https:\/\/flic.kr\/s\/aHBqjCpM5Q<\/a><\/p>\n","protected":false},"excerpt":{"rendered":"","protected":false},"author":39,"featured_media":243119,"comment_status":"closed","ping_status":"closed","sticky":false,"template":"","format":"standard","meta":{"footnotes":""},"categories":[2179],"tags":[16120,16121,16122,77,439,16123,4712],"acf":[],"yoast_head":"<!-- This site is optimized with the Yoast SEO plugin v23.0 - https:\/\/yoast.com\/wordpress\/plugins\/seo\/ -->\n<title>Feirantes do Centro avaliam a\u00e7\u00e3o do \u2018Mutir\u00e3o nos Bairros\u2019<\/title>\n<meta name=\"description\" content=\"Feirantes do Centro avaliam a\u00e7\u00e3o do \u2018Mutir\u00e3o nos Bairros\u2019 da prefeitura e atestam que o povo voltou a entrar na feira.\" \/>\n<meta name=\"robots\" content=\"index, follow, max-snippet:-1, max-image-preview:large, max-video-preview:-1\" \/>\n<link rel=\"canonical\" href=\"https:\/\/www.manaus.am.gov.br\/semcom\/feirantes-centro-acao-mutirao-nos-bairros\/\" \/>\n<meta property=\"og:locale\" content=\"pt_BR\" \/>\n<meta property=\"og:type\" content=\"article\" \/>\n<meta property=\"og:title\" content=\"Feirantes do Centro avaliam a\u00e7\u00e3o do \u2018Mutir\u00e3o nos Bairros\u2019\" \/>\n<meta property=\"og:description\" content=\"Feirantes do Centro avaliam a\u00e7\u00e3o do \u2018Mutir\u00e3o nos Bairros\u2019 da prefeitura e atestam que o povo voltou a entrar na feira.\" \/>\n<meta property=\"og:url\" content=\"https:\/\/www.manaus.am.gov.br\/semcom\/feirantes-centro-acao-mutirao-nos-bairros\/\" \/>\n<meta property=\"og:site_name\" content=\"SEMCOM\" \/>\n<meta property=\"article:published_time\" content=\"2025-08-06T17:13:15+00:00\" \/>\n<meta property=\"article:modified_time\" content=\"2025-08-06T17:38:27+00:00\" \/>\n<meta property=\"og:image\" content=\"https:\/\/www.manaus.am.gov.br\/semcom\/wp-content\/uploads\/sites\/5\/2025\/08\/Mutirao-no-Bairro-Centro-3.jpeg\" \/>\n\t<meta property=\"og:image:width\" content=\"4160\" \/>\n\t<meta property=\"og:image:height\" content=\"2774\" \/>\n\t<meta property=\"og:image:type\" content=\"image\/jpeg\" \/>\n<meta name=\"author\" content=\"Bruna Greco\" \/>\n<meta name=\"twitter:card\" content=\"summary_large_image\" \/>\n<meta name=\"twitter:label1\" content=\"Written by\" \/>\n\t<meta name=\"twitter:data1\" content=\"Bruna Greco\" \/>\n\t<meta name=\"twitter:label2\" content=\"Est. reading time\" \/>\n\t<meta name=\"twitter:data2\" content=\"5 minutos\" \/>\n<script type=\"application\/ld+json\" class=\"yoast-schema-graph\">{\"@context\":\"https:\/\/schema.org\",\"@graph\":[{\"@type\":\"WebPage\",\"@id\":\"https:\/\/www.manaus.am.gov.br\/semcom\/feirantes-centro-acao-mutirao-nos-bairros\/\",\"url\":\"https:\/\/www.manaus.am.gov.br\/semcom\/feirantes-centro-acao-mutirao-nos-bairros\/\",\"name\":\"Feirantes do Centro avaliam a\u00e7\u00e3o do \u2018Mutir\u00e3o nos Bairros\u2019\",\"isPartOf\":{\"@id\":\"https:\/\/www.manaus.am.gov.br\/semcom\/#website\"},\"primaryImageOfPage\":{\"@id\":\"https:\/\/www.manaus.am.gov.br\/semcom\/feirantes-centro-acao-mutirao-nos-bairros\/#primaryimage\"},\"image\":{\"@id\":\"https:\/\/www.manaus.am.gov.br\/semcom\/feirantes-centro-acao-mutirao-nos-bairros\/#primaryimage\"},\"thumbnailUrl\":\"https:\/\/www.manaus.am.gov.br\/semcom\/wp-content\/uploads\/sites\/5\/2025\/08\/Mutirao-no-Bairro-Centro-3.jpeg\",\"datePublished\":\"2025-08-06T17:13:15+00:00\",\"dateModified\":\"2025-08-06T17:38:27+00:00\",\"author\":{\"@id\":\"https:\/\/www.manaus.am.gov.br\/semcom\/#\/schema\/person\/05d223aea2bf115f9883a6ff3683d81b\"},\"description\":\"Feirantes do Centro avaliam a\u00e7\u00e3o do \u2018Mutir\u00e3o nos Bairros\u2019 da prefeitura e atestam que o povo voltou a entrar na feira.\",\"inLanguage\":\"pt-BR\",\"potentialAction\":[{\"@type\":\"ReadAction\",\"target\":[\"https:\/\/www.manaus.am.gov.br\/semcom\/feirantes-centro-acao-mutirao-nos-bairros\/\"]}]},{\"@type\":\"ImageObject\",\"inLanguage\":\"pt-BR\",\"@id\":\"https:\/\/www.manaus.am.gov.br\/semcom\/feirantes-centro-acao-mutirao-nos-bairros\/#primaryimage\",\"url\":\"https:\/\/www.manaus.am.gov.br\/semcom\/wp-content\/uploads\/sites\/5\/2025\/08\/Mutirao-no-Bairro-Centro-3.jpeg\",\"contentUrl\":\"https:\/\/www.manaus.am.gov.br\/semcom\/wp-content\/uploads\/sites\/5\/2025\/08\/Mutirao-no-Bairro-Centro-3.jpeg\",\"width\":4160,\"height\":2774,\"caption\":\"#paratodosverem - Vice-prefeito de Manaus e titular da Seminf, Renato Junior, e o secret\u00e1rio da Semacc, Wanderson Costa, conversando com o permission\u00e1rios da feira no Centro durante a\u00e7\u00f5es do \\\"Mutir\u00e3o no Bairro\\\"\"},{\"@type\":\"WebSite\",\"@id\":\"https:\/\/www.manaus.am.gov.br\/semcom\/#website\",\"url\":\"https:\/\/www.manaus.am.gov.br\/semcom\/\",\"name\":\"SEMCOM\",\"description\":\"Secretaria Municipal de Comunica\u00e7\u00e3o\",\"potentialAction\":[{\"@type\":\"SearchAction\",\"target\":{\"@type\":\"EntryPoint\",\"urlTemplate\":\"https:\/\/www.manaus.am.gov.br\/semcom\/?s={search_term_string}\"},\"query-input\":\"required name=search_term_string\"}],\"inLanguage\":\"pt-BR\"},{\"@type\":\"Person\",\"@id\":\"https:\/\/www.manaus.am.gov.br\/semcom\/#\/schema\/person\/05d223aea2bf115f9883a6ff3683d81b\",\"name\":\"Bruna Greco\",\"image\":{\"@type\":\"ImageObject\",\"inLanguage\":\"pt-BR\",\"@id\":\"https:\/\/www.manaus.am.gov.br\/semcom\/#\/schema\/person\/image\/\",\"url\":\"https:\/\/secure.gravatar.com\/avatar\/9c877d1a6adc2a055330e5c09a8653ce?s=96&d=mm&r=g\",\"contentUrl\":\"https:\/\/secure.gravatar.com\/avatar\/9c877d1a6adc2a055330e5c09a8653ce?s=96&d=mm&r=g\",\"caption\":\"Bruna Greco\"}}]}<\/script>\n<!-- \/ Yoast SEO plugin. -->","yoast_head_json":{"title":"Feirantes do Centro avaliam a\u00e7\u00e3o do \u2018Mutir\u00e3o nos Bairros\u2019","description":"Feirantes do Centro avaliam a\u00e7\u00e3o do \u2018Mutir\u00e3o nos Bairros\u2019 da prefeitura e atestam que o povo voltou a entrar na feira.","robots":{"index":"index","follow":"follow","max-snippet":"max-snippet:-1","max-image-preview":"max-image-preview:large","max-video-preview":"max-video-preview:-1"},"canonical":"https:\/\/www.manaus.am.gov.br\/semcom\/feirantes-centro-acao-mutirao-nos-bairros\/","og_locale":"pt_BR","og_type":"article","og_title":"Feirantes do Centro avaliam a\u00e7\u00e3o do \u2018Mutir\u00e3o nos Bairros\u2019","og_description":"Feirantes do Centro avaliam a\u00e7\u00e3o do \u2018Mutir\u00e3o nos Bairros\u2019 da prefeitura e atestam que o povo voltou a entrar na feira.","og_url":"https:\/\/www.manaus.am.gov.br\/semcom\/feirantes-centro-acao-mutirao-nos-bairros\/","og_site_name":"SEMCOM","article_published_time":"2025-08-06T17:13:15+00:00","article_modified_time":"2025-08-06T17:38:27+00:00","og_image":[{"width":4160,"height":2774,"url":"https:\/\/www.manaus.am.gov.br\/semcom\/wp-content\/uploads\/sites\/5\/2025\/08\/Mutirao-no-Bairro-Centro-3.jpeg","type":"image\/jpeg"}],"author":"Bruna Greco","twitter_card":"summary_large_image","twitter_misc":{"Written by":"Bruna Greco","Est. reading time":"5 minutos"},"schema":{"@context":"https:\/\/schema.org","@graph":[{"@type":"WebPage","@id":"https:\/\/www.manaus.am.gov.br\/semcom\/feirantes-centro-acao-mutirao-nos-bairros\/","url":"https:\/\/www.manaus.am.gov.br\/semcom\/feirantes-centro-acao-mutirao-nos-bairros\/","name":"Feirantes do Centro avaliam a\u00e7\u00e3o do \u2018Mutir\u00e3o nos Bairros\u2019","isPartOf":{"@id":"https:\/\/www.manaus.am.gov.br\/semcom\/#website"},"primaryImageOfPage":{"@id":"https:\/\/www.manaus.am.gov.br\/semcom\/feirantes-centro-acao-mutirao-nos-bairros\/#primaryimage"},"image":{"@id":"https:\/\/www.manaus.am.gov.br\/semcom\/feirantes-centro-acao-mutirao-nos-bairros\/#primaryimage"},"thumbnailUrl":"https:\/\/www.manaus.am.gov.br\/semcom\/wp-content\/uploads\/sites\/5\/2025\/08\/Mutirao-no-Bairro-Centro-3.jpeg","datePublished":"2025-08-06T17:13:15+00:00","dateModified":"2025-08-06T17:38:27+00:00","author":{"@id":"https:\/\/www.manaus.am.gov.br\/semcom\/#\/schema\/person\/05d223aea2bf115f9883a6ff3683d81b"},"description":"Feirantes do Centro avaliam a\u00e7\u00e3o do \u2018Mutir\u00e3o nos Bairros\u2019 da prefeitura e atestam que o povo voltou a entrar na feira.","inLanguage":"pt-BR","potentialAction":[{"@type":"ReadAction","target":["https:\/\/www.manaus.am.gov.br\/semcom\/feirantes-centro-acao-mutirao-nos-bairros\/"]}]},{"@type":"ImageObject","inLanguage":"pt-BR","@id":"https:\/\/www.manaus.am.gov.br\/semcom\/feirantes-centro-acao-mutirao-nos-bairros\/#primaryimage","url":"https:\/\/www.manaus.am.gov.br\/semcom\/wp-content\/uploads\/sites\/5\/2025\/08\/Mutirao-no-Bairro-Centro-3.jpeg","contentUrl":"https:\/\/www.manaus.am.gov.br\/semcom\/wp-content\/uploads\/sites\/5\/2025\/08\/Mutirao-no-Bairro-Centro-3.jpeg","width":4160,"height":2774,"caption":"#paratodosverem - Vice-prefeito de Manaus e titular da Seminf, Renato Junior, e o secret\u00e1rio da Semacc, Wanderson Costa, conversando com o permission\u00e1rios da feira no Centro durante a\u00e7\u00f5es do \"Mutir\u00e3o no Bairro\""},{"@type":"WebSite","@id":"https:\/\/www.manaus.am.gov.br\/semcom\/#website","url":"https:\/\/www.manaus.am.gov.br\/semcom\/","name":"SEMCOM","description":"Secretaria Municipal de Comunica\u00e7\u00e3o","potentialAction":[{"@type":"SearchAction","target":{"@type":"EntryPoint","urlTemplate":"https:\/\/www.manaus.am.gov.br\/semcom\/?s={search_term_string}"},"query-input":"required name=search_term_string"}],"inLanguage":"pt-BR"},{"@type":"Person","@id":"https:\/\/www.manaus.am.gov.br\/semcom\/#\/schema\/person\/05d223aea2bf115f9883a6ff3683d81b","name":"Bruna Greco","image":{"@type":"ImageObject","inLanguage":"pt-BR","@id":"https:\/\/www.manaus.am.gov.br\/semcom\/#\/schema\/person\/image\/","url":"https:\/\/secure.gravatar.com\/avatar\/9c877d1a6adc2a055330e5c09a8653ce?s=96&d=mm&r=g","contentUrl":"https:\/\/secure.gravatar.com\/avatar\/9c877d1a6adc2a055330e5c09a8653ce?s=96&d=mm&r=g","caption":"Bruna Greco"}}]}},"_links":{"self":[{"href":"https:\/\/www.manaus.am.gov.br\/semcom\/wp-json\/wp\/v2\/posts\/243117"}],"collection":[{"href":"https:\/\/www.manaus.am.gov.br\/semcom\/wp-json\/wp\/v2\/posts"}],"about":[{"href":"https:\/\/www.manaus.am.gov.br\/semcom\/wp-json\/wp\/v2\/types\/post"}],"author":[{"embeddable":true,"href":"https:\/\/www.manaus.am.gov.br\/semcom\/wp-json\/wp\/v2\/users\/39"}],"replies":[{"embeddable":true,"href":"https:\/\/www.manaus.am.gov.br\/semcom\/wp-json\/wp\/v2\/comments?post=243117"}],"version-history":[{"count":7,"href":"https:\/\/www.manaus.am.gov.br\/semcom\/wp-json\/wp\/v2\/posts\/243117\/revisions"}],"predecessor-version":[{"id":243129,"href":"https:\/\/www.manaus.am.gov.br\/semcom\/wp-json\/wp\/v2\/posts\/243117\/revisions\/243129"}],"wp:featuredmedia":[{"embeddable":true,"href":"https:\/\/www.manaus.am.gov.br\/semcom\/wp-json\/wp\/v2\/media\/243119"}],"wp:attachment":[{"href":"https:\/\/www.manaus.am.gov.br\/semcom\/wp-json\/wp\/v2\/media?parent=243117"}],"wp:term":[{"taxonomy":"category","embeddable":true,"href":"https:\/\/www.manaus.am.gov.br\/semcom\/wp-json\/wp\/v2\/categories?post=243117"},{"taxonomy":"post_tag","embeddable":true,"href":"https:\/\/www.manaus.am.gov.br\/semcom\/wp-json\/wp\/v2\/tags?post=243117"}],"curies":[{"name":"wp","href":"https:\/\/api.w.org\/{rel}","templated":true}]}}