{"id":243115,"date":"2025-08-06T13:35:52","date_gmt":"2025-08-06T16:35:52","guid":{"rendered":"https:\/\/www.manaus.am.gov.br\/semcom\/prefeitura-semacc-revitalizacao-feiramanausmoderna\/"},"modified":"2025-08-06T13:35:53","modified_gmt":"2025-08-06T16:35:53","slug":"prefeitura-semacc-revitalizacao-feiramanausmoderna","status":"publish","type":"post","link":"https:\/\/www.manaus.am.gov.br\/semcom\/prefeitura-semacc-revitalizacao-feiramanausmoderna\/","title":{"rendered":"Prefeitura avan\u00e7a na moderniza\u00e7\u00e3o da feira da Manaus Moderna com nova pra\u00e7a de alimenta\u00e7\u00e3o"},"content":{"rendered":"\n<p>A Prefeitura de Manaus intensificou, nesta quarta-feira, 6\/8, as obras de reforma na feira da Manaus Moderna, localizada no Centro. A interven\u00e7\u00e3o faz parte do programa de reestrutura\u00e7\u00e3o de feiras e mercados da cidade, conduzido pela Secretaria Municipal de Agricultura, Abastecimento, Centro e Com\u00e9rcio Informal (Semacc).<\/p>\n\n\n\n<p>Na primeira fase da obra, est\u00e3o em fase final de constru\u00e7\u00e3o 17 dos 24 boxes previstos para compor a nova pra\u00e7a de alimenta\u00e7\u00e3o do local. Os espa\u00e7os ser\u00e3o ocupados por estabelecimentos como soparias, lanchonetes, restaurantes e caf\u00e9s.<\/p>\n\n\n\n<p>Segundo a Semacc, os boxes ter\u00e3o estrutura moderna, com bancadas apropriadas para a manipula\u00e7\u00e3o de alimentos, revestimentos adequados e ambiente mais seguro. A \u00e1rea tamb\u00e9m \u00e9 cercada por gradis, medida que deve refor\u00e7ar a seguran\u00e7a de feirantes e frequentadores.<\/p>\n\n\n\n<p>O secret\u00e1rio da Semacc, Wanderson Costa, destacou a import\u00e2ncia da obra para os feirantes. \u201cEsta nova estrutura \u00e9 aguardada com muito entusiasmo por quem trabalha na feira. S\u00e3o melhorias que v\u00e3o proporcionar mais dignidade, qualidade de vida e condi\u00e7\u00f5es adequadas para o exerc\u00edcio da atividade comercial\u201d, afirmou.<\/p>\n\n\n\n<p>Tradi\u00e7\u00e3o<\/p>\n\n\n\n<p>Inaugurada em 1994, a feira da Manaus Moderna fica na rua Bar\u00e3o de S\u00e3o Domingos, no Centro, em frente ao rio Negro. O local \u00e9 um dos mais tradicionais da cidade, conhecido pela diversidade de produtos regionais e pela import\u00e2ncia no abastecimento da capital.<\/p>\n\n\n\n<p>A revitaliza\u00e7\u00e3o da estrutura integra um conjunto de a\u00e7\u00f5es da atual gest\u00e3o municipal, que j\u00e1 entregou 25 feiras revitalizadas, valorizando o com\u00e9rcio informal com o intuito de oferecer melhores condi\u00e7\u00f5es para a popula\u00e7\u00e3o que utiliza esses espa\u00e7os diariamente.<\/p>\n\n\n\n<p>&#8212; &#8212; &#8212; <\/p>\n\n\n\n<p><strong>Texto\u00a0<\/strong>&#8211;\u00a0Polyana\u00a0Brelaz\/Semacc<\/p>\n\n\n\n<p><strong>Fotos\u00a0<\/strong>&#8211; Gildo Smith\/Semacc<\/p>\n","protected":false},"excerpt":{"rendered":"","protected":false},"author":23,"featured_media":243116,"comment_status":"closed","ping_status":"closed","sticky":false,"template":"","format":"standard","meta":{"footnotes":""},"categories":[772],"tags":[10084,3093,77,450,55],"acf":[],"yoast_head":"<!-- This site is optimized with the Yoast SEO plugin v23.0 - https:\/\/yoast.com\/wordpress\/plugins\/seo\/ -->\n<title>Prefeitura avan\u00e7a na moderniza\u00e7\u00e3o da feira da Manaus Moderna com nova pra\u00e7a de alimenta\u00e7\u00e3o<\/title>\n<meta name=\"description\" content=\"A Prefeitura de Manaus intensificou, nesta quarta-feira, 6\/8, as obras de reforma na feira da Manaus Moderna, localizada no Centro.\" \/>\n<meta name=\"robots\" content=\"index, follow, max-snippet:-1, max-image-preview:large, max-video-preview:-1\" \/>\n<link rel=\"canonical\" href=\"https:\/\/www.manaus.am.gov.br\/semcom\/prefeitura-semacc-revitalizacao-feiramanausmoderna\/\" \/>\n<meta property=\"og:locale\" content=\"pt_BR\" \/>\n<meta property=\"og:type\" content=\"article\" \/>\n<meta property=\"og:title\" content=\"Prefeitura avan\u00e7a na moderniza\u00e7\u00e3o da feira da Manaus Moderna com nova pra\u00e7a de alimenta\u00e7\u00e3o\" \/>\n<meta property=\"og:description\" content=\"A Prefeitura de Manaus intensificou, nesta quarta-feira, 6\/8, as obras de reforma na feira da Manaus Moderna, localizada no Centro.\" \/>\n<meta property=\"og:url\" content=\"https:\/\/www.manaus.am.gov.br\/semcom\/prefeitura-semacc-revitalizacao-feiramanausmoderna\/\" \/>\n<meta property=\"og:site_name\" content=\"SEMCOM\" \/>\n<meta property=\"article:published_time\" content=\"2025-08-06T16:35:52+00:00\" \/>\n<meta property=\"article:modified_time\" content=\"2025-08-06T16:35:53+00:00\" \/>\n<meta property=\"og:image\" content=\"https:\/\/www.manaus.am.gov.br\/semcom\/wp-content\/uploads\/sites\/5\/2025\/08\/aa41d0d8-bb9d-4cc4-a51e-c3507da0b32e.jpeg\" \/>\n\t<meta property=\"og:image:width\" content=\"4160\" \/>\n\t<meta property=\"og:image:height\" content=\"3120\" \/>\n\t<meta property=\"og:image:type\" content=\"image\/jpeg\" \/>\n<meta name=\"author\" content=\"Adriana Costa\" \/>\n<meta name=\"twitter:card\" content=\"summary_large_image\" \/>\n<meta name=\"twitter:label1\" content=\"Written by\" \/>\n\t<meta name=\"twitter:data1\" content=\"Adriana Costa\" \/>\n\t<meta name=\"twitter:label2\" content=\"Est. reading time\" \/>\n\t<meta name=\"twitter:data2\" content=\"2 minutos\" \/>\n<script type=\"application\/ld+json\" class=\"yoast-schema-graph\">{\"@context\":\"https:\/\/schema.org\",\"@graph\":[{\"@type\":\"WebPage\",\"@id\":\"https:\/\/www.manaus.am.gov.br\/semcom\/prefeitura-semacc-revitalizacao-feiramanausmoderna\/\",\"url\":\"https:\/\/www.manaus.am.gov.br\/semcom\/prefeitura-semacc-revitalizacao-feiramanausmoderna\/\",\"name\":\"Prefeitura avan\u00e7a na moderniza\u00e7\u00e3o da feira da Manaus Moderna com nova pra\u00e7a de alimenta\u00e7\u00e3o\",\"isPartOf\":{\"@id\":\"https:\/\/www.manaus.am.gov.br\/semcom\/#website\"},\"primaryImageOfPage\":{\"@id\":\"https:\/\/www.manaus.am.gov.br\/semcom\/prefeitura-semacc-revitalizacao-feiramanausmoderna\/#primaryimage\"},\"image\":{\"@id\":\"https:\/\/www.manaus.am.gov.br\/semcom\/prefeitura-semacc-revitalizacao-feiramanausmoderna\/#primaryimage\"},\"thumbnailUrl\":\"https:\/\/www.manaus.am.gov.br\/semcom\/wp-content\/uploads\/sites\/5\/2025\/08\/aa41d0d8-bb9d-4cc4-a51e-c3507da0b32e.jpeg\",\"datePublished\":\"2025-08-06T16:35:52+00:00\",\"dateModified\":\"2025-08-06T16:35:53+00:00\",\"author\":{\"@id\":\"https:\/\/www.manaus.am.gov.br\/semcom\/#\/schema\/person\/4e49f4e267757a06ca072ec61b2b9968\"},\"description\":\"A Prefeitura de Manaus intensificou, nesta quarta-feira, 6\/8, as obras de reforma na feira da Manaus Moderna, localizada no Centro.\",\"inLanguage\":\"pt-BR\",\"potentialAction\":[{\"@type\":\"ReadAction\",\"target\":[\"https:\/\/www.manaus.am.gov.br\/semcom\/prefeitura-semacc-revitalizacao-feiramanausmoderna\/\"]}]},{\"@type\":\"ImageObject\",\"inLanguage\":\"pt-BR\",\"@id\":\"https:\/\/www.manaus.am.gov.br\/semcom\/prefeitura-semacc-revitalizacao-feiramanausmoderna\/#primaryimage\",\"url\":\"https:\/\/www.manaus.am.gov.br\/semcom\/wp-content\/uploads\/sites\/5\/2025\/08\/aa41d0d8-bb9d-4cc4-a51e-c3507da0b32e.jpeg\",\"contentUrl\":\"https:\/\/www.manaus.am.gov.br\/semcom\/wp-content\/uploads\/sites\/5\/2025\/08\/aa41d0d8-bb9d-4cc4-a51e-c3507da0b32e.jpeg\",\"width\":4160,\"height\":3120},{\"@type\":\"WebSite\",\"@id\":\"https:\/\/www.manaus.am.gov.br\/semcom\/#website\",\"url\":\"https:\/\/www.manaus.am.gov.br\/semcom\/\",\"name\":\"SEMCOM\",\"description\":\"Secretaria Municipal de Comunica\u00e7\u00e3o\",\"potentialAction\":[{\"@type\":\"SearchAction\",\"target\":{\"@type\":\"EntryPoint\",\"urlTemplate\":\"https:\/\/www.manaus.am.gov.br\/semcom\/?s={search_term_string}\"},\"query-input\":\"required name=search_term_string\"}],\"inLanguage\":\"pt-BR\"},{\"@type\":\"Person\",\"@id\":\"https:\/\/www.manaus.am.gov.br\/semcom\/#\/schema\/person\/4e49f4e267757a06ca072ec61b2b9968\",\"name\":\"Adriana Costa\",\"image\":{\"@type\":\"ImageObject\",\"inLanguage\":\"pt-BR\",\"@id\":\"https:\/\/www.manaus.am.gov.br\/semcom\/#\/schema\/person\/image\/\",\"url\":\"https:\/\/secure.gravatar.com\/avatar\/576258617ef7194f718179e766d57bd4?s=96&d=mm&r=g\",\"contentUrl\":\"https:\/\/secure.gravatar.com\/avatar\/576258617ef7194f718179e766d57bd4?s=96&d=mm&r=g\",\"caption\":\"Adriana Costa\"}}]}<\/script>\n<!-- \/ Yoast SEO plugin. -->","yoast_head_json":{"title":"Prefeitura avan\u00e7a na moderniza\u00e7\u00e3o da feira da Manaus Moderna com nova pra\u00e7a de alimenta\u00e7\u00e3o","description":"A Prefeitura de Manaus intensificou, nesta quarta-feira, 6\/8, as obras de reforma na feira da Manaus Moderna, localizada no Centro.","robots":{"index":"index","follow":"follow","max-snippet":"max-snippet:-1","max-image-preview":"max-image-preview:large","max-video-preview":"max-video-preview:-1"},"canonical":"https:\/\/www.manaus.am.gov.br\/semcom\/prefeitura-semacc-revitalizacao-feiramanausmoderna\/","og_locale":"pt_BR","og_type":"article","og_title":"Prefeitura avan\u00e7a na moderniza\u00e7\u00e3o da feira da Manaus Moderna com nova pra\u00e7a de alimenta\u00e7\u00e3o","og_description":"A Prefeitura de Manaus intensificou, nesta quarta-feira, 6\/8, as obras de reforma na feira da Manaus Moderna, localizada no Centro.","og_url":"https:\/\/www.manaus.am.gov.br\/semcom\/prefeitura-semacc-revitalizacao-feiramanausmoderna\/","og_site_name":"SEMCOM","article_published_time":"2025-08-06T16:35:52+00:00","article_modified_time":"2025-08-06T16:35:53+00:00","og_image":[{"width":4160,"height":3120,"url":"https:\/\/www.manaus.am.gov.br\/semcom\/wp-content\/uploads\/sites\/5\/2025\/08\/aa41d0d8-bb9d-4cc4-a51e-c3507da0b32e.jpeg","type":"image\/jpeg"}],"author":"Adriana Costa","twitter_card":"summary_large_image","twitter_misc":{"Written by":"Adriana Costa","Est. reading time":"2 minutos"},"schema":{"@context":"https:\/\/schema.org","@graph":[{"@type":"WebPage","@id":"https:\/\/www.manaus.am.gov.br\/semcom\/prefeitura-semacc-revitalizacao-feiramanausmoderna\/","url":"https:\/\/www.manaus.am.gov.br\/semcom\/prefeitura-semacc-revitalizacao-feiramanausmoderna\/","name":"Prefeitura avan\u00e7a na moderniza\u00e7\u00e3o da feira da Manaus Moderna com nova pra\u00e7a de alimenta\u00e7\u00e3o","isPartOf":{"@id":"https:\/\/www.manaus.am.gov.br\/semcom\/#website"},"primaryImageOfPage":{"@id":"https:\/\/www.manaus.am.gov.br\/semcom\/prefeitura-semacc-revitalizacao-feiramanausmoderna\/#primaryimage"},"image":{"@id":"https:\/\/www.manaus.am.gov.br\/semcom\/prefeitura-semacc-revitalizacao-feiramanausmoderna\/#primaryimage"},"thumbnailUrl":"https:\/\/www.manaus.am.gov.br\/semcom\/wp-content\/uploads\/sites\/5\/2025\/08\/aa41d0d8-bb9d-4cc4-a51e-c3507da0b32e.jpeg","datePublished":"2025-08-06T16:35:52+00:00","dateModified":"2025-08-06T16:35:53+00:00","author":{"@id":"https:\/\/www.manaus.am.gov.br\/semcom\/#\/schema\/person\/4e49f4e267757a06ca072ec61b2b9968"},"description":"A Prefeitura de Manaus intensificou, nesta quarta-feira, 6\/8, as obras de reforma na feira da Manaus Moderna, localizada no Centro.","inLanguage":"pt-BR","potentialAction":[{"@type":"ReadAction","target":["https:\/\/www.manaus.am.gov.br\/semcom\/prefeitura-semacc-revitalizacao-feiramanausmoderna\/"]}]},{"@type":"ImageObject","inLanguage":"pt-BR","@id":"https:\/\/www.manaus.am.gov.br\/semcom\/prefeitura-semacc-revitalizacao-feiramanausmoderna\/#primaryimage","url":"https:\/\/www.manaus.am.gov.br\/semcom\/wp-content\/uploads\/sites\/5\/2025\/08\/aa41d0d8-bb9d-4cc4-a51e-c3507da0b32e.jpeg","contentUrl":"https:\/\/www.manaus.am.gov.br\/semcom\/wp-content\/uploads\/sites\/5\/2025\/08\/aa41d0d8-bb9d-4cc4-a51e-c3507da0b32e.jpeg","width":4160,"height":3120},{"@type":"WebSite","@id":"https:\/\/www.manaus.am.gov.br\/semcom\/#website","url":"https:\/\/www.manaus.am.gov.br\/semcom\/","name":"SEMCOM","description":"Secretaria Municipal de Comunica\u00e7\u00e3o","potentialAction":[{"@type":"SearchAction","target":{"@type":"EntryPoint","urlTemplate":"https:\/\/www.manaus.am.gov.br\/semcom\/?s={search_term_string}"},"query-input":"required name=search_term_string"}],"inLanguage":"pt-BR"},{"@type":"Person","@id":"https:\/\/www.manaus.am.gov.br\/semcom\/#\/schema\/person\/4e49f4e267757a06ca072ec61b2b9968","name":"Adriana Costa","image":{"@type":"ImageObject","inLanguage":"pt-BR","@id":"https:\/\/www.manaus.am.gov.br\/semcom\/#\/schema\/person\/image\/","url":"https:\/\/secure.gravatar.com\/avatar\/576258617ef7194f718179e766d57bd4?s=96&d=mm&r=g","contentUrl":"https:\/\/secure.gravatar.com\/avatar\/576258617ef7194f718179e766d57bd4?s=96&d=mm&r=g","caption":"Adriana Costa"}}]}},"_links":{"self":[{"href":"https:\/\/www.manaus.am.gov.br\/semcom\/wp-json\/wp\/v2\/posts\/243115"}],"collection":[{"href":"https:\/\/www.manaus.am.gov.br\/semcom\/wp-json\/wp\/v2\/posts"}],"about":[{"href":"https:\/\/www.manaus.am.gov.br\/semcom\/wp-json\/wp\/v2\/types\/post"}],"author":[{"embeddable":true,"href":"https:\/\/www.manaus.am.gov.br\/semcom\/wp-json\/wp\/v2\/users\/23"}],"replies":[{"embeddable":true,"href":"https:\/\/www.manaus.am.gov.br\/semcom\/wp-json\/wp\/v2\/comments?post=243115"}],"version-history":[{"count":0,"href":"https:\/\/www.manaus.am.gov.br\/semcom\/wp-json\/wp\/v2\/posts\/243115\/revisions"}],"wp:featuredmedia":[{"embeddable":true,"href":"https:\/\/www.manaus.am.gov.br\/semcom\/wp-json\/wp\/v2\/media\/243116"}],"wp:attachment":[{"href":"https:\/\/www.manaus.am.gov.br\/semcom\/wp-json\/wp\/v2\/media?parent=243115"}],"wp:term":[{"taxonomy":"category","embeddable":true,"href":"https:\/\/www.manaus.am.gov.br\/semcom\/wp-json\/wp\/v2\/categories?post=243115"},{"taxonomy":"post_tag","embeddable":true,"href":"https:\/\/www.manaus.am.gov.br\/semcom\/wp-json\/wp\/v2\/tags?post=243115"}],"curies":[{"name":"wp","href":"https:\/\/api.w.org\/{rel}","templated":true}]}}