{"id":243113,"date":"2025-08-06T11:50:34","date_gmt":"2025-08-06T14:50:34","guid":{"rendered":"https:\/\/www.manaus.am.gov.br\/semcom\/prefeitura-reordenamento-centro-ruashistoricas\/"},"modified":"2025-08-06T11:50:35","modified_gmt":"2025-08-06T14:50:35","slug":"prefeitura-reordenamento-centro-ruashistoricas","status":"publish","type":"post","link":"https:\/\/www.manaus.am.gov.br\/semcom\/prefeitura-reordenamento-centro-ruashistoricas\/","title":{"rendered":"Ruas hist\u00f3ricas do Centro voltar\u00e3o a ter tr\u00e1fego de ve\u00edculos ap\u00f3s anos de restri\u00e7\u00e3o, anuncia vice-prefeito Renato Junior"},"content":{"rendered":"\n<p>A reabertura do tr\u00e1fego de ve\u00edculos em ruas centen\u00e1rias, como a Guilherme Moreira, Marc\u00edlio Dias, Doutor Moreira e Henrique Martins, marca uma das principais mudan\u00e7as estruturais no Centro Hist\u00f3rico de Manaus nas \u00faltimas d\u00e9cadas. A medida foi anunciada, na madrugada desta quarta-feira, 6\/8, pelo vice-prefeito e titular da Secretaria Municipal de Infraestrutura (Seminf), Renato Junior, durante vistoria t\u00e9cnica aos trabalhos do \u201cMutir\u00e3o nos Bairros\u201d, que ocorre desde a \u00faltima segunda-feira, 4\/8, no Centro.<\/p>\n\n\n\n<p>Ap\u00f3s anos fechadas ao tr\u00e2nsito e destinadas exclusivamente a pedestres, lojas e camel\u00f4s, as vias voltam a ser liberadas para circula\u00e7\u00e3o de carros, viaturas e servi\u00e7os, como parte dos servi\u00e7os do \u201cMutir\u00e3o no Centro\u201d. O plano da prefeitura prev\u00ea, nos pr\u00f3ximos 90 dias, a pavimenta\u00e7\u00e3o completa das ruas, recupera\u00e7\u00e3o da drenagem, meio-fio, canteiros centrais e troca da ilumina\u00e7\u00e3o por LED mais potente. \u201cEssa foi uma solicita\u00e7\u00e3o tanto dos lojistas quanto dos camel\u00f4s. A volta do tr\u00e1fego vai aquecer o com\u00e9rcio, melhorar a seguran\u00e7a e devolver movimento ao Centro\u201d, afirma o vice-prefeito Renato Junior.<\/p>\n\n\n\n<p>A medida tem base t\u00e9cnica e cultural, porque foi autorizada pelo Instituto do Patrim\u00f4nio Hist\u00f3rico e Art\u00edstico Nacional (Iphan) e constru\u00edda a partir do di\u00e1logo com lideran\u00e7as comerciais e informais da \u00e1rea central. \u201cJ\u00e1 conversamos com os sindicatos, associa\u00e7\u00f5es, com quem vive e trabalha aqui. \u00c9 uma a\u00e7\u00e3o planejada, que respeita a hist\u00f3ria da cidade, mas olha para o presente e futuro\u201d, complementa Renato Junior.<\/p>\n\n\n\n<p>A expectativa \u00e9 de que o retorno dos ve\u00edculos melhore o acesso \u00e0s lojas e impulsione a economia local. \u201cO Centro precisa de apoio, e esse apoio chegou. Toda revitaliza\u00e7\u00e3o traz dinamismo, atrai clientes e faz a roda girar\u201d, comenta o vendedor Del Otny, que h\u00e1 anos acompanha de perto o movimento do com\u00e9rcio popular. Ele foi ouvido pelo vice-prefeito durante vistoria na rua Guilherme Moreira.<\/p>\n\n\n\n<p>\u201cO mutir\u00e3o veio na hora certa. Acho que eles t\u00eam que intensificar mesmo. O trabalho \u00e9 esse, o Centro precisa de carinho e de apoio. O apoio chegou. O Centro tem que ser respeitado, e o respeito chegou\u201d, complementa o vendedor.<\/p>\n\n\n\n<p>A opera\u00e7\u00e3o no Centro j\u00e1 deu os primeiros sinais vis\u00edveis de transforma\u00e7\u00e3o, com pintura de faixas de pedestres na avenida Louren\u00e7o da Silva Braga, recapeamento na rua Jos\u00e9 Clemente, limpeza intensificada, reorganiza\u00e7\u00e3o do mobili\u00e1rio urbano e instala\u00e7\u00e3o de novas lixeiras. Algumas cal\u00e7adas ser\u00e3o reconstru\u00eddas e \u00e1reas verdes devem ser implantadas em pontos estrat\u00e9gicos.<\/p>\n\n\n\n<p>Sistema bin\u00e1rio<\/p>\n\n\n\n<p>Para garantir que a reabertura das vias n\u00e3o gere transtornos ao tr\u00e2nsito local, o Instituto Municipal de Mobilidade Urbana (IMMU) est\u00e1 elaborando um novo sistema bin\u00e1rio de circula\u00e7\u00e3o na \u00e1rea. \u201cEssas ruas estavam delimitadas apenas para pedestres, mas, agora, com o retorno controlado dos ve\u00edculos, vamos aplicar um sistema onde o tr\u00e1fego siga em sentidos alternados. Um lado vai em uma dire\u00e7\u00e3o, o outro no sentido oposto. Isso garante fluidez, evita congestionamentos e melhora o acesso direto \u00e0s lojas\u201d, explica o vice-presidente do IMMU, Leda J\u00fanior.<\/p>\n\n\n\n<p>Conforme Leda J\u00fanior, todo o Centro ser\u00e1 sinalizado e as vias reabertas ter\u00e3o ordenamento espec\u00edfico para conviv\u00eancia harm\u00f4nica entre pedestres e motoristas.<\/p>\n\n\n\n<p>A a\u00e7\u00e3o atende a uma diretriz do prefeito David Almeida, que determinou aten\u00e7\u00e3o especial \u00e0 regi\u00e3o central da capital. Para Renato Junior, a retomada do tr\u00e1fego n\u00e3o \u00e9 apenas uma quest\u00e3o de mobilidade, \u00e9 uma forma de devolver vida ao Centro Hist\u00f3rico de Manaus. \u201c\u00c9 o in\u00edcio de um novo ciclo, que respeita quem construiu esta cidade e acredita na for\u00e7a do Centro como motor da economia local\u201d, explica.<\/p>\n\n\n\n<p>Nos pr\u00f3ximos dias, o mutir\u00e3o deve se expandir com novas frentes de trabalho em outros dois polos mapeados pela prefeitura, consolidando uma mudan\u00e7a definitiva na paisagem urbana e na rotina de quem chama o Centro de casa.<\/p>\n\n\n\n<p>&#8212; &#8212; &#8212;<\/p>\n\n\n\n<p>Texto&nbsp;&#8211; Alessandra Taveira\/Vice-Prefeito<\/p>\n\n\n\n<p>Fotos&nbsp;&#8211; Carlos Oliveira\/Vice-Prefeito<\/p>\n","protected":false},"excerpt":{"rendered":"","protected":false},"author":23,"featured_media":243114,"comment_status":"closed","ping_status":"closed","sticky":false,"template":"","format":"standard","meta":{"footnotes":""},"categories":[357],"tags":[1562,16118,15027,77,16119,87,13221],"acf":[],"yoast_head":"<!-- This site is optimized with the Yoast SEO plugin v23.0 - https:\/\/yoast.com\/wordpress\/plugins\/seo\/ -->\n<title>Ruas hist\u00f3ricas do Centro voltar\u00e3o a ter tr\u00e1fego de ve\u00edculos ap\u00f3s anos de restri\u00e7\u00e3o, anuncia vice-prefeito Renato Junior<\/title>\n<meta name=\"description\" content=\"A reabertura do tr\u00e1fego de ve\u00edculos em ruas centen\u00e1rias, como a Guilherme Moreira, Marc\u00edlio Dias, Doutor Moreira e Henrique Martins, marca uma das principais mudan\u00e7as estruturais no Centro Hist\u00f3rico de Manaus nas \u00faltimas d\u00e9cadas.\" \/>\n<meta name=\"robots\" content=\"index, follow, max-snippet:-1, max-image-preview:large, max-video-preview:-1\" \/>\n<link rel=\"canonical\" href=\"https:\/\/www.manaus.am.gov.br\/semcom\/prefeitura-reordenamento-centro-ruashistoricas\/\" \/>\n<meta property=\"og:locale\" content=\"pt_BR\" \/>\n<meta property=\"og:type\" content=\"article\" \/>\n<meta property=\"og:title\" content=\"Ruas hist\u00f3ricas do Centro voltar\u00e3o a ter tr\u00e1fego de ve\u00edculos ap\u00f3s anos de restri\u00e7\u00e3o, anuncia vice-prefeito Renato Junior\" \/>\n<meta property=\"og:description\" content=\"A reabertura do tr\u00e1fego de ve\u00edculos em ruas centen\u00e1rias, como a Guilherme Moreira, Marc\u00edlio Dias, Doutor Moreira e Henrique Martins, marca uma das principais mudan\u00e7as estruturais no Centro Hist\u00f3rico de Manaus nas \u00faltimas d\u00e9cadas.\" \/>\n<meta property=\"og:url\" content=\"https:\/\/www.manaus.am.gov.br\/semcom\/prefeitura-reordenamento-centro-ruashistoricas\/\" \/>\n<meta property=\"og:site_name\" content=\"SEMCOM\" \/>\n<meta property=\"article:published_time\" content=\"2025-08-06T14:50:34+00:00\" \/>\n<meta property=\"article:modified_time\" content=\"2025-08-06T14:50:35+00:00\" \/>\n<meta property=\"og:image\" content=\"https:\/\/www.manaus.am.gov.br\/semcom\/wp-content\/uploads\/sites\/5\/2025\/08\/WhatsApp-Image-2025-08-06-at-09.30.08-1.jpeg\" \/>\n\t<meta property=\"og:image:width\" content=\"4000\" \/>\n\t<meta property=\"og:image:height\" content=\"2667\" \/>\n\t<meta property=\"og:image:type\" content=\"image\/jpeg\" \/>\n<meta name=\"author\" content=\"Adriana Costa\" \/>\n<meta name=\"twitter:card\" content=\"summary_large_image\" \/>\n<meta name=\"twitter:label1\" content=\"Written by\" \/>\n\t<meta name=\"twitter:data1\" content=\"Adriana Costa\" \/>\n\t<meta name=\"twitter:label2\" content=\"Est. reading time\" \/>\n\t<meta name=\"twitter:data2\" content=\"4 minutos\" \/>\n<script type=\"application\/ld+json\" class=\"yoast-schema-graph\">{\"@context\":\"https:\/\/schema.org\",\"@graph\":[{\"@type\":\"WebPage\",\"@id\":\"https:\/\/www.manaus.am.gov.br\/semcom\/prefeitura-reordenamento-centro-ruashistoricas\/\",\"url\":\"https:\/\/www.manaus.am.gov.br\/semcom\/prefeitura-reordenamento-centro-ruashistoricas\/\",\"name\":\"Ruas hist\u00f3ricas do Centro voltar\u00e3o a ter tr\u00e1fego de ve\u00edculos ap\u00f3s anos de restri\u00e7\u00e3o, anuncia vice-prefeito Renato Junior\",\"isPartOf\":{\"@id\":\"https:\/\/www.manaus.am.gov.br\/semcom\/#website\"},\"primaryImageOfPage\":{\"@id\":\"https:\/\/www.manaus.am.gov.br\/semcom\/prefeitura-reordenamento-centro-ruashistoricas\/#primaryimage\"},\"image\":{\"@id\":\"https:\/\/www.manaus.am.gov.br\/semcom\/prefeitura-reordenamento-centro-ruashistoricas\/#primaryimage\"},\"thumbnailUrl\":\"https:\/\/www.manaus.am.gov.br\/semcom\/wp-content\/uploads\/sites\/5\/2025\/08\/WhatsApp-Image-2025-08-06-at-09.30.08-1.jpeg\",\"datePublished\":\"2025-08-06T14:50:34+00:00\",\"dateModified\":\"2025-08-06T14:50:35+00:00\",\"author\":{\"@id\":\"https:\/\/www.manaus.am.gov.br\/semcom\/#\/schema\/person\/4e49f4e267757a06ca072ec61b2b9968\"},\"description\":\"A reabertura do tr\u00e1fego de ve\u00edculos em ruas centen\u00e1rias, como a Guilherme Moreira, Marc\u00edlio Dias, Doutor Moreira e Henrique Martins, marca uma das principais mudan\u00e7as estruturais no Centro Hist\u00f3rico de Manaus nas \u00faltimas d\u00e9cadas.\",\"inLanguage\":\"pt-BR\",\"potentialAction\":[{\"@type\":\"ReadAction\",\"target\":[\"https:\/\/www.manaus.am.gov.br\/semcom\/prefeitura-reordenamento-centro-ruashistoricas\/\"]}]},{\"@type\":\"ImageObject\",\"inLanguage\":\"pt-BR\",\"@id\":\"https:\/\/www.manaus.am.gov.br\/semcom\/prefeitura-reordenamento-centro-ruashistoricas\/#primaryimage\",\"url\":\"https:\/\/www.manaus.am.gov.br\/semcom\/wp-content\/uploads\/sites\/5\/2025\/08\/WhatsApp-Image-2025-08-06-at-09.30.08-1.jpeg\",\"contentUrl\":\"https:\/\/www.manaus.am.gov.br\/semcom\/wp-content\/uploads\/sites\/5\/2025\/08\/WhatsApp-Image-2025-08-06-at-09.30.08-1.jpeg\",\"width\":4000,\"height\":2667},{\"@type\":\"WebSite\",\"@id\":\"https:\/\/www.manaus.am.gov.br\/semcom\/#website\",\"url\":\"https:\/\/www.manaus.am.gov.br\/semcom\/\",\"name\":\"SEMCOM\",\"description\":\"Secretaria Municipal de Comunica\u00e7\u00e3o\",\"potentialAction\":[{\"@type\":\"SearchAction\",\"target\":{\"@type\":\"EntryPoint\",\"urlTemplate\":\"https:\/\/www.manaus.am.gov.br\/semcom\/?s={search_term_string}\"},\"query-input\":\"required name=search_term_string\"}],\"inLanguage\":\"pt-BR\"},{\"@type\":\"Person\",\"@id\":\"https:\/\/www.manaus.am.gov.br\/semcom\/#\/schema\/person\/4e49f4e267757a06ca072ec61b2b9968\",\"name\":\"Adriana Costa\",\"image\":{\"@type\":\"ImageObject\",\"inLanguage\":\"pt-BR\",\"@id\":\"https:\/\/www.manaus.am.gov.br\/semcom\/#\/schema\/person\/image\/\",\"url\":\"https:\/\/secure.gravatar.com\/avatar\/576258617ef7194f718179e766d57bd4?s=96&d=mm&r=g\",\"contentUrl\":\"https:\/\/secure.gravatar.com\/avatar\/576258617ef7194f718179e766d57bd4?s=96&d=mm&r=g\",\"caption\":\"Adriana Costa\"}}]}<\/script>\n<!-- \/ Yoast SEO plugin. -->","yoast_head_json":{"title":"Ruas hist\u00f3ricas do Centro voltar\u00e3o a ter tr\u00e1fego de ve\u00edculos ap\u00f3s anos de restri\u00e7\u00e3o, anuncia vice-prefeito Renato Junior","description":"A reabertura do tr\u00e1fego de ve\u00edculos em ruas centen\u00e1rias, como a Guilherme Moreira, Marc\u00edlio Dias, Doutor Moreira e Henrique Martins, marca uma das principais mudan\u00e7as estruturais no Centro Hist\u00f3rico de Manaus nas \u00faltimas d\u00e9cadas.","robots":{"index":"index","follow":"follow","max-snippet":"max-snippet:-1","max-image-preview":"max-image-preview:large","max-video-preview":"max-video-preview:-1"},"canonical":"https:\/\/www.manaus.am.gov.br\/semcom\/prefeitura-reordenamento-centro-ruashistoricas\/","og_locale":"pt_BR","og_type":"article","og_title":"Ruas hist\u00f3ricas do Centro voltar\u00e3o a ter tr\u00e1fego de ve\u00edculos ap\u00f3s anos de restri\u00e7\u00e3o, anuncia vice-prefeito Renato Junior","og_description":"A reabertura do tr\u00e1fego de ve\u00edculos em ruas centen\u00e1rias, como a Guilherme Moreira, Marc\u00edlio Dias, Doutor Moreira e Henrique Martins, marca uma das principais mudan\u00e7as estruturais no Centro Hist\u00f3rico de Manaus nas \u00faltimas d\u00e9cadas.","og_url":"https:\/\/www.manaus.am.gov.br\/semcom\/prefeitura-reordenamento-centro-ruashistoricas\/","og_site_name":"SEMCOM","article_published_time":"2025-08-06T14:50:34+00:00","article_modified_time":"2025-08-06T14:50:35+00:00","og_image":[{"width":4000,"height":2667,"url":"https:\/\/www.manaus.am.gov.br\/semcom\/wp-content\/uploads\/sites\/5\/2025\/08\/WhatsApp-Image-2025-08-06-at-09.30.08-1.jpeg","type":"image\/jpeg"}],"author":"Adriana Costa","twitter_card":"summary_large_image","twitter_misc":{"Written by":"Adriana Costa","Est. reading time":"4 minutos"},"schema":{"@context":"https:\/\/schema.org","@graph":[{"@type":"WebPage","@id":"https:\/\/www.manaus.am.gov.br\/semcom\/prefeitura-reordenamento-centro-ruashistoricas\/","url":"https:\/\/www.manaus.am.gov.br\/semcom\/prefeitura-reordenamento-centro-ruashistoricas\/","name":"Ruas hist\u00f3ricas do Centro voltar\u00e3o a ter tr\u00e1fego de ve\u00edculos ap\u00f3s anos de restri\u00e7\u00e3o, anuncia vice-prefeito Renato Junior","isPartOf":{"@id":"https:\/\/www.manaus.am.gov.br\/semcom\/#website"},"primaryImageOfPage":{"@id":"https:\/\/www.manaus.am.gov.br\/semcom\/prefeitura-reordenamento-centro-ruashistoricas\/#primaryimage"},"image":{"@id":"https:\/\/www.manaus.am.gov.br\/semcom\/prefeitura-reordenamento-centro-ruashistoricas\/#primaryimage"},"thumbnailUrl":"https:\/\/www.manaus.am.gov.br\/semcom\/wp-content\/uploads\/sites\/5\/2025\/08\/WhatsApp-Image-2025-08-06-at-09.30.08-1.jpeg","datePublished":"2025-08-06T14:50:34+00:00","dateModified":"2025-08-06T14:50:35+00:00","author":{"@id":"https:\/\/www.manaus.am.gov.br\/semcom\/#\/schema\/person\/4e49f4e267757a06ca072ec61b2b9968"},"description":"A reabertura do tr\u00e1fego de ve\u00edculos em ruas centen\u00e1rias, como a Guilherme Moreira, Marc\u00edlio Dias, Doutor Moreira e Henrique Martins, marca uma das principais mudan\u00e7as estruturais no Centro Hist\u00f3rico de Manaus nas \u00faltimas d\u00e9cadas.","inLanguage":"pt-BR","potentialAction":[{"@type":"ReadAction","target":["https:\/\/www.manaus.am.gov.br\/semcom\/prefeitura-reordenamento-centro-ruashistoricas\/"]}]},{"@type":"ImageObject","inLanguage":"pt-BR","@id":"https:\/\/www.manaus.am.gov.br\/semcom\/prefeitura-reordenamento-centro-ruashistoricas\/#primaryimage","url":"https:\/\/www.manaus.am.gov.br\/semcom\/wp-content\/uploads\/sites\/5\/2025\/08\/WhatsApp-Image-2025-08-06-at-09.30.08-1.jpeg","contentUrl":"https:\/\/www.manaus.am.gov.br\/semcom\/wp-content\/uploads\/sites\/5\/2025\/08\/WhatsApp-Image-2025-08-06-at-09.30.08-1.jpeg","width":4000,"height":2667},{"@type":"WebSite","@id":"https:\/\/www.manaus.am.gov.br\/semcom\/#website","url":"https:\/\/www.manaus.am.gov.br\/semcom\/","name":"SEMCOM","description":"Secretaria Municipal de Comunica\u00e7\u00e3o","potentialAction":[{"@type":"SearchAction","target":{"@type":"EntryPoint","urlTemplate":"https:\/\/www.manaus.am.gov.br\/semcom\/?s={search_term_string}"},"query-input":"required name=search_term_string"}],"inLanguage":"pt-BR"},{"@type":"Person","@id":"https:\/\/www.manaus.am.gov.br\/semcom\/#\/schema\/person\/4e49f4e267757a06ca072ec61b2b9968","name":"Adriana Costa","image":{"@type":"ImageObject","inLanguage":"pt-BR","@id":"https:\/\/www.manaus.am.gov.br\/semcom\/#\/schema\/person\/image\/","url":"https:\/\/secure.gravatar.com\/avatar\/576258617ef7194f718179e766d57bd4?s=96&d=mm&r=g","contentUrl":"https:\/\/secure.gravatar.com\/avatar\/576258617ef7194f718179e766d57bd4?s=96&d=mm&r=g","caption":"Adriana Costa"}}]}},"_links":{"self":[{"href":"https:\/\/www.manaus.am.gov.br\/semcom\/wp-json\/wp\/v2\/posts\/243113"}],"collection":[{"href":"https:\/\/www.manaus.am.gov.br\/semcom\/wp-json\/wp\/v2\/posts"}],"about":[{"href":"https:\/\/www.manaus.am.gov.br\/semcom\/wp-json\/wp\/v2\/types\/post"}],"author":[{"embeddable":true,"href":"https:\/\/www.manaus.am.gov.br\/semcom\/wp-json\/wp\/v2\/users\/23"}],"replies":[{"embeddable":true,"href":"https:\/\/www.manaus.am.gov.br\/semcom\/wp-json\/wp\/v2\/comments?post=243113"}],"version-history":[{"count":0,"href":"https:\/\/www.manaus.am.gov.br\/semcom\/wp-json\/wp\/v2\/posts\/243113\/revisions"}],"wp:featuredmedia":[{"embeddable":true,"href":"https:\/\/www.manaus.am.gov.br\/semcom\/wp-json\/wp\/v2\/media\/243114"}],"wp:attachment":[{"href":"https:\/\/www.manaus.am.gov.br\/semcom\/wp-json\/wp\/v2\/media?parent=243113"}],"wp:term":[{"taxonomy":"category","embeddable":true,"href":"https:\/\/www.manaus.am.gov.br\/semcom\/wp-json\/wp\/v2\/categories?post=243113"},{"taxonomy":"post_tag","embeddable":true,"href":"https:\/\/www.manaus.am.gov.br\/semcom\/wp-json\/wp\/v2\/tags?post=243113"}],"curies":[{"name":"wp","href":"https:\/\/api.w.org\/{rel}","templated":true}]}}