{"id":243099,"date":"2025-08-05T16:30:05","date_gmt":"2025-08-05T20:30:05","guid":{"rendered":"https:\/\/www.manaus.am.gov.br\/semcom\/seguranca-alimentar-manaus\/"},"modified":"2025-08-05T16:30:05","modified_gmt":"2025-08-05T20:30:05","slug":"seguranca-alimentar-manaus","status":"publish","type":"post","link":"https:\/\/www.manaus.am.gov.br\/semcom\/seguranca-alimentar-manaus\/","title":{"rendered":"Prefeito David Almeida transforma seguran\u00e7a alimentar em Manaus e contribui para o Brasil sair do mapa da fome"},"content":{"rendered":"\n<p>O prefeito de Manaus, David Almeida, esteve, na manh\u00e3 desta ter\u00e7a-feira, 5\/8, na unidade do \u201cPrato do Povo\u201d, localizada no bairro Santa Etelvina, na zona Norte da cidade, para vistoriar de perto a qualidade das refei\u00e7\u00f5es oferecidas \u00e0 popula\u00e7\u00e3o de baixa renda. A visita refor\u00e7a o compromisso da gest\u00e3o com o combate \u00e0 fome e a amplia\u00e7\u00e3o da rede de seguran\u00e7a alimentar do munic\u00edpio.<\/p>\n\n\n\n<p>\u201cEsse \u00e9 um restaurante que est\u00e1 servindo a popula\u00e7\u00e3o com dignidade. Manaus est\u00e1 dando sua contribui\u00e7\u00e3o concreta para tirar o Brasil do mapa da fome\u201d, afirmou o chefe do Executivo municipal.<\/p>\n\n\n\n<p>O gestor da unidade, Ademar Corr\u00eaa, destacou o impacto direto do programa no dia a dia da comunidade. \u201cAqui a gente v\u00ea a gratid\u00e3o no olhar de cada pessoa que chega. Servir comida de qualidade para quem mais precisa \u00e9 uma miss\u00e3o que nos honra todos os dias\u201d, disse.<\/p>\n\n\n\n<p>Para a dona de&nbsp;casa Maria&nbsp;de Nazar\u00e9 Gomes, de 58 anos, os alimentos servidos diariamente&nbsp;s\u00e3o muito&nbsp;mais que sustento. \u201cEstou passando por um momento muito dif\u00edcil, e ter onde comer com meus filhos me tranquiliza. Se n\u00e3o fosse por isso, s\u00f3 Deus sabe. Ent\u00e3o, obrigada e parab\u00e9ns por esse trabalho que est\u00e1 ajudando muita gente\u201d, agradeceu.<\/p>\n\n\n\n<p><strong>Brasil fora do Mapa da Fome<\/strong><\/p>\n\n\n\n<p>Em 28 de julho deste ano, a Organiza\u00e7\u00e3o das Na\u00e7\u00f5es Unidas para a Alimenta\u00e7\u00e3o e Agricultura (FAO\/ONU) anunciou que o Brasil saiu oficialmente do Mapa da Fome, ap\u00f3s alcan\u00e7ar a marca de menos de 2,5% da popula\u00e7\u00e3o em subalimenta\u00e7\u00e3o, conforme a m\u00e9dia trienal entre 2022 e 2024.<\/p>\n\n\n\n<p>Dados do Instituto Brasileiro de Geografia e Estat\u00edstica (IBGE), da Pesquisa Nacional por Amostra de Domic\u00edlios (Pnad Cont\u00ednua 2023), refor\u00e7am essa conquista. O n\u00famero de pessoas em situa\u00e7\u00e3o de inseguran\u00e7a alimentar grave caiu de 33,1 milh\u00f5es em 2022 para 8,7 milh\u00f5es em 2023, uma redu\u00e7\u00e3o de mais de 11 milh\u00f5es de brasileiros.<\/p>\n\n\n\n<p>Esses resultados&nbsp;s\u00e3o frutos&nbsp;de pol\u00edticas p\u00fablicas em todas as esferas de governo, e Manaus tem feito a sua parte com resultados expressivos. Desde 2021, a capital j\u00e1 distribuiu mais de 4,5 milh\u00f5es de refei\u00e7\u00f5es por meio do programa \u201cManaus Sem Fome\u201d. Somente neste ano, at\u00e9 julho, foram 1.899.232 refei\u00e7\u00f5es servidas, n\u00famero 20% maior do que no mesmo per\u00edodo de 2024.<\/p>\n\n\n\n<p>\u201cHoje temos 16 estruturas em funcionamento, entre restaurantes populares, cozinhas comunit\u00e1rias e Pratos do Povo, que servem cerca de 14 mil refei\u00e7\u00f5es por dia, de segunda a sexta-feira. Isso \u00e9 gest\u00e3o com foco em dignidade\u201d, refor\u00e7ou o prefeito David Almeida.<\/p>\n\n\n\n<p><strong>Crescimento expressivo em quatro anos<\/strong><\/p>\n\n\n\n<p>No in\u00edcio da gest\u00e3o, em 2021, a prefeitura contava com apenas seis cozinhas comunit\u00e1rias e um restaurante popular, totalizando 195.673 refei\u00e7\u00f5es naquele ano. Hoje, com investimentos cont\u00ednuos, a m\u00e9dia mensal saltou para entre 250 mil e 300 mil refei\u00e7\u00f5es, um crescimento acumulado de 870%.<\/p>\n\n\n\n<p>Enquanto o Brasil comemora sua sa\u00edda do Mapa da Fome, Manaus se consolida como uma capital modelo em seguran\u00e7a alimentar, como resume o prefeito. \u201cAqui em Manaus, a fome tem um inimigo forte, a solidariedade do poder p\u00fablico\u201d, assegurou.<\/p>\n\n\n\n<p>A amplia\u00e7\u00e3o da rede de seguran\u00e7a alimentar, por meio do Prato do Povo, \u00e9 uma das metas cumpridas do plano de governo do prefeito David Almeida, inserida no Eixo Social \u2013 \u201cManaus Mais Humana\u201d. A proposta foi uma promessa de campanha, hoje concretizada em a\u00e7\u00f5es que impactam diretamente a vida da popula\u00e7\u00e3o mais vulner\u00e1vel. O programa representa um dos pilares da gest\u00e3o municipal no enfrentamento \u00e0 desigualdade, garantindo acesso \u00e0 alimenta\u00e7\u00e3o de qualidade de forma cont\u00ednua e digna.<\/p>\n\n\n\n<figure class=\"wp-block-image size-large\"><img loading=\"lazy\" decoding=\"async\" width=\"1024\" height=\"683\" src=\"https:\/\/www.manaus.am.gov.br\/semcom\/wp-content\/uploads\/sites\/5\/2025\/08\/54701251402_5dfc182f77_k-1024x683.jpg\" alt=\"\" class=\"wp-image-243100\" srcset=\"https:\/\/www.manaus.am.gov.br\/semcom\/wp-content\/uploads\/sites\/5\/2025\/08\/54701251402_5dfc182f77_k-1024x683.jpg 1024w, https:\/\/www.manaus.am.gov.br\/semcom\/wp-content\/uploads\/sites\/5\/2025\/08\/54701251402_5dfc182f77_k-300x200.jpg 300w, https:\/\/www.manaus.am.gov.br\/semcom\/wp-content\/uploads\/sites\/5\/2025\/08\/54701251402_5dfc182f77_k-768x512.jpg 768w, https:\/\/www.manaus.am.gov.br\/semcom\/wp-content\/uploads\/sites\/5\/2025\/08\/54701251402_5dfc182f77_k-1536x1024.jpg 1536w, https:\/\/www.manaus.am.gov.br\/semcom\/wp-content\/uploads\/sites\/5\/2025\/08\/54701251402_5dfc182f77_k.jpg 2048w\" sizes=\"(max-width: 1024px) 100vw, 1024px\" \/><\/figure>\n\n\n\n<p>&#8212; &#8212; &#8212;<\/p>\n\n\n\n<p><strong>Texto &#8211;<\/strong>&nbsp;Emanuelle Baires\/Semcom-Prefeito<\/p>\n\n\n\n<p><strong>Fotos<\/strong> &#8211; Dhyeizo Lemos\/Semcom-Prefeito<\/p>\n\n\n\n<p><strong>Dispon\u00edveis em &#8211; <\/strong><a href=\"https:\/\/flic.kr\/s\/aHBqjCpKC8\">https:\/\/flic.kr\/s\/aHBqjCpKC8<\/a><\/p>\n","protected":false},"excerpt":{"rendered":"","protected":false},"author":39,"featured_media":243101,"comment_status":"closed","ping_status":"closed","sticky":false,"template":"","format":"standard","meta":{"footnotes":""},"categories":[41],"tags":[16112,35,77,1507,153],"acf":[],"yoast_head":"<!-- This site is optimized with the Yoast SEO plugin v23.0 - https:\/\/yoast.com\/wordpress\/plugins\/seo\/ -->\n<title>Prefeito transforma seguran\u00e7a alimentar em Manaus<\/title>\n<meta name=\"description\" content=\"Prefeito David Almeida transforma seguran\u00e7a alimentar em Manaus e contribui para o Brasil sair do mapa da fome.\" \/>\n<meta name=\"robots\" content=\"index, follow, max-snippet:-1, max-image-preview:large, max-video-preview:-1\" \/>\n<link rel=\"canonical\" href=\"https:\/\/www.manaus.am.gov.br\/semcom\/seguranca-alimentar-manaus\/\" \/>\n<meta property=\"og:locale\" content=\"pt_BR\" \/>\n<meta property=\"og:type\" content=\"article\" \/>\n<meta property=\"og:title\" content=\"Prefeito transforma seguran\u00e7a alimentar em Manaus\" \/>\n<meta property=\"og:description\" content=\"Prefeito David Almeida transforma seguran\u00e7a alimentar em Manaus e contribui para o Brasil sair do mapa da fome.\" \/>\n<meta property=\"og:url\" content=\"https:\/\/www.manaus.am.gov.br\/semcom\/seguranca-alimentar-manaus\/\" \/>\n<meta property=\"og:site_name\" content=\"SEMCOM\" \/>\n<meta property=\"article:published_time\" content=\"2025-08-05T20:30:05+00:00\" \/>\n<meta property=\"og:image\" content=\"https:\/\/www.manaus.am.gov.br\/semcom\/wp-content\/uploads\/sites\/5\/2025\/08\/54702288048_a3eaaf8de3_k.jpg\" \/>\n\t<meta property=\"og:image:width\" content=\"2048\" \/>\n\t<meta property=\"og:image:height\" content=\"1365\" \/>\n\t<meta property=\"og:image:type\" content=\"image\/jpeg\" \/>\n<meta name=\"author\" content=\"Bruna Greco\" \/>\n<meta name=\"twitter:card\" content=\"summary_large_image\" \/>\n<meta name=\"twitter:label1\" content=\"Written by\" \/>\n\t<meta name=\"twitter:data1\" content=\"Bruna Greco\" \/>\n\t<meta name=\"twitter:label2\" content=\"Est. reading time\" \/>\n\t<meta name=\"twitter:data2\" content=\"4 minutos\" \/>\n<script type=\"application\/ld+json\" class=\"yoast-schema-graph\">{\"@context\":\"https:\/\/schema.org\",\"@graph\":[{\"@type\":\"WebPage\",\"@id\":\"https:\/\/www.manaus.am.gov.br\/semcom\/seguranca-alimentar-manaus\/\",\"url\":\"https:\/\/www.manaus.am.gov.br\/semcom\/seguranca-alimentar-manaus\/\",\"name\":\"Prefeito transforma seguran\u00e7a alimentar em Manaus\",\"isPartOf\":{\"@id\":\"https:\/\/www.manaus.am.gov.br\/semcom\/#website\"},\"primaryImageOfPage\":{\"@id\":\"https:\/\/www.manaus.am.gov.br\/semcom\/seguranca-alimentar-manaus\/#primaryimage\"},\"image\":{\"@id\":\"https:\/\/www.manaus.am.gov.br\/semcom\/seguranca-alimentar-manaus\/#primaryimage\"},\"thumbnailUrl\":\"https:\/\/www.manaus.am.gov.br\/semcom\/wp-content\/uploads\/sites\/5\/2025\/08\/54702288048_a3eaaf8de3_k.jpg\",\"datePublished\":\"2025-08-05T20:30:05+00:00\",\"dateModified\":\"2025-08-05T20:30:05+00:00\",\"author\":{\"@id\":\"https:\/\/www.manaus.am.gov.br\/semcom\/#\/schema\/person\/05d223aea2bf115f9883a6ff3683d81b\"},\"description\":\"Prefeito David Almeida transforma seguran\u00e7a alimentar em Manaus e contribui para o Brasil sair do mapa da fome.\",\"inLanguage\":\"pt-BR\",\"potentialAction\":[{\"@type\":\"ReadAction\",\"target\":[\"https:\/\/www.manaus.am.gov.br\/semcom\/seguranca-alimentar-manaus\/\"]}]},{\"@type\":\"ImageObject\",\"inLanguage\":\"pt-BR\",\"@id\":\"https:\/\/www.manaus.am.gov.br\/semcom\/seguranca-alimentar-manaus\/#primaryimage\",\"url\":\"https:\/\/www.manaus.am.gov.br\/semcom\/wp-content\/uploads\/sites\/5\/2025\/08\/54702288048_a3eaaf8de3_k.jpg\",\"contentUrl\":\"https:\/\/www.manaus.am.gov.br\/semcom\/wp-content\/uploads\/sites\/5\/2025\/08\/54702288048_a3eaaf8de3_k.jpg\",\"width\":2048,\"height\":1365,\"caption\":\"#paratodosverem - Prefeito de Manaus, David Almeida, vistoriando o funcionamento da unidade do Prato do Povo no bairro Santa Etelvina\"},{\"@type\":\"WebSite\",\"@id\":\"https:\/\/www.manaus.am.gov.br\/semcom\/#website\",\"url\":\"https:\/\/www.manaus.am.gov.br\/semcom\/\",\"name\":\"SEMCOM\",\"description\":\"Secretaria Municipal de Comunica\u00e7\u00e3o\",\"potentialAction\":[{\"@type\":\"SearchAction\",\"target\":{\"@type\":\"EntryPoint\",\"urlTemplate\":\"https:\/\/www.manaus.am.gov.br\/semcom\/?s={search_term_string}\"},\"query-input\":\"required name=search_term_string\"}],\"inLanguage\":\"pt-BR\"},{\"@type\":\"Person\",\"@id\":\"https:\/\/www.manaus.am.gov.br\/semcom\/#\/schema\/person\/05d223aea2bf115f9883a6ff3683d81b\",\"name\":\"Bruna Greco\",\"image\":{\"@type\":\"ImageObject\",\"inLanguage\":\"pt-BR\",\"@id\":\"https:\/\/www.manaus.am.gov.br\/semcom\/#\/schema\/person\/image\/\",\"url\":\"https:\/\/secure.gravatar.com\/avatar\/9c877d1a6adc2a055330e5c09a8653ce?s=96&d=mm&r=g\",\"contentUrl\":\"https:\/\/secure.gravatar.com\/avatar\/9c877d1a6adc2a055330e5c09a8653ce?s=96&d=mm&r=g\",\"caption\":\"Bruna Greco\"}}]}<\/script>\n<!-- \/ Yoast SEO plugin. -->","yoast_head_json":{"title":"Prefeito transforma seguran\u00e7a alimentar em Manaus","description":"Prefeito David Almeida transforma seguran\u00e7a alimentar em Manaus e contribui para o Brasil sair do mapa da fome.","robots":{"index":"index","follow":"follow","max-snippet":"max-snippet:-1","max-image-preview":"max-image-preview:large","max-video-preview":"max-video-preview:-1"},"canonical":"https:\/\/www.manaus.am.gov.br\/semcom\/seguranca-alimentar-manaus\/","og_locale":"pt_BR","og_type":"article","og_title":"Prefeito transforma seguran\u00e7a alimentar em Manaus","og_description":"Prefeito David Almeida transforma seguran\u00e7a alimentar em Manaus e contribui para o Brasil sair do mapa da fome.","og_url":"https:\/\/www.manaus.am.gov.br\/semcom\/seguranca-alimentar-manaus\/","og_site_name":"SEMCOM","article_published_time":"2025-08-05T20:30:05+00:00","og_image":[{"width":2048,"height":1365,"url":"https:\/\/www.manaus.am.gov.br\/semcom\/wp-content\/uploads\/sites\/5\/2025\/08\/54702288048_a3eaaf8de3_k.jpg","type":"image\/jpeg"}],"author":"Bruna Greco","twitter_card":"summary_large_image","twitter_misc":{"Written by":"Bruna Greco","Est. reading time":"4 minutos"},"schema":{"@context":"https:\/\/schema.org","@graph":[{"@type":"WebPage","@id":"https:\/\/www.manaus.am.gov.br\/semcom\/seguranca-alimentar-manaus\/","url":"https:\/\/www.manaus.am.gov.br\/semcom\/seguranca-alimentar-manaus\/","name":"Prefeito transforma seguran\u00e7a alimentar em Manaus","isPartOf":{"@id":"https:\/\/www.manaus.am.gov.br\/semcom\/#website"},"primaryImageOfPage":{"@id":"https:\/\/www.manaus.am.gov.br\/semcom\/seguranca-alimentar-manaus\/#primaryimage"},"image":{"@id":"https:\/\/www.manaus.am.gov.br\/semcom\/seguranca-alimentar-manaus\/#primaryimage"},"thumbnailUrl":"https:\/\/www.manaus.am.gov.br\/semcom\/wp-content\/uploads\/sites\/5\/2025\/08\/54702288048_a3eaaf8de3_k.jpg","datePublished":"2025-08-05T20:30:05+00:00","dateModified":"2025-08-05T20:30:05+00:00","author":{"@id":"https:\/\/www.manaus.am.gov.br\/semcom\/#\/schema\/person\/05d223aea2bf115f9883a6ff3683d81b"},"description":"Prefeito David Almeida transforma seguran\u00e7a alimentar em Manaus e contribui para o Brasil sair do mapa da fome.","inLanguage":"pt-BR","potentialAction":[{"@type":"ReadAction","target":["https:\/\/www.manaus.am.gov.br\/semcom\/seguranca-alimentar-manaus\/"]}]},{"@type":"ImageObject","inLanguage":"pt-BR","@id":"https:\/\/www.manaus.am.gov.br\/semcom\/seguranca-alimentar-manaus\/#primaryimage","url":"https:\/\/www.manaus.am.gov.br\/semcom\/wp-content\/uploads\/sites\/5\/2025\/08\/54702288048_a3eaaf8de3_k.jpg","contentUrl":"https:\/\/www.manaus.am.gov.br\/semcom\/wp-content\/uploads\/sites\/5\/2025\/08\/54702288048_a3eaaf8de3_k.jpg","width":2048,"height":1365,"caption":"#paratodosverem - Prefeito de Manaus, David Almeida, vistoriando o funcionamento da unidade do Prato do Povo no bairro Santa Etelvina"},{"@type":"WebSite","@id":"https:\/\/www.manaus.am.gov.br\/semcom\/#website","url":"https:\/\/www.manaus.am.gov.br\/semcom\/","name":"SEMCOM","description":"Secretaria Municipal de Comunica\u00e7\u00e3o","potentialAction":[{"@type":"SearchAction","target":{"@type":"EntryPoint","urlTemplate":"https:\/\/www.manaus.am.gov.br\/semcom\/?s={search_term_string}"},"query-input":"required name=search_term_string"}],"inLanguage":"pt-BR"},{"@type":"Person","@id":"https:\/\/www.manaus.am.gov.br\/semcom\/#\/schema\/person\/05d223aea2bf115f9883a6ff3683d81b","name":"Bruna Greco","image":{"@type":"ImageObject","inLanguage":"pt-BR","@id":"https:\/\/www.manaus.am.gov.br\/semcom\/#\/schema\/person\/image\/","url":"https:\/\/secure.gravatar.com\/avatar\/9c877d1a6adc2a055330e5c09a8653ce?s=96&d=mm&r=g","contentUrl":"https:\/\/secure.gravatar.com\/avatar\/9c877d1a6adc2a055330e5c09a8653ce?s=96&d=mm&r=g","caption":"Bruna Greco"}}]}},"_links":{"self":[{"href":"https:\/\/www.manaus.am.gov.br\/semcom\/wp-json\/wp\/v2\/posts\/243099"}],"collection":[{"href":"https:\/\/www.manaus.am.gov.br\/semcom\/wp-json\/wp\/v2\/posts"}],"about":[{"href":"https:\/\/www.manaus.am.gov.br\/semcom\/wp-json\/wp\/v2\/types\/post"}],"author":[{"embeddable":true,"href":"https:\/\/www.manaus.am.gov.br\/semcom\/wp-json\/wp\/v2\/users\/39"}],"replies":[{"embeddable":true,"href":"https:\/\/www.manaus.am.gov.br\/semcom\/wp-json\/wp\/v2\/comments?post=243099"}],"version-history":[{"count":1,"href":"https:\/\/www.manaus.am.gov.br\/semcom\/wp-json\/wp\/v2\/posts\/243099\/revisions"}],"predecessor-version":[{"id":243102,"href":"https:\/\/www.manaus.am.gov.br\/semcom\/wp-json\/wp\/v2\/posts\/243099\/revisions\/243102"}],"wp:featuredmedia":[{"embeddable":true,"href":"https:\/\/www.manaus.am.gov.br\/semcom\/wp-json\/wp\/v2\/media\/243101"}],"wp:attachment":[{"href":"https:\/\/www.manaus.am.gov.br\/semcom\/wp-json\/wp\/v2\/media?parent=243099"}],"wp:term":[{"taxonomy":"category","embeddable":true,"href":"https:\/\/www.manaus.am.gov.br\/semcom\/wp-json\/wp\/v2\/categories?post=243099"},{"taxonomy":"post_tag","embeddable":true,"href":"https:\/\/www.manaus.am.gov.br\/semcom\/wp-json\/wp\/v2\/tags?post=243099"}],"curies":[{"name":"wp","href":"https:\/\/api.w.org\/{rel}","templated":true}]}}