{"id":243081,"date":"2025-08-05T15:04:47","date_gmt":"2025-08-05T19:04:47","guid":{"rendered":"https:\/\/www.manaus.am.gov.br\/semcom\/prefeitura-pesquisa-proconmanaus-cestabasica\/"},"modified":"2025-08-05T15:04:47","modified_gmt":"2025-08-05T19:04:47","slug":"prefeitura-pesquisa-proconmanaus-cestabasica","status":"publish","type":"post","link":"https:\/\/www.manaus.am.gov.br\/semcom\/prefeitura-pesquisa-proconmanaus-cestabasica\/","title":{"rendered":"Pesquisa do Procon Manaus aponta varia\u00e7\u00e3o de pre\u00e7os da cesta b\u00e1sica em supermercados da capital"},"content":{"rendered":"\n<p>Com o compromisso de garantir transpar\u00eancia nas rela\u00e7\u00f5es de consumo e auxiliar os cidad\u00e3os na tomada de decis\u00f5es econ\u00f4micas mais conscientes, o Procon Manaus realizou, no dia 1\u00ba de agosto de 2025, a edi\u00e7\u00e3o mensal da pesquisa de pre\u00e7os da cesta b\u00e1sica. A a\u00e7\u00e3o tem como base o C\u00f3digo de Defesa do Consumidor (Lei n\u00ba 8.078\/90), que assegura o direito \u00e0 informa\u00e7\u00e3o adequada e \u00e0 prote\u00e7\u00e3o contra pr\u00e1ticas abusivas no mercado.<\/p>\n\n\n\n<p>Coordenado pela Divis\u00e3o de Fiscaliza\u00e7\u00e3o, o levantamento busca acompanhar as oscila\u00e7\u00f5es de pre\u00e7os dos alimentos essenciais consumidos pelas fam\u00edlias manauaras, incentivando a concorr\u00eancia saud\u00e1vel e promovendo o equil\u00edbrio nas rela\u00e7\u00f5es entre fornecedores e consumidores.<\/p>\n\n\n\n<p>A pesquisa contemplou dez supermercados de grande circula\u00e7\u00e3o em Manaus: Nova Era, Barat\u00e3o da Carne, Coema, Veneza, DB, Rodrigues, Assa\u00ed, Carrefour, Atacad\u00e3o e Vit\u00f3ria. Ao todo, foram analisados 36 itens, distribu\u00eddos em 16 categorias de alimentos essenciais, como arroz branco, feij\u00e3o carioca, farinha d\u2019\u00e1gua, a\u00e7\u00facar, sal refinado, \u00f3leo de soja, leite em p\u00f3 integral, caf\u00e9 torrado e mo\u00eddo, macarr\u00e3o espaguete, margarina, frutas, tub\u00e9rculos, carnes e ovos.<\/p>\n\n\n\n<p>A metodologia utilizada segue os crit\u00e9rios do Departamento Intersindical de Estat\u00edstica e Estudos Socioecon\u00f4micos (Dieese) e as diretrizes do Decreto Federal n\u00ba 11.936\/2024, que atualiza a composi\u00e7\u00e3o da cesta b\u00e1sica nacional conforme a Pol\u00edtica Nacional de Seguran\u00e7a Alimentar e Nutricional.<\/p>\n\n\n\n<p>O levantamento identificou uma diferen\u00e7a de R$ 66,80 no custo total da cesta b\u00e1sica entre os supermercados visitados. O menor valor foi encontrado no supermercado Vit\u00f3ria, com o total de R$ 239,52, enquanto o maior pre\u00e7o foi registrado no Carrefour, com R$ 306,32. A m\u00e9dia geral dos pre\u00e7os no m\u00eas de junho foi de R$ 274,56.<\/p>\n\n\n\n<p>Entre os itens com maior oscila\u00e7\u00e3o de pre\u00e7os entre os meses de junho, julho e agosto est\u00e3o banana prata, varia\u00e7\u00e3o de 19,17%, com pre\u00e7os entre R$ 10,90 e R$ 12,99; leite em p\u00f3 integral (400 gramas), com redu\u00e7\u00e3o de 14,64%, caindo de R$ 16,39 (julho) para R$ 13,99 (agosto); caf\u00e9 &nbsp;torrado e mo\u00eddo, com diferen\u00e7a de 15,40%, variando entre R$ 12,99 e R$ 14,99, e cartela de ovos, registrando um aumento de 18,19%, com pre\u00e7os entre R$ 21,99 (julho) e R$ 25,99 (agosto).<\/p>\n\n\n\n<p>O levantamento mostra que o custo total da cesta b\u00e1sica registrou um aumento de 4,55% de junho para julho, seguido por uma redu\u00e7\u00e3o de 9,14% em agosto. Os dados evidenciam as flutua\u00e7\u00f5es do mercado e refor\u00e7am a import\u00e2ncia do monitoramento cont\u00ednuo dos pre\u00e7os.<\/p>\n\n\n\n<p>Para o Procon Manaus, a divulga\u00e7\u00e3o dessas informa\u00e7\u00f5es desempenha um papel fundamental na educa\u00e7\u00e3o do consumidor, permitindo que a popula\u00e7\u00e3o compare pre\u00e7os, organize melhor suas finan\u00e7as e evite gastos desnecess\u00e1rios.<\/p>\n\n\n\n<p>O \u00f3rg\u00e3o destaca, no entanto, que os pre\u00e7os registrados se referem ao per\u00edodo espec\u00edfico da coleta e podem sofrer altera\u00e7\u00f5es ao longo do m\u00eas, em fun\u00e7\u00e3o de promo\u00e7\u00f5es, descontos, ofertas sazonais ou disponibilidade de estoque.<\/p>\n\n\n\n<p>&#8212; &#8212; &#8212;<\/p>\n\n\n\n<p><strong>Texto <\/strong>\u2013 Larissa Coutinho \/ Procon Manaus<br><strong>Fotos <\/strong>\u2013 Divulga\u00e7\u00e3o \/ Procon Manaus<\/p>\n\n\n\n<div data-wp-interactive=\"\" class=\"wp-block-file\"><object data-wp-bind--hidden=\"!selectors.core.file.hasPdfPreview\" hidden class=\"wp-block-file__embed\" data=\"https:\/\/www.manaus.am.gov.br\/semcom\/wp-content\/uploads\/sites\/5\/2025\/08\/Pesquisa-Cesta-basica-AGOSTO.pdf\" type=\"application\/pdf\" style=\"width:100%;height:600px\" aria-label=\"Incorporado de Pesquisa Cesta b\u00e1sica AGOSTO.\"><\/object><a id=\"wp-block-file--media-58600d47-8b46-44b0-a6bb-2a545cade84a\" href=\"https:\/\/www.manaus.am.gov.br\/semcom\/wp-content\/uploads\/sites\/5\/2025\/08\/Pesquisa-Cesta-basica-AGOSTO.pdf\">Pesquisa Cesta b\u00e1sica AGOSTO<\/a><a href=\"https:\/\/www.manaus.am.gov.br\/semcom\/wp-content\/uploads\/sites\/5\/2025\/08\/Pesquisa-Cesta-basica-AGOSTO.pdf\" class=\"wp-block-file__button wp-element-button\" download aria-describedby=\"wp-block-file--media-58600d47-8b46-44b0-a6bb-2a545cade84a\">Baixar<\/a><\/div>\n","protected":false},"excerpt":{"rendered":"","protected":false},"author":23,"featured_media":243082,"comment_status":"closed","ping_status":"closed","sticky":false,"template":"","format":"standard","meta":{"footnotes":""},"categories":[9823],"tags":[11143,77,9825,4437,16102],"acf":[],"yoast_head":"<!-- This site is optimized with the Yoast SEO plugin v23.0 - https:\/\/yoast.com\/wordpress\/plugins\/seo\/ -->\n<title>Pesquisa do Procon Manaus aponta varia\u00e7\u00e3o de pre\u00e7os da cesta b\u00e1sica em supermercados da capital<\/title>\n<meta name=\"description\" content=\"Com o compromisso de garantir transpar\u00eancia nas rela\u00e7\u00f5es de consumo e auxiliar os cidad\u00e3os na tomada de decis\u00f5es econ\u00f4micas mais conscientes, o Procon Manaus realizou, no dia 1\u00ba de agosto de 2025, a edi\u00e7\u00e3o mensal da pesquisa de pre\u00e7os da cesta b\u00e1sica.\" \/>\n<meta name=\"robots\" content=\"index, follow, max-snippet:-1, max-image-preview:large, max-video-preview:-1\" \/>\n<link rel=\"canonical\" href=\"https:\/\/www.manaus.am.gov.br\/semcom\/prefeitura-pesquisa-proconmanaus-cestabasica\/\" \/>\n<meta property=\"og:locale\" content=\"pt_BR\" \/>\n<meta property=\"og:type\" content=\"article\" \/>\n<meta property=\"og:title\" content=\"Pesquisa do Procon Manaus aponta varia\u00e7\u00e3o de pre\u00e7os da cesta b\u00e1sica em supermercados da capital\" \/>\n<meta property=\"og:description\" content=\"Com o compromisso de garantir transpar\u00eancia nas rela\u00e7\u00f5es de consumo e auxiliar os cidad\u00e3os na tomada de decis\u00f5es econ\u00f4micas mais conscientes, o Procon Manaus realizou, no dia 1\u00ba de agosto de 2025, a edi\u00e7\u00e3o mensal da pesquisa de pre\u00e7os da cesta b\u00e1sica.\" \/>\n<meta property=\"og:url\" content=\"https:\/\/www.manaus.am.gov.br\/semcom\/prefeitura-pesquisa-proconmanaus-cestabasica\/\" \/>\n<meta property=\"og:site_name\" content=\"SEMCOM\" \/>\n<meta property=\"article:published_time\" content=\"2025-08-05T19:04:47+00:00\" \/>\n<meta property=\"og:image\" content=\"https:\/\/www.manaus.am.gov.br\/semcom\/wp-content\/uploads\/sites\/5\/2025\/08\/WhatsApp-Image-2025-08-05-at-14.09.24.jpeg\" \/>\n\t<meta property=\"og:image:width\" content=\"1200\" \/>\n\t<meta property=\"og:image:height\" content=\"1600\" \/>\n\t<meta property=\"og:image:type\" content=\"image\/jpeg\" \/>\n<meta name=\"author\" content=\"Adriana Costa\" \/>\n<meta name=\"twitter:card\" content=\"summary_large_image\" \/>\n<meta name=\"twitter:label1\" content=\"Written by\" \/>\n\t<meta name=\"twitter:data1\" content=\"Adriana Costa\" \/>\n\t<meta name=\"twitter:label2\" content=\"Est. reading time\" \/>\n\t<meta name=\"twitter:data2\" content=\"3 minutos\" \/>\n<script type=\"application\/ld+json\" class=\"yoast-schema-graph\">{\"@context\":\"https:\/\/schema.org\",\"@graph\":[{\"@type\":\"WebPage\",\"@id\":\"https:\/\/www.manaus.am.gov.br\/semcom\/prefeitura-pesquisa-proconmanaus-cestabasica\/\",\"url\":\"https:\/\/www.manaus.am.gov.br\/semcom\/prefeitura-pesquisa-proconmanaus-cestabasica\/\",\"name\":\"Pesquisa do Procon Manaus aponta varia\u00e7\u00e3o de pre\u00e7os da cesta b\u00e1sica em supermercados da capital\",\"isPartOf\":{\"@id\":\"https:\/\/www.manaus.am.gov.br\/semcom\/#website\"},\"primaryImageOfPage\":{\"@id\":\"https:\/\/www.manaus.am.gov.br\/semcom\/prefeitura-pesquisa-proconmanaus-cestabasica\/#primaryimage\"},\"image\":{\"@id\":\"https:\/\/www.manaus.am.gov.br\/semcom\/prefeitura-pesquisa-proconmanaus-cestabasica\/#primaryimage\"},\"thumbnailUrl\":\"https:\/\/www.manaus.am.gov.br\/semcom\/wp-content\/uploads\/sites\/5\/2025\/08\/WhatsApp-Image-2025-08-05-at-14.09.24.jpeg\",\"datePublished\":\"2025-08-05T19:04:47+00:00\",\"dateModified\":\"2025-08-05T19:04:47+00:00\",\"author\":{\"@id\":\"https:\/\/www.manaus.am.gov.br\/semcom\/#\/schema\/person\/4e49f4e267757a06ca072ec61b2b9968\"},\"description\":\"Com o compromisso de garantir transpar\u00eancia nas rela\u00e7\u00f5es de consumo e auxiliar os cidad\u00e3os na tomada de decis\u00f5es econ\u00f4micas mais conscientes, o Procon Manaus realizou, no dia 1\u00ba de agosto de 2025, a edi\u00e7\u00e3o mensal da pesquisa de pre\u00e7os da cesta b\u00e1sica.\",\"inLanguage\":\"pt-BR\",\"potentialAction\":[{\"@type\":\"ReadAction\",\"target\":[\"https:\/\/www.manaus.am.gov.br\/semcom\/prefeitura-pesquisa-proconmanaus-cestabasica\/\"]}]},{\"@type\":\"ImageObject\",\"inLanguage\":\"pt-BR\",\"@id\":\"https:\/\/www.manaus.am.gov.br\/semcom\/prefeitura-pesquisa-proconmanaus-cestabasica\/#primaryimage\",\"url\":\"https:\/\/www.manaus.am.gov.br\/semcom\/wp-content\/uploads\/sites\/5\/2025\/08\/WhatsApp-Image-2025-08-05-at-14.09.24.jpeg\",\"contentUrl\":\"https:\/\/www.manaus.am.gov.br\/semcom\/wp-content\/uploads\/sites\/5\/2025\/08\/WhatsApp-Image-2025-08-05-at-14.09.24.jpeg\",\"width\":1200,\"height\":1600},{\"@type\":\"WebSite\",\"@id\":\"https:\/\/www.manaus.am.gov.br\/semcom\/#website\",\"url\":\"https:\/\/www.manaus.am.gov.br\/semcom\/\",\"name\":\"SEMCOM\",\"description\":\"Secretaria Municipal de Comunica\u00e7\u00e3o\",\"potentialAction\":[{\"@type\":\"SearchAction\",\"target\":{\"@type\":\"EntryPoint\",\"urlTemplate\":\"https:\/\/www.manaus.am.gov.br\/semcom\/?s={search_term_string}\"},\"query-input\":\"required name=search_term_string\"}],\"inLanguage\":\"pt-BR\"},{\"@type\":\"Person\",\"@id\":\"https:\/\/www.manaus.am.gov.br\/semcom\/#\/schema\/person\/4e49f4e267757a06ca072ec61b2b9968\",\"name\":\"Adriana Costa\",\"image\":{\"@type\":\"ImageObject\",\"inLanguage\":\"pt-BR\",\"@id\":\"https:\/\/www.manaus.am.gov.br\/semcom\/#\/schema\/person\/image\/\",\"url\":\"https:\/\/secure.gravatar.com\/avatar\/576258617ef7194f718179e766d57bd4?s=96&d=mm&r=g\",\"contentUrl\":\"https:\/\/secure.gravatar.com\/avatar\/576258617ef7194f718179e766d57bd4?s=96&d=mm&r=g\",\"caption\":\"Adriana Costa\"}}]}<\/script>\n<!-- \/ Yoast SEO plugin. -->","yoast_head_json":{"title":"Pesquisa do Procon Manaus aponta varia\u00e7\u00e3o de pre\u00e7os da cesta b\u00e1sica em supermercados da capital","description":"Com o compromisso de garantir transpar\u00eancia nas rela\u00e7\u00f5es de consumo e auxiliar os cidad\u00e3os na tomada de decis\u00f5es econ\u00f4micas mais conscientes, o Procon Manaus realizou, no dia 1\u00ba de agosto de 2025, a edi\u00e7\u00e3o mensal da pesquisa de pre\u00e7os da cesta b\u00e1sica.","robots":{"index":"index","follow":"follow","max-snippet":"max-snippet:-1","max-image-preview":"max-image-preview:large","max-video-preview":"max-video-preview:-1"},"canonical":"https:\/\/www.manaus.am.gov.br\/semcom\/prefeitura-pesquisa-proconmanaus-cestabasica\/","og_locale":"pt_BR","og_type":"article","og_title":"Pesquisa do Procon Manaus aponta varia\u00e7\u00e3o de pre\u00e7os da cesta b\u00e1sica em supermercados da capital","og_description":"Com o compromisso de garantir transpar\u00eancia nas rela\u00e7\u00f5es de consumo e auxiliar os cidad\u00e3os na tomada de decis\u00f5es econ\u00f4micas mais conscientes, o Procon Manaus realizou, no dia 1\u00ba de agosto de 2025, a edi\u00e7\u00e3o mensal da pesquisa de pre\u00e7os da cesta b\u00e1sica.","og_url":"https:\/\/www.manaus.am.gov.br\/semcom\/prefeitura-pesquisa-proconmanaus-cestabasica\/","og_site_name":"SEMCOM","article_published_time":"2025-08-05T19:04:47+00:00","og_image":[{"width":1200,"height":1600,"url":"https:\/\/www.manaus.am.gov.br\/semcom\/wp-content\/uploads\/sites\/5\/2025\/08\/WhatsApp-Image-2025-08-05-at-14.09.24.jpeg","type":"image\/jpeg"}],"author":"Adriana Costa","twitter_card":"summary_large_image","twitter_misc":{"Written by":"Adriana Costa","Est. reading time":"3 minutos"},"schema":{"@context":"https:\/\/schema.org","@graph":[{"@type":"WebPage","@id":"https:\/\/www.manaus.am.gov.br\/semcom\/prefeitura-pesquisa-proconmanaus-cestabasica\/","url":"https:\/\/www.manaus.am.gov.br\/semcom\/prefeitura-pesquisa-proconmanaus-cestabasica\/","name":"Pesquisa do Procon Manaus aponta varia\u00e7\u00e3o de pre\u00e7os da cesta b\u00e1sica em supermercados da capital","isPartOf":{"@id":"https:\/\/www.manaus.am.gov.br\/semcom\/#website"},"primaryImageOfPage":{"@id":"https:\/\/www.manaus.am.gov.br\/semcom\/prefeitura-pesquisa-proconmanaus-cestabasica\/#primaryimage"},"image":{"@id":"https:\/\/www.manaus.am.gov.br\/semcom\/prefeitura-pesquisa-proconmanaus-cestabasica\/#primaryimage"},"thumbnailUrl":"https:\/\/www.manaus.am.gov.br\/semcom\/wp-content\/uploads\/sites\/5\/2025\/08\/WhatsApp-Image-2025-08-05-at-14.09.24.jpeg","datePublished":"2025-08-05T19:04:47+00:00","dateModified":"2025-08-05T19:04:47+00:00","author":{"@id":"https:\/\/www.manaus.am.gov.br\/semcom\/#\/schema\/person\/4e49f4e267757a06ca072ec61b2b9968"},"description":"Com o compromisso de garantir transpar\u00eancia nas rela\u00e7\u00f5es de consumo e auxiliar os cidad\u00e3os na tomada de decis\u00f5es econ\u00f4micas mais conscientes, o Procon Manaus realizou, no dia 1\u00ba de agosto de 2025, a edi\u00e7\u00e3o mensal da pesquisa de pre\u00e7os da cesta b\u00e1sica.","inLanguage":"pt-BR","potentialAction":[{"@type":"ReadAction","target":["https:\/\/www.manaus.am.gov.br\/semcom\/prefeitura-pesquisa-proconmanaus-cestabasica\/"]}]},{"@type":"ImageObject","inLanguage":"pt-BR","@id":"https:\/\/www.manaus.am.gov.br\/semcom\/prefeitura-pesquisa-proconmanaus-cestabasica\/#primaryimage","url":"https:\/\/www.manaus.am.gov.br\/semcom\/wp-content\/uploads\/sites\/5\/2025\/08\/WhatsApp-Image-2025-08-05-at-14.09.24.jpeg","contentUrl":"https:\/\/www.manaus.am.gov.br\/semcom\/wp-content\/uploads\/sites\/5\/2025\/08\/WhatsApp-Image-2025-08-05-at-14.09.24.jpeg","width":1200,"height":1600},{"@type":"WebSite","@id":"https:\/\/www.manaus.am.gov.br\/semcom\/#website","url":"https:\/\/www.manaus.am.gov.br\/semcom\/","name":"SEMCOM","description":"Secretaria Municipal de Comunica\u00e7\u00e3o","potentialAction":[{"@type":"SearchAction","target":{"@type":"EntryPoint","urlTemplate":"https:\/\/www.manaus.am.gov.br\/semcom\/?s={search_term_string}"},"query-input":"required name=search_term_string"}],"inLanguage":"pt-BR"},{"@type":"Person","@id":"https:\/\/www.manaus.am.gov.br\/semcom\/#\/schema\/person\/4e49f4e267757a06ca072ec61b2b9968","name":"Adriana Costa","image":{"@type":"ImageObject","inLanguage":"pt-BR","@id":"https:\/\/www.manaus.am.gov.br\/semcom\/#\/schema\/person\/image\/","url":"https:\/\/secure.gravatar.com\/avatar\/576258617ef7194f718179e766d57bd4?s=96&d=mm&r=g","contentUrl":"https:\/\/secure.gravatar.com\/avatar\/576258617ef7194f718179e766d57bd4?s=96&d=mm&r=g","caption":"Adriana Costa"}}]}},"_links":{"self":[{"href":"https:\/\/www.manaus.am.gov.br\/semcom\/wp-json\/wp\/v2\/posts\/243081"}],"collection":[{"href":"https:\/\/www.manaus.am.gov.br\/semcom\/wp-json\/wp\/v2\/posts"}],"about":[{"href":"https:\/\/www.manaus.am.gov.br\/semcom\/wp-json\/wp\/v2\/types\/post"}],"author":[{"embeddable":true,"href":"https:\/\/www.manaus.am.gov.br\/semcom\/wp-json\/wp\/v2\/users\/23"}],"replies":[{"embeddable":true,"href":"https:\/\/www.manaus.am.gov.br\/semcom\/wp-json\/wp\/v2\/comments?post=243081"}],"version-history":[{"count":1,"href":"https:\/\/www.manaus.am.gov.br\/semcom\/wp-json\/wp\/v2\/posts\/243081\/revisions"}],"predecessor-version":[{"id":243084,"href":"https:\/\/www.manaus.am.gov.br\/semcom\/wp-json\/wp\/v2\/posts\/243081\/revisions\/243084"}],"wp:featuredmedia":[{"embeddable":true,"href":"https:\/\/www.manaus.am.gov.br\/semcom\/wp-json\/wp\/v2\/media\/243082"}],"wp:attachment":[{"href":"https:\/\/www.manaus.am.gov.br\/semcom\/wp-json\/wp\/v2\/media?parent=243081"}],"wp:term":[{"taxonomy":"category","embeddable":true,"href":"https:\/\/www.manaus.am.gov.br\/semcom\/wp-json\/wp\/v2\/categories?post=243081"},{"taxonomy":"post_tag","embeddable":true,"href":"https:\/\/www.manaus.am.gov.br\/semcom\/wp-json\/wp\/v2\/tags?post=243081"}],"curies":[{"name":"wp","href":"https:\/\/api.w.org\/{rel}","templated":true}]}}