{"id":243077,"date":"2025-08-05T15:02:29","date_gmt":"2025-08-05T19:02:29","guid":{"rendered":"https:\/\/www.manaus.am.gov.br\/semcom\/fiscalizacao-construcao-habitacional-turismo\/"},"modified":"2025-08-05T15:02:29","modified_gmt":"2025-08-05T19:02:29","slug":"fiscalizacao-construcao-habitacional-turismo","status":"publish","type":"post","link":"https:\/\/www.manaus.am.gov.br\/semcom\/fiscalizacao-construcao-habitacional-turismo\/","title":{"rendered":"Prefeito David Almeida fiscaliza constru\u00e7\u00e3o de conjunto\u00a0habitacional\u00a0com 576 moradias na avenida do Turismo"},"content":{"rendered":"\n<p>O prefeito de Manaus, David Almeida, fiscalizou, na manh\u00e3 desta ter\u00e7a-feira, 5\/8, o andamento das obras do conjunto habitacional que est\u00e1 sendo erguido pr\u00f3ximo da avenida do Turismo, na zona Oeste da capital. O empreendimento vai contemplar 576 fam\u00edlias. Com a intensifica\u00e7\u00e3o do ver\u00e3o amaz\u00f4nico, a obra est\u00e1 avan\u00e7ando na constru\u00e7\u00e3o dos tr\u00eas edif\u00edcios, no est\u00e1gio de terraplanagem e alcan\u00e7ando os 20% de andamento.<\/p>\n\n\n\n<p>O chefe do Executivo municipal afirmou que ser\u00e3o constru\u00eddos 11 conjuntos habitacionais em Manaus, com o primeiro previsto para ser entregue em setembro.<\/p>\n\n\n\n<p>&#8220;N\u00f3s estamos na avenida do Turismo, uma \u00e1rea bem localizada aqui no Tarum\u00e3, onde estamos erguendo o segundo condom\u00ednio. J\u00e1 temos as obras de um condom\u00ednio para serem&nbsp;inauguradas&nbsp;no pr\u00f3ximo m\u00eas de setembro, de um total de 11 condom\u00ednios contratados com a Caixa Econ\u00f4mica Federal, por meio do programa \u2018Minha Casa, Minha Vida\u2019, por interm\u00e9dio de recursos do governo federal com aporte de recursos da prefeitura. Com isso, a gente visa entregar essas moradias, diminuindo o d\u00e9ficit habitacional da cidade de Manaus&#8221;, informou o prefeito.<\/p>\n\n\n\n<p>O titular da Secretaria Municipal de Habita\u00e7\u00e3o e Assuntos Fundi\u00e1rios (Semhaf), Jesus Alves, destacou que cada avan\u00e7o das obras nos residenciais acelera o trabalho da prefeitura em proporcionar qualidade de vida \u00e0 popula\u00e7\u00e3o.<\/p>\n\n\n\n<p>\u201cEsse \u00e9 um passo importante para garantir moradia digna \u00e0s fam\u00edlias que mais precisam. Estamos trabalhando de forma integrada com o governo federal e com a Caixa Econ\u00f4mica para acelerar as entregas, reduzir o d\u00e9ficit habitacional e proporcionar qualidade de vida. Cada conjunto entregue \u00e9 mais do que tijolos e concreto, \u00e9 um sonho realizado para centenas de fam\u00edlias de Manaus\u201d, declarou o secret\u00e1rio.<\/p>\n\n\n\n<p><strong>Residencial no Parque das Tribos<\/strong><\/p>\n\n\n\n<p>O primeiro residencial que ser\u00e1 entregue est\u00e1 em constru\u00e7\u00e3o no Parque das Tribos, tamb\u00e9m no bairro Tarum\u00e3, com 576 moradias. Os edif\u00edcios est\u00e3o&nbsp;em&nbsp;est\u00e1gio&nbsp;avan\u00e7ado&nbsp;de obras, com 70% a 35% de conclus\u00e3o. Essa obra tem previs\u00e3o de ser finalizada em setembro.<\/p>\n\n\n\n<p>O residencial levar\u00e1 o nome Carlos dos Santos Braga, em homenagem ao pai do senador Eduardo Braga, reconhecido pela popula\u00e7\u00e3o local e lembrado por sua contribui\u00e7\u00e3o \u00e0 hist\u00f3ria do Amazonas. A homenagem \u00e9 tamb\u00e9m um agradecimento pela atua\u00e7\u00e3o do senador em conseguir os recursos, junto ao governo federal, para constru\u00e7\u00e3o dessas moradias.<\/p>\n\n\n\n<figure class=\"wp-block-image size-large\"><img loading=\"lazy\" decoding=\"async\" width=\"1024\" height=\"683\" src=\"https:\/\/www.manaus.am.gov.br\/semcom\/wp-content\/uploads\/sites\/5\/2025\/08\/54701793151_506db60dd5_k-1024x683.jpg\" alt=\"\" class=\"wp-image-243079\" srcset=\"https:\/\/www.manaus.am.gov.br\/semcom\/wp-content\/uploads\/sites\/5\/2025\/08\/54701793151_506db60dd5_k-1024x683.jpg 1024w, https:\/\/www.manaus.am.gov.br\/semcom\/wp-content\/uploads\/sites\/5\/2025\/08\/54701793151_506db60dd5_k-300x200.jpg 300w, https:\/\/www.manaus.am.gov.br\/semcom\/wp-content\/uploads\/sites\/5\/2025\/08\/54701793151_506db60dd5_k-768x512.jpg 768w, https:\/\/www.manaus.am.gov.br\/semcom\/wp-content\/uploads\/sites\/5\/2025\/08\/54701793151_506db60dd5_k-1536x1024.jpg 1536w, https:\/\/www.manaus.am.gov.br\/semcom\/wp-content\/uploads\/sites\/5\/2025\/08\/54701793151_506db60dd5_k.jpg 2048w\" sizes=\"(max-width: 1024px) 100vw, 1024px\" \/><\/figure>\n\n\n\n<p>&#8212; &#8212; &#8212;<\/p>\n\n\n\n<p><strong>Texto &#8211;<\/strong>&nbsp;Geraldo Farias\/Semcom-Prefeito<\/p>\n\n\n\n<p><strong>Fotos &#8211;<\/strong> Dhyeizo Lemos\/Semcom-Prefeito<\/p>\n\n\n\n<p><strong>Dispon\u00edveis em <\/strong>&#8211; <a href=\"https:\/\/flic.kr\/s\/aHBqjCpMxX\">https:\/\/flic.kr\/s\/aHBqjCpMxX<\/a><\/p>\n","protected":false},"excerpt":{"rendered":"","protected":false},"author":39,"featured_media":243078,"comment_status":"closed","ping_status":"closed","sticky":false,"template":"","format":"standard","meta":{"footnotes":""},"categories":[400],"tags":[14859,3112,16101,35,88,77],"acf":[],"yoast_head":"<!-- This site is optimized with the Yoast SEO plugin v23.0 - https:\/\/yoast.com\/wordpress\/plugins\/seo\/ -->\n<title>Prefeito fiscaliza constru\u00e7\u00e3o de conjunto habitacional no Turismo<\/title>\n<meta name=\"description\" content=\"Prefeito David Almeida fiscaliza constru\u00e7\u00e3o de conjunto habitacional com 576 moradias na avenida do Turismo.\" \/>\n<meta name=\"robots\" content=\"index, follow, max-snippet:-1, max-image-preview:large, max-video-preview:-1\" \/>\n<link rel=\"canonical\" href=\"https:\/\/www.manaus.am.gov.br\/semcom\/fiscalizacao-construcao-habitacional-turismo\/\" \/>\n<meta property=\"og:locale\" content=\"pt_BR\" \/>\n<meta property=\"og:type\" content=\"article\" \/>\n<meta property=\"og:title\" content=\"Prefeito fiscaliza constru\u00e7\u00e3o de conjunto habitacional no Turismo\" \/>\n<meta property=\"og:description\" content=\"Prefeito David Almeida fiscaliza constru\u00e7\u00e3o de conjunto habitacional com 576 moradias na avenida do Turismo.\" \/>\n<meta property=\"og:url\" content=\"https:\/\/www.manaus.am.gov.br\/semcom\/fiscalizacao-construcao-habitacional-turismo\/\" \/>\n<meta property=\"og:site_name\" content=\"SEMCOM\" \/>\n<meta property=\"article:published_time\" content=\"2025-08-05T19:02:29+00:00\" \/>\n<meta property=\"og:image\" content=\"https:\/\/www.manaus.am.gov.br\/semcom\/wp-content\/uploads\/sites\/5\/2025\/08\/54701997093_0cbfac37b4_k.jpg\" \/>\n\t<meta property=\"og:image:width\" content=\"2048\" \/>\n\t<meta property=\"og:image:height\" content=\"1365\" \/>\n\t<meta property=\"og:image:type\" content=\"image\/jpeg\" \/>\n<meta name=\"author\" content=\"Bruna Greco\" \/>\n<meta name=\"twitter:card\" content=\"summary_large_image\" \/>\n<meta name=\"twitter:label1\" content=\"Written by\" \/>\n\t<meta name=\"twitter:data1\" content=\"Bruna Greco\" \/>\n\t<meta name=\"twitter:label2\" content=\"Est. reading time\" \/>\n\t<meta name=\"twitter:data2\" content=\"3 minutos\" \/>\n<script type=\"application\/ld+json\" class=\"yoast-schema-graph\">{\"@context\":\"https:\/\/schema.org\",\"@graph\":[{\"@type\":\"WebPage\",\"@id\":\"https:\/\/www.manaus.am.gov.br\/semcom\/fiscalizacao-construcao-habitacional-turismo\/\",\"url\":\"https:\/\/www.manaus.am.gov.br\/semcom\/fiscalizacao-construcao-habitacional-turismo\/\",\"name\":\"Prefeito fiscaliza constru\u00e7\u00e3o de conjunto habitacional no Turismo\",\"isPartOf\":{\"@id\":\"https:\/\/www.manaus.am.gov.br\/semcom\/#website\"},\"primaryImageOfPage\":{\"@id\":\"https:\/\/www.manaus.am.gov.br\/semcom\/fiscalizacao-construcao-habitacional-turismo\/#primaryimage\"},\"image\":{\"@id\":\"https:\/\/www.manaus.am.gov.br\/semcom\/fiscalizacao-construcao-habitacional-turismo\/#primaryimage\"},\"thumbnailUrl\":\"https:\/\/www.manaus.am.gov.br\/semcom\/wp-content\/uploads\/sites\/5\/2025\/08\/54701997093_0cbfac37b4_k.jpg\",\"datePublished\":\"2025-08-05T19:02:29+00:00\",\"dateModified\":\"2025-08-05T19:02:29+00:00\",\"author\":{\"@id\":\"https:\/\/www.manaus.am.gov.br\/semcom\/#\/schema\/person\/05d223aea2bf115f9883a6ff3683d81b\"},\"description\":\"Prefeito David Almeida fiscaliza constru\u00e7\u00e3o de conjunto habitacional com 576 moradias na avenida do Turismo.\",\"inLanguage\":\"pt-BR\",\"potentialAction\":[{\"@type\":\"ReadAction\",\"target\":[\"https:\/\/www.manaus.am.gov.br\/semcom\/fiscalizacao-construcao-habitacional-turismo\/\"]}]},{\"@type\":\"ImageObject\",\"inLanguage\":\"pt-BR\",\"@id\":\"https:\/\/www.manaus.am.gov.br\/semcom\/fiscalizacao-construcao-habitacional-turismo\/#primaryimage\",\"url\":\"https:\/\/www.manaus.am.gov.br\/semcom\/wp-content\/uploads\/sites\/5\/2025\/08\/54701997093_0cbfac37b4_k.jpg\",\"contentUrl\":\"https:\/\/www.manaus.am.gov.br\/semcom\/wp-content\/uploads\/sites\/5\/2025\/08\/54701997093_0cbfac37b4_k.jpg\",\"width\":2048,\"height\":1365,\"caption\":\"#paratodosverem - Prefeito de Manaus, David Almeida, vistoriando as obras do conjunto habitacional localizado na avenida do Turismo\"},{\"@type\":\"WebSite\",\"@id\":\"https:\/\/www.manaus.am.gov.br\/semcom\/#website\",\"url\":\"https:\/\/www.manaus.am.gov.br\/semcom\/\",\"name\":\"SEMCOM\",\"description\":\"Secretaria Municipal de Comunica\u00e7\u00e3o\",\"potentialAction\":[{\"@type\":\"SearchAction\",\"target\":{\"@type\":\"EntryPoint\",\"urlTemplate\":\"https:\/\/www.manaus.am.gov.br\/semcom\/?s={search_term_string}\"},\"query-input\":\"required name=search_term_string\"}],\"inLanguage\":\"pt-BR\"},{\"@type\":\"Person\",\"@id\":\"https:\/\/www.manaus.am.gov.br\/semcom\/#\/schema\/person\/05d223aea2bf115f9883a6ff3683d81b\",\"name\":\"Bruna Greco\",\"image\":{\"@type\":\"ImageObject\",\"inLanguage\":\"pt-BR\",\"@id\":\"https:\/\/www.manaus.am.gov.br\/semcom\/#\/schema\/person\/image\/\",\"url\":\"https:\/\/secure.gravatar.com\/avatar\/9c877d1a6adc2a055330e5c09a8653ce?s=96&d=mm&r=g\",\"contentUrl\":\"https:\/\/secure.gravatar.com\/avatar\/9c877d1a6adc2a055330e5c09a8653ce?s=96&d=mm&r=g\",\"caption\":\"Bruna Greco\"}}]}<\/script>\n<!-- \/ Yoast SEO plugin. -->","yoast_head_json":{"title":"Prefeito fiscaliza constru\u00e7\u00e3o de conjunto habitacional no Turismo","description":"Prefeito David Almeida fiscaliza constru\u00e7\u00e3o de conjunto habitacional com 576 moradias na avenida do Turismo.","robots":{"index":"index","follow":"follow","max-snippet":"max-snippet:-1","max-image-preview":"max-image-preview:large","max-video-preview":"max-video-preview:-1"},"canonical":"https:\/\/www.manaus.am.gov.br\/semcom\/fiscalizacao-construcao-habitacional-turismo\/","og_locale":"pt_BR","og_type":"article","og_title":"Prefeito fiscaliza constru\u00e7\u00e3o de conjunto habitacional no Turismo","og_description":"Prefeito David Almeida fiscaliza constru\u00e7\u00e3o de conjunto habitacional com 576 moradias na avenida do Turismo.","og_url":"https:\/\/www.manaus.am.gov.br\/semcom\/fiscalizacao-construcao-habitacional-turismo\/","og_site_name":"SEMCOM","article_published_time":"2025-08-05T19:02:29+00:00","og_image":[{"width":2048,"height":1365,"url":"https:\/\/www.manaus.am.gov.br\/semcom\/wp-content\/uploads\/sites\/5\/2025\/08\/54701997093_0cbfac37b4_k.jpg","type":"image\/jpeg"}],"author":"Bruna Greco","twitter_card":"summary_large_image","twitter_misc":{"Written by":"Bruna Greco","Est. reading time":"3 minutos"},"schema":{"@context":"https:\/\/schema.org","@graph":[{"@type":"WebPage","@id":"https:\/\/www.manaus.am.gov.br\/semcom\/fiscalizacao-construcao-habitacional-turismo\/","url":"https:\/\/www.manaus.am.gov.br\/semcom\/fiscalizacao-construcao-habitacional-turismo\/","name":"Prefeito fiscaliza constru\u00e7\u00e3o de conjunto habitacional no Turismo","isPartOf":{"@id":"https:\/\/www.manaus.am.gov.br\/semcom\/#website"},"primaryImageOfPage":{"@id":"https:\/\/www.manaus.am.gov.br\/semcom\/fiscalizacao-construcao-habitacional-turismo\/#primaryimage"},"image":{"@id":"https:\/\/www.manaus.am.gov.br\/semcom\/fiscalizacao-construcao-habitacional-turismo\/#primaryimage"},"thumbnailUrl":"https:\/\/www.manaus.am.gov.br\/semcom\/wp-content\/uploads\/sites\/5\/2025\/08\/54701997093_0cbfac37b4_k.jpg","datePublished":"2025-08-05T19:02:29+00:00","dateModified":"2025-08-05T19:02:29+00:00","author":{"@id":"https:\/\/www.manaus.am.gov.br\/semcom\/#\/schema\/person\/05d223aea2bf115f9883a6ff3683d81b"},"description":"Prefeito David Almeida fiscaliza constru\u00e7\u00e3o de conjunto habitacional com 576 moradias na avenida do Turismo.","inLanguage":"pt-BR","potentialAction":[{"@type":"ReadAction","target":["https:\/\/www.manaus.am.gov.br\/semcom\/fiscalizacao-construcao-habitacional-turismo\/"]}]},{"@type":"ImageObject","inLanguage":"pt-BR","@id":"https:\/\/www.manaus.am.gov.br\/semcom\/fiscalizacao-construcao-habitacional-turismo\/#primaryimage","url":"https:\/\/www.manaus.am.gov.br\/semcom\/wp-content\/uploads\/sites\/5\/2025\/08\/54701997093_0cbfac37b4_k.jpg","contentUrl":"https:\/\/www.manaus.am.gov.br\/semcom\/wp-content\/uploads\/sites\/5\/2025\/08\/54701997093_0cbfac37b4_k.jpg","width":2048,"height":1365,"caption":"#paratodosverem - Prefeito de Manaus, David Almeida, vistoriando as obras do conjunto habitacional localizado na avenida do Turismo"},{"@type":"WebSite","@id":"https:\/\/www.manaus.am.gov.br\/semcom\/#website","url":"https:\/\/www.manaus.am.gov.br\/semcom\/","name":"SEMCOM","description":"Secretaria Municipal de Comunica\u00e7\u00e3o","potentialAction":[{"@type":"SearchAction","target":{"@type":"EntryPoint","urlTemplate":"https:\/\/www.manaus.am.gov.br\/semcom\/?s={search_term_string}"},"query-input":"required name=search_term_string"}],"inLanguage":"pt-BR"},{"@type":"Person","@id":"https:\/\/www.manaus.am.gov.br\/semcom\/#\/schema\/person\/05d223aea2bf115f9883a6ff3683d81b","name":"Bruna Greco","image":{"@type":"ImageObject","inLanguage":"pt-BR","@id":"https:\/\/www.manaus.am.gov.br\/semcom\/#\/schema\/person\/image\/","url":"https:\/\/secure.gravatar.com\/avatar\/9c877d1a6adc2a055330e5c09a8653ce?s=96&d=mm&r=g","contentUrl":"https:\/\/secure.gravatar.com\/avatar\/9c877d1a6adc2a055330e5c09a8653ce?s=96&d=mm&r=g","caption":"Bruna Greco"}}]}},"_links":{"self":[{"href":"https:\/\/www.manaus.am.gov.br\/semcom\/wp-json\/wp\/v2\/posts\/243077"}],"collection":[{"href":"https:\/\/www.manaus.am.gov.br\/semcom\/wp-json\/wp\/v2\/posts"}],"about":[{"href":"https:\/\/www.manaus.am.gov.br\/semcom\/wp-json\/wp\/v2\/types\/post"}],"author":[{"embeddable":true,"href":"https:\/\/www.manaus.am.gov.br\/semcom\/wp-json\/wp\/v2\/users\/39"}],"replies":[{"embeddable":true,"href":"https:\/\/www.manaus.am.gov.br\/semcom\/wp-json\/wp\/v2\/comments?post=243077"}],"version-history":[{"count":1,"href":"https:\/\/www.manaus.am.gov.br\/semcom\/wp-json\/wp\/v2\/posts\/243077\/revisions"}],"predecessor-version":[{"id":243080,"href":"https:\/\/www.manaus.am.gov.br\/semcom\/wp-json\/wp\/v2\/posts\/243077\/revisions\/243080"}],"wp:featuredmedia":[{"embeddable":true,"href":"https:\/\/www.manaus.am.gov.br\/semcom\/wp-json\/wp\/v2\/media\/243078"}],"wp:attachment":[{"href":"https:\/\/www.manaus.am.gov.br\/semcom\/wp-json\/wp\/v2\/media?parent=243077"}],"wp:term":[{"taxonomy":"category","embeddable":true,"href":"https:\/\/www.manaus.am.gov.br\/semcom\/wp-json\/wp\/v2\/categories?post=243077"},{"taxonomy":"post_tag","embeddable":true,"href":"https:\/\/www.manaus.am.gov.br\/semcom\/wp-json\/wp\/v2\/tags?post=243077"}],"curies":[{"name":"wp","href":"https:\/\/api.w.org\/{rel}","templated":true}]}}