{"id":243020,"date":"2025-08-04T17:25:02","date_gmt":"2025-08-04T21:25:02","guid":{"rendered":"https:\/\/www.manaus.am.gov.br\/semcom\/doacao-mudas-moradores-lago-azul\/"},"modified":"2025-08-05T11:26:29","modified_gmt":"2025-08-05T14:26:29","slug":"doacao-mudas-moradores-lago-azul","status":"publish","type":"post","link":"https:\/\/www.manaus.am.gov.br\/semcom\/doacao-mudas-moradores-lago-azul\/","title":{"rendered":"Prefeitura de Manaus doa 1.600 mudas aos moradores do bairro Lago Azul durante programa\u00e7\u00e3o de cinema ao ar livre"},"content":{"rendered":"\n<p>Com o apoio da Prefeitura de Manaus, o bairro Lago Azul, na zona Norte da cidade, recebeu neste \u00faltimo fim de semana, de 1\u00ba a 3\/8, sess\u00f5es gratuitas de filmes ao ar livre com o \u201cCinema na Pra\u00e7a\u201d, produzida pelo Porto Cultural, com o patroc\u00ednio da Elecnor Brasil, na quadra de esporte da 2\u00aa Etapa do conjunto residencial Viver Melhor, mais conhecida como campo da Bolinha.<\/p>\n\n\n\n<p>Durante a programa\u00e7\u00e3o, 1.600 mudas de esp\u00e9cies frut\u00edferas, ornamentais e medicinais foram doadas pela Secretaria Municipal de Meio Ambiente, Sustentabilidade e Mudan\u00e7a do Clima (Semmasclima) aos moradores da \u00e1rea. O departamento de Arboriza\u00e7\u00e3o e Sustentabilidade continuar\u00e1 no Lago Azul promovendo mais a\u00e7\u00f5es de plantio na pr\u00f3xima sexta-feira, 8\/8.<\/p>\n\n\n\n<p>\u201c\u00c9 uma prioridade da Prefeitura de Manaus e da gest\u00e3o do prefeito David Almeida arborizar ainda mais a nossa cidade. Neste ano, j\u00e1 tivemos a\u00e7\u00f5es de plantio no Lago Azul e vamos continuar plantando nas \u00e1reas mapeadas. A doa\u00e7\u00e3o de mudas coloca a popula\u00e7\u00e3o nesse protagonismo de deixar nossa cidade ainda mais verde\u201d, destacou o assessor t\u00e9cnico Raimundo Pimentel Filho.<\/p>\n\n\n\n<p>O projeto \u201cCinema na Pra\u00e7a\u201d, viabilizado por meio da Lei Federal de Incentivo \u00e0 Cultura, principal mecanismo nacional de est\u00edmulo \u00e0 produ\u00e7\u00e3o, distribui\u00e7\u00e3o e acesso \u00e0 cultura no Brasil, tem o intuito de promover a inclus\u00e3o cultural em \u00e1reas com cen\u00e1rio limitado de salas de cinema. A programa\u00e7\u00e3o ofereceu uma experi\u00eancia de cinema de alta qualidade, com tela de LED e capacidade para 400 pessoas por sess\u00e3o, al\u00e9m da distribui\u00e7\u00e3o de pipoca e refrigerante.<\/p>\n\n\n\n<figure class=\"wp-block-image size-large\"><img loading=\"lazy\" decoding=\"async\" width=\"1024\" height=\"683\" src=\"https:\/\/www.manaus.am.gov.br\/semcom\/wp-content\/uploads\/sites\/5\/2025\/08\/54698651055_0d8010652d_k-1024x683.jpg\" alt=\"\" class=\"wp-image-243022\" srcset=\"https:\/\/www.manaus.am.gov.br\/semcom\/wp-content\/uploads\/sites\/5\/2025\/08\/54698651055_0d8010652d_k-1024x683.jpg 1024w, https:\/\/www.manaus.am.gov.br\/semcom\/wp-content\/uploads\/sites\/5\/2025\/08\/54698651055_0d8010652d_k-300x200.jpg 300w, https:\/\/www.manaus.am.gov.br\/semcom\/wp-content\/uploads\/sites\/5\/2025\/08\/54698651055_0d8010652d_k-768x512.jpg 768w, https:\/\/www.manaus.am.gov.br\/semcom\/wp-content\/uploads\/sites\/5\/2025\/08\/54698651055_0d8010652d_k-1536x1024.jpg 1536w, https:\/\/www.manaus.am.gov.br\/semcom\/wp-content\/uploads\/sites\/5\/2025\/08\/54698651055_0d8010652d_k.jpg 2048w\" sizes=\"(max-width: 1024px) 100vw, 1024px\" \/><\/figure>\n\n\n\n<p>Oportunidade para o estudante Walcy Freitas, de 16 anos, que nunca tinha ido ao cinema e assistiu ao filme \u201cDois Irm\u00e3os: Uma Jornada Fant\u00e1stica\u201d, na companhia da sua m\u00e3e, irm\u00e3os e primos. &nbsp;\u201cEu gostei muito. Foi uma experi\u00eancia muito boa participar com a minha fam\u00edlia\u201d, comentou.<\/p>\n\n\n\n<p>Para a programa\u00e7\u00e3o em Manaus, houve uma sele\u00e7\u00e3o de filmes pensada para todas as idades, integrando sucessos de bilheteria nacionais e internacionais que refor\u00e7am valores como inclus\u00e3o, diversidade e uni\u00e3o familiar, como o \u201cDivertida Mente 2\u201d, uma anima\u00e7\u00e3o que explora temas como emo\u00e7\u00f5es, autoconhecimento e rela\u00e7\u00f5es sociais; \u201cDumbo\u201d, adapta\u00e7\u00e3o\u00a0<em>live-action<\/em>\u00a0que aborda empatia, coragem e a aceita\u00e7\u00e3o das diferen\u00e7as; \u201cMoana 2\u201d, uma hist\u00f3ria que destaca o protagonismo feminino, a valoriza\u00e7\u00e3o das tradi\u00e7\u00f5es culturais e a import\u00e2ncia de enfrentar desafios com determina\u00e7\u00e3o; \u201cDois Irm\u00e3os: Uma Jornada Fant\u00e1stica\u201d e \u201cMinha M\u00e3e \u00e9 uma Pe\u00e7a 3\u201d, com\u00e9dia brasileira que mistura humor e emo\u00e7\u00e3o para celebrar la\u00e7os familiares e o cotidiano das rela\u00e7\u00f5es maternas.<\/p>\n\n\n\n<figure class=\"wp-block-image size-large\"><img loading=\"lazy\" decoding=\"async\" width=\"1024\" height=\"683\" src=\"https:\/\/www.manaus.am.gov.br\/semcom\/wp-content\/uploads\/sites\/5\/2025\/08\/54698559879_4aef84c3fc_k-1024x683.jpg\" alt=\"\" class=\"wp-image-243023\" srcset=\"https:\/\/www.manaus.am.gov.br\/semcom\/wp-content\/uploads\/sites\/5\/2025\/08\/54698559879_4aef84c3fc_k-1024x683.jpg 1024w, https:\/\/www.manaus.am.gov.br\/semcom\/wp-content\/uploads\/sites\/5\/2025\/08\/54698559879_4aef84c3fc_k-300x200.jpg 300w, https:\/\/www.manaus.am.gov.br\/semcom\/wp-content\/uploads\/sites\/5\/2025\/08\/54698559879_4aef84c3fc_k-768x512.jpg 768w, https:\/\/www.manaus.am.gov.br\/semcom\/wp-content\/uploads\/sites\/5\/2025\/08\/54698559879_4aef84c3fc_k-1536x1024.jpg 1536w, https:\/\/www.manaus.am.gov.br\/semcom\/wp-content\/uploads\/sites\/5\/2025\/08\/54698559879_4aef84c3fc_k.jpg 2048w\" sizes=\"(max-width: 1024px) 100vw, 1024px\" \/><\/figure>\n\n\n\n<p>&#8212; &#8212; &#8212;<\/p>\n\n\n\n<p><strong>Texto <\/strong>&#8211; Taianna Castro\/Semmasclima<\/p>\n\n\n\n<p><strong>Fotos \u2013 <\/strong>Jo\u00e3o Viana\/Semcom<\/p>\n\n\n\n<p><strong>Dispon\u00edveis em &#8211; <\/strong><a href=\"https:\/\/flic.kr\/s\/aHBqjCpweU\">https:\/\/flic.kr\/s\/aHBqjCpweU<\/a><\/p>\n","protected":false},"excerpt":{"rendered":"","protected":false},"author":39,"featured_media":243021,"comment_status":"closed","ping_status":"closed","sticky":false,"template":"","format":"standard","meta":{"footnotes":""},"categories":[1785],"tags":[16080,571,16081,77,9959],"acf":[],"yoast_head":"<!-- This site is optimized with the Yoast SEO plugin v23.0 - https:\/\/yoast.com\/wordpress\/plugins\/seo\/ -->\n<title>Doa\u00e7\u00e3o de 1.600 mudas aos moradores do bairro Lago Azul<\/title>\n<meta name=\"description\" content=\"Prefeitura de Manaus doa 1.600 mudas aos moradores do bairro Lago Azul durante programa\u00e7\u00e3o de cinema ao ar livre.\" \/>\n<meta name=\"robots\" content=\"index, follow, max-snippet:-1, max-image-preview:large, max-video-preview:-1\" \/>\n<link rel=\"canonical\" href=\"https:\/\/www.manaus.am.gov.br\/semcom\/doacao-mudas-moradores-lago-azul\/\" \/>\n<meta property=\"og:locale\" content=\"pt_BR\" \/>\n<meta property=\"og:type\" content=\"article\" \/>\n<meta property=\"og:title\" content=\"Doa\u00e7\u00e3o de 1.600 mudas aos moradores do bairro Lago Azul\" \/>\n<meta property=\"og:description\" content=\"Prefeitura de Manaus doa 1.600 mudas aos moradores do bairro Lago Azul durante programa\u00e7\u00e3o de cinema ao ar livre.\" \/>\n<meta property=\"og:url\" content=\"https:\/\/www.manaus.am.gov.br\/semcom\/doacao-mudas-moradores-lago-azul\/\" \/>\n<meta property=\"og:site_name\" content=\"SEMCOM\" \/>\n<meta property=\"article:published_time\" content=\"2025-08-04T21:25:02+00:00\" \/>\n<meta property=\"article:modified_time\" content=\"2025-08-05T14:26:29+00:00\" \/>\n<meta property=\"og:image\" content=\"https:\/\/www.manaus.am.gov.br\/semcom\/wp-content\/uploads\/sites\/5\/2025\/08\/54697494822_c74f8b6cd8_k-e1754342636673.jpg\" \/>\n\t<meta property=\"og:image:width\" content=\"1365\" \/>\n\t<meta property=\"og:image:height\" content=\"1310\" \/>\n\t<meta property=\"og:image:type\" content=\"image\/jpeg\" \/>\n<meta name=\"author\" content=\"Bruna Greco\" \/>\n<meta name=\"twitter:card\" content=\"summary_large_image\" \/>\n<meta name=\"twitter:label1\" content=\"Written by\" \/>\n\t<meta name=\"twitter:data1\" content=\"Bruna Greco\" \/>\n\t<meta name=\"twitter:label2\" content=\"Est. reading time\" \/>\n\t<meta name=\"twitter:data2\" content=\"3 minutos\" \/>\n<script type=\"application\/ld+json\" class=\"yoast-schema-graph\">{\"@context\":\"https:\/\/schema.org\",\"@graph\":[{\"@type\":\"WebPage\",\"@id\":\"https:\/\/www.manaus.am.gov.br\/semcom\/doacao-mudas-moradores-lago-azul\/\",\"url\":\"https:\/\/www.manaus.am.gov.br\/semcom\/doacao-mudas-moradores-lago-azul\/\",\"name\":\"Doa\u00e7\u00e3o de 1.600 mudas aos moradores do bairro Lago Azul\",\"isPartOf\":{\"@id\":\"https:\/\/www.manaus.am.gov.br\/semcom\/#website\"},\"primaryImageOfPage\":{\"@id\":\"https:\/\/www.manaus.am.gov.br\/semcom\/doacao-mudas-moradores-lago-azul\/#primaryimage\"},\"image\":{\"@id\":\"https:\/\/www.manaus.am.gov.br\/semcom\/doacao-mudas-moradores-lago-azul\/#primaryimage\"},\"thumbnailUrl\":\"https:\/\/www.manaus.am.gov.br\/semcom\/wp-content\/uploads\/sites\/5\/2025\/08\/54697494822_c74f8b6cd8_k-e1754342636673.jpg\",\"datePublished\":\"2025-08-04T21:25:02+00:00\",\"dateModified\":\"2025-08-05T14:26:29+00:00\",\"author\":{\"@id\":\"https:\/\/www.manaus.am.gov.br\/semcom\/#\/schema\/person\/05d223aea2bf115f9883a6ff3683d81b\"},\"description\":\"Prefeitura de Manaus doa 1.600 mudas aos moradores do bairro Lago Azul durante programa\u00e7\u00e3o de cinema ao ar livre.\",\"inLanguage\":\"pt-BR\",\"potentialAction\":[{\"@type\":\"ReadAction\",\"target\":[\"https:\/\/www.manaus.am.gov.br\/semcom\/doacao-mudas-moradores-lago-azul\/\"]}]},{\"@type\":\"ImageObject\",\"inLanguage\":\"pt-BR\",\"@id\":\"https:\/\/www.manaus.am.gov.br\/semcom\/doacao-mudas-moradores-lago-azul\/#primaryimage\",\"url\":\"https:\/\/www.manaus.am.gov.br\/semcom\/wp-content\/uploads\/sites\/5\/2025\/08\/54697494822_c74f8b6cd8_k-e1754342636673.jpg\",\"contentUrl\":\"https:\/\/www.manaus.am.gov.br\/semcom\/wp-content\/uploads\/sites\/5\/2025\/08\/54697494822_c74f8b6cd8_k-e1754342636673.jpg\",\"width\":1365,\"height\":1310,\"caption\":\"#paratodosverem - Moradora do bairro Lago Azul, acompanhada de sua filha, com muda nas m\u00e3os doada pela Semmasclima durante programa\u00e7\u00e3o de cinema ao ar livre\"},{\"@type\":\"WebSite\",\"@id\":\"https:\/\/www.manaus.am.gov.br\/semcom\/#website\",\"url\":\"https:\/\/www.manaus.am.gov.br\/semcom\/\",\"name\":\"SEMCOM\",\"description\":\"Secretaria Municipal de Comunica\u00e7\u00e3o\",\"potentialAction\":[{\"@type\":\"SearchAction\",\"target\":{\"@type\":\"EntryPoint\",\"urlTemplate\":\"https:\/\/www.manaus.am.gov.br\/semcom\/?s={search_term_string}\"},\"query-input\":\"required name=search_term_string\"}],\"inLanguage\":\"pt-BR\"},{\"@type\":\"Person\",\"@id\":\"https:\/\/www.manaus.am.gov.br\/semcom\/#\/schema\/person\/05d223aea2bf115f9883a6ff3683d81b\",\"name\":\"Bruna Greco\",\"image\":{\"@type\":\"ImageObject\",\"inLanguage\":\"pt-BR\",\"@id\":\"https:\/\/www.manaus.am.gov.br\/semcom\/#\/schema\/person\/image\/\",\"url\":\"https:\/\/secure.gravatar.com\/avatar\/9c877d1a6adc2a055330e5c09a8653ce?s=96&d=mm&r=g\",\"contentUrl\":\"https:\/\/secure.gravatar.com\/avatar\/9c877d1a6adc2a055330e5c09a8653ce?s=96&d=mm&r=g\",\"caption\":\"Bruna Greco\"}}]}<\/script>\n<!-- \/ Yoast SEO plugin. -->","yoast_head_json":{"title":"Doa\u00e7\u00e3o de 1.600 mudas aos moradores do bairro Lago Azul","description":"Prefeitura de Manaus doa 1.600 mudas aos moradores do bairro Lago Azul durante programa\u00e7\u00e3o de cinema ao ar livre.","robots":{"index":"index","follow":"follow","max-snippet":"max-snippet:-1","max-image-preview":"max-image-preview:large","max-video-preview":"max-video-preview:-1"},"canonical":"https:\/\/www.manaus.am.gov.br\/semcom\/doacao-mudas-moradores-lago-azul\/","og_locale":"pt_BR","og_type":"article","og_title":"Doa\u00e7\u00e3o de 1.600 mudas aos moradores do bairro Lago Azul","og_description":"Prefeitura de Manaus doa 1.600 mudas aos moradores do bairro Lago Azul durante programa\u00e7\u00e3o de cinema ao ar livre.","og_url":"https:\/\/www.manaus.am.gov.br\/semcom\/doacao-mudas-moradores-lago-azul\/","og_site_name":"SEMCOM","article_published_time":"2025-08-04T21:25:02+00:00","article_modified_time":"2025-08-05T14:26:29+00:00","og_image":[{"width":1365,"height":1310,"url":"https:\/\/www.manaus.am.gov.br\/semcom\/wp-content\/uploads\/sites\/5\/2025\/08\/54697494822_c74f8b6cd8_k-e1754342636673.jpg","type":"image\/jpeg"}],"author":"Bruna Greco","twitter_card":"summary_large_image","twitter_misc":{"Written by":"Bruna Greco","Est. reading time":"3 minutos"},"schema":{"@context":"https:\/\/schema.org","@graph":[{"@type":"WebPage","@id":"https:\/\/www.manaus.am.gov.br\/semcom\/doacao-mudas-moradores-lago-azul\/","url":"https:\/\/www.manaus.am.gov.br\/semcom\/doacao-mudas-moradores-lago-azul\/","name":"Doa\u00e7\u00e3o de 1.600 mudas aos moradores do bairro Lago Azul","isPartOf":{"@id":"https:\/\/www.manaus.am.gov.br\/semcom\/#website"},"primaryImageOfPage":{"@id":"https:\/\/www.manaus.am.gov.br\/semcom\/doacao-mudas-moradores-lago-azul\/#primaryimage"},"image":{"@id":"https:\/\/www.manaus.am.gov.br\/semcom\/doacao-mudas-moradores-lago-azul\/#primaryimage"},"thumbnailUrl":"https:\/\/www.manaus.am.gov.br\/semcom\/wp-content\/uploads\/sites\/5\/2025\/08\/54697494822_c74f8b6cd8_k-e1754342636673.jpg","datePublished":"2025-08-04T21:25:02+00:00","dateModified":"2025-08-05T14:26:29+00:00","author":{"@id":"https:\/\/www.manaus.am.gov.br\/semcom\/#\/schema\/person\/05d223aea2bf115f9883a6ff3683d81b"},"description":"Prefeitura de Manaus doa 1.600 mudas aos moradores do bairro Lago Azul durante programa\u00e7\u00e3o de cinema ao ar livre.","inLanguage":"pt-BR","potentialAction":[{"@type":"ReadAction","target":["https:\/\/www.manaus.am.gov.br\/semcom\/doacao-mudas-moradores-lago-azul\/"]}]},{"@type":"ImageObject","inLanguage":"pt-BR","@id":"https:\/\/www.manaus.am.gov.br\/semcom\/doacao-mudas-moradores-lago-azul\/#primaryimage","url":"https:\/\/www.manaus.am.gov.br\/semcom\/wp-content\/uploads\/sites\/5\/2025\/08\/54697494822_c74f8b6cd8_k-e1754342636673.jpg","contentUrl":"https:\/\/www.manaus.am.gov.br\/semcom\/wp-content\/uploads\/sites\/5\/2025\/08\/54697494822_c74f8b6cd8_k-e1754342636673.jpg","width":1365,"height":1310,"caption":"#paratodosverem - Moradora do bairro Lago Azul, acompanhada de sua filha, com muda nas m\u00e3os doada pela Semmasclima durante programa\u00e7\u00e3o de cinema ao ar livre"},{"@type":"WebSite","@id":"https:\/\/www.manaus.am.gov.br\/semcom\/#website","url":"https:\/\/www.manaus.am.gov.br\/semcom\/","name":"SEMCOM","description":"Secretaria Municipal de Comunica\u00e7\u00e3o","potentialAction":[{"@type":"SearchAction","target":{"@type":"EntryPoint","urlTemplate":"https:\/\/www.manaus.am.gov.br\/semcom\/?s={search_term_string}"},"query-input":"required name=search_term_string"}],"inLanguage":"pt-BR"},{"@type":"Person","@id":"https:\/\/www.manaus.am.gov.br\/semcom\/#\/schema\/person\/05d223aea2bf115f9883a6ff3683d81b","name":"Bruna Greco","image":{"@type":"ImageObject","inLanguage":"pt-BR","@id":"https:\/\/www.manaus.am.gov.br\/semcom\/#\/schema\/person\/image\/","url":"https:\/\/secure.gravatar.com\/avatar\/9c877d1a6adc2a055330e5c09a8653ce?s=96&d=mm&r=g","contentUrl":"https:\/\/secure.gravatar.com\/avatar\/9c877d1a6adc2a055330e5c09a8653ce?s=96&d=mm&r=g","caption":"Bruna Greco"}}]}},"_links":{"self":[{"href":"https:\/\/www.manaus.am.gov.br\/semcom\/wp-json\/wp\/v2\/posts\/243020"}],"collection":[{"href":"https:\/\/www.manaus.am.gov.br\/semcom\/wp-json\/wp\/v2\/posts"}],"about":[{"href":"https:\/\/www.manaus.am.gov.br\/semcom\/wp-json\/wp\/v2\/types\/post"}],"author":[{"embeddable":true,"href":"https:\/\/www.manaus.am.gov.br\/semcom\/wp-json\/wp\/v2\/users\/39"}],"replies":[{"embeddable":true,"href":"https:\/\/www.manaus.am.gov.br\/semcom\/wp-json\/wp\/v2\/comments?post=243020"}],"version-history":[{"count":5,"href":"https:\/\/www.manaus.am.gov.br\/semcom\/wp-json\/wp\/v2\/posts\/243020\/revisions"}],"predecessor-version":[{"id":243053,"href":"https:\/\/www.manaus.am.gov.br\/semcom\/wp-json\/wp\/v2\/posts\/243020\/revisions\/243053"}],"wp:featuredmedia":[{"embeddable":true,"href":"https:\/\/www.manaus.am.gov.br\/semcom\/wp-json\/wp\/v2\/media\/243021"}],"wp:attachment":[{"href":"https:\/\/www.manaus.am.gov.br\/semcom\/wp-json\/wp\/v2\/media?parent=243020"}],"wp:term":[{"taxonomy":"category","embeddable":true,"href":"https:\/\/www.manaus.am.gov.br\/semcom\/wp-json\/wp\/v2\/categories?post=243020"},{"taxonomy":"post_tag","embeddable":true,"href":"https:\/\/www.manaus.am.gov.br\/semcom\/wp-json\/wp\/v2\/tags?post=243020"}],"curies":[{"name":"wp","href":"https:\/\/api.w.org\/{rel}","templated":true}]}}