{"id":242898,"date":"2025-08-01T13:37:34","date_gmt":"2025-08-01T16:37:34","guid":{"rendered":"https:\/\/www.manaus.am.gov.br\/semcom\/semana-do-tdah-rede-municipal\/"},"modified":"2025-08-01T13:37:36","modified_gmt":"2025-08-01T16:37:36","slug":"semana-do-tdah-rede-municipal","status":"publish","type":"post","link":"https:\/\/www.manaus.am.gov.br\/semcom\/semana-do-tdah-rede-municipal\/","title":{"rendered":"Prefeitura de Manaus realiza Semana do TDAH na rede municipal de ensino"},"content":{"rendered":"\n<p>A Prefeitura de Manaus, por meio da Secretaria Municipal de Educa\u00e7\u00e3o (Semed), realizou, nesta sexta-feira, 1\u00ba\/8, a Semana de Conscientiza\u00e7\u00e3o sobre o Transtorno de D\u00e9ficit de Aten\u00e7\u00e3o e Hiperatividade (TDAH), com atividades nas escolas municipais Hiran de Matos Caminha e Maria Ferreira, localizadas no bairro Jorge Teixeira, zona Leste da capital.<\/p>\n\n\n\n<p>A programa\u00e7\u00e3o incluiu gin\u00e1stica laboral, palestras para pais e respons\u00e1veis, al\u00e9m de atividades l\u00fadicas e educativas para os alunos, com o objetivo de sensibilizar a comunidade escolar sobre o TDAH e promover pr\u00e1ticas pedag\u00f3gicas inclusivas.<\/p>\n\n\n\n<p>De acordo com o subsecret\u00e1rio de Gest\u00e3o Educacional da Semed, Arone Bentes, a a\u00e7\u00e3o refor\u00e7a o compromisso da gest\u00e3o municipal com a qualidade da educa\u00e7\u00e3o e o acolhimento da diversidade no ambiente escolar.<\/p>\n\n\n\n<p>\u201cA Prefeitura de Manaus tem avan\u00e7ado significativamente na \u00e1rea da educa\u00e7\u00e3o, especialmente no atendimento \u00e0s necessidades espec\u00edficas dos nossos alunos. A gest\u00e3o do prefeito David Almeida e do vice-prefeito Renato J\u00fanior, junto \u00e0 equipe liderada pelo secret\u00e1rio J\u00fanior Mar, tem dado passos firmes na constru\u00e7\u00e3o de uma educa\u00e7\u00e3o mais justa e funcional\u201d, destacou.<\/p>\n\n\n\n<p>A a\u00e7\u00e3o contou com a participa\u00e7\u00e3o de pais de alunos diagnosticados com TDAH, como Jamille Pereira da Costa, m\u00e3e de Carlos da Costa Sab\u00f3ia, de 10 anos, estudante da escola municipal Hiran Ferreira desde os 7 anos. Ela compartilhou sua experi\u00eancia e reconheceu o papel da escola no processo de aprendizagem.<\/p>\n\n\n\n<p>\u201cA escola ajudou muito o meu filho. Desde o in\u00edcio, ele sempre teve o acompanhamento necess\u00e1rio. Essas palestras s\u00e3o essenciais para que outros pais tamb\u00e9m conhe\u00e7am o transtorno e saibam como lidar com ele\u201d, relatou.<\/p>\n\n\n\n<p>As crian\u00e7as tamb\u00e9m participaram com entusiasmo das atividades, que inclu\u00edram dan\u00e7a, brincadeiras com bambol\u00ea e outras din\u00e2micas educativas. \u201cEstou achando muito legal. J\u00e1 dancei, brinquei e estou me divertindo muito com meus amigos\u201d, contou Julia Maria, aluna do 4\u00ba ano da escola municipal Maria Ferreira.<\/p>\n\n\n\n<p>Coordenador da a\u00e7\u00e3o, o chefe da Divis\u00e3o de Apoio \u00e0 Gest\u00e3o Educacional (Dage), Lu\u00eds Oliveira, destacou a import\u00e2ncia do trabalho conjunto entre escola e fam\u00edlia para o acolhimento e acompanhamento dos estudantes com TDAH.<\/p>\n\n\n\n<p>\u201cNosso papel \u00e9 oferecer apoio t\u00e9cnico e pedag\u00f3gico, esclarecendo d\u00favidas e desmistificando informa\u00e7\u00f5es equivocadas. O TDAH n\u00e3o \u00e9 uma defici\u00eancia, \u00e9 um transtorno que pode ser compreendido e trabalhado com o apoio adequado. Estamos aqui para isso: garantir uma educa\u00e7\u00e3o de qualidade para todos\u201d, afirmou.<\/p>\n\n\n\n<p>&#8212; &#8212; &#8212;<\/p>\n\n\n\n<p><strong>Texto &#8211;<\/strong> Alexandre Abreu \/ Semed<\/p>\n\n\n\n<p><strong>Foto &#8211;<\/strong> Eliton Santos \/ Semed<\/p>\n\n\n\n<p><strong>Dispon\u00edveis em<\/strong> \u2013 <a href=\"https:\/\/flic.kr\/s\/aHBqjCpfaF\">https:\/\/flic.kr\/s\/aHBqjCpfaF<\/a><\/p>\n","protected":false},"excerpt":{"rendered":"","protected":false},"author":57,"featured_media":242899,"comment_status":"closed","ping_status":"closed","sticky":false,"template":"","format":"standard","meta":{"footnotes":""},"categories":[49,1625],"tags":[77,16035,62],"acf":[],"yoast_head":"<!-- This site is optimized with the Yoast SEO plugin v23.0 - https:\/\/yoast.com\/wordpress\/plugins\/seo\/ -->\n<title>PMM realiza Semana do TDAH na rede municipal de ensino<\/title>\n<meta name=\"description\" content=\"A Prefeitura de Manaus, por meio da Secretaria Municipal de Educa\u00e7\u00e3o (Semed), realizou, nesta sexta-feira, 1\u00ba\/8, a Semana do TDAH.\" \/>\n<meta name=\"robots\" content=\"index, follow, max-snippet:-1, max-image-preview:large, max-video-preview:-1\" \/>\n<link rel=\"canonical\" href=\"https:\/\/www.manaus.am.gov.br\/semcom\/semana-do-tdah-rede-municipal\/\" \/>\n<meta property=\"og:locale\" content=\"pt_BR\" \/>\n<meta property=\"og:type\" content=\"article\" \/>\n<meta property=\"og:title\" content=\"PMM realiza Semana do TDAH na rede municipal de ensino\" \/>\n<meta property=\"og:description\" content=\"A Prefeitura de Manaus, por meio da Secretaria Municipal de Educa\u00e7\u00e3o (Semed), realizou, nesta sexta-feira, 1\u00ba\/8, a Semana do TDAH.\" \/>\n<meta property=\"og:url\" content=\"https:\/\/www.manaus.am.gov.br\/semcom\/semana-do-tdah-rede-municipal\/\" \/>\n<meta property=\"og:site_name\" content=\"SEMCOM\" \/>\n<meta property=\"article:published_time\" content=\"2025-08-01T16:37:34+00:00\" \/>\n<meta property=\"article:modified_time\" content=\"2025-08-01T16:37:36+00:00\" \/>\n<meta property=\"og:image\" content=\"https:\/\/www.manaus.am.gov.br\/semcom\/wp-content\/uploads\/sites\/5\/2025\/08\/Semana-do-TDAH_Semed-1.jpg\" \/>\n\t<meta property=\"og:image:width\" content=\"799\" \/>\n\t<meta property=\"og:image:height\" content=\"533\" \/>\n\t<meta property=\"og:image:type\" content=\"image\/jpeg\" \/>\n<meta name=\"author\" content=\"Thiago Fernando\" \/>\n<meta name=\"twitter:card\" content=\"summary_large_image\" \/>\n<meta name=\"twitter:label1\" content=\"Written by\" \/>\n\t<meta name=\"twitter:data1\" content=\"Thiago Fernando\" \/>\n\t<meta name=\"twitter:label2\" content=\"Est. reading time\" \/>\n\t<meta name=\"twitter:data2\" content=\"3 minutos\" \/>\n<script type=\"application\/ld+json\" class=\"yoast-schema-graph\">{\"@context\":\"https:\/\/schema.org\",\"@graph\":[{\"@type\":\"WebPage\",\"@id\":\"https:\/\/www.manaus.am.gov.br\/semcom\/semana-do-tdah-rede-municipal\/\",\"url\":\"https:\/\/www.manaus.am.gov.br\/semcom\/semana-do-tdah-rede-municipal\/\",\"name\":\"PMM realiza Semana do TDAH na rede municipal de ensino\",\"isPartOf\":{\"@id\":\"https:\/\/www.manaus.am.gov.br\/semcom\/#website\"},\"primaryImageOfPage\":{\"@id\":\"https:\/\/www.manaus.am.gov.br\/semcom\/semana-do-tdah-rede-municipal\/#primaryimage\"},\"image\":{\"@id\":\"https:\/\/www.manaus.am.gov.br\/semcom\/semana-do-tdah-rede-municipal\/#primaryimage\"},\"thumbnailUrl\":\"https:\/\/www.manaus.am.gov.br\/semcom\/wp-content\/uploads\/sites\/5\/2025\/08\/Semana-do-TDAH_Semed-1.jpg\",\"datePublished\":\"2025-08-01T16:37:34+00:00\",\"dateModified\":\"2025-08-01T16:37:36+00:00\",\"author\":{\"@id\":\"https:\/\/www.manaus.am.gov.br\/semcom\/#\/schema\/person\/a5ee5376db6e21af026374b369f30882\"},\"description\":\"A Prefeitura de Manaus, por meio da Secretaria Municipal de Educa\u00e7\u00e3o (Semed), realizou, nesta sexta-feira, 1\u00ba\/8, a Semana do TDAH.\",\"inLanguage\":\"pt-BR\",\"potentialAction\":[{\"@type\":\"ReadAction\",\"target\":[\"https:\/\/www.manaus.am.gov.br\/semcom\/semana-do-tdah-rede-municipal\/\"]}]},{\"@type\":\"ImageObject\",\"inLanguage\":\"pt-BR\",\"@id\":\"https:\/\/www.manaus.am.gov.br\/semcom\/semana-do-tdah-rede-municipal\/#primaryimage\",\"url\":\"https:\/\/www.manaus.am.gov.br\/semcom\/wp-content\/uploads\/sites\/5\/2025\/08\/Semana-do-TDAH_Semed-1.jpg\",\"contentUrl\":\"https:\/\/www.manaus.am.gov.br\/semcom\/wp-content\/uploads\/sites\/5\/2025\/08\/Semana-do-TDAH_Semed-1.jpg\",\"width\":799,\"height\":533,\"caption\":\"Semana do TDAH\"},{\"@type\":\"WebSite\",\"@id\":\"https:\/\/www.manaus.am.gov.br\/semcom\/#website\",\"url\":\"https:\/\/www.manaus.am.gov.br\/semcom\/\",\"name\":\"SEMCOM\",\"description\":\"Secretaria Municipal de Comunica\u00e7\u00e3o\",\"potentialAction\":[{\"@type\":\"SearchAction\",\"target\":{\"@type\":\"EntryPoint\",\"urlTemplate\":\"https:\/\/www.manaus.am.gov.br\/semcom\/?s={search_term_string}\"},\"query-input\":\"required name=search_term_string\"}],\"inLanguage\":\"pt-BR\"},{\"@type\":\"Person\",\"@id\":\"https:\/\/www.manaus.am.gov.br\/semcom\/#\/schema\/person\/a5ee5376db6e21af026374b369f30882\",\"name\":\"Thiago Fernando\",\"image\":{\"@type\":\"ImageObject\",\"inLanguage\":\"pt-BR\",\"@id\":\"https:\/\/www.manaus.am.gov.br\/semcom\/#\/schema\/person\/image\/\",\"url\":\"https:\/\/secure.gravatar.com\/avatar\/f5aab8722444041451501c077052ac07?s=96&d=mm&r=g\",\"contentUrl\":\"https:\/\/secure.gravatar.com\/avatar\/f5aab8722444041451501c077052ac07?s=96&d=mm&r=g\",\"caption\":\"Thiago Fernando\"}}]}<\/script>\n<!-- \/ Yoast SEO plugin. -->","yoast_head_json":{"title":"PMM realiza Semana do TDAH na rede municipal de ensino","description":"A Prefeitura de Manaus, por meio da Secretaria Municipal de Educa\u00e7\u00e3o (Semed), realizou, nesta sexta-feira, 1\u00ba\/8, a Semana do TDAH.","robots":{"index":"index","follow":"follow","max-snippet":"max-snippet:-1","max-image-preview":"max-image-preview:large","max-video-preview":"max-video-preview:-1"},"canonical":"https:\/\/www.manaus.am.gov.br\/semcom\/semana-do-tdah-rede-municipal\/","og_locale":"pt_BR","og_type":"article","og_title":"PMM realiza Semana do TDAH na rede municipal de ensino","og_description":"A Prefeitura de Manaus, por meio da Secretaria Municipal de Educa\u00e7\u00e3o (Semed), realizou, nesta sexta-feira, 1\u00ba\/8, a Semana do TDAH.","og_url":"https:\/\/www.manaus.am.gov.br\/semcom\/semana-do-tdah-rede-municipal\/","og_site_name":"SEMCOM","article_published_time":"2025-08-01T16:37:34+00:00","article_modified_time":"2025-08-01T16:37:36+00:00","og_image":[{"width":799,"height":533,"url":"https:\/\/www.manaus.am.gov.br\/semcom\/wp-content\/uploads\/sites\/5\/2025\/08\/Semana-do-TDAH_Semed-1.jpg","type":"image\/jpeg"}],"author":"Thiago Fernando","twitter_card":"summary_large_image","twitter_misc":{"Written by":"Thiago Fernando","Est. reading time":"3 minutos"},"schema":{"@context":"https:\/\/schema.org","@graph":[{"@type":"WebPage","@id":"https:\/\/www.manaus.am.gov.br\/semcom\/semana-do-tdah-rede-municipal\/","url":"https:\/\/www.manaus.am.gov.br\/semcom\/semana-do-tdah-rede-municipal\/","name":"PMM realiza Semana do TDAH na rede municipal de ensino","isPartOf":{"@id":"https:\/\/www.manaus.am.gov.br\/semcom\/#website"},"primaryImageOfPage":{"@id":"https:\/\/www.manaus.am.gov.br\/semcom\/semana-do-tdah-rede-municipal\/#primaryimage"},"image":{"@id":"https:\/\/www.manaus.am.gov.br\/semcom\/semana-do-tdah-rede-municipal\/#primaryimage"},"thumbnailUrl":"https:\/\/www.manaus.am.gov.br\/semcom\/wp-content\/uploads\/sites\/5\/2025\/08\/Semana-do-TDAH_Semed-1.jpg","datePublished":"2025-08-01T16:37:34+00:00","dateModified":"2025-08-01T16:37:36+00:00","author":{"@id":"https:\/\/www.manaus.am.gov.br\/semcom\/#\/schema\/person\/a5ee5376db6e21af026374b369f30882"},"description":"A Prefeitura de Manaus, por meio da Secretaria Municipal de Educa\u00e7\u00e3o (Semed), realizou, nesta sexta-feira, 1\u00ba\/8, a Semana do TDAH.","inLanguage":"pt-BR","potentialAction":[{"@type":"ReadAction","target":["https:\/\/www.manaus.am.gov.br\/semcom\/semana-do-tdah-rede-municipal\/"]}]},{"@type":"ImageObject","inLanguage":"pt-BR","@id":"https:\/\/www.manaus.am.gov.br\/semcom\/semana-do-tdah-rede-municipal\/#primaryimage","url":"https:\/\/www.manaus.am.gov.br\/semcom\/wp-content\/uploads\/sites\/5\/2025\/08\/Semana-do-TDAH_Semed-1.jpg","contentUrl":"https:\/\/www.manaus.am.gov.br\/semcom\/wp-content\/uploads\/sites\/5\/2025\/08\/Semana-do-TDAH_Semed-1.jpg","width":799,"height":533,"caption":"Semana do TDAH"},{"@type":"WebSite","@id":"https:\/\/www.manaus.am.gov.br\/semcom\/#website","url":"https:\/\/www.manaus.am.gov.br\/semcom\/","name":"SEMCOM","description":"Secretaria Municipal de Comunica\u00e7\u00e3o","potentialAction":[{"@type":"SearchAction","target":{"@type":"EntryPoint","urlTemplate":"https:\/\/www.manaus.am.gov.br\/semcom\/?s={search_term_string}"},"query-input":"required name=search_term_string"}],"inLanguage":"pt-BR"},{"@type":"Person","@id":"https:\/\/www.manaus.am.gov.br\/semcom\/#\/schema\/person\/a5ee5376db6e21af026374b369f30882","name":"Thiago Fernando","image":{"@type":"ImageObject","inLanguage":"pt-BR","@id":"https:\/\/www.manaus.am.gov.br\/semcom\/#\/schema\/person\/image\/","url":"https:\/\/secure.gravatar.com\/avatar\/f5aab8722444041451501c077052ac07?s=96&d=mm&r=g","contentUrl":"https:\/\/secure.gravatar.com\/avatar\/f5aab8722444041451501c077052ac07?s=96&d=mm&r=g","caption":"Thiago Fernando"}}]}},"_links":{"self":[{"href":"https:\/\/www.manaus.am.gov.br\/semcom\/wp-json\/wp\/v2\/posts\/242898"}],"collection":[{"href":"https:\/\/www.manaus.am.gov.br\/semcom\/wp-json\/wp\/v2\/posts"}],"about":[{"href":"https:\/\/www.manaus.am.gov.br\/semcom\/wp-json\/wp\/v2\/types\/post"}],"author":[{"embeddable":true,"href":"https:\/\/www.manaus.am.gov.br\/semcom\/wp-json\/wp\/v2\/users\/57"}],"replies":[{"embeddable":true,"href":"https:\/\/www.manaus.am.gov.br\/semcom\/wp-json\/wp\/v2\/comments?post=242898"}],"version-history":[{"count":0,"href":"https:\/\/www.manaus.am.gov.br\/semcom\/wp-json\/wp\/v2\/posts\/242898\/revisions"}],"wp:featuredmedia":[{"embeddable":true,"href":"https:\/\/www.manaus.am.gov.br\/semcom\/wp-json\/wp\/v2\/media\/242899"}],"wp:attachment":[{"href":"https:\/\/www.manaus.am.gov.br\/semcom\/wp-json\/wp\/v2\/media?parent=242898"}],"wp:term":[{"taxonomy":"category","embeddable":true,"href":"https:\/\/www.manaus.am.gov.br\/semcom\/wp-json\/wp\/v2\/categories?post=242898"},{"taxonomy":"post_tag","embeddable":true,"href":"https:\/\/www.manaus.am.gov.br\/semcom\/wp-json\/wp\/v2\/tags?post=242898"}],"curies":[{"name":"wp","href":"https:\/\/api.w.org\/{rel}","templated":true}]}}