{"id":242777,"date":"2025-07-29T16:46:30","date_gmt":"2025-07-29T20:46:30","guid":{"rendered":"https:\/\/www.manaus.am.gov.br\/semcom\/homenagem-recem-aposentados-2\/"},"modified":"2025-07-29T16:46:30","modified_gmt":"2025-07-29T20:46:30","slug":"homenagem-recem-aposentados-2","status":"publish","type":"post","link":"https:\/\/www.manaus.am.gov.br\/semcom\/homenagem-recem-aposentados-2\/","title":{"rendered":"Prefeitura de Manaus homenageia rec\u00e9m-aposentados pelos servi\u00e7os prestados \u00e0 sociedade"},"content":{"rendered":"\n<p>A Prefeitura de Manaus, por meio da Manaus Previd\u00eancia, homenageou e deu \u00e0s boas-vindas a 58&nbsp;rec\u00e9m-aposentados no \u201c3\u00ba Feliz Vida Nova\u201d deste ano. O programa de acolhimento aconteceu nesta ter\u00e7a-feira, 29\/7, na sede da autarquia, na avenida Constantino Nery, bairro Chapada, zona Centro-Sul.<\/p>\n\n\n\n<p>Os novos aposentados receberam uma placa de reconhecimento pelos anos de servi\u00e7o p\u00fablico prestados no munic\u00edpio, juntamente com a c\u00f3pia do Di\u00e1rio Oficial do Munic\u00edpio (DOM) que atesta a nova condi\u00e7\u00e3o, e ainda participaram de uma palestra sobre pens\u00e3o por morte e outras orienta\u00e7\u00f5es previdenci\u00e1rias, al\u00e9m de sanarem d\u00favidas sobre o tema.<\/p>\n\n\n\n<p>\u201cEsta \u00e9 uma das a\u00e7\u00f5es mais emocionantes que realizamos. Os rec\u00e9m-aposentados s\u00e3o acolhidos e reconhecidos por todo o tempo que se dedicaram a servir \u00e0 sociedade. Tamb\u00e9m passamos informa\u00e7\u00f5es importantes sobre os seus direitos e realizamos uma palestra de conscientiza\u00e7\u00e3o sobre a nova fase\u201d, explica a diretora-presidente da Manausprev, Daniela Benayon.<\/p>\n\n\n\n<p>A iniciativa faz parte do programa de \u201cEduca\u00e7\u00e3o Previdenci\u00e1ria\u201d da autarquia e contribui com a adapta\u00e7\u00e3o dos rec\u00e9m-aposentados \u00e0s mudan\u00e7as que acompanham essa etapa.<\/p>\n\n\n\n<p>A nova aposentada Francielma Paiva atuou como professora por 34 anos e se sentiu valorizada na a\u00e7\u00e3o. \u201cEu estou muito satisfeita. Sinto que a gente foi realmente acolhido. Essa homenagem, ela \u00e9 muito bem vista pelo servidor e estou me sentindo valorizada. Essa \u00e9 a palavra, valoriza\u00e7\u00e3o. Obrigada pela iniciativa\u201d, declarou.<\/p>\n\n\n\n<figure class=\"wp-block-image size-large\"><img loading=\"lazy\" decoding=\"async\" width=\"1024\" height=\"768\" src=\"https:\/\/www.manaus.am.gov.br\/semcom\/wp-content\/uploads\/sites\/5\/2025\/07\/Feliz-Vida-Nova-7-1024x768.jpeg\" alt=\"\" class=\"wp-image-242779\" srcset=\"https:\/\/www.manaus.am.gov.br\/semcom\/wp-content\/uploads\/sites\/5\/2025\/07\/Feliz-Vida-Nova-7-1024x768.jpeg 1024w, https:\/\/www.manaus.am.gov.br\/semcom\/wp-content\/uploads\/sites\/5\/2025\/07\/Feliz-Vida-Nova-7-300x225.jpeg 300w, https:\/\/www.manaus.am.gov.br\/semcom\/wp-content\/uploads\/sites\/5\/2025\/07\/Feliz-Vida-Nova-7-768x576.jpeg 768w, https:\/\/www.manaus.am.gov.br\/semcom\/wp-content\/uploads\/sites\/5\/2025\/07\/Feliz-Vida-Nova-7-1536x1152.jpeg 1536w, https:\/\/www.manaus.am.gov.br\/semcom\/wp-content\/uploads\/sites\/5\/2025\/07\/Feliz-Vida-Nova-7.jpeg 1600w\" sizes=\"(max-width: 1024px) 100vw, 1024px\" \/><\/figure>\n\n\n\n<p>&#8212; &#8212; &#8212;<\/p>\n\n\n\n<p><strong>Texto<\/strong>\u00a0\u2013 Renata Felix\/Manaus Previd\u00eancia<\/p>\n\n\n\n<p><strong>Fotos<\/strong>\u00a0\u2013 Divulga\u00e7\u00e3o\/Manaus Previd\u00eancia<\/p>\n","protected":false},"excerpt":{"rendered":"","protected":false},"author":39,"featured_media":242778,"comment_status":"closed","ping_status":"closed","sticky":false,"template":"","format":"standard","meta":{"footnotes":""},"categories":[647],"tags":[1068,228,77,11298,15994,687],"acf":[],"yoast_head":"<!-- This site is optimized with the Yoast SEO plugin v23.0 - https:\/\/yoast.com\/wordpress\/plugins\/seo\/ -->\n<title>Prefeitura de Manaus homenageia rec\u00e9m-aposentados<\/title>\n<meta name=\"description\" content=\"Prefeitura de Manaus, por meio da Manaus Previd\u00eancia, homenageia rec\u00e9m-aposentados pelos servi\u00e7os prestados \u00e0 sociedade.\" \/>\n<meta name=\"robots\" content=\"index, follow, max-snippet:-1, max-image-preview:large, max-video-preview:-1\" \/>\n<link rel=\"canonical\" href=\"https:\/\/www.manaus.am.gov.br\/semcom\/homenagem-recem-aposentados-2\/\" \/>\n<meta property=\"og:locale\" content=\"pt_BR\" \/>\n<meta property=\"og:type\" content=\"article\" \/>\n<meta property=\"og:title\" content=\"Prefeitura de Manaus homenageia rec\u00e9m-aposentados\" \/>\n<meta property=\"og:description\" content=\"Prefeitura de Manaus, por meio da Manaus Previd\u00eancia, homenageia rec\u00e9m-aposentados pelos servi\u00e7os prestados \u00e0 sociedade.\" \/>\n<meta property=\"og:url\" content=\"https:\/\/www.manaus.am.gov.br\/semcom\/homenagem-recem-aposentados-2\/\" \/>\n<meta property=\"og:site_name\" content=\"SEMCOM\" \/>\n<meta property=\"article:published_time\" content=\"2025-07-29T20:46:30+00:00\" \/>\n<meta property=\"og:image\" content=\"https:\/\/www.manaus.am.gov.br\/semcom\/wp-content\/uploads\/sites\/5\/2025\/07\/Feliz-Vida-Nova-6-1.jpeg\" \/>\n\t<meta property=\"og:image:width\" content=\"1600\" \/>\n\t<meta property=\"og:image:height\" content=\"1200\" \/>\n\t<meta property=\"og:image:type\" content=\"image\/jpeg\" \/>\n<meta name=\"author\" content=\"Bruna Greco\" \/>\n<meta name=\"twitter:card\" content=\"summary_large_image\" \/>\n<meta name=\"twitter:label1\" content=\"Written by\" \/>\n\t<meta name=\"twitter:data1\" content=\"Bruna Greco\" \/>\n\t<meta name=\"twitter:label2\" content=\"Est. reading time\" \/>\n\t<meta name=\"twitter:data2\" content=\"2 minutos\" \/>\n<script type=\"application\/ld+json\" class=\"yoast-schema-graph\">{\"@context\":\"https:\/\/schema.org\",\"@graph\":[{\"@type\":\"WebPage\",\"@id\":\"https:\/\/www.manaus.am.gov.br\/semcom\/homenagem-recem-aposentados-2\/\",\"url\":\"https:\/\/www.manaus.am.gov.br\/semcom\/homenagem-recem-aposentados-2\/\",\"name\":\"Prefeitura de Manaus homenageia rec\u00e9m-aposentados\",\"isPartOf\":{\"@id\":\"https:\/\/www.manaus.am.gov.br\/semcom\/#website\"},\"primaryImageOfPage\":{\"@id\":\"https:\/\/www.manaus.am.gov.br\/semcom\/homenagem-recem-aposentados-2\/#primaryimage\"},\"image\":{\"@id\":\"https:\/\/www.manaus.am.gov.br\/semcom\/homenagem-recem-aposentados-2\/#primaryimage\"},\"thumbnailUrl\":\"https:\/\/www.manaus.am.gov.br\/semcom\/wp-content\/uploads\/sites\/5\/2025\/07\/Feliz-Vida-Nova-6-1.jpeg\",\"datePublished\":\"2025-07-29T20:46:30+00:00\",\"dateModified\":\"2025-07-29T20:46:30+00:00\",\"author\":{\"@id\":\"https:\/\/www.manaus.am.gov.br\/semcom\/#\/schema\/person\/05d223aea2bf115f9883a6ff3683d81b\"},\"description\":\"Prefeitura de Manaus, por meio da Manaus Previd\u00eancia, homenageia rec\u00e9m-aposentados pelos servi\u00e7os prestados \u00e0 sociedade.\",\"inLanguage\":\"pt-BR\",\"potentialAction\":[{\"@type\":\"ReadAction\",\"target\":[\"https:\/\/www.manaus.am.gov.br\/semcom\/homenagem-recem-aposentados-2\/\"]}]},{\"@type\":\"ImageObject\",\"inLanguage\":\"pt-BR\",\"@id\":\"https:\/\/www.manaus.am.gov.br\/semcom\/homenagem-recem-aposentados-2\/#primaryimage\",\"url\":\"https:\/\/www.manaus.am.gov.br\/semcom\/wp-content\/uploads\/sites\/5\/2025\/07\/Feliz-Vida-Nova-6-1.jpeg\",\"contentUrl\":\"https:\/\/www.manaus.am.gov.br\/semcom\/wp-content\/uploads\/sites\/5\/2025\/07\/Feliz-Vida-Nova-6-1.jpeg\",\"width\":1600,\"height\":1200,\"caption\":\"#paratodosverem - Rec\u00e9m-aposentados recebendo homenagem da Manaus Previd\u00eancia\"},{\"@type\":\"WebSite\",\"@id\":\"https:\/\/www.manaus.am.gov.br\/semcom\/#website\",\"url\":\"https:\/\/www.manaus.am.gov.br\/semcom\/\",\"name\":\"SEMCOM\",\"description\":\"Secretaria Municipal de Comunica\u00e7\u00e3o\",\"potentialAction\":[{\"@type\":\"SearchAction\",\"target\":{\"@type\":\"EntryPoint\",\"urlTemplate\":\"https:\/\/www.manaus.am.gov.br\/semcom\/?s={search_term_string}\"},\"query-input\":\"required name=search_term_string\"}],\"inLanguage\":\"pt-BR\"},{\"@type\":\"Person\",\"@id\":\"https:\/\/www.manaus.am.gov.br\/semcom\/#\/schema\/person\/05d223aea2bf115f9883a6ff3683d81b\",\"name\":\"Bruna Greco\",\"image\":{\"@type\":\"ImageObject\",\"inLanguage\":\"pt-BR\",\"@id\":\"https:\/\/www.manaus.am.gov.br\/semcom\/#\/schema\/person\/image\/\",\"url\":\"https:\/\/secure.gravatar.com\/avatar\/9c877d1a6adc2a055330e5c09a8653ce?s=96&d=mm&r=g\",\"contentUrl\":\"https:\/\/secure.gravatar.com\/avatar\/9c877d1a6adc2a055330e5c09a8653ce?s=96&d=mm&r=g\",\"caption\":\"Bruna Greco\"}}]}<\/script>\n<!-- \/ Yoast SEO plugin. -->","yoast_head_json":{"title":"Prefeitura de Manaus homenageia rec\u00e9m-aposentados","description":"Prefeitura de Manaus, por meio da Manaus Previd\u00eancia, homenageia rec\u00e9m-aposentados pelos servi\u00e7os prestados \u00e0 sociedade.","robots":{"index":"index","follow":"follow","max-snippet":"max-snippet:-1","max-image-preview":"max-image-preview:large","max-video-preview":"max-video-preview:-1"},"canonical":"https:\/\/www.manaus.am.gov.br\/semcom\/homenagem-recem-aposentados-2\/","og_locale":"pt_BR","og_type":"article","og_title":"Prefeitura de Manaus homenageia rec\u00e9m-aposentados","og_description":"Prefeitura de Manaus, por meio da Manaus Previd\u00eancia, homenageia rec\u00e9m-aposentados pelos servi\u00e7os prestados \u00e0 sociedade.","og_url":"https:\/\/www.manaus.am.gov.br\/semcom\/homenagem-recem-aposentados-2\/","og_site_name":"SEMCOM","article_published_time":"2025-07-29T20:46:30+00:00","og_image":[{"width":1600,"height":1200,"url":"https:\/\/www.manaus.am.gov.br\/semcom\/wp-content\/uploads\/sites\/5\/2025\/07\/Feliz-Vida-Nova-6-1.jpeg","type":"image\/jpeg"}],"author":"Bruna Greco","twitter_card":"summary_large_image","twitter_misc":{"Written by":"Bruna Greco","Est. reading time":"2 minutos"},"schema":{"@context":"https:\/\/schema.org","@graph":[{"@type":"WebPage","@id":"https:\/\/www.manaus.am.gov.br\/semcom\/homenagem-recem-aposentados-2\/","url":"https:\/\/www.manaus.am.gov.br\/semcom\/homenagem-recem-aposentados-2\/","name":"Prefeitura de Manaus homenageia rec\u00e9m-aposentados","isPartOf":{"@id":"https:\/\/www.manaus.am.gov.br\/semcom\/#website"},"primaryImageOfPage":{"@id":"https:\/\/www.manaus.am.gov.br\/semcom\/homenagem-recem-aposentados-2\/#primaryimage"},"image":{"@id":"https:\/\/www.manaus.am.gov.br\/semcom\/homenagem-recem-aposentados-2\/#primaryimage"},"thumbnailUrl":"https:\/\/www.manaus.am.gov.br\/semcom\/wp-content\/uploads\/sites\/5\/2025\/07\/Feliz-Vida-Nova-6-1.jpeg","datePublished":"2025-07-29T20:46:30+00:00","dateModified":"2025-07-29T20:46:30+00:00","author":{"@id":"https:\/\/www.manaus.am.gov.br\/semcom\/#\/schema\/person\/05d223aea2bf115f9883a6ff3683d81b"},"description":"Prefeitura de Manaus, por meio da Manaus Previd\u00eancia, homenageia rec\u00e9m-aposentados pelos servi\u00e7os prestados \u00e0 sociedade.","inLanguage":"pt-BR","potentialAction":[{"@type":"ReadAction","target":["https:\/\/www.manaus.am.gov.br\/semcom\/homenagem-recem-aposentados-2\/"]}]},{"@type":"ImageObject","inLanguage":"pt-BR","@id":"https:\/\/www.manaus.am.gov.br\/semcom\/homenagem-recem-aposentados-2\/#primaryimage","url":"https:\/\/www.manaus.am.gov.br\/semcom\/wp-content\/uploads\/sites\/5\/2025\/07\/Feliz-Vida-Nova-6-1.jpeg","contentUrl":"https:\/\/www.manaus.am.gov.br\/semcom\/wp-content\/uploads\/sites\/5\/2025\/07\/Feliz-Vida-Nova-6-1.jpeg","width":1600,"height":1200,"caption":"#paratodosverem - Rec\u00e9m-aposentados recebendo homenagem da Manaus Previd\u00eancia"},{"@type":"WebSite","@id":"https:\/\/www.manaus.am.gov.br\/semcom\/#website","url":"https:\/\/www.manaus.am.gov.br\/semcom\/","name":"SEMCOM","description":"Secretaria Municipal de Comunica\u00e7\u00e3o","potentialAction":[{"@type":"SearchAction","target":{"@type":"EntryPoint","urlTemplate":"https:\/\/www.manaus.am.gov.br\/semcom\/?s={search_term_string}"},"query-input":"required name=search_term_string"}],"inLanguage":"pt-BR"},{"@type":"Person","@id":"https:\/\/www.manaus.am.gov.br\/semcom\/#\/schema\/person\/05d223aea2bf115f9883a6ff3683d81b","name":"Bruna Greco","image":{"@type":"ImageObject","inLanguage":"pt-BR","@id":"https:\/\/www.manaus.am.gov.br\/semcom\/#\/schema\/person\/image\/","url":"https:\/\/secure.gravatar.com\/avatar\/9c877d1a6adc2a055330e5c09a8653ce?s=96&d=mm&r=g","contentUrl":"https:\/\/secure.gravatar.com\/avatar\/9c877d1a6adc2a055330e5c09a8653ce?s=96&d=mm&r=g","caption":"Bruna Greco"}}]}},"_links":{"self":[{"href":"https:\/\/www.manaus.am.gov.br\/semcom\/wp-json\/wp\/v2\/posts\/242777"}],"collection":[{"href":"https:\/\/www.manaus.am.gov.br\/semcom\/wp-json\/wp\/v2\/posts"}],"about":[{"href":"https:\/\/www.manaus.am.gov.br\/semcom\/wp-json\/wp\/v2\/types\/post"}],"author":[{"embeddable":true,"href":"https:\/\/www.manaus.am.gov.br\/semcom\/wp-json\/wp\/v2\/users\/39"}],"replies":[{"embeddable":true,"href":"https:\/\/www.manaus.am.gov.br\/semcom\/wp-json\/wp\/v2\/comments?post=242777"}],"version-history":[{"count":1,"href":"https:\/\/www.manaus.am.gov.br\/semcom\/wp-json\/wp\/v2\/posts\/242777\/revisions"}],"predecessor-version":[{"id":242781,"href":"https:\/\/www.manaus.am.gov.br\/semcom\/wp-json\/wp\/v2\/posts\/242777\/revisions\/242781"}],"wp:featuredmedia":[{"embeddable":true,"href":"https:\/\/www.manaus.am.gov.br\/semcom\/wp-json\/wp\/v2\/media\/242778"}],"wp:attachment":[{"href":"https:\/\/www.manaus.am.gov.br\/semcom\/wp-json\/wp\/v2\/media?parent=242777"}],"wp:term":[{"taxonomy":"category","embeddable":true,"href":"https:\/\/www.manaus.am.gov.br\/semcom\/wp-json\/wp\/v2\/categories?post=242777"},{"taxonomy":"post_tag","embeddable":true,"href":"https:\/\/www.manaus.am.gov.br\/semcom\/wp-json\/wp\/v2\/tags?post=242777"}],"curies":[{"name":"wp","href":"https:\/\/api.w.org\/{rel}","templated":true}]}}