{"id":242726,"date":"2025-07-28T18:10:23","date_gmt":"2025-07-28T21:10:23","guid":{"rendered":"https:\/\/www.manaus.am.gov.br\/semcom\/posse-novas-desembargadoras-tj-am\/"},"modified":"2025-07-28T18:14:39","modified_gmt":"2025-07-28T21:14:39","slug":"posse-novas-desembargadoras-tj-am","status":"publish","type":"post","link":"https:\/\/www.manaus.am.gov.br\/semcom\/posse-novas-desembargadoras-tj-am\/","title":{"rendered":"Prefeito David Almeida prestigia posse de novas desembargadoras e refor\u00e7a compromisso com a valoriza\u00e7\u00e3o das mulheres no poder"},"content":{"rendered":"\n<p>O prefeito de Manaus, David Almeida, participou, na manh\u00e3 desta segunda-feira, 28\/7, da cerim\u00f4nia de posse das magistradas Lia Maria Guedes de Freitas e Ida Maria Costa de Andrade ao cargo de desembargadoras do Tribunal de Justi\u00e7a do Estado do Amazonas (TJ-AM). A solenidade foi realizada no audit\u00f3rio do centro administrativo Desembargador Jos\u00e9 de Jesus Ferreira Lopes, anexo \u00e0 sede do TJ-AM, na zona Centro-Sul da capital.<\/p>\n\n\n\n<p>Com a ascens\u00e3o das duas ju\u00edzas, a Corte passa a contar com 10 mulheres em sua composi\u00e7\u00e3o atual de 26 membros, alcan\u00e7ando o percentual de 38,4% de representatividade feminina no 2\u00ba Grau do Judici\u00e1rio amazonense, um avan\u00e7o hist\u00f3rico, viabilizado, em parte, pela Resolu\u00e7\u00e3o n\u00ba 525\/2023 do Conselho Nacional de Justi\u00e7a (CNJ), que promove maior equidade de g\u00eanero nos tribunais do pa\u00eds.<\/p>\n\n\n\n<p>A ju\u00edza Ida Maria foi promovida por merecimento, a partir de uma lista exclusivamente feminina, enquanto Lia Maria ascendeu pelo crit\u00e9rio de antiguidade, por aclama\u00e7\u00e3o. Ambas j\u00e1 atuavam como ju\u00edzas convocadas, substituindo desembargadores aposentados.<\/p>\n\n\n\n<p>Presente \u00e0 cerim\u00f4nia, o prefeito David Almeida destacou o simbolismo do momento e a import\u00e2ncia da presen\u00e7a feminina nas institui\u00e7\u00f5es p\u00fablicas.<\/p>\n\n\n\n<p>\u201cEssa posse \u00e9 mais que uma cerim\u00f4nia formal, \u00e9 um sinal claro de que a compet\u00eancia, a dedica\u00e7\u00e3o e a sensibilidade das mulheres est\u00e3o moldando o presente e o futuro das nossas institui\u00e7\u00f5es. O tribunal de Justi\u00e7a d\u00e1 um exemplo que precisa ser replicado em outros espa\u00e7os de poder. Em nossa gest\u00e3o, 20 mulheres ocupam cargos estrat\u00e9gicos no primeiro e segundo escal\u00f5es da prefeitura, como secret\u00e1rias e subsecret\u00e1rias. E isso tem feito a diferen\u00e7a. A presen\u00e7a feminina traz um olhar mais atento, humano e eficiente para a administra\u00e7\u00e3o p\u00fablica\u201d, afirmou.<\/p>\n\n\n\n<p>O prefeito tamb\u00e9m fez quest\u00e3o de parabenizar publicamente as novas desembargadoras. \u201cParabenizo as doutoras Lia Guedes e Ida Maria pela merecida promo\u00e7\u00e3o. Suas trajet\u00f3rias honram a magistratura amazonense e inspiram uma nova gera\u00e7\u00e3o de mulheres a ocuparem espa\u00e7os de lideran\u00e7a com \u00e9tica, compet\u00eancia e dedica\u00e7\u00e3o\u201d, disse.<\/p>\n\n\n\n<p>O presidente do TJ-AM, desembargador Jomar Ricardo Fernandes, emocionou-se ao relembrar momentos de conviv\u00eancia e admira\u00e7\u00e3o pelas duas novas desembargadoras. Ele enfatizou a humildade, generosidade e empatia de Lia Guedes, afirmando que sua chegada engrandece a Corte e fortalece os valores humanos dentro do Judici\u00e1rio. Em rela\u00e7\u00e3o a Ida Maria, exaltou sua longa trajet\u00f3ria de mais de 30 anos na magistratura e seu compromisso constante com o aperfei\u00e7oamento e a excel\u00eancia, refor\u00e7ando os la\u00e7os familiares e afetivos que unem suas hist\u00f3rias.<\/p>\n\n\n\n<p>\u201cVoc\u00eas, Marias, s\u00e3o especiais. Voc\u00eas, mulheres, s\u00e3o divinas. Sejam muito bem-vindas novamente. A presen\u00e7a feminina mostra-se cada vez mais firme e marcante nos espa\u00e7os de decis\u00e3o e lideran\u00e7a do Judici\u00e1rio\u201d, declarou o presidente.<\/p>\n\n\n\n<p>Tamb\u00e9m presente \u00e0 solenidade, o ministro e corregedor nacional de Justi\u00e7a, Mauro Campbell Marques, elogiou a trajet\u00f3ria das magistradas e destacou a relev\u00e2ncia da representatividade feminina no fortalecimento das institui\u00e7\u00f5es. Para ele, a atua\u00e7\u00e3o de Lia e Ida contribui diretamente para o desenvolvimento do Amazonas e para a promo\u00e7\u00e3o de uma Justi\u00e7a mais sens\u00edvel e comprometida com os valores democr\u00e1ticos.<\/p>\n\n\n\n<p>\u201cA ascens\u00e3o das novas desembargadoras representa um ganho para o Judici\u00e1rio e para a cidadania. Elas inspiram com seus exemplos de dignidade, dedica\u00e7\u00e3o e busca pela excel\u00eancia\u201d, pontuou.<\/p>\n\n\n\n<p>A cerim\u00f4nia contou com a presen\u00e7a de diversas autoridades e foi marcada por homenagens emocionadas. As duas novas integrantes do Pleno do TJ-AM possuem carreiras consolidadas e s\u00e3o reconhecidas por sua atua\u00e7\u00e3o t\u00e9cnica, compromisso institucional e contribui\u00e7\u00e3o \u00e0 Justi\u00e7a no Estado.<\/p>\n\n\n\n<p>Com a posse de Lia e Ida, o TJ-AM avan\u00e7a em representatividade e reafirma seu compromisso com os princ\u00edpios democr\u00e1ticos, a equidade de g\u00eanero e a promo\u00e7\u00e3o de uma Justi\u00e7a mais plural e humanizada.<\/p>\n\n\n\n<p>&#8212; &#8212; &#8212;<\/p>\n\n\n\n<p><strong>Texto &#8211;<\/strong>&nbsp;Emanuelle Baires\/Semcom-Prefeito<\/p>\n\n\n\n<p><strong>Fotos<\/strong> &#8211; Dhyeizo Lemos\/Semcom-Prefeito<\/p>\n\n\n\n<p><strong>Dispon\u00edveis em &#8211; <\/strong><a href=\"https:\/\/flic.kr\/s\/aHBqjCorHz\">https:\/\/flic.kr\/s\/aHBqjCorHz<\/a><\/p>\n","protected":false},"excerpt":{"rendered":"","protected":false},"author":39,"featured_media":242727,"comment_status":"closed","ping_status":"closed","sticky":false,"template":"","format":"standard","meta":{"footnotes":""},"categories":[15],"tags":[35,15976,77,365,15977],"acf":[],"yoast_head":"<!-- This site is optimized with the Yoast SEO plugin v23.0 - https:\/\/yoast.com\/wordpress\/plugins\/seo\/ -->\n<title>Prefeito David Almeida prestigia posse de novas desembargadoras<\/title>\n<meta name=\"description\" content=\"Prefeito David Almeida prestigia posse de novas desembargadoras e refor\u00e7a compromisso com a valoriza\u00e7\u00e3o das mulheres no poder.\" \/>\n<meta name=\"robots\" content=\"index, follow, max-snippet:-1, max-image-preview:large, max-video-preview:-1\" \/>\n<link rel=\"canonical\" href=\"https:\/\/www.manaus.am.gov.br\/semcom\/posse-novas-desembargadoras-tj-am\/\" \/>\n<meta property=\"og:locale\" content=\"pt_BR\" \/>\n<meta property=\"og:type\" content=\"article\" \/>\n<meta property=\"og:title\" content=\"Prefeito David Almeida prestigia posse de novas desembargadoras\" \/>\n<meta property=\"og:description\" content=\"Prefeito David Almeida prestigia posse de novas desembargadoras e refor\u00e7a compromisso com a valoriza\u00e7\u00e3o das mulheres no poder.\" \/>\n<meta property=\"og:url\" content=\"https:\/\/www.manaus.am.gov.br\/semcom\/posse-novas-desembargadoras-tj-am\/\" \/>\n<meta property=\"og:site_name\" content=\"SEMCOM\" \/>\n<meta property=\"article:published_time\" content=\"2025-07-28T21:10:23+00:00\" \/>\n<meta property=\"article:modified_time\" content=\"2025-07-28T21:14:39+00:00\" \/>\n<meta property=\"og:image\" content=\"https:\/\/www.manaus.am.gov.br\/semcom\/wp-content\/uploads\/sites\/5\/2025\/07\/WhatsApp-Image-2025-07-28-at-16.30.54.jpeg\" \/>\n\t<meta property=\"og:image:width\" content=\"4160\" \/>\n\t<meta property=\"og:image:height\" content=\"2773\" \/>\n\t<meta property=\"og:image:type\" content=\"image\/jpeg\" \/>\n<meta name=\"author\" content=\"Bruna Greco\" \/>\n<meta name=\"twitter:card\" content=\"summary_large_image\" \/>\n<meta name=\"twitter:label1\" content=\"Written by\" \/>\n\t<meta name=\"twitter:data1\" content=\"Bruna Greco\" \/>\n\t<meta name=\"twitter:label2\" content=\"Est. reading time\" \/>\n\t<meta name=\"twitter:data2\" content=\"4 minutos\" \/>\n<script type=\"application\/ld+json\" class=\"yoast-schema-graph\">{\"@context\":\"https:\/\/schema.org\",\"@graph\":[{\"@type\":\"WebPage\",\"@id\":\"https:\/\/www.manaus.am.gov.br\/semcom\/posse-novas-desembargadoras-tj-am\/\",\"url\":\"https:\/\/www.manaus.am.gov.br\/semcom\/posse-novas-desembargadoras-tj-am\/\",\"name\":\"Prefeito David Almeida prestigia posse de novas desembargadoras\",\"isPartOf\":{\"@id\":\"https:\/\/www.manaus.am.gov.br\/semcom\/#website\"},\"primaryImageOfPage\":{\"@id\":\"https:\/\/www.manaus.am.gov.br\/semcom\/posse-novas-desembargadoras-tj-am\/#primaryimage\"},\"image\":{\"@id\":\"https:\/\/www.manaus.am.gov.br\/semcom\/posse-novas-desembargadoras-tj-am\/#primaryimage\"},\"thumbnailUrl\":\"https:\/\/www.manaus.am.gov.br\/semcom\/wp-content\/uploads\/sites\/5\/2025\/07\/WhatsApp-Image-2025-07-28-at-16.30.54.jpeg\",\"datePublished\":\"2025-07-28T21:10:23+00:00\",\"dateModified\":\"2025-07-28T21:14:39+00:00\",\"author\":{\"@id\":\"https:\/\/www.manaus.am.gov.br\/semcom\/#\/schema\/person\/05d223aea2bf115f9883a6ff3683d81b\"},\"description\":\"Prefeito David Almeida prestigia posse de novas desembargadoras e refor\u00e7a compromisso com a valoriza\u00e7\u00e3o das mulheres no poder.\",\"inLanguage\":\"pt-BR\",\"potentialAction\":[{\"@type\":\"ReadAction\",\"target\":[\"https:\/\/www.manaus.am.gov.br\/semcom\/posse-novas-desembargadoras-tj-am\/\"]}]},{\"@type\":\"ImageObject\",\"inLanguage\":\"pt-BR\",\"@id\":\"https:\/\/www.manaus.am.gov.br\/semcom\/posse-novas-desembargadoras-tj-am\/#primaryimage\",\"url\":\"https:\/\/www.manaus.am.gov.br\/semcom\/wp-content\/uploads\/sites\/5\/2025\/07\/WhatsApp-Image-2025-07-28-at-16.30.54.jpeg\",\"contentUrl\":\"https:\/\/www.manaus.am.gov.br\/semcom\/wp-content\/uploads\/sites\/5\/2025\/07\/WhatsApp-Image-2025-07-28-at-16.30.54.jpeg\",\"width\":4160,\"height\":2773,\"caption\":\"#paratodosverem - Prefeito de Manaus, David Almeida, em cerim\u00f4nia de posse das novas desembargadoras do TJ-AM\"},{\"@type\":\"WebSite\",\"@id\":\"https:\/\/www.manaus.am.gov.br\/semcom\/#website\",\"url\":\"https:\/\/www.manaus.am.gov.br\/semcom\/\",\"name\":\"SEMCOM\",\"description\":\"Secretaria Municipal de Comunica\u00e7\u00e3o\",\"potentialAction\":[{\"@type\":\"SearchAction\",\"target\":{\"@type\":\"EntryPoint\",\"urlTemplate\":\"https:\/\/www.manaus.am.gov.br\/semcom\/?s={search_term_string}\"},\"query-input\":\"required name=search_term_string\"}],\"inLanguage\":\"pt-BR\"},{\"@type\":\"Person\",\"@id\":\"https:\/\/www.manaus.am.gov.br\/semcom\/#\/schema\/person\/05d223aea2bf115f9883a6ff3683d81b\",\"name\":\"Bruna Greco\",\"image\":{\"@type\":\"ImageObject\",\"inLanguage\":\"pt-BR\",\"@id\":\"https:\/\/www.manaus.am.gov.br\/semcom\/#\/schema\/person\/image\/\",\"url\":\"https:\/\/secure.gravatar.com\/avatar\/9c877d1a6adc2a055330e5c09a8653ce?s=96&d=mm&r=g\",\"contentUrl\":\"https:\/\/secure.gravatar.com\/avatar\/9c877d1a6adc2a055330e5c09a8653ce?s=96&d=mm&r=g\",\"caption\":\"Bruna Greco\"}}]}<\/script>\n<!-- \/ Yoast SEO plugin. -->","yoast_head_json":{"title":"Prefeito David Almeida prestigia posse de novas desembargadoras","description":"Prefeito David Almeida prestigia posse de novas desembargadoras e refor\u00e7a compromisso com a valoriza\u00e7\u00e3o das mulheres no poder.","robots":{"index":"index","follow":"follow","max-snippet":"max-snippet:-1","max-image-preview":"max-image-preview:large","max-video-preview":"max-video-preview:-1"},"canonical":"https:\/\/www.manaus.am.gov.br\/semcom\/posse-novas-desembargadoras-tj-am\/","og_locale":"pt_BR","og_type":"article","og_title":"Prefeito David Almeida prestigia posse de novas desembargadoras","og_description":"Prefeito David Almeida prestigia posse de novas desembargadoras e refor\u00e7a compromisso com a valoriza\u00e7\u00e3o das mulheres no poder.","og_url":"https:\/\/www.manaus.am.gov.br\/semcom\/posse-novas-desembargadoras-tj-am\/","og_site_name":"SEMCOM","article_published_time":"2025-07-28T21:10:23+00:00","article_modified_time":"2025-07-28T21:14:39+00:00","og_image":[{"width":4160,"height":2773,"url":"https:\/\/www.manaus.am.gov.br\/semcom\/wp-content\/uploads\/sites\/5\/2025\/07\/WhatsApp-Image-2025-07-28-at-16.30.54.jpeg","type":"image\/jpeg"}],"author":"Bruna Greco","twitter_card":"summary_large_image","twitter_misc":{"Written by":"Bruna Greco","Est. reading time":"4 minutos"},"schema":{"@context":"https:\/\/schema.org","@graph":[{"@type":"WebPage","@id":"https:\/\/www.manaus.am.gov.br\/semcom\/posse-novas-desembargadoras-tj-am\/","url":"https:\/\/www.manaus.am.gov.br\/semcom\/posse-novas-desembargadoras-tj-am\/","name":"Prefeito David Almeida prestigia posse de novas desembargadoras","isPartOf":{"@id":"https:\/\/www.manaus.am.gov.br\/semcom\/#website"},"primaryImageOfPage":{"@id":"https:\/\/www.manaus.am.gov.br\/semcom\/posse-novas-desembargadoras-tj-am\/#primaryimage"},"image":{"@id":"https:\/\/www.manaus.am.gov.br\/semcom\/posse-novas-desembargadoras-tj-am\/#primaryimage"},"thumbnailUrl":"https:\/\/www.manaus.am.gov.br\/semcom\/wp-content\/uploads\/sites\/5\/2025\/07\/WhatsApp-Image-2025-07-28-at-16.30.54.jpeg","datePublished":"2025-07-28T21:10:23+00:00","dateModified":"2025-07-28T21:14:39+00:00","author":{"@id":"https:\/\/www.manaus.am.gov.br\/semcom\/#\/schema\/person\/05d223aea2bf115f9883a6ff3683d81b"},"description":"Prefeito David Almeida prestigia posse de novas desembargadoras e refor\u00e7a compromisso com a valoriza\u00e7\u00e3o das mulheres no poder.","inLanguage":"pt-BR","potentialAction":[{"@type":"ReadAction","target":["https:\/\/www.manaus.am.gov.br\/semcom\/posse-novas-desembargadoras-tj-am\/"]}]},{"@type":"ImageObject","inLanguage":"pt-BR","@id":"https:\/\/www.manaus.am.gov.br\/semcom\/posse-novas-desembargadoras-tj-am\/#primaryimage","url":"https:\/\/www.manaus.am.gov.br\/semcom\/wp-content\/uploads\/sites\/5\/2025\/07\/WhatsApp-Image-2025-07-28-at-16.30.54.jpeg","contentUrl":"https:\/\/www.manaus.am.gov.br\/semcom\/wp-content\/uploads\/sites\/5\/2025\/07\/WhatsApp-Image-2025-07-28-at-16.30.54.jpeg","width":4160,"height":2773,"caption":"#paratodosverem - Prefeito de Manaus, David Almeida, em cerim\u00f4nia de posse das novas desembargadoras do TJ-AM"},{"@type":"WebSite","@id":"https:\/\/www.manaus.am.gov.br\/semcom\/#website","url":"https:\/\/www.manaus.am.gov.br\/semcom\/","name":"SEMCOM","description":"Secretaria Municipal de Comunica\u00e7\u00e3o","potentialAction":[{"@type":"SearchAction","target":{"@type":"EntryPoint","urlTemplate":"https:\/\/www.manaus.am.gov.br\/semcom\/?s={search_term_string}"},"query-input":"required name=search_term_string"}],"inLanguage":"pt-BR"},{"@type":"Person","@id":"https:\/\/www.manaus.am.gov.br\/semcom\/#\/schema\/person\/05d223aea2bf115f9883a6ff3683d81b","name":"Bruna Greco","image":{"@type":"ImageObject","inLanguage":"pt-BR","@id":"https:\/\/www.manaus.am.gov.br\/semcom\/#\/schema\/person\/image\/","url":"https:\/\/secure.gravatar.com\/avatar\/9c877d1a6adc2a055330e5c09a8653ce?s=96&d=mm&r=g","contentUrl":"https:\/\/secure.gravatar.com\/avatar\/9c877d1a6adc2a055330e5c09a8653ce?s=96&d=mm&r=g","caption":"Bruna Greco"}}]}},"_links":{"self":[{"href":"https:\/\/www.manaus.am.gov.br\/semcom\/wp-json\/wp\/v2\/posts\/242726"}],"collection":[{"href":"https:\/\/www.manaus.am.gov.br\/semcom\/wp-json\/wp\/v2\/posts"}],"about":[{"href":"https:\/\/www.manaus.am.gov.br\/semcom\/wp-json\/wp\/v2\/types\/post"}],"author":[{"embeddable":true,"href":"https:\/\/www.manaus.am.gov.br\/semcom\/wp-json\/wp\/v2\/users\/39"}],"replies":[{"embeddable":true,"href":"https:\/\/www.manaus.am.gov.br\/semcom\/wp-json\/wp\/v2\/comments?post=242726"}],"version-history":[{"count":1,"href":"https:\/\/www.manaus.am.gov.br\/semcom\/wp-json\/wp\/v2\/posts\/242726\/revisions"}],"predecessor-version":[{"id":242728,"href":"https:\/\/www.manaus.am.gov.br\/semcom\/wp-json\/wp\/v2\/posts\/242726\/revisions\/242728"}],"wp:featuredmedia":[{"embeddable":true,"href":"https:\/\/www.manaus.am.gov.br\/semcom\/wp-json\/wp\/v2\/media\/242727"}],"wp:attachment":[{"href":"https:\/\/www.manaus.am.gov.br\/semcom\/wp-json\/wp\/v2\/media?parent=242726"}],"wp:term":[{"taxonomy":"category","embeddable":true,"href":"https:\/\/www.manaus.am.gov.br\/semcom\/wp-json\/wp\/v2\/categories?post=242726"},{"taxonomy":"post_tag","embeddable":true,"href":"https:\/\/www.manaus.am.gov.br\/semcom\/wp-json\/wp\/v2\/tags?post=242726"}],"curies":[{"name":"wp","href":"https:\/\/api.w.org\/{rel}","templated":true}]}}