{"id":242686,"date":"2025-07-26T17:03:40","date_gmt":"2025-07-26T20:03:40","guid":{"rendered":"https:\/\/www.manaus.am.gov.br\/semcom\/encontro-nacional-da-fnp\/"},"modified":"2025-07-26T17:04:28","modified_gmt":"2025-07-26T20:04:28","slug":"encontro-nacional-da-fnp","status":"publish","type":"post","link":"https:\/\/www.manaus.am.gov.br\/semcom\/encontro-nacional-da-fnp\/","title":{"rendered":"Prefeitura de Manaus apresenta boas pr\u00e1ticas em resposta a desastres durante encontro nacional da FNP"},"content":{"rendered":"\n<p>A Prefeitura de Manaus, por meio da Secretaria Executiva de Prote\u00e7\u00e3o e Defesa Civil Municipal (Sepdec), vinculada \u00e0 Secretaria Municipal de Seguran\u00e7a P\u00fablica e Defesa Social (Semseg), participou, na sexta-feira, 25\/7, da reuni\u00e3o da Comiss\u00e3o de Adapta\u00e7\u00e3o Urbana e Preven\u00e7\u00e3o de Desastres (Casd), promovida pela Frente Nacional de Prefeitas e Prefeitos (FNP), em Bras\u00edlia (DF).<\/p>\n\n\n\n<p>O encontro reuniu gestores municipais de todo o pa\u00eds para discutir pol\u00edticas p\u00fablicas voltadas \u00e0 gest\u00e3o de riscos, adapta\u00e7\u00e3o urbana e fortalecimento da resili\u00eancia das cidades.<\/p>\n\n\n\n<p>Representando a capital amazonense, o secret\u00e1rio-executivo da Defesa Civil, coronel Lima J\u00fanior, apresentou o programa \u201cBoas Pr\u00e1ticas para Constru\u00e7\u00e3o de Pontes Provis\u00f3rias\u201d, desenvolvido durante a opera\u00e7\u00e3o \u201cCheia 2025\u201d. A a\u00e7\u00e3o, classificada como resposta da Defesa Civil, garante acessibilidade e manuten\u00e7\u00e3o de servi\u00e7os essenciais \u00e0s comunidades afetadas pelas inunda\u00e7\u00f5es, com o apoio das secretarias municipais de Sa\u00fade (Semsa) e da Mulher, Assist\u00eancia Social e Cidadania (Semasc).<\/p>\n\n\n\n<p>\u201cA constru\u00e7\u00e3o de pontes provis\u00f3rias \u00e9 um exemplo concreto de como garantir o direito de ir e vir e o acesso a servi\u00e7os b\u00e1sicos durante as cheias\u201d, destacou o secret\u00e1rio.<\/p>\n\n\n\n<p>Durante a reuni\u00e3o, a FNP lan\u00e7ou, por meio do Centro de Apoio \u00e0 Resili\u00eancia e Desastres (Card), a plataforma nacional de Boas Pr\u00e1ticas, que permitir\u00e1 o compartilhamento de experi\u00eancias entre os munic\u00edpios. Dez cidades, incluindo Salvador, Rio Branco e Manaus, apresentaram projetos.<\/p>\n\n\n\n<p>A participa\u00e7\u00e3o da Defesa Civil de Manaus refor\u00e7a o compromisso da prefeitura com a prote\u00e7\u00e3o da popula\u00e7\u00e3o, a pronta resposta a desastres e o fortalecimento das capacidades locais, por meio da integra\u00e7\u00e3o e troca de experi\u00eancias bem-sucedidas.<\/p>\n\n\n\n<p><strong>\u2014 \u2014 \u2014<\/strong><strong><br><\/strong><strong>Texto e fotos &#8211;<\/strong> Divulga\u00e7\u00e3o \/ Semseg<\/p>\n","protected":false},"excerpt":{"rendered":"","protected":false},"author":68,"featured_media":242687,"comment_status":"closed","ping_status":"closed","sticky":false,"template":"","format":"standard","meta":{"footnotes":""},"categories":[6005],"tags":[77,15958],"acf":[],"yoast_head":"<!-- This site is optimized with the Yoast SEO plugin v23.0 - https:\/\/yoast.com\/wordpress\/plugins\/seo\/ -->\n<title>Prefeitura de Manaus apresenta boas pr\u00e1ticas em resposta a desastres durante encontro nacional da FNP<\/title>\n<meta name=\"description\" content=\"A Prefeitura de Manaus, por meio da Secretaria Executiva de Prote\u00e7\u00e3o e Defesa Civil Municipal (Sepdec), vinculada \u00e0 Secretaria Municipal de Seguran\u00e7a P\u00fablica e Defesa Social (Semseg), participou, na sexta-feira, 25\/7, da reuni\u00e3o da Comiss\u00e3o de Adapta\u00e7\u00e3o Urbana e Preven\u00e7\u00e3o de Desastres (Casd), promovida pela Frente Nacional de Prefeitas e Prefeitos (FNP), em Bras\u00edlia (DF).\" \/>\n<meta name=\"robots\" content=\"index, follow, max-snippet:-1, max-image-preview:large, max-video-preview:-1\" \/>\n<link rel=\"canonical\" href=\"https:\/\/www.manaus.am.gov.br\/semcom\/encontro-nacional-da-fnp\/\" \/>\n<meta property=\"og:locale\" content=\"pt_BR\" \/>\n<meta property=\"og:type\" content=\"article\" \/>\n<meta property=\"og:title\" content=\"Prefeitura de Manaus apresenta boas pr\u00e1ticas em resposta a desastres durante encontro nacional da FNP\" \/>\n<meta property=\"og:description\" content=\"A Prefeitura de Manaus, por meio da Secretaria Executiva de Prote\u00e7\u00e3o e Defesa Civil Municipal (Sepdec), vinculada \u00e0 Secretaria Municipal de Seguran\u00e7a P\u00fablica e Defesa Social (Semseg), participou, na sexta-feira, 25\/7, da reuni\u00e3o da Comiss\u00e3o de Adapta\u00e7\u00e3o Urbana e Preven\u00e7\u00e3o de Desastres (Casd), promovida pela Frente Nacional de Prefeitas e Prefeitos (FNP), em Bras\u00edlia (DF).\" \/>\n<meta property=\"og:url\" content=\"https:\/\/www.manaus.am.gov.br\/semcom\/encontro-nacional-da-fnp\/\" \/>\n<meta property=\"og:site_name\" content=\"SEMCOM\" \/>\n<meta property=\"article:published_time\" content=\"2025-07-26T20:03:40+00:00\" \/>\n<meta property=\"article:modified_time\" content=\"2025-07-26T20:04:28+00:00\" \/>\n<meta property=\"og:image\" content=\"https:\/\/www.manaus.am.gov.br\/semcom\/wp-content\/uploads\/sites\/5\/2025\/07\/Prefeitura-de-Manaus-apresenta-boas-praticas-em-resposta-a-desastres-durante-encontro-nacional-da-FNP-3.jpeg\" \/>\n\t<meta property=\"og:image:width\" content=\"828\" \/>\n\t<meta property=\"og:image:height\" content=\"539\" \/>\n\t<meta property=\"og:image:type\" content=\"image\/jpeg\" \/>\n<meta name=\"author\" content=\"bvalente\" \/>\n<meta name=\"twitter:card\" content=\"summary_large_image\" \/>\n<meta name=\"twitter:label1\" content=\"Written by\" \/>\n\t<meta name=\"twitter:data1\" content=\"bvalente\" \/>\n\t<meta name=\"twitter:label2\" content=\"Est. reading time\" \/>\n\t<meta name=\"twitter:data2\" content=\"2 minutos\" \/>\n<script type=\"application\/ld+json\" class=\"yoast-schema-graph\">{\"@context\":\"https:\/\/schema.org\",\"@graph\":[{\"@type\":\"WebPage\",\"@id\":\"https:\/\/www.manaus.am.gov.br\/semcom\/encontro-nacional-da-fnp\/\",\"url\":\"https:\/\/www.manaus.am.gov.br\/semcom\/encontro-nacional-da-fnp\/\",\"name\":\"Prefeitura de Manaus apresenta boas pr\u00e1ticas em resposta a desastres durante encontro nacional da FNP\",\"isPartOf\":{\"@id\":\"https:\/\/www.manaus.am.gov.br\/semcom\/#website\"},\"primaryImageOfPage\":{\"@id\":\"https:\/\/www.manaus.am.gov.br\/semcom\/encontro-nacional-da-fnp\/#primaryimage\"},\"image\":{\"@id\":\"https:\/\/www.manaus.am.gov.br\/semcom\/encontro-nacional-da-fnp\/#primaryimage\"},\"thumbnailUrl\":\"https:\/\/www.manaus.am.gov.br\/semcom\/wp-content\/uploads\/sites\/5\/2025\/07\/Prefeitura-de-Manaus-apresenta-boas-praticas-em-resposta-a-desastres-durante-encontro-nacional-da-FNP-3.jpeg\",\"datePublished\":\"2025-07-26T20:03:40+00:00\",\"dateModified\":\"2025-07-26T20:04:28+00:00\",\"author\":{\"@id\":\"https:\/\/www.manaus.am.gov.br\/semcom\/#\/schema\/person\/466a0e03ae4b6062809046bd560ac955\"},\"description\":\"A Prefeitura de Manaus, por meio da Secretaria Executiva de Prote\u00e7\u00e3o e Defesa Civil Municipal (Sepdec), vinculada \u00e0 Secretaria Municipal de Seguran\u00e7a P\u00fablica e Defesa Social (Semseg), participou, na sexta-feira, 25\/7, da reuni\u00e3o da Comiss\u00e3o de Adapta\u00e7\u00e3o Urbana e Preven\u00e7\u00e3o de Desastres (Casd), promovida pela Frente Nacional de Prefeitas e Prefeitos (FNP), em Bras\u00edlia (DF).\",\"inLanguage\":\"pt-BR\",\"potentialAction\":[{\"@type\":\"ReadAction\",\"target\":[\"https:\/\/www.manaus.am.gov.br\/semcom\/encontro-nacional-da-fnp\/\"]}]},{\"@type\":\"ImageObject\",\"inLanguage\":\"pt-BR\",\"@id\":\"https:\/\/www.manaus.am.gov.br\/semcom\/encontro-nacional-da-fnp\/#primaryimage\",\"url\":\"https:\/\/www.manaus.am.gov.br\/semcom\/wp-content\/uploads\/sites\/5\/2025\/07\/Prefeitura-de-Manaus-apresenta-boas-praticas-em-resposta-a-desastres-durante-encontro-nacional-da-FNP-3.jpeg\",\"contentUrl\":\"https:\/\/www.manaus.am.gov.br\/semcom\/wp-content\/uploads\/sites\/5\/2025\/07\/Prefeitura-de-Manaus-apresenta-boas-praticas-em-resposta-a-desastres-durante-encontro-nacional-da-FNP-3.jpeg\",\"width\":828,\"height\":539},{\"@type\":\"WebSite\",\"@id\":\"https:\/\/www.manaus.am.gov.br\/semcom\/#website\",\"url\":\"https:\/\/www.manaus.am.gov.br\/semcom\/\",\"name\":\"SEMCOM\",\"description\":\"Secretaria Municipal de Comunica\u00e7\u00e3o\",\"potentialAction\":[{\"@type\":\"SearchAction\",\"target\":{\"@type\":\"EntryPoint\",\"urlTemplate\":\"https:\/\/www.manaus.am.gov.br\/semcom\/?s={search_term_string}\"},\"query-input\":\"required name=search_term_string\"}],\"inLanguage\":\"pt-BR\"},{\"@type\":\"Person\",\"@id\":\"https:\/\/www.manaus.am.gov.br\/semcom\/#\/schema\/person\/466a0e03ae4b6062809046bd560ac955\",\"name\":\"bvalente\",\"image\":{\"@type\":\"ImageObject\",\"inLanguage\":\"pt-BR\",\"@id\":\"https:\/\/www.manaus.am.gov.br\/semcom\/#\/schema\/person\/image\/\",\"url\":\"https:\/\/secure.gravatar.com\/avatar\/3e69bc2b014bdad41adfec3a39de07d2?s=96&d=mm&r=g\",\"contentUrl\":\"https:\/\/secure.gravatar.com\/avatar\/3e69bc2b014bdad41adfec3a39de07d2?s=96&d=mm&r=g\",\"caption\":\"bvalente\"}}]}<\/script>\n<!-- \/ Yoast SEO plugin. -->","yoast_head_json":{"title":"Prefeitura de Manaus apresenta boas pr\u00e1ticas em resposta a desastres durante encontro nacional da FNP","description":"A Prefeitura de Manaus, por meio da Secretaria Executiva de Prote\u00e7\u00e3o e Defesa Civil Municipal (Sepdec), vinculada \u00e0 Secretaria Municipal de Seguran\u00e7a P\u00fablica e Defesa Social (Semseg), participou, na sexta-feira, 25\/7, da reuni\u00e3o da Comiss\u00e3o de Adapta\u00e7\u00e3o Urbana e Preven\u00e7\u00e3o de Desastres (Casd), promovida pela Frente Nacional de Prefeitas e Prefeitos (FNP), em Bras\u00edlia (DF).","robots":{"index":"index","follow":"follow","max-snippet":"max-snippet:-1","max-image-preview":"max-image-preview:large","max-video-preview":"max-video-preview:-1"},"canonical":"https:\/\/www.manaus.am.gov.br\/semcom\/encontro-nacional-da-fnp\/","og_locale":"pt_BR","og_type":"article","og_title":"Prefeitura de Manaus apresenta boas pr\u00e1ticas em resposta a desastres durante encontro nacional da FNP","og_description":"A Prefeitura de Manaus, por meio da Secretaria Executiva de Prote\u00e7\u00e3o e Defesa Civil Municipal (Sepdec), vinculada \u00e0 Secretaria Municipal de Seguran\u00e7a P\u00fablica e Defesa Social (Semseg), participou, na sexta-feira, 25\/7, da reuni\u00e3o da Comiss\u00e3o de Adapta\u00e7\u00e3o Urbana e Preven\u00e7\u00e3o de Desastres (Casd), promovida pela Frente Nacional de Prefeitas e Prefeitos (FNP), em Bras\u00edlia (DF).","og_url":"https:\/\/www.manaus.am.gov.br\/semcom\/encontro-nacional-da-fnp\/","og_site_name":"SEMCOM","article_published_time":"2025-07-26T20:03:40+00:00","article_modified_time":"2025-07-26T20:04:28+00:00","og_image":[{"width":828,"height":539,"url":"https:\/\/www.manaus.am.gov.br\/semcom\/wp-content\/uploads\/sites\/5\/2025\/07\/Prefeitura-de-Manaus-apresenta-boas-praticas-em-resposta-a-desastres-durante-encontro-nacional-da-FNP-3.jpeg","type":"image\/jpeg"}],"author":"bvalente","twitter_card":"summary_large_image","twitter_misc":{"Written by":"bvalente","Est. reading time":"2 minutos"},"schema":{"@context":"https:\/\/schema.org","@graph":[{"@type":"WebPage","@id":"https:\/\/www.manaus.am.gov.br\/semcom\/encontro-nacional-da-fnp\/","url":"https:\/\/www.manaus.am.gov.br\/semcom\/encontro-nacional-da-fnp\/","name":"Prefeitura de Manaus apresenta boas pr\u00e1ticas em resposta a desastres durante encontro nacional da FNP","isPartOf":{"@id":"https:\/\/www.manaus.am.gov.br\/semcom\/#website"},"primaryImageOfPage":{"@id":"https:\/\/www.manaus.am.gov.br\/semcom\/encontro-nacional-da-fnp\/#primaryimage"},"image":{"@id":"https:\/\/www.manaus.am.gov.br\/semcom\/encontro-nacional-da-fnp\/#primaryimage"},"thumbnailUrl":"https:\/\/www.manaus.am.gov.br\/semcom\/wp-content\/uploads\/sites\/5\/2025\/07\/Prefeitura-de-Manaus-apresenta-boas-praticas-em-resposta-a-desastres-durante-encontro-nacional-da-FNP-3.jpeg","datePublished":"2025-07-26T20:03:40+00:00","dateModified":"2025-07-26T20:04:28+00:00","author":{"@id":"https:\/\/www.manaus.am.gov.br\/semcom\/#\/schema\/person\/466a0e03ae4b6062809046bd560ac955"},"description":"A Prefeitura de Manaus, por meio da Secretaria Executiva de Prote\u00e7\u00e3o e Defesa Civil Municipal (Sepdec), vinculada \u00e0 Secretaria Municipal de Seguran\u00e7a P\u00fablica e Defesa Social (Semseg), participou, na sexta-feira, 25\/7, da reuni\u00e3o da Comiss\u00e3o de Adapta\u00e7\u00e3o Urbana e Preven\u00e7\u00e3o de Desastres (Casd), promovida pela Frente Nacional de Prefeitas e Prefeitos (FNP), em Bras\u00edlia (DF).","inLanguage":"pt-BR","potentialAction":[{"@type":"ReadAction","target":["https:\/\/www.manaus.am.gov.br\/semcom\/encontro-nacional-da-fnp\/"]}]},{"@type":"ImageObject","inLanguage":"pt-BR","@id":"https:\/\/www.manaus.am.gov.br\/semcom\/encontro-nacional-da-fnp\/#primaryimage","url":"https:\/\/www.manaus.am.gov.br\/semcom\/wp-content\/uploads\/sites\/5\/2025\/07\/Prefeitura-de-Manaus-apresenta-boas-praticas-em-resposta-a-desastres-durante-encontro-nacional-da-FNP-3.jpeg","contentUrl":"https:\/\/www.manaus.am.gov.br\/semcom\/wp-content\/uploads\/sites\/5\/2025\/07\/Prefeitura-de-Manaus-apresenta-boas-praticas-em-resposta-a-desastres-durante-encontro-nacional-da-FNP-3.jpeg","width":828,"height":539},{"@type":"WebSite","@id":"https:\/\/www.manaus.am.gov.br\/semcom\/#website","url":"https:\/\/www.manaus.am.gov.br\/semcom\/","name":"SEMCOM","description":"Secretaria Municipal de Comunica\u00e7\u00e3o","potentialAction":[{"@type":"SearchAction","target":{"@type":"EntryPoint","urlTemplate":"https:\/\/www.manaus.am.gov.br\/semcom\/?s={search_term_string}"},"query-input":"required name=search_term_string"}],"inLanguage":"pt-BR"},{"@type":"Person","@id":"https:\/\/www.manaus.am.gov.br\/semcom\/#\/schema\/person\/466a0e03ae4b6062809046bd560ac955","name":"bvalente","image":{"@type":"ImageObject","inLanguage":"pt-BR","@id":"https:\/\/www.manaus.am.gov.br\/semcom\/#\/schema\/person\/image\/","url":"https:\/\/secure.gravatar.com\/avatar\/3e69bc2b014bdad41adfec3a39de07d2?s=96&d=mm&r=g","contentUrl":"https:\/\/secure.gravatar.com\/avatar\/3e69bc2b014bdad41adfec3a39de07d2?s=96&d=mm&r=g","caption":"bvalente"}}]}},"_links":{"self":[{"href":"https:\/\/www.manaus.am.gov.br\/semcom\/wp-json\/wp\/v2\/posts\/242686"}],"collection":[{"href":"https:\/\/www.manaus.am.gov.br\/semcom\/wp-json\/wp\/v2\/posts"}],"about":[{"href":"https:\/\/www.manaus.am.gov.br\/semcom\/wp-json\/wp\/v2\/types\/post"}],"author":[{"embeddable":true,"href":"https:\/\/www.manaus.am.gov.br\/semcom\/wp-json\/wp\/v2\/users\/68"}],"replies":[{"embeddable":true,"href":"https:\/\/www.manaus.am.gov.br\/semcom\/wp-json\/wp\/v2\/comments?post=242686"}],"version-history":[{"count":1,"href":"https:\/\/www.manaus.am.gov.br\/semcom\/wp-json\/wp\/v2\/posts\/242686\/revisions"}],"predecessor-version":[{"id":242688,"href":"https:\/\/www.manaus.am.gov.br\/semcom\/wp-json\/wp\/v2\/posts\/242686\/revisions\/242688"}],"wp:featuredmedia":[{"embeddable":true,"href":"https:\/\/www.manaus.am.gov.br\/semcom\/wp-json\/wp\/v2\/media\/242687"}],"wp:attachment":[{"href":"https:\/\/www.manaus.am.gov.br\/semcom\/wp-json\/wp\/v2\/media?parent=242686"}],"wp:term":[{"taxonomy":"category","embeddable":true,"href":"https:\/\/www.manaus.am.gov.br\/semcom\/wp-json\/wp\/v2\/categories?post=242686"},{"taxonomy":"post_tag","embeddable":true,"href":"https:\/\/www.manaus.am.gov.br\/semcom\/wp-json\/wp\/v2\/tags?post=242686"}],"curies":[{"name":"wp","href":"https:\/\/api.w.org\/{rel}","templated":true}]}}