{"id":242649,"date":"2025-07-25T13:32:15","date_gmt":"2025-07-25T17:32:15","guid":{"rendered":"https:\/\/www.manaus.am.gov.br\/semcom\/prefeitura-participa-comissao-de-adaptacao-urbana-e-prevencao-de-desastres-brasilia\/"},"modified":"2025-07-25T13:32:15","modified_gmt":"2025-07-25T17:32:15","slug":"prefeitura-participa-comissao-de-adaptacao-urbana-e-prevencao-de-desastres-brasilia","status":"publish","type":"post","link":"https:\/\/www.manaus.am.gov.br\/semcom\/prefeitura-participa-comissao-de-adaptacao-urbana-e-prevencao-de-desastres-brasilia\/","title":{"rendered":"Prefeitura de Manaus marca presen\u00e7a na Comiss\u00e3o de Adapta\u00e7\u00e3o Urbana e Preven\u00e7\u00e3o de\u00a0Desastres, em Bras\u00edlia"},"content":{"rendered":"\n<p>A Prefeitura de Manaus, por meio da Secretaria Municipal de Seguran\u00e7a P\u00fablica e Defesa Social (Semseg), marca presen\u00e7a, nesta sexta, 25\/7, na Comiss\u00e3o de Adapta\u00e7\u00e3o Urbana e Preven\u00e7\u00e3o de Desastres (Casd) pela Frente Nacional de Prefeitas e Prefeitos (FNP), que acontece em Bras\u00edlia (DF). A cidade foi representada pelo secret\u00e1rio-executivo da Defesa Civil Municipal, coronel Lima J\u00fanior.<\/p>\n\n\n\n<p>Composta por prefeitas e prefeitos de todas as regi\u00f5es do pa\u00eds, a Casd tem como objetivo permanente acompanhar e influenciar a formula\u00e7\u00e3o de pol\u00edticas p\u00fablicas voltadas \u00e0 adapta\u00e7\u00e3o urbana e \u00e0 gest\u00e3o de riscos e desastres, al\u00e9m de atuar junto ao governo federal e aos \u00f3rg\u00e3os respons\u00e1veis pelas agendas de cidades, clima e Defesa Civil, promovendo estrat\u00e9gias e instrumentos que fortale\u00e7am a resili\u00eancia dos munic\u00edpios.<\/p>\n\n\n\n<p>O encontro apresentou os Planos Municipais de Conting\u00eancias para opera\u00e7\u00e3o \u201cCheia 2025\u201d, com representantes municipais de todas as regi\u00f5es buscando um planejamento integrado e sustent\u00e1vel.<\/p>\n\n\n\n<p>Na abertura dos trabalhos, Lima J\u00fanior apresentou o programa de \u201cBoas Pr\u00e1ticas para Constru\u00e7\u00e3o de Pontes Provis\u00f3rias na Mitiga\u00e7\u00e3o dos Impactos da Cheia do rio Negro\u201d, que prev\u00ea um evento severo, ao menos 4.500 fam\u00edlias impactadas, a constru\u00e7\u00e3o de 33 pontes, totalizando cerca de 3.200 metros a serem distribu\u00eddas na capital amazonense, para melhorar a mobilidade urbana e a seguran\u00e7a da popula\u00e7\u00e3o.<\/p>\n\n\n\n<p>\u201cO encontro tem o objetivo de reunir todos os \u00f3rg\u00e3os de Defesa Civil do pa\u00eds. Em conjunto com os parceiros, vamos colocar em pauta desafios e solu\u00e7\u00f5es, visando o alinhamento das informa\u00e7\u00f5es. Dentre os mais de cinco mil munic\u00edpios, Manaus ficou entre os dez contemplados, justamente por conta das boas pr\u00e1ticas, pois na nossa regi\u00e3o j\u00e1 vivemos os extremos de grandes cheias recordes e ainda maiores secas. N\u00f3s nos antecipamos no plano de a\u00e7\u00e3o e aqui no evento vou apresentar todo o planejamento em que prev\u00ea gastos financeiros\u201d, comentou Lima J\u00fanior.<\/p>\n\n\n\n<p>De acordo com o cronograma de trabalho, as obras tiveram in\u00edcio no m\u00eas de abril, quando a cota de emerg\u00eancia foi atingida em 27 metros, os primeiros bairros beneficiados em constru\u00e7\u00e3o de pontes foram o bairro S\u00e3o Jorge, zona Oeste, e bairro Educandos, zona Sul.<\/p>\n\n\n\n<p>O encontro evidenciou como a Prefeitura de Manaus tem atuado de maneira cada vez mais moderna e integrada para enfrentar os efeitos das mudan\u00e7as clim\u00e1ticas.<\/p>\n\n\n\n<figure class=\"wp-block-image size-large\"><img loading=\"lazy\" decoding=\"async\" width=\"1024\" height=\"681\" src=\"https:\/\/www.manaus.am.gov.br\/semcom\/wp-content\/uploads\/sites\/5\/2025\/07\/54678349514_33077f6b42_k-1024x681.jpg\" alt=\"\" class=\"wp-image-242651\" srcset=\"https:\/\/www.manaus.am.gov.br\/semcom\/wp-content\/uploads\/sites\/5\/2025\/07\/54678349514_33077f6b42_k-1024x681.jpg 1024w, https:\/\/www.manaus.am.gov.br\/semcom\/wp-content\/uploads\/sites\/5\/2025\/07\/54678349514_33077f6b42_k-300x200.jpg 300w, https:\/\/www.manaus.am.gov.br\/semcom\/wp-content\/uploads\/sites\/5\/2025\/07\/54678349514_33077f6b42_k-768x511.jpg 768w, https:\/\/www.manaus.am.gov.br\/semcom\/wp-content\/uploads\/sites\/5\/2025\/07\/54678349514_33077f6b42_k-1536x1022.jpg 1536w, https:\/\/www.manaus.am.gov.br\/semcom\/wp-content\/uploads\/sites\/5\/2025\/07\/54678349514_33077f6b42_k.jpg 2048w\" sizes=\"(max-width: 1024px) 100vw, 1024px\" \/><\/figure>\n\n\n\n<p>&#8212; &#8212; &#8212;<\/p>\n\n\n\n<p><strong>Texto<\/strong>&nbsp;\u2013 Marcilene Frutuoso\/Semcom<\/p>\n\n\n\n<p><strong>Fotos \u2013 <\/strong>Divulga\u00e7\u00e3o\/FNP<\/p>\n\n\n\n<p><strong>Dispon\u00edveis em<\/strong> &#8211; <a href=\"https:\/\/flic.kr\/s\/aHBqjCnDQD\">https:\/\/flic.kr\/s\/aHBqjCnDQD<\/a><\/p>\n","protected":false},"excerpt":{"rendered":"","protected":false},"author":39,"featured_media":242650,"comment_status":"closed","ping_status":"closed","sticky":false,"template":"","format":"standard","meta":{"footnotes":""},"categories":[6005],"tags":[1544,15942,346,2126,77],"acf":[],"yoast_head":"<!-- This site is optimized with the Yoast SEO plugin v23.0 - https:\/\/yoast.com\/wordpress\/plugins\/seo\/ -->\n<title>Comiss\u00e3o de Adapta\u00e7\u00e3o Urbana e Preven\u00e7\u00e3o de Desastres<\/title>\n<meta name=\"description\" content=\"Prefeitura de Manaus, por meio da Defesa Civil, marca presen\u00e7a na Comiss\u00e3o de Adapta\u00e7\u00e3o Urbana e Preven\u00e7\u00e3o de Desastres, em Bras\u00edlia.\" \/>\n<meta name=\"robots\" content=\"index, follow, max-snippet:-1, max-image-preview:large, max-video-preview:-1\" \/>\n<link rel=\"canonical\" href=\"https:\/\/www.manaus.am.gov.br\/semcom\/prefeitura-participa-comissao-de-adaptacao-urbana-e-prevencao-de-desastres-brasilia\/\" \/>\n<meta property=\"og:locale\" content=\"pt_BR\" \/>\n<meta property=\"og:type\" content=\"article\" \/>\n<meta property=\"og:title\" content=\"Comiss\u00e3o de Adapta\u00e7\u00e3o Urbana e Preven\u00e7\u00e3o de Desastres\" \/>\n<meta property=\"og:description\" content=\"Prefeitura de Manaus, por meio da Defesa Civil, marca presen\u00e7a na Comiss\u00e3o de Adapta\u00e7\u00e3o Urbana e Preven\u00e7\u00e3o de Desastres, em Bras\u00edlia.\" \/>\n<meta property=\"og:url\" content=\"https:\/\/www.manaus.am.gov.br\/semcom\/prefeitura-participa-comissao-de-adaptacao-urbana-e-prevencao-de-desastres-brasilia\/\" \/>\n<meta property=\"og:site_name\" content=\"SEMCOM\" \/>\n<meta property=\"article:published_time\" content=\"2025-07-25T17:32:15+00:00\" \/>\n<meta property=\"og:image\" content=\"https:\/\/www.manaus.am.gov.br\/semcom\/wp-content\/uploads\/sites\/5\/2025\/07\/54678128041_0ec3cf8d96_k.jpg\" \/>\n\t<meta property=\"og:image:width\" content=\"2048\" \/>\n\t<meta property=\"og:image:height\" content=\"1362\" \/>\n\t<meta property=\"og:image:type\" content=\"image\/jpeg\" \/>\n<meta name=\"author\" content=\"Bruna Greco\" \/>\n<meta name=\"twitter:card\" content=\"summary_large_image\" \/>\n<meta name=\"twitter:label1\" content=\"Written by\" \/>\n\t<meta name=\"twitter:data1\" content=\"Bruna Greco\" \/>\n\t<meta name=\"twitter:label2\" content=\"Est. reading time\" \/>\n\t<meta name=\"twitter:data2\" content=\"3 minutos\" \/>\n<script type=\"application\/ld+json\" class=\"yoast-schema-graph\">{\"@context\":\"https:\/\/schema.org\",\"@graph\":[{\"@type\":\"WebPage\",\"@id\":\"https:\/\/www.manaus.am.gov.br\/semcom\/prefeitura-participa-comissao-de-adaptacao-urbana-e-prevencao-de-desastres-brasilia\/\",\"url\":\"https:\/\/www.manaus.am.gov.br\/semcom\/prefeitura-participa-comissao-de-adaptacao-urbana-e-prevencao-de-desastres-brasilia\/\",\"name\":\"Comiss\u00e3o de Adapta\u00e7\u00e3o Urbana e Preven\u00e7\u00e3o de Desastres\",\"isPartOf\":{\"@id\":\"https:\/\/www.manaus.am.gov.br\/semcom\/#website\"},\"primaryImageOfPage\":{\"@id\":\"https:\/\/www.manaus.am.gov.br\/semcom\/prefeitura-participa-comissao-de-adaptacao-urbana-e-prevencao-de-desastres-brasilia\/#primaryimage\"},\"image\":{\"@id\":\"https:\/\/www.manaus.am.gov.br\/semcom\/prefeitura-participa-comissao-de-adaptacao-urbana-e-prevencao-de-desastres-brasilia\/#primaryimage\"},\"thumbnailUrl\":\"https:\/\/www.manaus.am.gov.br\/semcom\/wp-content\/uploads\/sites\/5\/2025\/07\/54678128041_0ec3cf8d96_k.jpg\",\"datePublished\":\"2025-07-25T17:32:15+00:00\",\"dateModified\":\"2025-07-25T17:32:15+00:00\",\"author\":{\"@id\":\"https:\/\/www.manaus.am.gov.br\/semcom\/#\/schema\/person\/05d223aea2bf115f9883a6ff3683d81b\"},\"description\":\"Prefeitura de Manaus, por meio da Defesa Civil, marca presen\u00e7a na Comiss\u00e3o de Adapta\u00e7\u00e3o Urbana e Preven\u00e7\u00e3o de Desastres, em Bras\u00edlia.\",\"inLanguage\":\"pt-BR\",\"potentialAction\":[{\"@type\":\"ReadAction\",\"target\":[\"https:\/\/www.manaus.am.gov.br\/semcom\/prefeitura-participa-comissao-de-adaptacao-urbana-e-prevencao-de-desastres-brasilia\/\"]}]},{\"@type\":\"ImageObject\",\"inLanguage\":\"pt-BR\",\"@id\":\"https:\/\/www.manaus.am.gov.br\/semcom\/prefeitura-participa-comissao-de-adaptacao-urbana-e-prevencao-de-desastres-brasilia\/#primaryimage\",\"url\":\"https:\/\/www.manaus.am.gov.br\/semcom\/wp-content\/uploads\/sites\/5\/2025\/07\/54678128041_0ec3cf8d96_k.jpg\",\"contentUrl\":\"https:\/\/www.manaus.am.gov.br\/semcom\/wp-content\/uploads\/sites\/5\/2025\/07\/54678128041_0ec3cf8d96_k.jpg\",\"width\":2048,\"height\":1362,\"caption\":\"#paratodosverem - Representantes da Defesa Civil de todo o Brasil participando de encontro da Casd, em Bras\u00edlia\"},{\"@type\":\"WebSite\",\"@id\":\"https:\/\/www.manaus.am.gov.br\/semcom\/#website\",\"url\":\"https:\/\/www.manaus.am.gov.br\/semcom\/\",\"name\":\"SEMCOM\",\"description\":\"Secretaria Municipal de Comunica\u00e7\u00e3o\",\"potentialAction\":[{\"@type\":\"SearchAction\",\"target\":{\"@type\":\"EntryPoint\",\"urlTemplate\":\"https:\/\/www.manaus.am.gov.br\/semcom\/?s={search_term_string}\"},\"query-input\":\"required name=search_term_string\"}],\"inLanguage\":\"pt-BR\"},{\"@type\":\"Person\",\"@id\":\"https:\/\/www.manaus.am.gov.br\/semcom\/#\/schema\/person\/05d223aea2bf115f9883a6ff3683d81b\",\"name\":\"Bruna Greco\",\"image\":{\"@type\":\"ImageObject\",\"inLanguage\":\"pt-BR\",\"@id\":\"https:\/\/www.manaus.am.gov.br\/semcom\/#\/schema\/person\/image\/\",\"url\":\"https:\/\/secure.gravatar.com\/avatar\/9c877d1a6adc2a055330e5c09a8653ce?s=96&d=mm&r=g\",\"contentUrl\":\"https:\/\/secure.gravatar.com\/avatar\/9c877d1a6adc2a055330e5c09a8653ce?s=96&d=mm&r=g\",\"caption\":\"Bruna Greco\"}}]}<\/script>\n<!-- \/ Yoast SEO plugin. -->","yoast_head_json":{"title":"Comiss\u00e3o de Adapta\u00e7\u00e3o Urbana e Preven\u00e7\u00e3o de Desastres","description":"Prefeitura de Manaus, por meio da Defesa Civil, marca presen\u00e7a na Comiss\u00e3o de Adapta\u00e7\u00e3o Urbana e Preven\u00e7\u00e3o de Desastres, em Bras\u00edlia.","robots":{"index":"index","follow":"follow","max-snippet":"max-snippet:-1","max-image-preview":"max-image-preview:large","max-video-preview":"max-video-preview:-1"},"canonical":"https:\/\/www.manaus.am.gov.br\/semcom\/prefeitura-participa-comissao-de-adaptacao-urbana-e-prevencao-de-desastres-brasilia\/","og_locale":"pt_BR","og_type":"article","og_title":"Comiss\u00e3o de Adapta\u00e7\u00e3o Urbana e Preven\u00e7\u00e3o de Desastres","og_description":"Prefeitura de Manaus, por meio da Defesa Civil, marca presen\u00e7a na Comiss\u00e3o de Adapta\u00e7\u00e3o Urbana e Preven\u00e7\u00e3o de Desastres, em Bras\u00edlia.","og_url":"https:\/\/www.manaus.am.gov.br\/semcom\/prefeitura-participa-comissao-de-adaptacao-urbana-e-prevencao-de-desastres-brasilia\/","og_site_name":"SEMCOM","article_published_time":"2025-07-25T17:32:15+00:00","og_image":[{"width":2048,"height":1362,"url":"https:\/\/www.manaus.am.gov.br\/semcom\/wp-content\/uploads\/sites\/5\/2025\/07\/54678128041_0ec3cf8d96_k.jpg","type":"image\/jpeg"}],"author":"Bruna Greco","twitter_card":"summary_large_image","twitter_misc":{"Written by":"Bruna Greco","Est. reading time":"3 minutos"},"schema":{"@context":"https:\/\/schema.org","@graph":[{"@type":"WebPage","@id":"https:\/\/www.manaus.am.gov.br\/semcom\/prefeitura-participa-comissao-de-adaptacao-urbana-e-prevencao-de-desastres-brasilia\/","url":"https:\/\/www.manaus.am.gov.br\/semcom\/prefeitura-participa-comissao-de-adaptacao-urbana-e-prevencao-de-desastres-brasilia\/","name":"Comiss\u00e3o de Adapta\u00e7\u00e3o Urbana e Preven\u00e7\u00e3o de Desastres","isPartOf":{"@id":"https:\/\/www.manaus.am.gov.br\/semcom\/#website"},"primaryImageOfPage":{"@id":"https:\/\/www.manaus.am.gov.br\/semcom\/prefeitura-participa-comissao-de-adaptacao-urbana-e-prevencao-de-desastres-brasilia\/#primaryimage"},"image":{"@id":"https:\/\/www.manaus.am.gov.br\/semcom\/prefeitura-participa-comissao-de-adaptacao-urbana-e-prevencao-de-desastres-brasilia\/#primaryimage"},"thumbnailUrl":"https:\/\/www.manaus.am.gov.br\/semcom\/wp-content\/uploads\/sites\/5\/2025\/07\/54678128041_0ec3cf8d96_k.jpg","datePublished":"2025-07-25T17:32:15+00:00","dateModified":"2025-07-25T17:32:15+00:00","author":{"@id":"https:\/\/www.manaus.am.gov.br\/semcom\/#\/schema\/person\/05d223aea2bf115f9883a6ff3683d81b"},"description":"Prefeitura de Manaus, por meio da Defesa Civil, marca presen\u00e7a na Comiss\u00e3o de Adapta\u00e7\u00e3o Urbana e Preven\u00e7\u00e3o de Desastres, em Bras\u00edlia.","inLanguage":"pt-BR","potentialAction":[{"@type":"ReadAction","target":["https:\/\/www.manaus.am.gov.br\/semcom\/prefeitura-participa-comissao-de-adaptacao-urbana-e-prevencao-de-desastres-brasilia\/"]}]},{"@type":"ImageObject","inLanguage":"pt-BR","@id":"https:\/\/www.manaus.am.gov.br\/semcom\/prefeitura-participa-comissao-de-adaptacao-urbana-e-prevencao-de-desastres-brasilia\/#primaryimage","url":"https:\/\/www.manaus.am.gov.br\/semcom\/wp-content\/uploads\/sites\/5\/2025\/07\/54678128041_0ec3cf8d96_k.jpg","contentUrl":"https:\/\/www.manaus.am.gov.br\/semcom\/wp-content\/uploads\/sites\/5\/2025\/07\/54678128041_0ec3cf8d96_k.jpg","width":2048,"height":1362,"caption":"#paratodosverem - Representantes da Defesa Civil de todo o Brasil participando de encontro da Casd, em Bras\u00edlia"},{"@type":"WebSite","@id":"https:\/\/www.manaus.am.gov.br\/semcom\/#website","url":"https:\/\/www.manaus.am.gov.br\/semcom\/","name":"SEMCOM","description":"Secretaria Municipal de Comunica\u00e7\u00e3o","potentialAction":[{"@type":"SearchAction","target":{"@type":"EntryPoint","urlTemplate":"https:\/\/www.manaus.am.gov.br\/semcom\/?s={search_term_string}"},"query-input":"required name=search_term_string"}],"inLanguage":"pt-BR"},{"@type":"Person","@id":"https:\/\/www.manaus.am.gov.br\/semcom\/#\/schema\/person\/05d223aea2bf115f9883a6ff3683d81b","name":"Bruna Greco","image":{"@type":"ImageObject","inLanguage":"pt-BR","@id":"https:\/\/www.manaus.am.gov.br\/semcom\/#\/schema\/person\/image\/","url":"https:\/\/secure.gravatar.com\/avatar\/9c877d1a6adc2a055330e5c09a8653ce?s=96&d=mm&r=g","contentUrl":"https:\/\/secure.gravatar.com\/avatar\/9c877d1a6adc2a055330e5c09a8653ce?s=96&d=mm&r=g","caption":"Bruna Greco"}}]}},"_links":{"self":[{"href":"https:\/\/www.manaus.am.gov.br\/semcom\/wp-json\/wp\/v2\/posts\/242649"}],"collection":[{"href":"https:\/\/www.manaus.am.gov.br\/semcom\/wp-json\/wp\/v2\/posts"}],"about":[{"href":"https:\/\/www.manaus.am.gov.br\/semcom\/wp-json\/wp\/v2\/types\/post"}],"author":[{"embeddable":true,"href":"https:\/\/www.manaus.am.gov.br\/semcom\/wp-json\/wp\/v2\/users\/39"}],"replies":[{"embeddable":true,"href":"https:\/\/www.manaus.am.gov.br\/semcom\/wp-json\/wp\/v2\/comments?post=242649"}],"version-history":[{"count":1,"href":"https:\/\/www.manaus.am.gov.br\/semcom\/wp-json\/wp\/v2\/posts\/242649\/revisions"}],"predecessor-version":[{"id":242652,"href":"https:\/\/www.manaus.am.gov.br\/semcom\/wp-json\/wp\/v2\/posts\/242649\/revisions\/242652"}],"wp:featuredmedia":[{"embeddable":true,"href":"https:\/\/www.manaus.am.gov.br\/semcom\/wp-json\/wp\/v2\/media\/242650"}],"wp:attachment":[{"href":"https:\/\/www.manaus.am.gov.br\/semcom\/wp-json\/wp\/v2\/media?parent=242649"}],"wp:term":[{"taxonomy":"category","embeddable":true,"href":"https:\/\/www.manaus.am.gov.br\/semcom\/wp-json\/wp\/v2\/categories?post=242649"},{"taxonomy":"post_tag","embeddable":true,"href":"https:\/\/www.manaus.am.gov.br\/semcom\/wp-json\/wp\/v2\/tags?post=242649"}],"curies":[{"name":"wp","href":"https:\/\/api.w.org\/{rel}","templated":true}]}}