{"id":242619,"date":"2025-07-24T18:49:24","date_gmt":"2025-07-24T21:49:24","guid":{"rendered":"https:\/\/www.manaus.am.gov.br\/semcom\/palestra-sobre-justica-restaurativa\/"},"modified":"2025-07-24T18:49:26","modified_gmt":"2025-07-24T21:49:26","slug":"palestra-sobre-justica-restaurativa","status":"publish","type":"post","link":"https:\/\/www.manaus.am.gov.br\/semcom\/palestra-sobre-justica-restaurativa\/","title":{"rendered":"Gestores escolares da Prefeitura de Manaus participam de palestra sobre \u2018Justi\u00e7a Restaurativa\u2019 promovida pelo MP-AM"},"content":{"rendered":"\n<p><br>Mais de 90 gestores das zonas Norte e Sul, da Prefeitura de Manaus, por meio da Secretaria Municipal de Educa\u00e7\u00e3o (Semed), participaram, na manh\u00e3 desta quinta-feira, 24\/7, da palestra \u201cEpistemologia Restaurativa na Rede de Educa\u00e7\u00e3o do Estado do Amazonas\u201d, promovida pelo Minist\u00e9rio P\u00fablico do Estado do Amazonas (MP-AM), por meio do N\u00facleo Permanente de Autocomposi\u00e7\u00e3o (Nupa). O evento ocorreu no audit\u00f3rio Gebes Medeiros, na sede do MP, e integra o projeto \u201cEscola em Paz\u201d, voltado \u00e0 promo\u00e7\u00e3o da cultura de paz no ambiente escolar.<br><br>Ministrada pela subprocuradora-geral de Justi\u00e7a para Assuntos Jur\u00eddicos, Anabel Vit\u00f3ria Mendon\u00e7a, a palestra discutiu a aplica\u00e7\u00e3o da Justi\u00e7a Restaurativa como instrumento de preven\u00e7\u00e3o e resolu\u00e7\u00e3o pac\u00edfica de conflitos.<br><br>Durante o encontro, foram apresentados dados de uma pesquisa conduzida pelo Nupa, que apontam bullying, intoler\u00e2ncia religiosa, homofobia e gordofobia como causas recorrentes de conflitos em institui\u00e7\u00f5es de ensino.<br><br>\u201cA cultura da paz precisa ser ensinada e vivenciada diariamente\u201d, destacou o subsecret\u00e1rio municipal de Educa\u00e7\u00e3o, Dalmir Salazar.<br><br>As gestoras escolares tamb\u00e9m destacaram o valor do momento. A gestora da escola municipal Professor Nilton Lins, Inai\u00e1 Sena Nascimento, afirmou que a palestra foi um grande aprendizado. J\u00e1 Fab\u00edola Nascimento, da escola Arthur Cezar Ferreira Reis, destacou a motiva\u00e7\u00e3o trazida pela iniciativa. \u201cEsse projeto nos d\u00e1 ferramentas para trabalhar de forma eficiente pela paz nas escolas\u201d, disse.<br><br>A iniciativa marca mais um passo no compromisso com a forma\u00e7\u00e3o cidad\u00e3 e o fortalecimento de ambientes escolares mais seguros, acolhedores e comprometidos com a transforma\u00e7\u00e3o social.<\/p>\n\n\n\n<p>\u2014 \u2014 \u2014<br><strong>Texto &#8211; <\/strong>Divulga\u00e7\u00e3o \/Semed<br><strong>Fotos &#8211; <\/strong>Ulisson Santos\/Semed<\/p>\n","protected":false},"excerpt":{"rendered":"","protected":false},"author":68,"featured_media":242620,"comment_status":"closed","ping_status":"closed","sticky":false,"template":"","format":"standard","meta":{"footnotes":""},"categories":[636],"tags":[15933,77,62],"acf":[],"yoast_head":"<!-- This site is optimized with the Yoast SEO plugin v23.0 - https:\/\/yoast.com\/wordpress\/plugins\/seo\/ -->\n<title>Gestores escolares da Prefeitura de Manaus participam de palestra sobre \u2018Justi\u00e7a Restaurativa\u2019 promovida pelo MP-AM<\/title>\n<meta name=\"description\" content=\"Mais de 90 gestores das zonas Norte e Sul, da Prefeitura de Manaus, por meio da Secretaria Municipal de Educa\u00e7\u00e3o (Semed), participaram, na manh\u00e3 desta quinta-feira, 24\/7, da palestra \u201cEpistemologia Restaurativa na Rede de Educa\u00e7\u00e3o do Estado do Amazonas\u201d, promovida pelo Minist\u00e9rio P\u00fablico do Estado do Amazonas (MP-AM), por meio do N\u00facleo Permanente de Autocomposi\u00e7\u00e3o (Nupa).\" \/>\n<meta name=\"robots\" content=\"index, follow, max-snippet:-1, max-image-preview:large, max-video-preview:-1\" \/>\n<link rel=\"canonical\" href=\"https:\/\/www.manaus.am.gov.br\/semcom\/palestra-sobre-justica-restaurativa\/\" \/>\n<meta property=\"og:locale\" content=\"pt_BR\" \/>\n<meta property=\"og:type\" content=\"article\" \/>\n<meta property=\"og:title\" content=\"Gestores escolares da Prefeitura de Manaus participam de palestra sobre \u2018Justi\u00e7a Restaurativa\u2019 promovida pelo MP-AM\" \/>\n<meta property=\"og:description\" content=\"Mais de 90 gestores das zonas Norte e Sul, da Prefeitura de Manaus, por meio da Secretaria Municipal de Educa\u00e7\u00e3o (Semed), participaram, na manh\u00e3 desta quinta-feira, 24\/7, da palestra \u201cEpistemologia Restaurativa na Rede de Educa\u00e7\u00e3o do Estado do Amazonas\u201d, promovida pelo Minist\u00e9rio P\u00fablico do Estado do Amazonas (MP-AM), por meio do N\u00facleo Permanente de Autocomposi\u00e7\u00e3o (Nupa).\" \/>\n<meta property=\"og:url\" content=\"https:\/\/www.manaus.am.gov.br\/semcom\/palestra-sobre-justica-restaurativa\/\" \/>\n<meta property=\"og:site_name\" content=\"SEMCOM\" \/>\n<meta property=\"article:published_time\" content=\"2025-07-24T21:49:24+00:00\" \/>\n<meta property=\"article:modified_time\" content=\"2025-07-24T21:49:26+00:00\" \/>\n<meta property=\"og:image\" content=\"https:\/\/www.manaus.am.gov.br\/semcom\/wp-content\/uploads\/sites\/5\/2025\/07\/WhatsApp-Image-2025-07-24-at-17.28.42.jpeg\" \/>\n\t<meta property=\"og:image:width\" content=\"4032\" \/>\n\t<meta property=\"og:image:height\" content=\"2268\" \/>\n\t<meta property=\"og:image:type\" content=\"image\/jpeg\" \/>\n<meta name=\"author\" content=\"bvalente\" \/>\n<meta name=\"twitter:card\" content=\"summary_large_image\" \/>\n<meta name=\"twitter:label1\" content=\"Written by\" \/>\n\t<meta name=\"twitter:data1\" content=\"bvalente\" \/>\n\t<meta name=\"twitter:label2\" content=\"Est. reading time\" \/>\n\t<meta name=\"twitter:data2\" content=\"2 minutos\" \/>\n<script type=\"application\/ld+json\" class=\"yoast-schema-graph\">{\"@context\":\"https:\/\/schema.org\",\"@graph\":[{\"@type\":\"WebPage\",\"@id\":\"https:\/\/www.manaus.am.gov.br\/semcom\/palestra-sobre-justica-restaurativa\/\",\"url\":\"https:\/\/www.manaus.am.gov.br\/semcom\/palestra-sobre-justica-restaurativa\/\",\"name\":\"Gestores escolares da Prefeitura de Manaus participam de palestra sobre \u2018Justi\u00e7a Restaurativa\u2019 promovida pelo MP-AM\",\"isPartOf\":{\"@id\":\"https:\/\/www.manaus.am.gov.br\/semcom\/#website\"},\"primaryImageOfPage\":{\"@id\":\"https:\/\/www.manaus.am.gov.br\/semcom\/palestra-sobre-justica-restaurativa\/#primaryimage\"},\"image\":{\"@id\":\"https:\/\/www.manaus.am.gov.br\/semcom\/palestra-sobre-justica-restaurativa\/#primaryimage\"},\"thumbnailUrl\":\"https:\/\/www.manaus.am.gov.br\/semcom\/wp-content\/uploads\/sites\/5\/2025\/07\/WhatsApp-Image-2025-07-24-at-17.28.42.jpeg\",\"datePublished\":\"2025-07-24T21:49:24+00:00\",\"dateModified\":\"2025-07-24T21:49:26+00:00\",\"author\":{\"@id\":\"https:\/\/www.manaus.am.gov.br\/semcom\/#\/schema\/person\/466a0e03ae4b6062809046bd560ac955\"},\"description\":\"Mais de 90 gestores das zonas Norte e Sul, da Prefeitura de Manaus, por meio da Secretaria Municipal de Educa\u00e7\u00e3o (Semed), participaram, na manh\u00e3 desta quinta-feira, 24\/7, da palestra \u201cEpistemologia Restaurativa na Rede de Educa\u00e7\u00e3o do Estado do Amazonas\u201d, promovida pelo Minist\u00e9rio P\u00fablico do Estado do Amazonas (MP-AM), por meio do N\u00facleo Permanente de Autocomposi\u00e7\u00e3o (Nupa).\",\"inLanguage\":\"pt-BR\",\"potentialAction\":[{\"@type\":\"ReadAction\",\"target\":[\"https:\/\/www.manaus.am.gov.br\/semcom\/palestra-sobre-justica-restaurativa\/\"]}]},{\"@type\":\"ImageObject\",\"inLanguage\":\"pt-BR\",\"@id\":\"https:\/\/www.manaus.am.gov.br\/semcom\/palestra-sobre-justica-restaurativa\/#primaryimage\",\"url\":\"https:\/\/www.manaus.am.gov.br\/semcom\/wp-content\/uploads\/sites\/5\/2025\/07\/WhatsApp-Image-2025-07-24-at-17.28.42.jpeg\",\"contentUrl\":\"https:\/\/www.manaus.am.gov.br\/semcom\/wp-content\/uploads\/sites\/5\/2025\/07\/WhatsApp-Image-2025-07-24-at-17.28.42.jpeg\",\"width\":4032,\"height\":2268},{\"@type\":\"WebSite\",\"@id\":\"https:\/\/www.manaus.am.gov.br\/semcom\/#website\",\"url\":\"https:\/\/www.manaus.am.gov.br\/semcom\/\",\"name\":\"SEMCOM\",\"description\":\"Secretaria Municipal de Comunica\u00e7\u00e3o\",\"potentialAction\":[{\"@type\":\"SearchAction\",\"target\":{\"@type\":\"EntryPoint\",\"urlTemplate\":\"https:\/\/www.manaus.am.gov.br\/semcom\/?s={search_term_string}\"},\"query-input\":\"required name=search_term_string\"}],\"inLanguage\":\"pt-BR\"},{\"@type\":\"Person\",\"@id\":\"https:\/\/www.manaus.am.gov.br\/semcom\/#\/schema\/person\/466a0e03ae4b6062809046bd560ac955\",\"name\":\"bvalente\",\"image\":{\"@type\":\"ImageObject\",\"inLanguage\":\"pt-BR\",\"@id\":\"https:\/\/www.manaus.am.gov.br\/semcom\/#\/schema\/person\/image\/\",\"url\":\"https:\/\/secure.gravatar.com\/avatar\/3e69bc2b014bdad41adfec3a39de07d2?s=96&d=mm&r=g\",\"contentUrl\":\"https:\/\/secure.gravatar.com\/avatar\/3e69bc2b014bdad41adfec3a39de07d2?s=96&d=mm&r=g\",\"caption\":\"bvalente\"}}]}<\/script>\n<!-- \/ Yoast SEO plugin. -->","yoast_head_json":{"title":"Gestores escolares da Prefeitura de Manaus participam de palestra sobre \u2018Justi\u00e7a Restaurativa\u2019 promovida pelo MP-AM","description":"Mais de 90 gestores das zonas Norte e Sul, da Prefeitura de Manaus, por meio da Secretaria Municipal de Educa\u00e7\u00e3o (Semed), participaram, na manh\u00e3 desta quinta-feira, 24\/7, da palestra \u201cEpistemologia Restaurativa na Rede de Educa\u00e7\u00e3o do Estado do Amazonas\u201d, promovida pelo Minist\u00e9rio P\u00fablico do Estado do Amazonas (MP-AM), por meio do N\u00facleo Permanente de Autocomposi\u00e7\u00e3o (Nupa).","robots":{"index":"index","follow":"follow","max-snippet":"max-snippet:-1","max-image-preview":"max-image-preview:large","max-video-preview":"max-video-preview:-1"},"canonical":"https:\/\/www.manaus.am.gov.br\/semcom\/palestra-sobre-justica-restaurativa\/","og_locale":"pt_BR","og_type":"article","og_title":"Gestores escolares da Prefeitura de Manaus participam de palestra sobre \u2018Justi\u00e7a Restaurativa\u2019 promovida pelo MP-AM","og_description":"Mais de 90 gestores das zonas Norte e Sul, da Prefeitura de Manaus, por meio da Secretaria Municipal de Educa\u00e7\u00e3o (Semed), participaram, na manh\u00e3 desta quinta-feira, 24\/7, da palestra \u201cEpistemologia Restaurativa na Rede de Educa\u00e7\u00e3o do Estado do Amazonas\u201d, promovida pelo Minist\u00e9rio P\u00fablico do Estado do Amazonas (MP-AM), por meio do N\u00facleo Permanente de Autocomposi\u00e7\u00e3o (Nupa).","og_url":"https:\/\/www.manaus.am.gov.br\/semcom\/palestra-sobre-justica-restaurativa\/","og_site_name":"SEMCOM","article_published_time":"2025-07-24T21:49:24+00:00","article_modified_time":"2025-07-24T21:49:26+00:00","og_image":[{"width":4032,"height":2268,"url":"https:\/\/www.manaus.am.gov.br\/semcom\/wp-content\/uploads\/sites\/5\/2025\/07\/WhatsApp-Image-2025-07-24-at-17.28.42.jpeg","type":"image\/jpeg"}],"author":"bvalente","twitter_card":"summary_large_image","twitter_misc":{"Written by":"bvalente","Est. reading time":"2 minutos"},"schema":{"@context":"https:\/\/schema.org","@graph":[{"@type":"WebPage","@id":"https:\/\/www.manaus.am.gov.br\/semcom\/palestra-sobre-justica-restaurativa\/","url":"https:\/\/www.manaus.am.gov.br\/semcom\/palestra-sobre-justica-restaurativa\/","name":"Gestores escolares da Prefeitura de Manaus participam de palestra sobre \u2018Justi\u00e7a Restaurativa\u2019 promovida pelo MP-AM","isPartOf":{"@id":"https:\/\/www.manaus.am.gov.br\/semcom\/#website"},"primaryImageOfPage":{"@id":"https:\/\/www.manaus.am.gov.br\/semcom\/palestra-sobre-justica-restaurativa\/#primaryimage"},"image":{"@id":"https:\/\/www.manaus.am.gov.br\/semcom\/palestra-sobre-justica-restaurativa\/#primaryimage"},"thumbnailUrl":"https:\/\/www.manaus.am.gov.br\/semcom\/wp-content\/uploads\/sites\/5\/2025\/07\/WhatsApp-Image-2025-07-24-at-17.28.42.jpeg","datePublished":"2025-07-24T21:49:24+00:00","dateModified":"2025-07-24T21:49:26+00:00","author":{"@id":"https:\/\/www.manaus.am.gov.br\/semcom\/#\/schema\/person\/466a0e03ae4b6062809046bd560ac955"},"description":"Mais de 90 gestores das zonas Norte e Sul, da Prefeitura de Manaus, por meio da Secretaria Municipal de Educa\u00e7\u00e3o (Semed), participaram, na manh\u00e3 desta quinta-feira, 24\/7, da palestra \u201cEpistemologia Restaurativa na Rede de Educa\u00e7\u00e3o do Estado do Amazonas\u201d, promovida pelo Minist\u00e9rio P\u00fablico do Estado do Amazonas (MP-AM), por meio do N\u00facleo Permanente de Autocomposi\u00e7\u00e3o (Nupa).","inLanguage":"pt-BR","potentialAction":[{"@type":"ReadAction","target":["https:\/\/www.manaus.am.gov.br\/semcom\/palestra-sobre-justica-restaurativa\/"]}]},{"@type":"ImageObject","inLanguage":"pt-BR","@id":"https:\/\/www.manaus.am.gov.br\/semcom\/palestra-sobre-justica-restaurativa\/#primaryimage","url":"https:\/\/www.manaus.am.gov.br\/semcom\/wp-content\/uploads\/sites\/5\/2025\/07\/WhatsApp-Image-2025-07-24-at-17.28.42.jpeg","contentUrl":"https:\/\/www.manaus.am.gov.br\/semcom\/wp-content\/uploads\/sites\/5\/2025\/07\/WhatsApp-Image-2025-07-24-at-17.28.42.jpeg","width":4032,"height":2268},{"@type":"WebSite","@id":"https:\/\/www.manaus.am.gov.br\/semcom\/#website","url":"https:\/\/www.manaus.am.gov.br\/semcom\/","name":"SEMCOM","description":"Secretaria Municipal de Comunica\u00e7\u00e3o","potentialAction":[{"@type":"SearchAction","target":{"@type":"EntryPoint","urlTemplate":"https:\/\/www.manaus.am.gov.br\/semcom\/?s={search_term_string}"},"query-input":"required name=search_term_string"}],"inLanguage":"pt-BR"},{"@type":"Person","@id":"https:\/\/www.manaus.am.gov.br\/semcom\/#\/schema\/person\/466a0e03ae4b6062809046bd560ac955","name":"bvalente","image":{"@type":"ImageObject","inLanguage":"pt-BR","@id":"https:\/\/www.manaus.am.gov.br\/semcom\/#\/schema\/person\/image\/","url":"https:\/\/secure.gravatar.com\/avatar\/3e69bc2b014bdad41adfec3a39de07d2?s=96&d=mm&r=g","contentUrl":"https:\/\/secure.gravatar.com\/avatar\/3e69bc2b014bdad41adfec3a39de07d2?s=96&d=mm&r=g","caption":"bvalente"}}]}},"_links":{"self":[{"href":"https:\/\/www.manaus.am.gov.br\/semcom\/wp-json\/wp\/v2\/posts\/242619"}],"collection":[{"href":"https:\/\/www.manaus.am.gov.br\/semcom\/wp-json\/wp\/v2\/posts"}],"about":[{"href":"https:\/\/www.manaus.am.gov.br\/semcom\/wp-json\/wp\/v2\/types\/post"}],"author":[{"embeddable":true,"href":"https:\/\/www.manaus.am.gov.br\/semcom\/wp-json\/wp\/v2\/users\/68"}],"replies":[{"embeddable":true,"href":"https:\/\/www.manaus.am.gov.br\/semcom\/wp-json\/wp\/v2\/comments?post=242619"}],"version-history":[{"count":0,"href":"https:\/\/www.manaus.am.gov.br\/semcom\/wp-json\/wp\/v2\/posts\/242619\/revisions"}],"wp:featuredmedia":[{"embeddable":true,"href":"https:\/\/www.manaus.am.gov.br\/semcom\/wp-json\/wp\/v2\/media\/242620"}],"wp:attachment":[{"href":"https:\/\/www.manaus.am.gov.br\/semcom\/wp-json\/wp\/v2\/media?parent=242619"}],"wp:term":[{"taxonomy":"category","embeddable":true,"href":"https:\/\/www.manaus.am.gov.br\/semcom\/wp-json\/wp\/v2\/categories?post=242619"},{"taxonomy":"post_tag","embeddable":true,"href":"https:\/\/www.manaus.am.gov.br\/semcom\/wp-json\/wp\/v2\/tags?post=242619"}],"curies":[{"name":"wp","href":"https:\/\/api.w.org\/{rel}","templated":true}]}}