{"id":242492,"date":"2025-07-22T18:34:20","date_gmt":"2025-07-22T21:34:20","guid":{"rendered":"https:\/\/www.manaus.am.gov.br\/semcom\/certidao-historica-de-regularizacao-fundiaria\/"},"modified":"2025-07-22T18:34:21","modified_gmt":"2025-07-22T21:34:21","slug":"certidao-historica-de-regularizacao-fundiaria","status":"publish","type":"post","link":"https:\/\/www.manaus.am.gov.br\/semcom\/certidao-historica-de-regularizacao-fundiaria\/","title":{"rendered":"Prefeito David Almeida assina certid\u00e3o hist\u00f3rica de regulariza\u00e7\u00e3o fundi\u00e1ria para bairros que aguardavam h\u00e1 mais de 100 anos"},"content":{"rendered":"\n<p>Na tarde desta ter\u00e7a-feira, 22\/7, no Centro de Coopera\u00e7\u00e3o da Cidade (CCC), o prefeito de Manaus, David Almeida, protagonizou um momento hist\u00f3rico para milhares de fam\u00edlias da zona Sul da capital amazonense. Em um gesto carregado de emo\u00e7\u00e3o, assinou a certid\u00e3o de regulariza\u00e7\u00e3o fundi\u00e1ria dos bairros Morro da Liberdade, Santa Luzia, Bet\u00e2nia e S\u00e3o L\u00e1zaro, \u00e1reas que esperavam por esse direito h\u00e1 mais de 100 anos.<\/p>\n\n\n\n<p>\u201cVoc\u00ea n\u00e3o consegue contar nos dedos, sabe por qu\u00ea? S\u00e3o mais de 100 anos de espera. A minha m\u00e3e n\u00e3o conseguiu, o meu pai n\u00e3o conseguiu. Mas agora, na terceira gera\u00e7\u00e3o da nossa fam\u00edlia no Morro da Liberdade, n\u00f3s vamos conseguir. Essa \u00e9 a certid\u00e3o de nascimento dos lotes desses quatro bairros\u201d, declarou David Almeida ao assinar a documenta\u00e7\u00e3o que ser\u00e1 enviada ao cart\u00f3rio, passo final antes da entrega dos t\u00edtulos.<\/p>\n\n\n\n<p>O processo de regulariza\u00e7\u00e3o j\u00e1 passou por todas as etapas t\u00e9cnicas, como o cadastro social das fam\u00edlias, o estudo fundi\u00e1rio e a elabora\u00e7\u00e3o do projeto fundi\u00e1rio. A pr\u00f3xima fase \u00e9 o registro cartorial, que permitir\u00e1 que os moradores recebam, ainda em 2025, o t\u00edtulo definitivo com o registro de im\u00f3vel em m\u00e3os, assegurando o direito \u00e0 propriedade e o acesso a pol\u00edticas p\u00fablicas.<\/p>\n\n\n\n<p>Ao lado do prefeito, o titular da Secretaria Municipal de Habita\u00e7\u00e3o e Assuntos Fundi\u00e1rios (Semhaf), Jesus Alves, refor\u00e7ou o impacto social da medida. \u201cO que estamos fazendo aqui \u00e9 devolver dignidade e garantir seguran\u00e7a jur\u00eddica \u00e0s fam\u00edlias. \u00c9 mais que papel: \u00e9 o reconhecimento do direito \u00e0 terra de quem construiu a cidade ao longo de gera\u00e7\u00f5es\u201d.<\/p>\n\n\n\n<p>A iniciativa integra o maior programa de regulariza\u00e7\u00e3o fundi\u00e1ria da hist\u00f3ria de Manaus, que j\u00e1 ultrapassou 10.300 registros entregues desde 2023 e pretende beneficiar mais de 20 mil fam\u00edlias at\u00e9 2026.<\/p>\n\n\n\n<p>Com esse novo passo, a prefeitura reafirma o compromisso com a inclus\u00e3o social e a justi\u00e7a fundi\u00e1ria, rompendo com d\u00e9cadas de abandono e promovendo cidadania a quem sempre viveu na informalidade. Como disse o pr\u00f3prio prefeito. \u201cComemore, Morro da Liberdade, Santa Luzia, Bet\u00e2nia e S\u00e3o L\u00e1zaro. Vamos entregar, na sua casa, o seu t\u00edtulo definitivo com o registro do im\u00f3vel\u201d.<\/p>\n\n\n\n<p>Essa \u00e9 mais uma a\u00e7\u00e3o administrativa com profundo impacto social e que integra uma pol\u00edtica p\u00fablica estruturada da gest\u00e3o David Almeida, conduzida com base em t\u00e9cnicas eficazes de governan\u00e7a p\u00fablica. A titula\u00e7\u00e3o de terras se alinha diretamente ao Eixo 3 da gest\u00e3o municipal: Desenvolvimento Social e Cidadania, que prioriza o resgate da dignidade das fam\u00edlias manauaras por meio de pol\u00edticas p\u00fablicas inclusivas, planejadas e transformadoras.<\/p>\n\n\n\n<p>\u2014 \u2014 \u2014<br><strong>Texto &#8211; <\/strong>Emanuelle Baires\/Semcom-Prefeito<br><strong>Fotos &#8211;<\/strong> Dhyeizo Lemos\/Semcom-Prefeito<\/p>\n","protected":false},"excerpt":{"rendered":"","protected":false},"author":68,"featured_media":242493,"comment_status":"closed","ping_status":"closed","sticky":false,"template":"","format":"standard","meta":{"footnotes":""},"categories":[400],"tags":[35,15886,77],"acf":[],"yoast_head":"<!-- This site is optimized with the Yoast SEO plugin v23.0 - https:\/\/yoast.com\/wordpress\/plugins\/seo\/ -->\n<title>Prefeito David Almeida assina certid\u00e3o hist\u00f3rica de regulariza\u00e7\u00e3o fundi\u00e1ria para bairros que aguardavam h\u00e1 mais de 100 anos<\/title>\n<meta name=\"description\" content=\"Na tarde desta ter\u00e7a-feira, 22\/7, no Centro de Coopera\u00e7\u00e3o da Cidade (CCC), o prefeito de Manaus, David Almeida, protagonizou um momento hist\u00f3rico para milhares de fam\u00edlias da zona Sul da capital amazonense. Em um gesto carregado de emo\u00e7\u00e3o, assinou a certid\u00e3o de regulariza\u00e7\u00e3o fundi\u00e1ria dos bairros Morro da Liberdade, Santa Luzia, Bet\u00e2nia e S\u00e3o L\u00e1zaro, \u00e1reas que esperavam por esse direito h\u00e1 mais de 100 anos.\" \/>\n<meta name=\"robots\" content=\"index, follow, max-snippet:-1, max-image-preview:large, max-video-preview:-1\" \/>\n<link rel=\"canonical\" href=\"https:\/\/www.manaus.am.gov.br\/semcom\/certidao-historica-de-regularizacao-fundiaria\/\" \/>\n<meta property=\"og:locale\" content=\"pt_BR\" \/>\n<meta property=\"og:type\" content=\"article\" \/>\n<meta property=\"og:title\" content=\"Prefeito David Almeida assina certid\u00e3o hist\u00f3rica de regulariza\u00e7\u00e3o fundi\u00e1ria para bairros que aguardavam h\u00e1 mais de 100 anos\" \/>\n<meta property=\"og:description\" content=\"Na tarde desta ter\u00e7a-feira, 22\/7, no Centro de Coopera\u00e7\u00e3o da Cidade (CCC), o prefeito de Manaus, David Almeida, protagonizou um momento hist\u00f3rico para milhares de fam\u00edlias da zona Sul da capital amazonense. Em um gesto carregado de emo\u00e7\u00e3o, assinou a certid\u00e3o de regulariza\u00e7\u00e3o fundi\u00e1ria dos bairros Morro da Liberdade, Santa Luzia, Bet\u00e2nia e S\u00e3o L\u00e1zaro, \u00e1reas que esperavam por esse direito h\u00e1 mais de 100 anos.\" \/>\n<meta property=\"og:url\" content=\"https:\/\/www.manaus.am.gov.br\/semcom\/certidao-historica-de-regularizacao-fundiaria\/\" \/>\n<meta property=\"og:site_name\" content=\"SEMCOM\" \/>\n<meta property=\"article:published_time\" content=\"2025-07-22T21:34:20+00:00\" \/>\n<meta property=\"article:modified_time\" content=\"2025-07-22T21:34:21+00:00\" \/>\n<meta property=\"og:image\" content=\"https:\/\/www.manaus.am.gov.br\/semcom\/wp-content\/uploads\/sites\/5\/2025\/07\/WhatsApp-Image-2025-07-22-at-17.19.52.jpeg\" \/>\n\t<meta property=\"og:image:width\" content=\"4160\" \/>\n\t<meta property=\"og:image:height\" content=\"2773\" \/>\n\t<meta property=\"og:image:type\" content=\"image\/jpeg\" \/>\n<meta name=\"author\" content=\"bvalente\" \/>\n<meta name=\"twitter:card\" content=\"summary_large_image\" \/>\n<meta name=\"twitter:label1\" content=\"Written by\" \/>\n\t<meta name=\"twitter:data1\" content=\"bvalente\" \/>\n\t<meta name=\"twitter:label2\" content=\"Est. reading time\" \/>\n\t<meta name=\"twitter:data2\" content=\"3 minutos\" \/>\n<script type=\"application\/ld+json\" class=\"yoast-schema-graph\">{\"@context\":\"https:\/\/schema.org\",\"@graph\":[{\"@type\":\"WebPage\",\"@id\":\"https:\/\/www.manaus.am.gov.br\/semcom\/certidao-historica-de-regularizacao-fundiaria\/\",\"url\":\"https:\/\/www.manaus.am.gov.br\/semcom\/certidao-historica-de-regularizacao-fundiaria\/\",\"name\":\"Prefeito David Almeida assina certid\u00e3o hist\u00f3rica de regulariza\u00e7\u00e3o fundi\u00e1ria para bairros que aguardavam h\u00e1 mais de 100 anos\",\"isPartOf\":{\"@id\":\"https:\/\/www.manaus.am.gov.br\/semcom\/#website\"},\"primaryImageOfPage\":{\"@id\":\"https:\/\/www.manaus.am.gov.br\/semcom\/certidao-historica-de-regularizacao-fundiaria\/#primaryimage\"},\"image\":{\"@id\":\"https:\/\/www.manaus.am.gov.br\/semcom\/certidao-historica-de-regularizacao-fundiaria\/#primaryimage\"},\"thumbnailUrl\":\"https:\/\/www.manaus.am.gov.br\/semcom\/wp-content\/uploads\/sites\/5\/2025\/07\/WhatsApp-Image-2025-07-22-at-17.19.52.jpeg\",\"datePublished\":\"2025-07-22T21:34:20+00:00\",\"dateModified\":\"2025-07-22T21:34:21+00:00\",\"author\":{\"@id\":\"https:\/\/www.manaus.am.gov.br\/semcom\/#\/schema\/person\/466a0e03ae4b6062809046bd560ac955\"},\"description\":\"Na tarde desta ter\u00e7a-feira, 22\/7, no Centro de Coopera\u00e7\u00e3o da Cidade (CCC), o prefeito de Manaus, David Almeida, protagonizou um momento hist\u00f3rico para milhares de fam\u00edlias da zona Sul da capital amazonense. Em um gesto carregado de emo\u00e7\u00e3o, assinou a certid\u00e3o de regulariza\u00e7\u00e3o fundi\u00e1ria dos bairros Morro da Liberdade, Santa Luzia, Bet\u00e2nia e S\u00e3o L\u00e1zaro, \u00e1reas que esperavam por esse direito h\u00e1 mais de 100 anos.\",\"inLanguage\":\"pt-BR\",\"potentialAction\":[{\"@type\":\"ReadAction\",\"target\":[\"https:\/\/www.manaus.am.gov.br\/semcom\/certidao-historica-de-regularizacao-fundiaria\/\"]}]},{\"@type\":\"ImageObject\",\"inLanguage\":\"pt-BR\",\"@id\":\"https:\/\/www.manaus.am.gov.br\/semcom\/certidao-historica-de-regularizacao-fundiaria\/#primaryimage\",\"url\":\"https:\/\/www.manaus.am.gov.br\/semcom\/wp-content\/uploads\/sites\/5\/2025\/07\/WhatsApp-Image-2025-07-22-at-17.19.52.jpeg\",\"contentUrl\":\"https:\/\/www.manaus.am.gov.br\/semcom\/wp-content\/uploads\/sites\/5\/2025\/07\/WhatsApp-Image-2025-07-22-at-17.19.52.jpeg\",\"width\":4160,\"height\":2773},{\"@type\":\"WebSite\",\"@id\":\"https:\/\/www.manaus.am.gov.br\/semcom\/#website\",\"url\":\"https:\/\/www.manaus.am.gov.br\/semcom\/\",\"name\":\"SEMCOM\",\"description\":\"Secretaria Municipal de Comunica\u00e7\u00e3o\",\"potentialAction\":[{\"@type\":\"SearchAction\",\"target\":{\"@type\":\"EntryPoint\",\"urlTemplate\":\"https:\/\/www.manaus.am.gov.br\/semcom\/?s={search_term_string}\"},\"query-input\":\"required name=search_term_string\"}],\"inLanguage\":\"pt-BR\"},{\"@type\":\"Person\",\"@id\":\"https:\/\/www.manaus.am.gov.br\/semcom\/#\/schema\/person\/466a0e03ae4b6062809046bd560ac955\",\"name\":\"bvalente\",\"image\":{\"@type\":\"ImageObject\",\"inLanguage\":\"pt-BR\",\"@id\":\"https:\/\/www.manaus.am.gov.br\/semcom\/#\/schema\/person\/image\/\",\"url\":\"https:\/\/secure.gravatar.com\/avatar\/3e69bc2b014bdad41adfec3a39de07d2?s=96&d=mm&r=g\",\"contentUrl\":\"https:\/\/secure.gravatar.com\/avatar\/3e69bc2b014bdad41adfec3a39de07d2?s=96&d=mm&r=g\",\"caption\":\"bvalente\"}}]}<\/script>\n<!-- \/ Yoast SEO plugin. -->","yoast_head_json":{"title":"Prefeito David Almeida assina certid\u00e3o hist\u00f3rica de regulariza\u00e7\u00e3o fundi\u00e1ria para bairros que aguardavam h\u00e1 mais de 100 anos","description":"Na tarde desta ter\u00e7a-feira, 22\/7, no Centro de Coopera\u00e7\u00e3o da Cidade (CCC), o prefeito de Manaus, David Almeida, protagonizou um momento hist\u00f3rico para milhares de fam\u00edlias da zona Sul da capital amazonense. Em um gesto carregado de emo\u00e7\u00e3o, assinou a certid\u00e3o de regulariza\u00e7\u00e3o fundi\u00e1ria dos bairros Morro da Liberdade, Santa Luzia, Bet\u00e2nia e S\u00e3o L\u00e1zaro, \u00e1reas que esperavam por esse direito h\u00e1 mais de 100 anos.","robots":{"index":"index","follow":"follow","max-snippet":"max-snippet:-1","max-image-preview":"max-image-preview:large","max-video-preview":"max-video-preview:-1"},"canonical":"https:\/\/www.manaus.am.gov.br\/semcom\/certidao-historica-de-regularizacao-fundiaria\/","og_locale":"pt_BR","og_type":"article","og_title":"Prefeito David Almeida assina certid\u00e3o hist\u00f3rica de regulariza\u00e7\u00e3o fundi\u00e1ria para bairros que aguardavam h\u00e1 mais de 100 anos","og_description":"Na tarde desta ter\u00e7a-feira, 22\/7, no Centro de Coopera\u00e7\u00e3o da Cidade (CCC), o prefeito de Manaus, David Almeida, protagonizou um momento hist\u00f3rico para milhares de fam\u00edlias da zona Sul da capital amazonense. Em um gesto carregado de emo\u00e7\u00e3o, assinou a certid\u00e3o de regulariza\u00e7\u00e3o fundi\u00e1ria dos bairros Morro da Liberdade, Santa Luzia, Bet\u00e2nia e S\u00e3o L\u00e1zaro, \u00e1reas que esperavam por esse direito h\u00e1 mais de 100 anos.","og_url":"https:\/\/www.manaus.am.gov.br\/semcom\/certidao-historica-de-regularizacao-fundiaria\/","og_site_name":"SEMCOM","article_published_time":"2025-07-22T21:34:20+00:00","article_modified_time":"2025-07-22T21:34:21+00:00","og_image":[{"width":4160,"height":2773,"url":"https:\/\/www.manaus.am.gov.br\/semcom\/wp-content\/uploads\/sites\/5\/2025\/07\/WhatsApp-Image-2025-07-22-at-17.19.52.jpeg","type":"image\/jpeg"}],"author":"bvalente","twitter_card":"summary_large_image","twitter_misc":{"Written by":"bvalente","Est. reading time":"3 minutos"},"schema":{"@context":"https:\/\/schema.org","@graph":[{"@type":"WebPage","@id":"https:\/\/www.manaus.am.gov.br\/semcom\/certidao-historica-de-regularizacao-fundiaria\/","url":"https:\/\/www.manaus.am.gov.br\/semcom\/certidao-historica-de-regularizacao-fundiaria\/","name":"Prefeito David Almeida assina certid\u00e3o hist\u00f3rica de regulariza\u00e7\u00e3o fundi\u00e1ria para bairros que aguardavam h\u00e1 mais de 100 anos","isPartOf":{"@id":"https:\/\/www.manaus.am.gov.br\/semcom\/#website"},"primaryImageOfPage":{"@id":"https:\/\/www.manaus.am.gov.br\/semcom\/certidao-historica-de-regularizacao-fundiaria\/#primaryimage"},"image":{"@id":"https:\/\/www.manaus.am.gov.br\/semcom\/certidao-historica-de-regularizacao-fundiaria\/#primaryimage"},"thumbnailUrl":"https:\/\/www.manaus.am.gov.br\/semcom\/wp-content\/uploads\/sites\/5\/2025\/07\/WhatsApp-Image-2025-07-22-at-17.19.52.jpeg","datePublished":"2025-07-22T21:34:20+00:00","dateModified":"2025-07-22T21:34:21+00:00","author":{"@id":"https:\/\/www.manaus.am.gov.br\/semcom\/#\/schema\/person\/466a0e03ae4b6062809046bd560ac955"},"description":"Na tarde desta ter\u00e7a-feira, 22\/7, no Centro de Coopera\u00e7\u00e3o da Cidade (CCC), o prefeito de Manaus, David Almeida, protagonizou um momento hist\u00f3rico para milhares de fam\u00edlias da zona Sul da capital amazonense. Em um gesto carregado de emo\u00e7\u00e3o, assinou a certid\u00e3o de regulariza\u00e7\u00e3o fundi\u00e1ria dos bairros Morro da Liberdade, Santa Luzia, Bet\u00e2nia e S\u00e3o L\u00e1zaro, \u00e1reas que esperavam por esse direito h\u00e1 mais de 100 anos.","inLanguage":"pt-BR","potentialAction":[{"@type":"ReadAction","target":["https:\/\/www.manaus.am.gov.br\/semcom\/certidao-historica-de-regularizacao-fundiaria\/"]}]},{"@type":"ImageObject","inLanguage":"pt-BR","@id":"https:\/\/www.manaus.am.gov.br\/semcom\/certidao-historica-de-regularizacao-fundiaria\/#primaryimage","url":"https:\/\/www.manaus.am.gov.br\/semcom\/wp-content\/uploads\/sites\/5\/2025\/07\/WhatsApp-Image-2025-07-22-at-17.19.52.jpeg","contentUrl":"https:\/\/www.manaus.am.gov.br\/semcom\/wp-content\/uploads\/sites\/5\/2025\/07\/WhatsApp-Image-2025-07-22-at-17.19.52.jpeg","width":4160,"height":2773},{"@type":"WebSite","@id":"https:\/\/www.manaus.am.gov.br\/semcom\/#website","url":"https:\/\/www.manaus.am.gov.br\/semcom\/","name":"SEMCOM","description":"Secretaria Municipal de Comunica\u00e7\u00e3o","potentialAction":[{"@type":"SearchAction","target":{"@type":"EntryPoint","urlTemplate":"https:\/\/www.manaus.am.gov.br\/semcom\/?s={search_term_string}"},"query-input":"required name=search_term_string"}],"inLanguage":"pt-BR"},{"@type":"Person","@id":"https:\/\/www.manaus.am.gov.br\/semcom\/#\/schema\/person\/466a0e03ae4b6062809046bd560ac955","name":"bvalente","image":{"@type":"ImageObject","inLanguage":"pt-BR","@id":"https:\/\/www.manaus.am.gov.br\/semcom\/#\/schema\/person\/image\/","url":"https:\/\/secure.gravatar.com\/avatar\/3e69bc2b014bdad41adfec3a39de07d2?s=96&d=mm&r=g","contentUrl":"https:\/\/secure.gravatar.com\/avatar\/3e69bc2b014bdad41adfec3a39de07d2?s=96&d=mm&r=g","caption":"bvalente"}}]}},"_links":{"self":[{"href":"https:\/\/www.manaus.am.gov.br\/semcom\/wp-json\/wp\/v2\/posts\/242492"}],"collection":[{"href":"https:\/\/www.manaus.am.gov.br\/semcom\/wp-json\/wp\/v2\/posts"}],"about":[{"href":"https:\/\/www.manaus.am.gov.br\/semcom\/wp-json\/wp\/v2\/types\/post"}],"author":[{"embeddable":true,"href":"https:\/\/www.manaus.am.gov.br\/semcom\/wp-json\/wp\/v2\/users\/68"}],"replies":[{"embeddable":true,"href":"https:\/\/www.manaus.am.gov.br\/semcom\/wp-json\/wp\/v2\/comments?post=242492"}],"version-history":[{"count":0,"href":"https:\/\/www.manaus.am.gov.br\/semcom\/wp-json\/wp\/v2\/posts\/242492\/revisions"}],"wp:featuredmedia":[{"embeddable":true,"href":"https:\/\/www.manaus.am.gov.br\/semcom\/wp-json\/wp\/v2\/media\/242493"}],"wp:attachment":[{"href":"https:\/\/www.manaus.am.gov.br\/semcom\/wp-json\/wp\/v2\/media?parent=242492"}],"wp:term":[{"taxonomy":"category","embeddable":true,"href":"https:\/\/www.manaus.am.gov.br\/semcom\/wp-json\/wp\/v2\/categories?post=242492"},{"taxonomy":"post_tag","embeddable":true,"href":"https:\/\/www.manaus.am.gov.br\/semcom\/wp-json\/wp\/v2\/tags?post=242492"}],"curies":[{"name":"wp","href":"https:\/\/api.w.org\/{rel}","templated":true}]}}