{"id":242488,"date":"2025-07-22T17:58:37","date_gmt":"2025-07-22T20:58:37","guid":{"rendered":"https:\/\/www.manaus.am.gov.br\/semcom\/novo-portal-turistico\/"},"modified":"2025-07-22T17:58:39","modified_gmt":"2025-07-22T20:58:39","slug":"novo-portal-turistico","status":"publish","type":"post","link":"https:\/\/www.manaus.am.gov.br\/semcom\/novo-portal-turistico\/","title":{"rendered":"Prefeito David Almeida anuncia constru\u00e7\u00e3o do novo portal tur\u00edstico de Manaus"},"content":{"rendered":"\n<p>A cidade de <a href=\"https:\/\/www.instagram.com\/prefeiturademanaus\/\">Manaus <\/a>ganhar\u00e1 um novo s\u00edmbolo de acolhimento e identidade cultural. Nesta ter\u00e7a-feira, 22\/7, o prefeito David Almeida anunciou a constru\u00e7\u00e3o do portal arquitet\u00f4nico oficial da <a href=\"https:\/\/www.manaus.am.gov.br\/\">capital <\/a>amazonense, um marco tur\u00edstico que refor\u00e7ar\u00e1 a hospitalidade e o protagonismo da cidade como &#8220;Capital da Amaz\u00f4nia&#8221;.<\/p>\n\n\n\n<p>A iniciativa faz parte do pacote de obras estruturantes previstas para o segundo semestre de 2025, ao lado de projetos emblem\u00e1ticos como o aqu\u00e1rio com peixes amaz\u00f4nicos, a Cidade do Autista e o hospital&nbsp;municipal. A constru\u00e7\u00e3o do portal ser\u00e1 liderada pela Funda\u00e7\u00e3o Municipal de Cultura, Turismo e Eventos (Manauscult), sob coordena\u00e7\u00e3o da vice-presidente Oreni Braga, e contar\u00e1 com projetos para tr\u00eas locais estrat\u00e9gicos: o aeroporto internacional Eduardo Gomes, a ponte Jornalista Phelippe Daou (ponte Rio Negro) e o porto da Ceasa.<\/p>\n\n\n\n<p>\u201cO novo portal da cidade foi tema de uma reuni\u00e3o minha com o vice-prefeito e secret\u00e1rio de obras, Renato Junior, na tarde de ontem. N\u00f3s temos v\u00e1rios projetos em andamento. Agora, nesse segundo semestre, n\u00f3s vamos come\u00e7ar a constru\u00e7\u00e3o de todos eles e, tamb\u00e9m, a constru\u00e7\u00e3o do portal da cidade de Manaus\u201d, afirmou o prefeito David Almeida.<\/p>\n\n\n\n<p>Segundo o prefeito, a proposta \u00e9 instalar o portal em um dos principais pontos de entrada da cidade, para valorizar a recep\u00e7\u00e3o de quem chega a Manaus.<\/p>\n\n\n\n<p>\u201cManaus tem sete portas de entradas, das quais, cinco s\u00e3o as principais: vamos colocar de quem chega pela BR-174, quem chega no aeroporto, quem chega pela ponte Rio Negro, quem chega pela 319 na Ceasa e quem chega l\u00e1 no Centro, pela Manaus Moderna. N\u00f3s j\u00e1 identificamos que dessas entradas, tr\u00eas necessitam dessa interven\u00e7\u00e3o, ent\u00e3o vamos avaliar qual ser\u00e1 a primeira a receber esse grande portal, para presentear a nossa cidade\u201d, destacou.<\/p>\n\n\n\n<p><strong>Infraestrutura tur\u00edstica<\/strong><\/p>\n\n\n\n<p>A constru\u00e7\u00e3o do portal se soma a uma s\u00e9rie de iniciativas que v\u00eam preparando Manaus para receber melhor os visitantes e, ao mesmo tempo, oferecer mais qualidade de vida \u00e0 popula\u00e7\u00e3o. Sob a lideran\u00e7a do prefeito David Almeida, a cidade tem recebido novos equipamentos de turismo, lazer e conviv\u00eancia que j\u00e1 se tornaram s\u00edmbolos de uma nova fase urbana.<\/p>\n\n\n\n<p>Foram entregues espa\u00e7os como a Casa de Praia Zezinho Corr\u00eaa, o parque Gigantes da Floresta, o mirante L\u00facia Almeida, o p\u00eder Manaus 355, o largo de S\u00e3o Vicente, e est\u00e3o em fase de implanta\u00e7\u00e3o o aqu\u00e1rio de peixes amaz\u00f4nicos e o parque Encontro das \u00c1guas &#8211; Rosa Almeida. Mais do que espa\u00e7os de lazer, essas estruturas representam o fortalecimento da economia criativa, a gera\u00e7\u00e3o de emprego e renda e a constru\u00e7\u00e3o de uma nova matriz econ\u00f4mica para a capital.<\/p>\n\n\n\n<p>\u201cPara al\u00e9m da ind\u00fastria e com\u00e9rcio incentivado, Manaus tem capacidade de expandir e diversificar sua economia. Na minha gest\u00e3o, estamos investindo forte no setor de servi\u00e7os, produ\u00e7\u00e3o rural, economia criativa e turismo, com investimentos diretos tanto na produ\u00e7\u00e3o rural quanto nos equipamentos tur\u00edsticos\u201d, afirmou o prefeito David Almeida.<\/p>\n\n\n\n<p>Com esse conjunto de a\u00e7\u00f5es, a prefeitura prepara Manaus para se consolidar como destino tur\u00edstico estrat\u00e9gico da Amaz\u00f4nia e fortalece a base econ\u00f4mica local, reduzindo desigualdades e projetando a cidade para o futuro.<\/p>\n\n\n\n<p>De acordo com a Manauscult, o conceito dos portais vai al\u00e9m de uma estrutura monumental. A ideia \u00e9 desenvolver um s\u00edmbolo contempor\u00e2neo, com elementos tecnol\u00f3gicos e sensoriais que dialoguem com a floresta, a inova\u00e7\u00e3o e a identidade amaz\u00f4nica. O projeto prev\u00ea que cada portal leve a mensagem \u201cSeja Bem-vindo \u00e0 Capital da Amaz\u00f4nia\u201d, uma marca registrada no Minist\u00e9rio do Turismo, que reconheceu oficialmente Manaus com esse t\u00edtulo.<\/p>\n\n\n\n<p>\u201cN\u00e3o pensamos em um portal puramente est\u00e1tico, mas algo que possa ter uma simbiose da floresta com tecnologia\u201d, explicou Oreni Braga, vice-presidente da Manauscult. \u201cQueremos um portal contempor\u00e2neo, que converse com as inova\u00e7\u00f5es que Manaus vem recebendo na gest\u00e3o David Almeida.\u201d<\/p>\n\n\n\n<p>A iniciativa refor\u00e7a o compromisso da gest\u00e3o David Almeida com a valoriza\u00e7\u00e3o do turismo, da cultura e do orgulho de ser manauara. O an\u00fancio oficial do local de implanta\u00e7\u00e3o ser\u00e1 feito nas pr\u00f3ximas semanas, com cronograma de obras integrado \u00e0s demais entregas previstas at\u00e9 o final de 2025.<\/p>\n\n\n\n<p>&#8212; &#8212; &#8212;<\/p>\n\n\n\n<p><strong>Texto &#8211;<\/strong> Emanuelle Baires \/ Semcom-Prefeito<\/p>\n\n\n\n<p><strong>Fotos \u2013<\/strong> Jo\u00e3o Viana e Giancarlo Silva \/ Semcom<\/p>\n","protected":false},"excerpt":{"rendered":"","protected":false},"author":57,"featured_media":242489,"comment_status":"closed","ping_status":"closed","sticky":false,"template":"","format":"standard","meta":{"footnotes":""},"categories":[50],"tags":[35,307,15884,77],"acf":[],"yoast_head":"<!-- This site is optimized with the Yoast SEO plugin v23.0 - https:\/\/yoast.com\/wordpress\/plugins\/seo\/ -->\n<title>David Almeida anuncia constru\u00e7\u00e3o do novo portal tur\u00edstico<\/title>\n<meta name=\"description\" content=\"O prefeito David Almeida anunciou a constru\u00e7\u00e3o do portal arquitet\u00f4nico oficial da capital amazonense, um marco tur\u00edstico da cidade.\" \/>\n<meta name=\"robots\" content=\"index, follow, max-snippet:-1, max-image-preview:large, max-video-preview:-1\" \/>\n<link rel=\"canonical\" href=\"https:\/\/www.manaus.am.gov.br\/semcom\/novo-portal-turistico\/\" \/>\n<meta property=\"og:locale\" content=\"pt_BR\" \/>\n<meta property=\"og:type\" content=\"article\" \/>\n<meta property=\"og:title\" content=\"David Almeida anuncia constru\u00e7\u00e3o do novo portal tur\u00edstico\" \/>\n<meta property=\"og:description\" content=\"O prefeito David Almeida anunciou a constru\u00e7\u00e3o do portal arquitet\u00f4nico oficial da capital amazonense, um marco tur\u00edstico da cidade.\" \/>\n<meta property=\"og:url\" content=\"https:\/\/www.manaus.am.gov.br\/semcom\/novo-portal-turistico\/\" \/>\n<meta property=\"og:site_name\" content=\"SEMCOM\" \/>\n<meta property=\"article:published_time\" content=\"2025-07-22T20:58:37+00:00\" \/>\n<meta property=\"article:modified_time\" content=\"2025-07-22T20:58:39+00:00\" \/>\n<meta property=\"og:image\" content=\"https:\/\/www.manaus.am.gov.br\/semcom\/wp-content\/uploads\/sites\/5\/2025\/07\/WhatsApp-Image-2025-07-22-at-15.54.32.jpeg\" \/>\n\t<meta property=\"og:image:width\" content=\"1280\" \/>\n\t<meta property=\"og:image:height\" content=\"720\" \/>\n\t<meta property=\"og:image:type\" content=\"image\/jpeg\" \/>\n<meta name=\"author\" content=\"Thiago Fernando\" \/>\n<meta name=\"twitter:card\" content=\"summary_large_image\" \/>\n<meta name=\"twitter:label1\" content=\"Written by\" \/>\n\t<meta name=\"twitter:data1\" content=\"Thiago Fernando\" \/>\n\t<meta name=\"twitter:label2\" content=\"Est. reading time\" \/>\n\t<meta name=\"twitter:data2\" content=\"4 minutos\" \/>\n<script type=\"application\/ld+json\" class=\"yoast-schema-graph\">{\"@context\":\"https:\/\/schema.org\",\"@graph\":[{\"@type\":\"WebPage\",\"@id\":\"https:\/\/www.manaus.am.gov.br\/semcom\/novo-portal-turistico\/\",\"url\":\"https:\/\/www.manaus.am.gov.br\/semcom\/novo-portal-turistico\/\",\"name\":\"David Almeida anuncia constru\u00e7\u00e3o do novo portal tur\u00edstico\",\"isPartOf\":{\"@id\":\"https:\/\/www.manaus.am.gov.br\/semcom\/#website\"},\"primaryImageOfPage\":{\"@id\":\"https:\/\/www.manaus.am.gov.br\/semcom\/novo-portal-turistico\/#primaryimage\"},\"image\":{\"@id\":\"https:\/\/www.manaus.am.gov.br\/semcom\/novo-portal-turistico\/#primaryimage\"},\"thumbnailUrl\":\"https:\/\/www.manaus.am.gov.br\/semcom\/wp-content\/uploads\/sites\/5\/2025\/07\/WhatsApp-Image-2025-07-22-at-15.54.32.jpeg\",\"datePublished\":\"2025-07-22T20:58:37+00:00\",\"dateModified\":\"2025-07-22T20:58:39+00:00\",\"author\":{\"@id\":\"https:\/\/www.manaus.am.gov.br\/semcom\/#\/schema\/person\/a5ee5376db6e21af026374b369f30882\"},\"description\":\"O prefeito David Almeida anunciou a constru\u00e7\u00e3o do portal arquitet\u00f4nico oficial da capital amazonense, um marco tur\u00edstico da cidade.\",\"inLanguage\":\"pt-BR\",\"potentialAction\":[{\"@type\":\"ReadAction\",\"target\":[\"https:\/\/www.manaus.am.gov.br\/semcom\/novo-portal-turistico\/\"]}]},{\"@type\":\"ImageObject\",\"inLanguage\":\"pt-BR\",\"@id\":\"https:\/\/www.manaus.am.gov.br\/semcom\/novo-portal-turistico\/#primaryimage\",\"url\":\"https:\/\/www.manaus.am.gov.br\/semcom\/wp-content\/uploads\/sites\/5\/2025\/07\/WhatsApp-Image-2025-07-22-at-15.54.32.jpeg\",\"contentUrl\":\"https:\/\/www.manaus.am.gov.br\/semcom\/wp-content\/uploads\/sites\/5\/2025\/07\/WhatsApp-Image-2025-07-22-at-15.54.32.jpeg\",\"width\":1280,\"height\":720,\"caption\":\"portal tur\u00edstico\"},{\"@type\":\"WebSite\",\"@id\":\"https:\/\/www.manaus.am.gov.br\/semcom\/#website\",\"url\":\"https:\/\/www.manaus.am.gov.br\/semcom\/\",\"name\":\"SEMCOM\",\"description\":\"Secretaria Municipal de Comunica\u00e7\u00e3o\",\"potentialAction\":[{\"@type\":\"SearchAction\",\"target\":{\"@type\":\"EntryPoint\",\"urlTemplate\":\"https:\/\/www.manaus.am.gov.br\/semcom\/?s={search_term_string}\"},\"query-input\":\"required name=search_term_string\"}],\"inLanguage\":\"pt-BR\"},{\"@type\":\"Person\",\"@id\":\"https:\/\/www.manaus.am.gov.br\/semcom\/#\/schema\/person\/a5ee5376db6e21af026374b369f30882\",\"name\":\"Thiago Fernando\",\"image\":{\"@type\":\"ImageObject\",\"inLanguage\":\"pt-BR\",\"@id\":\"https:\/\/www.manaus.am.gov.br\/semcom\/#\/schema\/person\/image\/\",\"url\":\"https:\/\/secure.gravatar.com\/avatar\/f5aab8722444041451501c077052ac07?s=96&d=mm&r=g\",\"contentUrl\":\"https:\/\/secure.gravatar.com\/avatar\/f5aab8722444041451501c077052ac07?s=96&d=mm&r=g\",\"caption\":\"Thiago Fernando\"}}]}<\/script>\n<!-- \/ Yoast SEO plugin. -->","yoast_head_json":{"title":"David Almeida anuncia constru\u00e7\u00e3o do novo portal tur\u00edstico","description":"O prefeito David Almeida anunciou a constru\u00e7\u00e3o do portal arquitet\u00f4nico oficial da capital amazonense, um marco tur\u00edstico da cidade.","robots":{"index":"index","follow":"follow","max-snippet":"max-snippet:-1","max-image-preview":"max-image-preview:large","max-video-preview":"max-video-preview:-1"},"canonical":"https:\/\/www.manaus.am.gov.br\/semcom\/novo-portal-turistico\/","og_locale":"pt_BR","og_type":"article","og_title":"David Almeida anuncia constru\u00e7\u00e3o do novo portal tur\u00edstico","og_description":"O prefeito David Almeida anunciou a constru\u00e7\u00e3o do portal arquitet\u00f4nico oficial da capital amazonense, um marco tur\u00edstico da cidade.","og_url":"https:\/\/www.manaus.am.gov.br\/semcom\/novo-portal-turistico\/","og_site_name":"SEMCOM","article_published_time":"2025-07-22T20:58:37+00:00","article_modified_time":"2025-07-22T20:58:39+00:00","og_image":[{"width":1280,"height":720,"url":"https:\/\/www.manaus.am.gov.br\/semcom\/wp-content\/uploads\/sites\/5\/2025\/07\/WhatsApp-Image-2025-07-22-at-15.54.32.jpeg","type":"image\/jpeg"}],"author":"Thiago Fernando","twitter_card":"summary_large_image","twitter_misc":{"Written by":"Thiago Fernando","Est. reading time":"4 minutos"},"schema":{"@context":"https:\/\/schema.org","@graph":[{"@type":"WebPage","@id":"https:\/\/www.manaus.am.gov.br\/semcom\/novo-portal-turistico\/","url":"https:\/\/www.manaus.am.gov.br\/semcom\/novo-portal-turistico\/","name":"David Almeida anuncia constru\u00e7\u00e3o do novo portal tur\u00edstico","isPartOf":{"@id":"https:\/\/www.manaus.am.gov.br\/semcom\/#website"},"primaryImageOfPage":{"@id":"https:\/\/www.manaus.am.gov.br\/semcom\/novo-portal-turistico\/#primaryimage"},"image":{"@id":"https:\/\/www.manaus.am.gov.br\/semcom\/novo-portal-turistico\/#primaryimage"},"thumbnailUrl":"https:\/\/www.manaus.am.gov.br\/semcom\/wp-content\/uploads\/sites\/5\/2025\/07\/WhatsApp-Image-2025-07-22-at-15.54.32.jpeg","datePublished":"2025-07-22T20:58:37+00:00","dateModified":"2025-07-22T20:58:39+00:00","author":{"@id":"https:\/\/www.manaus.am.gov.br\/semcom\/#\/schema\/person\/a5ee5376db6e21af026374b369f30882"},"description":"O prefeito David Almeida anunciou a constru\u00e7\u00e3o do portal arquitet\u00f4nico oficial da capital amazonense, um marco tur\u00edstico da cidade.","inLanguage":"pt-BR","potentialAction":[{"@type":"ReadAction","target":["https:\/\/www.manaus.am.gov.br\/semcom\/novo-portal-turistico\/"]}]},{"@type":"ImageObject","inLanguage":"pt-BR","@id":"https:\/\/www.manaus.am.gov.br\/semcom\/novo-portal-turistico\/#primaryimage","url":"https:\/\/www.manaus.am.gov.br\/semcom\/wp-content\/uploads\/sites\/5\/2025\/07\/WhatsApp-Image-2025-07-22-at-15.54.32.jpeg","contentUrl":"https:\/\/www.manaus.am.gov.br\/semcom\/wp-content\/uploads\/sites\/5\/2025\/07\/WhatsApp-Image-2025-07-22-at-15.54.32.jpeg","width":1280,"height":720,"caption":"portal tur\u00edstico"},{"@type":"WebSite","@id":"https:\/\/www.manaus.am.gov.br\/semcom\/#website","url":"https:\/\/www.manaus.am.gov.br\/semcom\/","name":"SEMCOM","description":"Secretaria Municipal de Comunica\u00e7\u00e3o","potentialAction":[{"@type":"SearchAction","target":{"@type":"EntryPoint","urlTemplate":"https:\/\/www.manaus.am.gov.br\/semcom\/?s={search_term_string}"},"query-input":"required name=search_term_string"}],"inLanguage":"pt-BR"},{"@type":"Person","@id":"https:\/\/www.manaus.am.gov.br\/semcom\/#\/schema\/person\/a5ee5376db6e21af026374b369f30882","name":"Thiago Fernando","image":{"@type":"ImageObject","inLanguage":"pt-BR","@id":"https:\/\/www.manaus.am.gov.br\/semcom\/#\/schema\/person\/image\/","url":"https:\/\/secure.gravatar.com\/avatar\/f5aab8722444041451501c077052ac07?s=96&d=mm&r=g","contentUrl":"https:\/\/secure.gravatar.com\/avatar\/f5aab8722444041451501c077052ac07?s=96&d=mm&r=g","caption":"Thiago Fernando"}}]}},"_links":{"self":[{"href":"https:\/\/www.manaus.am.gov.br\/semcom\/wp-json\/wp\/v2\/posts\/242488"}],"collection":[{"href":"https:\/\/www.manaus.am.gov.br\/semcom\/wp-json\/wp\/v2\/posts"}],"about":[{"href":"https:\/\/www.manaus.am.gov.br\/semcom\/wp-json\/wp\/v2\/types\/post"}],"author":[{"embeddable":true,"href":"https:\/\/www.manaus.am.gov.br\/semcom\/wp-json\/wp\/v2\/users\/57"}],"replies":[{"embeddable":true,"href":"https:\/\/www.manaus.am.gov.br\/semcom\/wp-json\/wp\/v2\/comments?post=242488"}],"version-history":[{"count":0,"href":"https:\/\/www.manaus.am.gov.br\/semcom\/wp-json\/wp\/v2\/posts\/242488\/revisions"}],"wp:featuredmedia":[{"embeddable":true,"href":"https:\/\/www.manaus.am.gov.br\/semcom\/wp-json\/wp\/v2\/media\/242489"}],"wp:attachment":[{"href":"https:\/\/www.manaus.am.gov.br\/semcom\/wp-json\/wp\/v2\/media?parent=242488"}],"wp:term":[{"taxonomy":"category","embeddable":true,"href":"https:\/\/www.manaus.am.gov.br\/semcom\/wp-json\/wp\/v2\/categories?post=242488"},{"taxonomy":"post_tag","embeddable":true,"href":"https:\/\/www.manaus.am.gov.br\/semcom\/wp-json\/wp\/v2\/tags?post=242488"}],"curies":[{"name":"wp","href":"https:\/\/api.w.org\/{rel}","templated":true}]}}