{"id":242419,"date":"2025-07-21T19:00:05","date_gmt":"2025-07-21T22:00:05","guid":{"rendered":"https:\/\/www.manaus.am.gov.br\/semcom\/termo-de-cooperacao-judiciaria-interinstitucional\/"},"modified":"2025-07-21T19:00:47","modified_gmt":"2025-07-21T22:00:47","slug":"termo-de-cooperacao-judiciaria-interinstitucional","status":"publish","type":"post","link":"https:\/\/www.manaus.am.gov.br\/semcom\/termo-de-cooperacao-judiciaria-interinstitucional\/","title":{"rendered":"Prefeitura de Manaus e Tribunal de Justi\u00e7a do Amazonas efetuam parceria que extingue 200 mil a\u00e7\u00f5es de d\u00edvidas pequenas da justi\u00e7a"},"content":{"rendered":"\n<p><br>Com o objetivo de desafogar o judici\u00e1rio e gerar celeridade em processos judiciais, a Prefeitura de Manaus, por meio da Procuradoria-Geral do Munic\u00edpio (PGM), assinou, nesta segunda-feira, 21\/7, um acordo com Tribunal de Justi\u00e7a do Amazonas (Tjam). O Termo de Coopera\u00e7\u00e3o Judici\u00e1ria Interinstitucional N\u00ba 01\/2025 prev\u00ea a extin\u00e7\u00e3o de execu\u00e7\u00f5es fiscais de at\u00e9 R$ 10 mil, com base na aus\u00eancia de interesse de agir e na despropor\u00e7\u00e3o entre os custos da cobran\u00e7a judicial e o valor da d\u00edvida.<br><br>A parceria estima como resultado a extin\u00e7\u00e3o de mais de 200 mil execu\u00e7\u00f5es fiscais de baixo valor, o que acelera o Judici\u00e1rio e promove uma gest\u00e3o fiscal ainda mais eficiente. Assim, a partir da elimina\u00e7\u00e3o do processo de cobran\u00e7a, o contribuinte poder\u00e1 regularizar seus d\u00e9bitos no Munic\u00edpio pela via do acordo, com descontos e de forma parcelada.<br><br>O prefeito de Manaus, David Almeida, ressaltou a import\u00e2ncia da coopera\u00e7\u00e3o institucional e celebrou o alto impacto que a parceria vai causar na gest\u00e3o e na sociedade. &#8220;Estamos falando de milhares de a\u00e7\u00f5es que ser\u00e3o extintas, o que, automaticamente, dar celeridade a outros processos, de fato relevantes, que tramitam no sistema de justi\u00e7a. A gest\u00e3o, os manauaras e a justi\u00e7a s\u00f3 tem a ganhar com essa parceria&#8221;, disse.<br><br>Por sua vez, o procurador-geral do Munic\u00edpio, Rafael Bertazzo, comemorou a parceria bem-sucedida com o Tribunal de Justi\u00e7a do Estado do Amazonas. &#8220;Foram extintas, aproximadamente 200 mil execu\u00e7\u00f5es fiscais com valor igual ou inferior a R$ 10 mil. Essa medida acarretar\u00e1 um aumento da efici\u00eancia para a Vedam (Vara de Execu\u00e7\u00f5es Fiscais e de Acidentes de Manaus), para a Vara Estadual D\u00edvida Ativa e para o munic\u00edpio. Com a redu\u00e7\u00e3o do acervo processual, o munic\u00edpio poder\u00e1 direcionar ao Judici\u00e1rio apenas as d\u00edvidas de valor expressivo e relevante, o que, por sua vez, poder\u00e1 otimizar a taxa de recupera\u00e7\u00e3o do cr\u00e9dito tribut\u00e1rio&#8221;, falou.<br><br>A medida, pioneira, segue diretrizes do Supremo Tribunal Federal (STF) e do Conselho Nacional de Justi\u00e7a (CNJ), que buscam eliminar processos sem perspectiva de \u00eaxito, sem cobran\u00e7a de custas ou honor\u00e1rios.<br><br>Sem custo direto para o munic\u00edpio, o acordo representa uma economia significativa de recursos e de tempo, combate a morosidade e torna o sistema judici\u00e1rio melhor e mais eficiente.<br><br>De forma coordenada e simult\u00e2nea, a Prefeitura lan\u00e7ou, tamb\u00e9m, o edital de transa\u00e7\u00e3o n\u00ba 01\/2025, que oferece descontos em juros e multas e op\u00e7\u00f5es de parcelamento para quem quiser regularizar sua situa\u00e7\u00e3o fiscal at\u00e9 30 de agosto de 2025. A iniciativa marca um avan\u00e7o na moderniza\u00e7\u00e3o da Justi\u00e7a e mostra Manaus como exemplo nacional de efici\u00eancia, inova\u00e7\u00e3o e compromisso com o contribuinte.<\/p>\n\n\n\n<p><strong>&#8212; &#8212; &#8212;<\/strong><\/p>\n\n\n\n<p><strong>Texto \u2013 <\/strong>Tiago Auzier \/ Semcom<br><strong>Fotos<\/strong> &#8211; Ant\u00f4nio Pereira \/ Semcom <\/p>\n","protected":false},"excerpt":{"rendered":"","protected":false},"author":68,"featured_media":242420,"comment_status":"closed","ping_status":"closed","sticky":false,"template":"","format":"standard","meta":{"footnotes":""},"categories":[3177],"tags":[35,77,15862],"acf":[],"yoast_head":"<!-- This site is optimized with the Yoast SEO plugin v23.0 - https:\/\/yoast.com\/wordpress\/plugins\/seo\/ -->\n<title>Prefeitura de Manaus e Tribunal de Justi\u00e7a do Amazonas efetuam parceria que extingue 200 mil a\u00e7\u00f5es de d\u00edvidas pequenas da justi\u00e7a<\/title>\n<meta name=\"description\" content=\"Com o objetivo de desafogar o judici\u00e1rio e gerar celeridade em processos judiciais, a Prefeitura de Manaus, por meio da Procuradoria-Geral do Munic\u00edpio (PGM), assinou, nesta segunda-feira, 21\/7, um acordo com Tribunal de Justi\u00e7a do Amazonas (Tjam).\" \/>\n<meta name=\"robots\" content=\"index, follow, max-snippet:-1, max-image-preview:large, max-video-preview:-1\" \/>\n<link rel=\"canonical\" href=\"https:\/\/www.manaus.am.gov.br\/semcom\/termo-de-cooperacao-judiciaria-interinstitucional\/\" \/>\n<meta property=\"og:locale\" content=\"pt_BR\" \/>\n<meta property=\"og:type\" content=\"article\" \/>\n<meta property=\"og:title\" content=\"Prefeitura de Manaus e Tribunal de Justi\u00e7a do Amazonas efetuam parceria que extingue 200 mil a\u00e7\u00f5es de d\u00edvidas pequenas da justi\u00e7a\" \/>\n<meta property=\"og:description\" content=\"Com o objetivo de desafogar o judici\u00e1rio e gerar celeridade em processos judiciais, a Prefeitura de Manaus, por meio da Procuradoria-Geral do Munic\u00edpio (PGM), assinou, nesta segunda-feira, 21\/7, um acordo com Tribunal de Justi\u00e7a do Amazonas (Tjam).\" \/>\n<meta property=\"og:url\" content=\"https:\/\/www.manaus.am.gov.br\/semcom\/termo-de-cooperacao-judiciaria-interinstitucional\/\" \/>\n<meta property=\"og:site_name\" content=\"SEMCOM\" \/>\n<meta property=\"article:published_time\" content=\"2025-07-21T22:00:05+00:00\" \/>\n<meta property=\"article:modified_time\" content=\"2025-07-21T22:00:47+00:00\" \/>\n<meta property=\"og:image\" content=\"https:\/\/www.manaus.am.gov.br\/semcom\/wp-content\/uploads\/sites\/5\/2025\/07\/54517256895_7f6650daa5_c.jpg\" \/>\n\t<meta property=\"og:image:width\" content=\"799\" \/>\n\t<meta property=\"og:image:height\" content=\"533\" \/>\n\t<meta property=\"og:image:type\" content=\"image\/jpeg\" \/>\n<meta name=\"author\" content=\"bvalente\" \/>\n<meta name=\"twitter:card\" content=\"summary_large_image\" \/>\n<meta name=\"twitter:label1\" content=\"Written by\" \/>\n\t<meta name=\"twitter:data1\" content=\"bvalente\" \/>\n\t<meta name=\"twitter:label2\" content=\"Est. reading time\" \/>\n\t<meta name=\"twitter:data2\" content=\"3 minutos\" \/>\n<script type=\"application\/ld+json\" class=\"yoast-schema-graph\">{\"@context\":\"https:\/\/schema.org\",\"@graph\":[{\"@type\":\"WebPage\",\"@id\":\"https:\/\/www.manaus.am.gov.br\/semcom\/termo-de-cooperacao-judiciaria-interinstitucional\/\",\"url\":\"https:\/\/www.manaus.am.gov.br\/semcom\/termo-de-cooperacao-judiciaria-interinstitucional\/\",\"name\":\"Prefeitura de Manaus e Tribunal de Justi\u00e7a do Amazonas efetuam parceria que extingue 200 mil a\u00e7\u00f5es de d\u00edvidas pequenas da justi\u00e7a\",\"isPartOf\":{\"@id\":\"https:\/\/www.manaus.am.gov.br\/semcom\/#website\"},\"primaryImageOfPage\":{\"@id\":\"https:\/\/www.manaus.am.gov.br\/semcom\/termo-de-cooperacao-judiciaria-interinstitucional\/#primaryimage\"},\"image\":{\"@id\":\"https:\/\/www.manaus.am.gov.br\/semcom\/termo-de-cooperacao-judiciaria-interinstitucional\/#primaryimage\"},\"thumbnailUrl\":\"https:\/\/www.manaus.am.gov.br\/semcom\/wp-content\/uploads\/sites\/5\/2025\/07\/54517256895_7f6650daa5_c.jpg\",\"datePublished\":\"2025-07-21T22:00:05+00:00\",\"dateModified\":\"2025-07-21T22:00:47+00:00\",\"author\":{\"@id\":\"https:\/\/www.manaus.am.gov.br\/semcom\/#\/schema\/person\/466a0e03ae4b6062809046bd560ac955\"},\"description\":\"Com o objetivo de desafogar o judici\u00e1rio e gerar celeridade em processos judiciais, a Prefeitura de Manaus, por meio da Procuradoria-Geral do Munic\u00edpio (PGM), assinou, nesta segunda-feira, 21\/7, um acordo com Tribunal de Justi\u00e7a do Amazonas (Tjam).\",\"inLanguage\":\"pt-BR\",\"potentialAction\":[{\"@type\":\"ReadAction\",\"target\":[\"https:\/\/www.manaus.am.gov.br\/semcom\/termo-de-cooperacao-judiciaria-interinstitucional\/\"]}]},{\"@type\":\"ImageObject\",\"inLanguage\":\"pt-BR\",\"@id\":\"https:\/\/www.manaus.am.gov.br\/semcom\/termo-de-cooperacao-judiciaria-interinstitucional\/#primaryimage\",\"url\":\"https:\/\/www.manaus.am.gov.br\/semcom\/wp-content\/uploads\/sites\/5\/2025\/07\/54517256895_7f6650daa5_c.jpg\",\"contentUrl\":\"https:\/\/www.manaus.am.gov.br\/semcom\/wp-content\/uploads\/sites\/5\/2025\/07\/54517256895_7f6650daa5_c.jpg\",\"width\":799,\"height\":533},{\"@type\":\"WebSite\",\"@id\":\"https:\/\/www.manaus.am.gov.br\/semcom\/#website\",\"url\":\"https:\/\/www.manaus.am.gov.br\/semcom\/\",\"name\":\"SEMCOM\",\"description\":\"Secretaria Municipal de Comunica\u00e7\u00e3o\",\"potentialAction\":[{\"@type\":\"SearchAction\",\"target\":{\"@type\":\"EntryPoint\",\"urlTemplate\":\"https:\/\/www.manaus.am.gov.br\/semcom\/?s={search_term_string}\"},\"query-input\":\"required name=search_term_string\"}],\"inLanguage\":\"pt-BR\"},{\"@type\":\"Person\",\"@id\":\"https:\/\/www.manaus.am.gov.br\/semcom\/#\/schema\/person\/466a0e03ae4b6062809046bd560ac955\",\"name\":\"bvalente\",\"image\":{\"@type\":\"ImageObject\",\"inLanguage\":\"pt-BR\",\"@id\":\"https:\/\/www.manaus.am.gov.br\/semcom\/#\/schema\/person\/image\/\",\"url\":\"https:\/\/secure.gravatar.com\/avatar\/3e69bc2b014bdad41adfec3a39de07d2?s=96&d=mm&r=g\",\"contentUrl\":\"https:\/\/secure.gravatar.com\/avatar\/3e69bc2b014bdad41adfec3a39de07d2?s=96&d=mm&r=g\",\"caption\":\"bvalente\"}}]}<\/script>\n<!-- \/ Yoast SEO plugin. -->","yoast_head_json":{"title":"Prefeitura de Manaus e Tribunal de Justi\u00e7a do Amazonas efetuam parceria que extingue 200 mil a\u00e7\u00f5es de d\u00edvidas pequenas da justi\u00e7a","description":"Com o objetivo de desafogar o judici\u00e1rio e gerar celeridade em processos judiciais, a Prefeitura de Manaus, por meio da Procuradoria-Geral do Munic\u00edpio (PGM), assinou, nesta segunda-feira, 21\/7, um acordo com Tribunal de Justi\u00e7a do Amazonas (Tjam).","robots":{"index":"index","follow":"follow","max-snippet":"max-snippet:-1","max-image-preview":"max-image-preview:large","max-video-preview":"max-video-preview:-1"},"canonical":"https:\/\/www.manaus.am.gov.br\/semcom\/termo-de-cooperacao-judiciaria-interinstitucional\/","og_locale":"pt_BR","og_type":"article","og_title":"Prefeitura de Manaus e Tribunal de Justi\u00e7a do Amazonas efetuam parceria que extingue 200 mil a\u00e7\u00f5es de d\u00edvidas pequenas da justi\u00e7a","og_description":"Com o objetivo de desafogar o judici\u00e1rio e gerar celeridade em processos judiciais, a Prefeitura de Manaus, por meio da Procuradoria-Geral do Munic\u00edpio (PGM), assinou, nesta segunda-feira, 21\/7, um acordo com Tribunal de Justi\u00e7a do Amazonas (Tjam).","og_url":"https:\/\/www.manaus.am.gov.br\/semcom\/termo-de-cooperacao-judiciaria-interinstitucional\/","og_site_name":"SEMCOM","article_published_time":"2025-07-21T22:00:05+00:00","article_modified_time":"2025-07-21T22:00:47+00:00","og_image":[{"width":799,"height":533,"url":"https:\/\/www.manaus.am.gov.br\/semcom\/wp-content\/uploads\/sites\/5\/2025\/07\/54517256895_7f6650daa5_c.jpg","type":"image\/jpeg"}],"author":"bvalente","twitter_card":"summary_large_image","twitter_misc":{"Written by":"bvalente","Est. reading time":"3 minutos"},"schema":{"@context":"https:\/\/schema.org","@graph":[{"@type":"WebPage","@id":"https:\/\/www.manaus.am.gov.br\/semcom\/termo-de-cooperacao-judiciaria-interinstitucional\/","url":"https:\/\/www.manaus.am.gov.br\/semcom\/termo-de-cooperacao-judiciaria-interinstitucional\/","name":"Prefeitura de Manaus e Tribunal de Justi\u00e7a do Amazonas efetuam parceria que extingue 200 mil a\u00e7\u00f5es de d\u00edvidas pequenas da justi\u00e7a","isPartOf":{"@id":"https:\/\/www.manaus.am.gov.br\/semcom\/#website"},"primaryImageOfPage":{"@id":"https:\/\/www.manaus.am.gov.br\/semcom\/termo-de-cooperacao-judiciaria-interinstitucional\/#primaryimage"},"image":{"@id":"https:\/\/www.manaus.am.gov.br\/semcom\/termo-de-cooperacao-judiciaria-interinstitucional\/#primaryimage"},"thumbnailUrl":"https:\/\/www.manaus.am.gov.br\/semcom\/wp-content\/uploads\/sites\/5\/2025\/07\/54517256895_7f6650daa5_c.jpg","datePublished":"2025-07-21T22:00:05+00:00","dateModified":"2025-07-21T22:00:47+00:00","author":{"@id":"https:\/\/www.manaus.am.gov.br\/semcom\/#\/schema\/person\/466a0e03ae4b6062809046bd560ac955"},"description":"Com o objetivo de desafogar o judici\u00e1rio e gerar celeridade em processos judiciais, a Prefeitura de Manaus, por meio da Procuradoria-Geral do Munic\u00edpio (PGM), assinou, nesta segunda-feira, 21\/7, um acordo com Tribunal de Justi\u00e7a do Amazonas (Tjam).","inLanguage":"pt-BR","potentialAction":[{"@type":"ReadAction","target":["https:\/\/www.manaus.am.gov.br\/semcom\/termo-de-cooperacao-judiciaria-interinstitucional\/"]}]},{"@type":"ImageObject","inLanguage":"pt-BR","@id":"https:\/\/www.manaus.am.gov.br\/semcom\/termo-de-cooperacao-judiciaria-interinstitucional\/#primaryimage","url":"https:\/\/www.manaus.am.gov.br\/semcom\/wp-content\/uploads\/sites\/5\/2025\/07\/54517256895_7f6650daa5_c.jpg","contentUrl":"https:\/\/www.manaus.am.gov.br\/semcom\/wp-content\/uploads\/sites\/5\/2025\/07\/54517256895_7f6650daa5_c.jpg","width":799,"height":533},{"@type":"WebSite","@id":"https:\/\/www.manaus.am.gov.br\/semcom\/#website","url":"https:\/\/www.manaus.am.gov.br\/semcom\/","name":"SEMCOM","description":"Secretaria Municipal de Comunica\u00e7\u00e3o","potentialAction":[{"@type":"SearchAction","target":{"@type":"EntryPoint","urlTemplate":"https:\/\/www.manaus.am.gov.br\/semcom\/?s={search_term_string}"},"query-input":"required name=search_term_string"}],"inLanguage":"pt-BR"},{"@type":"Person","@id":"https:\/\/www.manaus.am.gov.br\/semcom\/#\/schema\/person\/466a0e03ae4b6062809046bd560ac955","name":"bvalente","image":{"@type":"ImageObject","inLanguage":"pt-BR","@id":"https:\/\/www.manaus.am.gov.br\/semcom\/#\/schema\/person\/image\/","url":"https:\/\/secure.gravatar.com\/avatar\/3e69bc2b014bdad41adfec3a39de07d2?s=96&d=mm&r=g","contentUrl":"https:\/\/secure.gravatar.com\/avatar\/3e69bc2b014bdad41adfec3a39de07d2?s=96&d=mm&r=g","caption":"bvalente"}}]}},"_links":{"self":[{"href":"https:\/\/www.manaus.am.gov.br\/semcom\/wp-json\/wp\/v2\/posts\/242419"}],"collection":[{"href":"https:\/\/www.manaus.am.gov.br\/semcom\/wp-json\/wp\/v2\/posts"}],"about":[{"href":"https:\/\/www.manaus.am.gov.br\/semcom\/wp-json\/wp\/v2\/types\/post"}],"author":[{"embeddable":true,"href":"https:\/\/www.manaus.am.gov.br\/semcom\/wp-json\/wp\/v2\/users\/68"}],"replies":[{"embeddable":true,"href":"https:\/\/www.manaus.am.gov.br\/semcom\/wp-json\/wp\/v2\/comments?post=242419"}],"version-history":[{"count":1,"href":"https:\/\/www.manaus.am.gov.br\/semcom\/wp-json\/wp\/v2\/posts\/242419\/revisions"}],"predecessor-version":[{"id":242421,"href":"https:\/\/www.manaus.am.gov.br\/semcom\/wp-json\/wp\/v2\/posts\/242419\/revisions\/242421"}],"wp:featuredmedia":[{"embeddable":true,"href":"https:\/\/www.manaus.am.gov.br\/semcom\/wp-json\/wp\/v2\/media\/242420"}],"wp:attachment":[{"href":"https:\/\/www.manaus.am.gov.br\/semcom\/wp-json\/wp\/v2\/media?parent=242419"}],"wp:term":[{"taxonomy":"category","embeddable":true,"href":"https:\/\/www.manaus.am.gov.br\/semcom\/wp-json\/wp\/v2\/categories?post=242419"},{"taxonomy":"post_tag","embeddable":true,"href":"https:\/\/www.manaus.am.gov.br\/semcom\/wp-json\/wp\/v2\/tags?post=242419"}],"curies":[{"name":"wp","href":"https:\/\/api.w.org\/{rel}","templated":true}]}}